{"id":34206,"date":"2026-09-01T16:16:38","date_gmt":"2026-09-01T14:16:38","guid":{"rendered":"https:\/\/cubeconcepts.de\/?p=34206"},"modified":"2026-09-01T16:16:39","modified_gmt":"2026-09-01T14:16:39","slug":"cube-concepts-grandit-cinq-nouveaux-collaborateurs-renforcent-lequipe-a-kaarst","status":"publish","type":"post","link":"https:\/\/cubeconcepts.de\/fr\/cube-concepts-waechst-fuenf-neue-mitarbeiter-verstaerken-das-team-in-kaarst\/","title":{"rendered":"CUBE CONCEPTS grandit : cinq nouveaux collaborateurs renforcent l'\u00e9quipe de Kaarst"},"content":{"rendered":"<h2 class=\"wp-block-heading\">Cinq nouveaux collaborateurs rejoignent CUBE CONCEPTS<\/h2>\n\n\n\n<p class=\"wp-block-paragraph\">Avec cinq nouveaux coll\u00e8gues, le mois de septembre marque chez CUBE CONCEPTS un renforcement significatif des effectifs. Les nouveaux collaborateurs apportent des expertises et des exp\u00e9riences vari\u00e9es et soutiendront \u00e0 l'avenir des secteurs cl\u00e9s de l'entreprise.<\/p>\n\n\n\n<p class=\"wp-block-paragraph\">Les nouveaux membres de l'\u00e9quipe sont :<\/p>\n\n\n\n<ul class=\"wp-block-list\">\n<li><strong>Amir Zaheri<\/strong> en tant que technicien en plan\u00e9tage technique<\/li>\n\n\n\n<li><strong>Kai R\u00f6pe<\/strong> en tant que directeur financier<\/li>\n\n\n\n<li><strong>Stephan S\u00f6hngen<\/strong> en tant qu'avocat d'entreprise<\/li>\n\n\n\n<li><strong>Stefan Birkle<\/strong> en tant qu'avocat d'entreprise<\/li>\n\n\n\n<li><strong>Xi Xie<\/strong> en tant qu'avocate d'entreprise<\/li>\n<\/ul>\n\n\n\n<p class=\"wp-block-paragraph\"><\/p>\n\n\n\n<p class=\"wp-block-paragraph\">Avec ces nouveaux recrutements, CUBE CONCEPTS renforce \u00e0 la fois ses structures techniques et commerciales ainsi que son d\u00e9partement juridique et r\u00e9glementaire. L'entreprise se dote ainsi de capacit\u00e9s suppl\u00e9mentaires pour le d\u00e9veloppement futur de ses projets et secteurs d'activit\u00e9.<\/p>\n\n\n\n<figure class=\"wp-block-image size-large\"><img fetchpriority=\"high\" decoding=\"async\" width=\"1024\" height=\"768\" src=\"https:\/\/cubeconcepts.de\/wp-content\/uploads\/2026\/09\/2026-09-01_Neue_Mitarbeiter-1-1024x768.jpg\" alt=\"\" class=\"wp-image-34207\" srcset=\"https:\/\/cubeconcepts.de\/wp-content\/uploads\/2026\/09\/2026-09-01_Neue_Mitarbeiter-1-1024x768.jpg 1024w, https:\/\/cubeconcepts.de\/wp-content\/uploads\/2026\/09\/2026-09-01_Neue_Mitarbeiter-1-300x225.jpg 300w, https:\/\/cubeconcepts.de\/wp-content\/uploads\/2026\/09\/2026-09-01_Neue_Mitarbeiter-1-768x576.jpg 768w, https:\/\/cubeconcepts.de\/wp-content\/uploads\/2026\/09\/2026-09-01_Neue_Mitarbeiter-1-1536x1152.jpg 1536w, https:\/\/cubeconcepts.de\/wp-content\/uploads\/2026\/09\/2026-09-01_Neue_Mitarbeiter-1-2048x1536.jpg 2048w, https:\/\/cubeconcepts.de\/wp-content\/uploads\/2026\/09\/2026-09-01_Neue_Mitarbeiter-1-16x12.jpg 16w\" sizes=\"(max-width: 1024px) 100vw, 1024px\" \/><figcaption class=\"wp-element-caption\"><em>de gauche \u00e0 droite : Kai R\u00f6pe, Xi Xie, Amir Zaheri, Stefan Birkle et Stephan S\u00f6hngen<\/em><\/figcaption><\/figure>\n\n\n\n<h2 class=\"wp-block-heading\">Le service juridique est r\u00e9organis\u00e9 avec trois avocats d'entreprise<\/h2>\n\n\n\n<p class=\"wp-block-paragraph\">Un accent particulier du renforcement du personnel est mis sur la <strong>D\u00e9partement juridique de CUBE CONCEPTS<\/strong>. Avec Stephan S\u00f6hngen, Stefan Birkle et Xi Xie, ce sont pas moins de trois juristes d'entreprise qui rejoignent l'entreprise le 1er septembre.<\/p>\n\n\n\n<p class=\"wp-block-paragraph\">Cette expansion est une r\u00e9ponse logique \u00e0 l'importance croissante des questions juridiques et r\u00e9glementaires dans le secteur de l'\u00e9nergie. Le d\u00e9veloppement et la mise en \u0153uvre de grands projets \u00e9nerg\u00e9tiques sont de plus en plus marqu\u00e9s par des exigences l\u00e9gales complexes, des imp\u00e9ratifs de droit de l'\u00e9nergie et des ensembles contractuels vastes.<\/p>\n\n\n\n<p class=\"wp-block-paragraph\">Ob <a href=\"https:\/\/cubeconcepts.de\/fr\/photovoltaique\/\" data-type=\"page\" data-id=\"28902\">Photovolta\u00efque<\/a>, <a href=\"https:\/\/cubeconcepts.de\/fr\/batteriespeicher\/\" data-type=\"page\" data-id=\"28816\">Stockage sur batterie<\/a>, qu'il s'agisse du raccordement au r\u00e9seau, de la commercialisation de l'\u00e9lectricit\u00e9 ou de nouveaux cadres r\u00e9glementaires : les questions juridiques sont aujourd'hui \u00e9troitement li\u00e9es au d\u00e9veloppement technique et \u00e9conomique des projets.<\/p>\n\n\n\n<p class=\"wp-block-paragraph\">En constituant sa propre \u00e9quipe juridique consid\u00e9rablement renforc\u00e9e, CUBE CONCEPTS pourra \u00e0 l'avenir traiter ces sujets encore plus en interne. L'expertise juridique sera ainsi int\u00e9gr\u00e9e d\u00e8s le d\u00e9but dans les projets et les d\u00e9cisions entrepreneuriales.<\/p>\n\n\n\n<h2 class=\"wp-block-heading\">La comp\u00e9tence technique et commerciale est \u00e9galement renforc\u00e9e<\/h2>\n\n\n\n<p class=\"wp-block-paragraph\">Outre son d\u00e9partement juridique, CUBE CONCEPTS renforce \u00e9galement ses structures techniques et commerciales.<\/p>\n\n\n\n<p class=\"wp-block-paragraph\">En tant que <strong>Dessinateur-constructeur technique<\/strong> Amir Zaheri soutiendra \u00e0 l'avenir la planification technique et la mise en \u0153uvre des projets \u00e9nerg\u00e9tiques. C'est pr\u00e9cis\u00e9ment pour les projets photovolta\u00efques et \u00e9nerg\u00e9tiques de plus grande envergure que des planifications techniques pr\u00e9cises constituent une base importante pour un d\u00e9veloppement et une mise en \u0153uvre efficaces des projets.<\/p>\n\n\n\n<p class=\"wp-block-paragraph\">Avec <strong>Kai R\u00f6pe en tant que directeur commercial<\/strong> l'organisation commerciale est \u00e9galement d\u00e9velopp\u00e9e. Le poste cr\u00e9e des capacit\u00e9s suppl\u00e9mentaires pour le pilotage et le d\u00e9veloppement ult\u00e9rieur des processus et structures commerciaux au sein de l'entreprise.<\/p>\n\n\n\n<p class=\"wp-block-paragraph\">Ainsi, CUBE CONCEPTS ne mise pas seulement sur une croissance suppl\u00e9mentaire de ses effectifs, mais renforce de mani\u00e8re cibl\u00e9e son expertise technique dans des domaines d'une importance capitale pour le d\u00e9veloppement futur de l'entreprise.<\/p>\n\n\n\n<h2 class=\"wp-block-heading\">La croissance dans le secteur de l'\u00e9nergie exige de nouvelles structures<\/h2>\n\n\n\n<p class=\"wp-block-paragraph\">Le march\u00e9 de l'\u00e9nergie conna\u00eet une mutation dynamique. De nouvelles exigences r\u00e9glementaires, des demandes accrues pour les projets \u00e9nerg\u00e9tiques et l'importance croissante du photovolta\u00efque, du stockage par batterie et de la gestion intelligente de l'\u00e9nergie transforment \u00e9galement les exigences impos\u00e9es aux promoteurs de projets et aux fournisseurs de services \u00e9nerg\u00e9tiques.<\/p>\n\n\n\n<p class=\"wp-block-paragraph\">Pour CUBE CONCEPTS, la croissance ne signifie donc pas seulement plus de projets, mais aussi le d\u00e9veloppement continu de sa propre organisation. La planification technique, la gestion commerciale ainsi que l'expertise juridique et r\u00e9glementaire doivent ainsi aller de pair.<\/p>\n\n\n\n<p class=\"wp-block-paragraph\">Avec les cinq nouveaux recrutements au 1er septembre 2026, CUBE CONCEPTS \u00e9largit ses comp\u00e9tences internes pr\u00e9cis\u00e9ment dans ces domaines.<\/p>\n\n\n\n<h2 class=\"wp-block-heading\">CUBE CONCEPTS d\u00e9veloppe ses comp\u00e9tences pour l'avenir<\/h2>\n\n\n\n<p class=\"wp-block-paragraph\">Les nouveaux collaborateurs constituent ainsi un \u00e9l\u00e9ment suppl\u00e9mentaire du d\u00e9veloppement strat\u00e9gique de CUBE CONCEPTS. En particulier, la mise en place du d\u00e9partement juridique \u00e9largi apporte une expertise suppl\u00e9mentaire face \u00e0 la complexit\u00e9 croissante du march\u00e9 de l'\u00e9nergie.<\/p>\n\n\n\n<p class=\"wp-block-paragraph\">Nous sommes ravis d'accueillir Amir Zaheri, Kai R\u00f6pe, Stephan S\u00f6hngen, Stefan Birkle et Xi Xie au sein de l'\u00e9quipe de CUBE CONCEPTS et de franchir ensemble les prochaines \u00e9tapes du d\u00e9veloppement de notre entreprise.<\/p>\n\n\n\n<p class=\"wp-block-paragraph\">Bienvenue \u00e0 Kaarst !<\/p>\n\n\n\n<p class=\"wp-block-paragraph\"><\/p>","protected":false},"excerpt":{"rendered":"<p>Nous poursuivons notre trajectoire de croissance et renfor\u00e7ons cibl\u00e9ment nos comp\u00e9tences. Le 1er septembre 2026, cinq nouveaux collaborateurs ont d\u00e9but\u00e9 au si\u00e8ge social de Kaarst, dont trois juristes d'entreprise qui r\u00e9organisent et renforcent consid\u00e9rablement le service juridique de l'entreprise \u00e9nerg\u00e9tique.<\/p>","protected":false},"author":3,"featured_media":34207,"comment_status":"closed","ping_status":"open","sticky":false,"template":"","format":"standard","meta":{"_acf_changed":false,"footnotes":""},"categories":[21],"tags":[],"class_list":["post-34206","post","type-post","status-publish","format-standard","has-post-thumbnail","hentry","category-cube-concepts-news"],"acf":[],"yoast_head":"<!-- This site is optimized with the Yoast SEO plugin v28.4 - https:\/\/yoast.com\/product\/yoast-seo-wordpress\/ -->\n<title>CUBE CONCEPTS w\u00e4chst: 5 neue Mitarbeiter in Kaarst | CUBE CONCEPTS<\/title>\n<meta name=\"description\" content=\"CUBE CONCEPTS w\u00e4chst weiter: 5 neue Mitarbeiter verst\u00e4rken seit September 2026 das Team in Kaarst. Die Legal-Abteilung wird neu aufgestellt.\" \/>\n<meta name=\"robots\" content=\"index, follow, max-snippet:-1, max-image-preview:large, max-video-preview:-1\" \/>\n<link rel=\"canonical\" href=\"https:\/\/cubeconcepts.de\/fr\/cube-concepts-grandit-cinq-nouveaux-collaborateurs-renforcent-lequipe-a-kaarst\/\" \/>\n<meta property=\"og:locale\" content=\"fr_FR\" \/>\n<meta property=\"og:type\" content=\"article\" \/>\n<meta property=\"og:title\" content=\"CUBE CONCEPTS w\u00e4chst: 5 neue Mitarbeiter in Kaarst | CUBE CONCEPTS\" \/>\n<meta property=\"og:description\" content=\"CUBE CONCEPTS w\u00e4chst weiter: 5 neue Mitarbeiter verst\u00e4rken seit September 2026 das Team in Kaarst. Die Legal-Abteilung wird neu aufgestellt.\" \/>\n<meta property=\"og:url\" content=\"https:\/\/cubeconcepts.de\/fr\/cube-concepts-grandit-cinq-nouveaux-collaborateurs-renforcent-lequipe-a-kaarst\/\" \/>\n<meta property=\"og:site_name\" content=\"CUBE CONCEPTS\" \/>\n<meta property=\"article:published_time\" content=\"2026-09-01T14:16:38+00:00\" \/>\n<meta property=\"article:modified_time\" content=\"2026-09-01T14:16:39+00:00\" \/>\n<meta property=\"og:image\" content=\"https:\/\/cubeconcepts.de\/wp-content\/uploads\/2026\/09\/2026-09-01_Neue_Mitarbeiter-1-scaled.jpg\" \/>\n\t<meta property=\"og:image:width\" content=\"2560\" \/>\n\t<meta property=\"og:image:height\" content=\"1920\" \/>\n\t<meta property=\"og:image:type\" content=\"image\/jpeg\" \/>\n<meta name=\"author\" content=\"Guido Steenmans\" \/>\n<meta name=\"twitter:card\" content=\"summary_large_image\" \/>\n<meta name=\"twitter:label1\" content=\"\u00c9crit par\" \/>\n\t<meta name=\"twitter:data1\" content=\"Guido Steenmans\" \/>\n\t<meta name=\"twitter:label2\" content=\"Dur\u00e9e de lecture estim\u00e9e\" \/>\n\t<meta name=\"twitter:data2\" content=\"4 minutes\" \/>\n<script type=\"application\/ld+json\" class=\"yoast-schema-graph\">{\"@context\":\"https:\\\/\\\/schema.org\",\"@graph\":[{\"@type\":\"Article\",\"@id\":\"https:\\\/\\\/cubeconcepts.de\\\/cube-concepts-waechst-fuenf-neue-mitarbeiter-verstaerken-das-team-in-kaarst\\\/#article\",\"isPartOf\":{\"@id\":\"https:\\\/\\\/cubeconcepts.de\\\/cube-concepts-waechst-fuenf-neue-mitarbeiter-verstaerken-das-team-in-kaarst\\\/\"},\"author\":{\"name\":\"Guido Steenmans\",\"@id\":\"https:\\\/\\\/cubeconcepts.de\\\/fr\\\/#\\\/schema\\\/person\\\/2c762e4ca1ea252f42f23ab33248856e\"},\"headline\":\"CUBE CONCEPTS w\u00e4chst: F\u00fcnf neue Mitarbeiter verst\u00e4rken das Team in Kaarst\",\"datePublished\":\"2026-09-01T14:16:38+00:00\",\"dateModified\":\"2026-09-01T14:16:39+00:00\",\"mainEntityOfPage\":{\"@id\":\"https:\\\/\\\/cubeconcepts.de\\\/cube-concepts-waechst-fuenf-neue-mitarbeiter-verstaerken-das-team-in-kaarst\\\/\"},\"wordCount\":568,\"publisher\":{\"@id\":\"https:\\\/\\\/cubeconcepts.de\\\/fr\\\/#organization\"},\"image\":{\"@id\":\"https:\\\/\\\/cubeconcepts.de\\\/cube-concepts-waechst-fuenf-neue-mitarbeiter-verstaerken-das-team-in-kaarst\\\/#primaryimage\"},\"thumbnailUrl\":\"https:\\\/\\\/cubeconcepts.de\\\/wp-content\\\/uploads\\\/2026\\\/09\\\/2026-09-01_Neue_Mitarbeiter-1-scaled.jpg\",\"articleSection\":[\"CUBE CONCEPTS News: Neueste Infos zum Unternehmen\"],\"inLanguage\":\"fr-FR\"},{\"@type\":\"WebPage\",\"@id\":\"https:\\\/\\\/cubeconcepts.de\\\/cube-concepts-waechst-fuenf-neue-mitarbeiter-verstaerken-das-team-in-kaarst\\\/\",\"url\":\"https:\\\/\\\/cubeconcepts.de\\\/cube-concepts-waechst-fuenf-neue-mitarbeiter-verstaerken-das-team-in-kaarst\\\/\",\"name\":\"CUBE CONCEPTS w\u00e4chst: 5 neue Mitarbeiter in Kaarst | CUBE CONCEPTS\",\"isPartOf\":{\"@id\":\"https:\\\/\\\/cubeconcepts.de\\\/fr\\\/#website\"},\"primaryImageOfPage\":{\"@id\":\"https:\\\/\\\/cubeconcepts.de\\\/cube-concepts-waechst-fuenf-neue-mitarbeiter-verstaerken-das-team-in-kaarst\\\/#primaryimage\"},\"image\":{\"@id\":\"https:\\\/\\\/cubeconcepts.de\\\/cube-concepts-waechst-fuenf-neue-mitarbeiter-verstaerken-das-team-in-kaarst\\\/#primaryimage\"},\"thumbnailUrl\":\"https:\\\/\\\/cubeconcepts.de\\\/wp-content\\\/uploads\\\/2026\\\/09\\\/2026-09-01_Neue_Mitarbeiter-1-scaled.jpg\",\"datePublished\":\"2026-09-01T14:16:38+00:00\",\"dateModified\":\"2026-09-01T14:16:39+00:00\",\"description\":\"CUBE CONCEPTS w\u00e4chst weiter: 5 neue Mitarbeiter verst\u00e4rken seit September 2026 das Team in Kaarst. Die Legal-Abteilung wird neu aufgestellt.\",\"breadcrumb\":{\"@id\":\"https:\\\/\\\/cubeconcepts.de\\\/cube-concepts-waechst-fuenf-neue-mitarbeiter-verstaerken-das-team-in-kaarst\\\/#breadcrumb\"},\"inLanguage\":\"fr-FR\",\"potentialAction\":[{\"@type\":\"ReadAction\",\"target\":[\"https:\\\/\\\/cubeconcepts.de\\\/cube-concepts-waechst-fuenf-neue-mitarbeiter-verstaerken-das-team-in-kaarst\\\/\"]}]},{\"@type\":\"ImageObject\",\"inLanguage\":\"fr-FR\",\"@id\":\"https:\\\/\\\/cubeconcepts.de\\\/cube-concepts-waechst-fuenf-neue-mitarbeiter-verstaerken-das-team-in-kaarst\\\/#primaryimage\",\"url\":\"https:\\\/\\\/cubeconcepts.de\\\/wp-content\\\/uploads\\\/2026\\\/09\\\/2026-09-01_Neue_Mitarbeiter-1-scaled.jpg\",\"contentUrl\":\"https:\\\/\\\/cubeconcepts.de\\\/wp-content\\\/uploads\\\/2026\\\/09\\\/2026-09-01_Neue_Mitarbeiter-1-scaled.jpg\",\"width\":2560,\"height\":1920,\"caption\":\"CUBE CONCEPTS w\u00e4chst weiter ab September 2026\"},{\"@type\":\"BreadcrumbList\",\"@id\":\"https:\\\/\\\/cubeconcepts.de\\\/cube-concepts-waechst-fuenf-neue-mitarbeiter-verstaerken-das-team-in-kaarst\\\/#breadcrumb\",\"itemListElement\":[{\"@type\":\"ListItem\",\"position\":1,\"name\":\"Startseite\",\"item\":\"https:\\\/\\\/cubeconcepts.de\\\/\"},{\"@type\":\"ListItem\",\"position\":2,\"name\":\"CUBE CONCEPTS w\u00e4chst: F\u00fcnf neue Mitarbeiter verst\u00e4rken das Team in Kaarst\"}]},{\"@type\":\"WebSite\",\"@id\":\"https:\\\/\\\/cubeconcepts.de\\\/fr\\\/#website\",\"url\":\"https:\\\/\\\/cubeconcepts.de\\\/fr\\\/\",\"name\":\"CUBE CONCEPTS\",\"description\":\"Energiesysteme f\u00fcr Unternehmen\",\"publisher\":{\"@id\":\"https:\\\/\\\/cubeconcepts.de\\\/fr\\\/#organization\"},\"potentialAction\":[{\"@type\":\"SearchAction\",\"target\":{\"@type\":\"EntryPoint\",\"urlTemplate\":\"https:\\\/\\\/cubeconcepts.de\\\/fr\\\/?s={search_term_string}\"},\"query-input\":{\"@type\":\"PropertyValueSpecification\",\"valueRequired\":true,\"valueName\":\"search_term_string\"}}],\"inLanguage\":\"fr-FR\"},{\"@type\":\"Organization\",\"@id\":\"https:\\\/\\\/cubeconcepts.de\\\/fr\\\/#organization\",\"name\":\"CUBE CONCEPTS\",\"url\":\"https:\\\/\\\/cubeconcepts.de\\\/fr\\\/\",\"logo\":{\"@type\":\"ImageObject\",\"inLanguage\":\"fr-FR\",\"@id\":\"https:\\\/\\\/cubeconcepts.de\\\/fr\\\/#\\\/schema\\\/logo\\\/image\\\/\",\"url\":\"https:\\\/\\\/cubeconcepts.de\\\/wp-content\\\/uploads\\\/2023\\\/01\\\/CUBE_CONCEPT-Logo.png\",\"contentUrl\":\"https:\\\/\\\/cubeconcepts.de\\\/wp-content\\\/uploads\\\/2023\\\/01\\\/CUBE_CONCEPT-Logo.png\",\"width\":644,\"height\":207,\"caption\":\"CUBE CONCEPTS\"},\"image\":{\"@id\":\"https:\\\/\\\/cubeconcepts.de\\\/fr\\\/#\\\/schema\\\/logo\\\/image\\\/\"}},{\"@type\":\"Person\",\"@id\":\"https:\\\/\\\/cubeconcepts.de\\\/fr\\\/#\\\/schema\\\/person\\\/2c762e4ca1ea252f42f23ab33248856e\",\"name\":\"Guido Steenmans\",\"image\":{\"@type\":\"ImageObject\",\"inLanguage\":\"fr-FR\",\"@id\":\"https:\\\/\\\/cubeconcepts.de\\\/wp-content\\\/uploads\\\/2025\\\/11\\\/cropped-Guido-Steenmanns-hoch-scaled-1-96x96.jpg\",\"url\":\"https:\\\/\\\/cubeconcepts.de\\\/wp-content\\\/uploads\\\/2025\\\/11\\\/cropped-Guido-Steenmanns-hoch-scaled-1-96x96.jpg\",\"contentUrl\":\"https:\\\/\\\/cubeconcepts.de\\\/wp-content\\\/uploads\\\/2025\\\/11\\\/cropped-Guido-Steenmanns-hoch-scaled-1-96x96.jpg\",\"caption\":\"Guido Steenmans\"}}]}<\/script>\n<!-- \/ Yoast SEO plugin. -->","yoast_head_json":{"title":"CUBE CONCEPTS w\u00e4chst: 5 neue Mitarbeiter in Kaarst | CUBE CONCEPTS","description":"CUBE CONCEPTS w\u00e4chst weiter: 5 neue Mitarbeiter verst\u00e4rken seit September 2026 das Team in Kaarst. Die Legal-Abteilung wird neu aufgestellt.","robots":{"index":"index","follow":"follow","max-snippet":"max-snippet:-1","max-image-preview":"max-image-preview:large","max-video-preview":"max-video-preview:-1"},"canonical":"https:\/\/cubeconcepts.de\/fr\/cube-concepts-grandit-cinq-nouveaux-collaborateurs-renforcent-lequipe-a-kaarst\/","og_locale":"fr_FR","og_type":"article","og_title":"CUBE CONCEPTS w\u00e4chst: 5 neue Mitarbeiter in Kaarst | CUBE CONCEPTS","og_description":"CUBE CONCEPTS w\u00e4chst weiter: 5 neue Mitarbeiter verst\u00e4rken seit September 2026 das Team in Kaarst. Die Legal-Abteilung wird neu aufgestellt.","og_url":"https:\/\/cubeconcepts.de\/fr\/cube-concepts-grandit-cinq-nouveaux-collaborateurs-renforcent-lequipe-a-kaarst\/","og_site_name":"CUBE CONCEPTS","article_published_time":"2026-09-01T14:16:38+00:00","article_modified_time":"2026-09-01T14:16:39+00:00","og_image":[{"width":2560,"height":1920,"url":"https:\/\/cubeconcepts.de\/wp-content\/uploads\/2026\/09\/2026-09-01_Neue_Mitarbeiter-1-scaled.jpg","type":"image\/jpeg"}],"author":"Guido Steenmans","twitter_card":"summary_large_image","twitter_misc":{"\u00c9crit par":"Guido Steenmans","Dur\u00e9e de lecture estim\u00e9e":"4 minutes"},"schema":{"@context":"https:\/\/schema.org","@graph":[{"@type":"Article","@id":"https:\/\/cubeconcepts.de\/cube-concepts-waechst-fuenf-neue-mitarbeiter-verstaerken-das-team-in-kaarst\/#article","isPartOf":{"@id":"https:\/\/cubeconcepts.de\/cube-concepts-waechst-fuenf-neue-mitarbeiter-verstaerken-das-team-in-kaarst\/"},"author":{"name":"Guido Steenmans","@id":"https:\/\/cubeconcepts.de\/fr\/#\/schema\/person\/2c762e4ca1ea252f42f23ab33248856e"},"headline":"CUBE CONCEPTS w\u00e4chst: F\u00fcnf neue Mitarbeiter verst\u00e4rken das Team in Kaarst","datePublished":"2026-09-01T14:16:38+00:00","dateModified":"2026-09-01T14:16:39+00:00","mainEntityOfPage":{"@id":"https:\/\/cubeconcepts.de\/cube-concepts-waechst-fuenf-neue-mitarbeiter-verstaerken-das-team-in-kaarst\/"},"wordCount":568,"publisher":{"@id":"https:\/\/cubeconcepts.de\/fr\/#organization"},"image":{"@id":"https:\/\/cubeconcepts.de\/cube-concepts-waechst-fuenf-neue-mitarbeiter-verstaerken-das-team-in-kaarst\/#primaryimage"},"thumbnailUrl":"https:\/\/cubeconcepts.de\/wp-content\/uploads\/2026\/09\/2026-09-01_Neue_Mitarbeiter-1-scaled.jpg","articleSection":["CUBE CONCEPTS News: Neueste Infos zum Unternehmen"],"inLanguage":"fr-FR"},{"@type":"WebPage","@id":"https:\/\/cubeconcepts.de\/cube-concepts-waechst-fuenf-neue-mitarbeiter-verstaerken-das-team-in-kaarst\/","url":"https:\/\/cubeconcepts.de\/cube-concepts-waechst-fuenf-neue-mitarbeiter-verstaerken-das-team-in-kaarst\/","name":"CUBE CONCEPTS w\u00e4chst: 5 neue Mitarbeiter in Kaarst | CUBE CONCEPTS","isPartOf":{"@id":"https:\/\/cubeconcepts.de\/fr\/#website"},"primaryImageOfPage":{"@id":"https:\/\/cubeconcepts.de\/cube-concepts-waechst-fuenf-neue-mitarbeiter-verstaerken-das-team-in-kaarst\/#primaryimage"},"image":{"@id":"https:\/\/cubeconcepts.de\/cube-concepts-waechst-fuenf-neue-mitarbeiter-verstaerken-das-team-in-kaarst\/#primaryimage"},"thumbnailUrl":"https:\/\/cubeconcepts.de\/wp-content\/uploads\/2026\/09\/2026-09-01_Neue_Mitarbeiter-1-scaled.jpg","datePublished":"2026-09-01T14:16:38+00:00","dateModified":"2026-09-01T14:16:39+00:00","description":"CUBE CONCEPTS w\u00e4chst weiter: 5 neue Mitarbeiter verst\u00e4rken seit September 2026 das Team in Kaarst. Die Legal-Abteilung wird neu aufgestellt.","breadcrumb":{"@id":"https:\/\/cubeconcepts.de\/cube-concepts-waechst-fuenf-neue-mitarbeiter-verstaerken-das-team-in-kaarst\/#breadcrumb"},"inLanguage":"fr-FR","potentialAction":[{"@type":"ReadAction","target":["https:\/\/cubeconcepts.de\/cube-concepts-waechst-fuenf-neue-mitarbeiter-verstaerken-das-team-in-kaarst\/"]}]},{"@type":"ImageObject","inLanguage":"fr-FR","@id":"https:\/\/cubeconcepts.de\/cube-concepts-waechst-fuenf-neue-mitarbeiter-verstaerken-das-team-in-kaarst\/#primaryimage","url":"https:\/\/cubeconcepts.de\/wp-content\/uploads\/2026\/09\/2026-09-01_Neue_Mitarbeiter-1-scaled.jpg","contentUrl":"https:\/\/cubeconcepts.de\/wp-content\/uploads\/2026\/09\/2026-09-01_Neue_Mitarbeiter-1-scaled.jpg","width":2560,"height":1920,"caption":"CUBE CONCEPTS w\u00e4chst weiter ab September 2026"},{"@type":"BreadcrumbList","@id":"https:\/\/cubeconcepts.de\/cube-concepts-waechst-fuenf-neue-mitarbeiter-verstaerken-das-team-in-kaarst\/#breadcrumb","itemListElement":[{"@type":"ListItem","position":1,"name":"Startseite","item":"https:\/\/cubeconcepts.de\/"},{"@type":"ListItem","position":2,"name":"CUBE CONCEPTS w\u00e4chst: F\u00fcnf neue Mitarbeiter verst\u00e4rken das Team in Kaarst"}]},{"@type":"WebSite","@id":"https:\/\/cubeconcepts.de\/fr\/#website","url":"https:\/\/cubeconcepts.de\/fr\/","name":"CUBE CONCEPTS","description":"Syst\u00e8mes \u00e9nerg\u00e9tiques pour entreprises","publisher":{"@id":"https:\/\/cubeconcepts.de\/fr\/#organization"},"potentialAction":[{"@type":"SearchAction","target":{"@type":"EntryPoint","urlTemplate":"https:\/\/cubeconcepts.de\/fr\/?s={search_term_string}"},"query-input":{"@type":"PropertyValueSpecification","valueRequired":true,"valueName":"search_term_string"}}],"inLanguage":"fr-FR"},{"@type":"Organization","@id":"https:\/\/cubeconcepts.de\/fr\/#organization","name":"CUBE CONCEPTS","url":"https:\/\/cubeconcepts.de\/fr\/","logo":{"@type":"ImageObject","inLanguage":"fr-FR","@id":"https:\/\/cubeconcepts.de\/fr\/#\/schema\/logo\/image\/","url":"https:\/\/cubeconcepts.de\/wp-content\/uploads\/2023\/01\/CUBE_CONCEPT-Logo.png","contentUrl":"https:\/\/cubeconcepts.de\/wp-content\/uploads\/2023\/01\/CUBE_CONCEPT-Logo.png","width":644,"height":207,"caption":"CUBE CONCEPTS"},"image":{"@id":"https:\/\/cubeconcepts.de\/fr\/#\/schema\/logo\/image\/"}},{"@type":"Person","@id":"https:\/\/cubeconcepts.de\/fr\/#\/schema\/person\/2c762e4ca1ea252f42f23ab33248856e","name":"Guido Steenmans","image":{"@type":"ImageObject","inLanguage":"fr-FR","@id":"https:\/\/cubeconcepts.de\/wp-content\/uploads\/2025\/11\/cropped-Guido-Steenmanns-hoch-scaled-1-96x96.jpg","url":"https:\/\/cubeconcepts.de\/wp-content\/uploads\/2025\/11\/cropped-Guido-Steenmanns-hoch-scaled-1-96x96.jpg","contentUrl":"https:\/\/cubeconcepts.de\/wp-content\/uploads\/2025\/11\/cropped-Guido-Steenmanns-hoch-scaled-1-96x96.jpg","caption":"Guido Steenmans"}}]}},"_links":{"self":[{"href":"https:\/\/cubeconcepts.de\/fr\/wp-json\/wp\/v2\/posts\/34206","targetHints":{"allow":["GET"]}}],"collection":[{"href":"https:\/\/cubeconcepts.de\/fr\/wp-json\/wp\/v2\/posts"}],"about":[{"href":"https:\/\/cubeconcepts.de\/fr\/wp-json\/wp\/v2\/types\/post"}],"author":[{"embeddable":true,"href":"https:\/\/cubeconcepts.de\/fr\/wp-json\/wp\/v2\/users\/3"}],"replies":[{"embeddable":true,"href":"https:\/\/cubeconcepts.de\/fr\/wp-json\/wp\/v2\/comments?post=34206"}],"version-history":[{"count":0,"href":"https:\/\/cubeconcepts.de\/fr\/wp-json\/wp\/v2\/posts\/34206\/revisions"}],"wp:featuredmedia":[{"embeddable":true,"href":"https:\/\/cubeconcepts.de\/fr\/wp-json\/wp\/v2\/media\/34207"}],"wp:attachment":[{"href":"https:\/\/cubeconcepts.de\/fr\/wp-json\/wp\/v2\/media?parent=34206"}],"wp:term":[{"taxonomy":"category","embeddable":true,"href":"https:\/\/cubeconcepts.de\/fr\/wp-json\/wp\/v2\/categories?post=34206"},{"taxonomy":"post_tag","embeddable":true,"href":"https:\/\/cubeconcepts.de\/fr\/wp-json\/wp\/v2\/tags?post=34206"}],"curies":[{"name":"wp","href":"https:\/\/api.w.org\/{rel}","templated":true}]}}