{"id":34193,"date":"2026-09-01T12:22:27","date_gmt":"2026-09-01T10:22:27","guid":{"rendered":"https:\/\/cubeconcepts.de\/?p=34193"},"modified":"2026-09-01T12:22:33","modified_gmt":"2026-09-01T10:22:33","slug":"consommation-brute-denergie-finale-cfeb-en-allemagne","status":"publish","type":"post","link":"https:\/\/cubeconcepts.de\/fr\/bruttoendenergieverbrauch-beev-in-deutschland\/","title":{"rendered":"Consommation finale brute d'\u00e9nergie (CFBE) en Allemagne : d\u00e9finition, chiffres actuels et \u00e9volution"},"content":{"rendered":"<h2 class=\"wp-block-heading\">Aper\u00e7u rapide<\/h2>\n\n\n\n<ul class=\"wp-block-list\">\n<li>Le site <strong>consommation int\u00e9rieure brute d'\u00e9nergie finale (CIBEF)<\/strong> Selon les calculs provisoires, l'Allemagne se situait en 2025 \u00e0 environ <strong>2,333 TWh<\/strong> \u2013 une l\u00e9g\u00e8re hausse par rapport au pr\u00e9c\u00e9dent point bas de 2 291 TWh en 2024, en raison notamment des conditions m\u00e9t\u00e9orologiques.<\/li>\n\n\n\n<li>La part des \u00e9nergies renouvelables dans la BEEV est pass\u00e9e \u00e0 en 2025 <strong>23,8 %<\/strong> (2024 : 22,5 %) \u2013 depuis 2005 (7,2 %), cette valeur a ainsi plus que tripl\u00e9.<\/li>\n\n\n\n<li>Les trois secteurs de consommation connaissent des \u00e9volutions tr\u00e8s diff\u00e9rentes : en 2025, la part des \u00e9nergies renouvelables s&#x27;\u00e9l\u00e8vera \u00e0 55,1 % dans le secteur de l&#x27;\u00e9lectricit\u00e9, \u00e0 19,0 % dans celui du chauffage et \u00e0 seulement 8,0 % dans celui des transports.<\/li>\n\n\n\n<li>Dans le cadre de son Plan national int\u00e9gr\u00e9 en mati\u00e8re d'\u00e9nergie et de climat (PNEC), l'Allemagne s'est engag\u00e9e \u00e0 porter la part des \u00e9nergies renouvelables dans la consommation finale brute d'\u00e9lectricit\u00e9 d'ici 2030 \u00e0 <strong>41 %<\/strong> d'augmenter.<\/li>\n<\/ul>\n\n\n\n<h2 class=\"wp-block-heading\">Qu'est-ce que la consommation finale brute d'\u00e9nergie (CFBE) ?<\/h2>\n\n\n\n<p class=\"wp-block-paragraph\">La consommation finale brute d'\u00e9nergie mesure la quantit\u00e9 d'\u00e9nergie r\u00e9ellement utilis\u00e9e dans les secteurs de consommation \u2013 industrie, transports, m\u00e9nages ainsi que commerce, services et artisanat (tertiaire). Elle comprend \u00e9galement les pertes de transport et de distribution dans les r\u00e9seaux d'\u00e9lectricit\u00e9 et de chaleur, ainsi que la propre consommation du secteur \u00e9nerg\u00e9tique lui-m\u00eame. En revanche, elle ne comprend pas les pertes de transformation qui surviennent lors de la production d'\u00e9lectricit\u00e9 et de chaleur dans les centrales (par ex. la chaleur perdue des centrales thermiques fossiles). Celles-ci entrent exclusivement dans le <a href=\"https:\/\/cubeconcepts.de\/primaerenergieverbrauch-pev-in-deutschland\/\" data-type=\"post\" data-id=\"34139\">Consommation d'\u00e9nergie primaire<\/a> un.<\/p>\n\n\n\n<p class=\"wp-block-paragraph\">Le BEEV est d\u00e9termin\u00e9 selon une m\u00e9thodologie de calcul uniforme \u00e0 l'\u00e9chelle de l'UE, qui figure dans la directive relative \u00e0 la promotion de l'utilisation de l'\u00e9nergie produite \u00e0 partir de sources renouvelables (RED, actuellement <a href=\"https:\/\/cubeconcepts.de\/eu-beschliesst-beschleunigten-ausbau-der-erneuerbaren-red-iii\/\" data-type=\"post\" data-id=\"7782\">ROUGE III<\/a>) est fix\u00e9. Cette harmonisation fait du BEEV la r\u00e9f\u00e9rence centrale pour les objectifs europ\u00e9ens et nationaux en mati\u00e8re d'\u00e9nergies renouvelables, car il est comparable d'un pays \u00e0 l'autre.<\/p>\n\n\n\n<h2 class=\"wp-block-heading\">Distinction par rapport aux PEV, BSV et BSE<\/h2>\n\n\n\n<figure class=\"wp-block-table\"><table class=\"has-fixed-layout\"><tbody><tr><td><strong>Indicateur cl\u00e9<\/strong><\/td><td><strong>D\u00e9signation<\/strong><\/td><td><strong>R\u00e9f\u00e9rence<\/strong><\/td><\/tr><tr><td>PEV<\/td><td>consommation d'\u00e9nergie primaire<\/td><td>Consommation \u00e9nerg\u00e9tique totale avant transformation, tous secteurs et toutes sources d'\u00e9nergie confondus<\/td><\/tr><tr><td>BEEV<\/td><td>consommation int\u00e9rieure brute d'\u00e9nergie finale<\/td><td>\u00c9nergie effectivement parvenue aux consommateurs, y compris la consommation propre li\u00e9e \u00e0 l'\u00e9nergie<\/td><\/tr><tr><td>BSV<\/td><td>consommation brute d'\u00e9lectricit\u00e9<\/td><td>Secteur de l'\u00e9lectricit\u00e9 uniquement : \u00e9lectricit\u00e9 totale produite et import\u00e9e avant pertes de r\u00e9seau et de transformation<\/td><\/tr><tr><td>ESB<\/td><td>production brute d'\u00e9lectricit\u00e9<\/td><td>Exclusif au secteur \u00e9lectrique : quantit\u00e9 d'\u00e9lectricit\u00e9 produite sur le territoire national, avant la consommation propre des centrales<\/td><\/tr><\/tbody><\/table><\/figure>\n\n\n\n<p class=\"wp-block-paragraph\">Le BEEV est en quelque sorte le lien entre les quatre indicateurs cl\u00e9s. Il englobe non seulement l'\u00e9lectricit\u00e9 (en lien avec le BSI\/BSE), mais aussi la chaleur, le froid et les carburants dans les transports. La consommation brute d'\u00e9nergie finale est ainsi toujours inf\u00e9rieure \u00e0 la consommation d'\u00e9nergie primaire, les pertes de conversion des centrales \u00e9lectriques \u00e9tant d\u00e9duites. Un aper\u00e7u global avec la logique de calcul et des exemples de donn\u00e9es pour ces quatre indicateurs est disponible dans <a href=\"https:\/\/cubeconcepts.de\/energiebilanz-deutschland-pev-beev-bsv-bse-im-ueberblick\/\" data-type=\"post\" data-id=\"34134\">Article de synth\u00e8se sur le bilan \u00e9nerg\u00e9tique allemand.<\/a><\/p>\n\n\n\n<h2 class=\"wp-block-heading\">\u00c9volution de la consommation finale brute d'\u00e9nergie en Allemagne<\/h2>\n\n\n\n<figure class=\"wp-block-image size-large\"><img fetchpriority=\"high\" decoding=\"async\" width=\"1024\" height=\"456\" src=\"https:\/\/cubeconcepts.de\/wp-content\/uploads\/2026\/09\/BEEV-in-TWh-1024x456.jpg\" alt=\"\" class=\"wp-image-34194\" srcset=\"https:\/\/cubeconcepts.de\/wp-content\/uploads\/2026\/09\/BEEV-in-TWh-1024x456.jpg 1024w, https:\/\/cubeconcepts.de\/wp-content\/uploads\/2026\/09\/BEEV-in-TWh-767x342.jpg 767w, https:\/\/cubeconcepts.de\/wp-content\/uploads\/2026\/09\/BEEV-in-TWh-1536x685.jpg 1536w, https:\/\/cubeconcepts.de\/wp-content\/uploads\/2026\/09\/BEEV-in-TWh-300x134.jpg 300w, https:\/\/cubeconcepts.de\/wp-content\/uploads\/2026\/09\/BEEV-in-TWh-18x8.jpg 18w, https:\/\/cubeconcepts.de\/wp-content\/uploads\/2026\/09\/BEEV-in-TWh.jpg 1557w\" sizes=\"(max-width: 1024px) 100vw, 1024px\" \/><\/figure>\n\n\n\n<figure class=\"wp-block-image size-large\"><img decoding=\"async\" width=\"1024\" height=\"458\" src=\"https:\/\/cubeconcepts.de\/wp-content\/uploads\/2026\/09\/EE-Anteile-am-BEEV-1024x458.jpg\" alt=\"\" class=\"wp-image-34195\" srcset=\"https:\/\/cubeconcepts.de\/wp-content\/uploads\/2026\/09\/EE-Anteile-am-BEEV-1024x458.jpg 1024w, https:\/\/cubeconcepts.de\/wp-content\/uploads\/2026\/09\/EE-Anteile-am-BEEV-300x134.jpg 300w, https:\/\/cubeconcepts.de\/wp-content\/uploads\/2026\/09\/EE-Anteile-am-BEEV-18x8.jpg 18w, https:\/\/cubeconcepts.de\/wp-content\/uploads\/2026\/09\/EE-Anteile-am-BEEV-767x343.jpg 767w, https:\/\/cubeconcepts.de\/wp-content\/uploads\/2026\/09\/EE-Anteile-am-BEEV.jpg 1281w\" sizes=\"(max-width: 1024px) 100vw, 1024px\" \/><\/figure>\n\n\n\n<p class=\"wp-block-paragraph\">Deux tendances se superposent dans ces deux graphiques. D\u2019une part, la consommation \u00e9nerg\u00e9tique brute (BEEV) en valeur absolue affiche une tendance \u00e0 la baisse depuis environ 15 ans, sous l\u2019effet de l\u2019efficacit\u00e9 \u00e9nerg\u00e9tique, des mutations structurelles dans l\u2019industrie et, plus r\u00e9cemment, d\u2019une conjoncture \u00e9conomique morose. D&#x27;autre part, la part des \u00e9nergies renouvelables dans la consommation restante augmente continuellement et \u00e0 un rythme nettement plus rapide que la baisse de la consommation totale. La l\u00e9g\u00e8re hausse du BEEV en 2025 par rapport au creux de l&#x27;ann\u00e9e pr\u00e9c\u00e9dente est principalement due aux conditions m\u00e9t\u00e9orologiques (ann\u00e9e plus fra\u00eeche, besoins en chauffage plus \u00e9lev\u00e9s) et ne marque pas un renversement de tendance.<\/p>\n\n\n\n<p class=\"wp-block-paragraph\">Au sein du BEEV, les trois secteurs \u00e9voluent \u00e0 des rythmes tr\u00e8s diff\u00e9rents :<\/p>\n\n\n\n<ul class=\"wp-block-list\">\n<li><strong>Courant<\/strong> Part des \u00e9nergies renouvelables en 2025 : 55,1 % \u2013 depuis 2000 (6,3 %), le secteur qui a connu de loin la plus forte croissance.<\/li>\n\n\n\n<li><strong>Chaleur et froid :<\/strong> Part des \u00e9nergies renouvelables en 2025 \u00e0 19,0 %, avec une augmentation sensible de la production de chaleur d&#x27;origine renouvelable, qui passera d&#x27;environ 200 \u00e0 pr\u00e8s de 210 milliards de kWh par rapport \u00e0 2024.<\/li>\n\n\n\n<li><strong>Trafic<\/strong> Part des \u00e9nergies renouvelables en 2025 : seulement 8,0 % (2024 : 7,4 %) \u2013 ce secteur reste celui o\u00f9 le taux de p\u00e9n\u00e9tration est le plus faible, malgr\u00e9 une hausse des biocarburants (+9 %) et de l&#x27;\u00e9lectricit\u00e9 renouvelable dans les transports (+12 %).<\/li>\n<\/ul>\n\n\n\n<h2 class=\"wp-block-heading\">Cadre r\u00e9glementaire du BEEV : l&#x27;objectif de 41 % dans le NECP<\/h2>\n\n\n\n<p class=\"wp-block-paragraph\">Avec le Plan national pour l&#x27;\u00e9nergie et le climat (NECP) actualis\u00e9 en 2024, l&#x27;Allemagne s&#x27;est engag\u00e9e aupr\u00e8s de l&#x27;UE \u00e0 porter la part des \u00e9nergies renouvelables dans la consommation finale brute d&#x27;\u00e9nergie \u00e0 au moins 41 % d&#x27;ici 2030. Partant d&#x27;un niveau de 23,8 % en 2025, cette part doit donc encore augmenter consid\u00e9rablement. La directive europ\u00e9enne RED III fixe pour l&#x27;ensemble de l&#x27;UE un objectif de <strong>42,5 %<\/strong> . Chaque \u00c9tat membre fixe, dans le cadre de son NECP, ses propres valeurs cibles nationales, adapt\u00e9es \u00e0 sa situation initiale.<\/p>\n\n\n\n<p class=\"wp-block-paragraph\">Les \u00e9l\u00e9ments suivants sont particuli\u00e8rement d\u00e9terminants pour la r\u00e9alisation des objectifs : <strong>secteurs de la chaleur et des transports<\/strong>. Alors que le secteur de l&#x27;\u00e9lectricit\u00e9 se rapproche rapidement de l&#x27;objectif de 80 % fix\u00e9 par la loi sur les \u00e9nergies renouvelables (EEG), les secteurs du chauffage et des transports accusent un retard structurel. Sans une acc\u00e9l\u00e9ration significative du d\u00e9ploiement des pompes \u00e0 chaleur, du chauffage urbain issu de sources renouvelables et des motorisations alternatives dans les transports, l\u2019objectif de 41 % sera, selon l\u2019Agence f\u00e9d\u00e9rale de l\u2019environnement, difficile \u00e0 atteindre.<\/p>\n\n\n\n<h2 class=\"wp-block-heading\">Classification : Ce que le BEEV signifie pour les entreprises dot\u00e9es de photovolta\u00efque et de stockage<\/h2>\n\n\n\n<p class=\"wp-block-paragraph\">Le BEEV met en lumi\u00e8re les plus grands potentiels inexploit\u00e9s pour la transition vers les \u00e9nergies renouvelables. Il ne s'agit pas en premier lieu de l'\u00e9lectricit\u00e9, mais de la chaleur et des transports. Pour les entreprises qui exploitent d\u00e9j\u00e0 ou envisagent des installations photovolta\u00efques et de stockage par batterie, cela entra\u00eene deux implications. Premi\u00e8rement, le couplage sectoriel \u2013 par exemple l'utilisation d'un exc\u00e9dent d'\u00e9lectricit\u00e9 photovolta\u00efque pour les pompes \u00e0 chaleur ou les parcs de v\u00e9hicules \u00e9lectriques \u2013 devient le levier d\u00e9cisif pour r\u00e9duire leur propre empreinte BEEV. Deuxi\u00e8mement, avec l'\u00e9lectrification progressive de la chaleur et des transports, une part croissante du BEEV, jusqu'alors couverte par les \u00e9nergies fossiles, se d\u00e9place vers le secteur de l'\u00e9lectricit\u00e9. C'est pr\u00e9cis\u00e9ment ce domaine qui b\u00e9n\u00e9ficie particuli\u00e8rement de la flexibilit\u00e9 apport\u00e9e par le stockage. La mani\u00e8re dont ce d\u00e9placement se traduit concr\u00e8tement dans la consommation brute d'\u00e9lectricit\u00e9 est d\u00e9crite dans l'article sur <a href=\"https:\/\/cubeconcepts.de\/bruttostromverbrauch-bsv-in-deutschland\/\" data-type=\"post\" data-id=\"34154\">Consommation brute d'\u00e9lectricit\u00e9<\/a>.<\/p>\n\n\n\n<div class=\"wp-block-group is-nowrap is-layout-flex wp-container-core-group-is-layout-7387b849 wp-block-group-is-layout-flex\">\n<h2 class=\"wp-block-heading\">FAQ<\/h2>\n\n\n\n<p class=\"wp-block-paragraph\"><\/p>\n<\/div>\n\n\n\n<details class=\"wp-block-details is-layout-flow wp-block-details-is-layout-flow\"><summary>Quelle est la diff\u00e9rence entre la consommation d'\u00e9nergie primaire et la consommation brute d'\u00e9nergie finale ?<\/summary>\n<p class=\"wp-block-paragraph\">La consommation d'\u00e9nergie primaire (CEP) mesure l'utilisation totale d'\u00e9nergie avant toute transformation, y compris les pertes de transformation dans les centrales \u00e9lectriques. La consommation brute d'\u00e9nergie finale (CBEF), en revanche, ne repr\u00e9sente que l'\u00e9nergie qui parvient effectivement aux secteurs de consommation \u2013 elle est donc toujours nettement inf\u00e9rieure \u00e0 la CEP.<\/p>\n<\/details>\n\n\n\n<p class=\"wp-block-paragraph\"><\/p>\n\n\n\n<details class=\"wp-block-details is-layout-flow wp-block-details-is-layout-flow\"><summary>Quel a \u00e9t\u00e9 le consommaton finale brute d'\u00e9nergie en Allemagne en 2025 ?<\/summary>\n<p class=\"wp-block-paragraph\">Selon des estimations provisoires, la consommation d&#x27;\u00e9nergie en Allemagne (BEEV) en 2025 s&#x27;\u00e9levait \u00e0 environ 2 333 TWh, la part des \u00e9nergies renouvelables s&#x27;\u00e9tablissant \u00e0 23,8 %.<\/p>\n<\/details>\n\n\n\n<p class=\"wp-block-paragraph\"><\/p>\n\n\n\n<details class=\"wp-block-details is-layout-flow wp-block-details-is-layout-flow\"><summary>Pourquoi la part des \u00e9nergies renouvelables dans les transports est-elle si faible par rapport \u00e0 celle de l'\u00e9lectricit\u00e9 ?<\/summary>\n<p class=\"wp-block-paragraph\">Alors que, dans le secteur de l&#x27;\u00e9lectricit\u00e9, les installations \u00e9oliennes et solaires b\u00e9n\u00e9ficient depuis des d\u00e9cennies de mesures de soutien cibl\u00e9es et ont atteint leur maturit\u00e9 technique, le secteur des transports reste fortement d\u00e9pendant des carburants fossiles. La mobilit\u00e9 \u00e9lectrique et les biocarburants sont certes en pleine expansion, mais leur part dans la consommation totale de carburant reste encore faible, avec environ 8 % (2025).<\/p>\n<\/details>\n\n\n\n<p class=\"wp-block-paragraph\"><\/p>\n\n\n\n<details class=\"wp-block-details is-layout-flow wp-block-details-is-layout-flow\"><summary>Quel objectif l'Allemagne s'est-elle fix\u00e9 pour la consommation finale brute d'\u00e9nergie d'ici 2030 ?<\/summary>\n<p class=\"wp-block-paragraph\">Dans le cadre du Plan national pour l&#x27;\u00e9nergie et le climat (NECP), l&#x27;Allemagne s&#x27;est engag\u00e9e \u00e0 porter la part des \u00e9nergies renouvelables dans la consommation finale brute d&#x27;\u00e9nergie \u00e0 au moins 41 % d&#x27;ici 2030.<\/p>\n<\/details>\n\n\n\n<p class=\"wp-block-paragraph\"><\/p>\n\n\n\n<details class=\"wp-block-details is-layout-flow wp-block-details-is-layout-flow\"><summary>Qui calcule la consommation finale brute d'\u00e9nergie pour l'Allemagne ?<\/summary>\n<p class=\"wp-block-paragraph\">Le groupe de travail sur les statistiques des \u00e9nergies renouvelables (AGEE-Stat), mandat\u00e9 par le minist\u00e8re f\u00e9d\u00e9ral de l'\u00c9conomie et de l'\u00c9nergie (BMWE), calcule chaque ann\u00e9e le BEEV selon la m\u00e9thodologie europ\u00e9enne unifi\u00e9e de la directive RED ; l'Agence f\u00e9d\u00e9rale de l'environnement (UBA) en publie les r\u00e9sultats.<\/p>\n<\/details>\n\n\n\n<h2 class=\"wp-block-heading\">Sources<\/h2>\n\n\n\n<p class=\"wp-block-paragraph\"><em>Minist\u00e8re f\u00e9d\u00e9ral de l'\u00c9conomie et de l'\u00c9nergie (BMWE), Groupe de travail sur les statistiques des \u00e9nergies renouvelables (AGEE-Stat), Agence f\u00e9d\u00e9rale de l'environnement (UBA).<\/em><\/p>\n\n\n\n<p class=\"wp-block-paragraph\"><\/p>","protected":false},"excerpt":{"rendered":"<p>En Allemagne, elle est en baisse constante, tandis que la part des \u00e9nergies renouvelables a atteint 23,8 % en 2025. Cet aper\u00e7u montre pourquoi les progr\u00e8s varient consid\u00e9rablement entre l&#x27;\u00e9lectricit\u00e9, le chauffage et les transports, et quelle est l&#x27;importance de cette \u00e9volution pour la transition \u00e9nerg\u00e9tique et les entreprises.<\/p>","protected":false},"author":3,"featured_media":34198,"comment_status":"closed","ping_status":"open","sticky":false,"template":"","format":"standard","meta":{"_acf_changed":false,"footnotes":""},"categories":[61],"tags":[],"class_list":["post-34193","post","type-post","status-publish","format-standard","has-post-thumbnail","hentry","category-grundlagen-technik"],"acf":[],"yoast_head":"<!-- This site is optimized with the Yoast SEO plugin v28.4 - https:\/\/yoast.com\/product\/yoast-seo-wordpress\/ -->\n<title>Bruttoendenergieverbrauch (BEEV) in Deutschland | CUBE CONCEPTS<\/title>\n<meta name=\"description\" content=\"Bruttoendenergieverbrauch (BEEV) in Deutschland: Zahlen 2025, EE-Anteil nach Sektoren und das 41-Prozent-Ziel bis 2030.\" \/>\n<meta name=\"robots\" content=\"index, follow, max-snippet:-1, max-image-preview:large, max-video-preview:-1\" \/>\n<link rel=\"canonical\" href=\"https:\/\/cubeconcepts.de\/fr\/consommation-brute-denergie-finale-cfeb-en-allemagne\/\" \/>\n<meta property=\"og:locale\" content=\"fr_FR\" \/>\n<meta property=\"og:type\" content=\"article\" \/>\n<meta property=\"og:title\" content=\"Bruttoendenergieverbrauch (BEEV) in Deutschland | CUBE CONCEPTS\" \/>\n<meta property=\"og:description\" content=\"Bruttoendenergieverbrauch (BEEV) in Deutschland: Zahlen 2025, EE-Anteil nach Sektoren und das 41-Prozent-Ziel bis 2030.\" \/>\n<meta property=\"og:url\" content=\"https:\/\/cubeconcepts.de\/fr\/consommation-brute-denergie-finale-cfeb-en-allemagne\/\" \/>\n<meta property=\"og:site_name\" content=\"CUBE CONCEPTS\" \/>\n<meta property=\"article:published_time\" content=\"2026-09-01T10:22:27+00:00\" \/>\n<meta property=\"article:modified_time\" content=\"2026-09-01T10:22:33+00:00\" \/>\n<meta property=\"og:image\" content=\"https:\/\/cubeconcepts.de\/wp-content\/uploads\/2026\/09\/Bruttoendenergieverbrauch-BEEV-Deutschland-scaled.jpg\" \/>\n\t<meta property=\"og:image:width\" content=\"2560\" \/>\n\t<meta property=\"og:image:height\" content=\"1604\" \/>\n\t<meta property=\"og:image:type\" content=\"image\/jpeg\" \/>\n<meta name=\"author\" content=\"Guido Steenmans\" \/>\n<meta name=\"twitter:card\" content=\"summary_large_image\" \/>\n<meta name=\"twitter:label1\" content=\"\u00c9crit par\" \/>\n\t<meta name=\"twitter:data1\" content=\"Guido Steenmans\" \/>\n\t<meta name=\"twitter:label2\" content=\"Dur\u00e9e de lecture estim\u00e9e\" \/>\n\t<meta name=\"twitter:data2\" content=\"7 minutes\" \/>\n<script type=\"application\/ld+json\" class=\"yoast-schema-graph\">{\"@context\":\"https:\\\/\\\/schema.org\",\"@graph\":[{\"@type\":\"Article\",\"@id\":\"https:\\\/\\\/cubeconcepts.de\\\/bruttoendenergieverbrauch-beev-in-deutschland\\\/#article\",\"isPartOf\":{\"@id\":\"https:\\\/\\\/cubeconcepts.de\\\/bruttoendenergieverbrauch-beev-in-deutschland\\\/\"},\"author\":{\"name\":\"Guido Steenmans\",\"@id\":\"https:\\\/\\\/cubeconcepts.de\\\/fr\\\/#\\\/schema\\\/person\\\/2c762e4ca1ea252f42f23ab33248856e\"},\"headline\":\"Bruttoendenergieverbrauch (BEEV) in Deutschland: Definition, aktuelle Zahlen &amp; Entwicklung\",\"datePublished\":\"2026-09-01T10:22:27+00:00\",\"dateModified\":\"2026-09-01T10:22:33+00:00\",\"mainEntityOfPage\":{\"@id\":\"https:\\\/\\\/cubeconcepts.de\\\/bruttoendenergieverbrauch-beev-in-deutschland\\\/\"},\"wordCount\":984,\"publisher\":{\"@id\":\"https:\\\/\\\/cubeconcepts.de\\\/fr\\\/#organization\"},\"image\":{\"@id\":\"https:\\\/\\\/cubeconcepts.de\\\/bruttoendenergieverbrauch-beev-in-deutschland\\\/#primaryimage\"},\"thumbnailUrl\":\"https:\\\/\\\/cubeconcepts.de\\\/wp-content\\\/uploads\\\/2026\\\/09\\\/Bruttoendenergieverbrauch-BEEV-Deutschland-scaled.jpg\",\"articleSection\":[\"Grundlagen &amp; Technik\"],\"inLanguage\":\"fr-FR\"},{\"@type\":\"WebPage\",\"@id\":\"https:\\\/\\\/cubeconcepts.de\\\/bruttoendenergieverbrauch-beev-in-deutschland\\\/\",\"url\":\"https:\\\/\\\/cubeconcepts.de\\\/bruttoendenergieverbrauch-beev-in-deutschland\\\/\",\"name\":\"Bruttoendenergieverbrauch (BEEV) in Deutschland | CUBE CONCEPTS\",\"isPartOf\":{\"@id\":\"https:\\\/\\\/cubeconcepts.de\\\/fr\\\/#website\"},\"primaryImageOfPage\":{\"@id\":\"https:\\\/\\\/cubeconcepts.de\\\/bruttoendenergieverbrauch-beev-in-deutschland\\\/#primaryimage\"},\"image\":{\"@id\":\"https:\\\/\\\/cubeconcepts.de\\\/bruttoendenergieverbrauch-beev-in-deutschland\\\/#primaryimage\"},\"thumbnailUrl\":\"https:\\\/\\\/cubeconcepts.de\\\/wp-content\\\/uploads\\\/2026\\\/09\\\/Bruttoendenergieverbrauch-BEEV-Deutschland-scaled.jpg\",\"datePublished\":\"2026-09-01T10:22:27+00:00\",\"dateModified\":\"2026-09-01T10:22:33+00:00\",\"description\":\"Bruttoendenergieverbrauch (BEEV) in Deutschland: Zahlen 2025, EE-Anteil nach Sektoren und das 41-Prozent-Ziel bis 2030.\",\"breadcrumb\":{\"@id\":\"https:\\\/\\\/cubeconcepts.de\\\/bruttoendenergieverbrauch-beev-in-deutschland\\\/#breadcrumb\"},\"inLanguage\":\"fr-FR\",\"potentialAction\":[{\"@type\":\"ReadAction\",\"target\":[\"https:\\\/\\\/cubeconcepts.de\\\/bruttoendenergieverbrauch-beev-in-deutschland\\\/\"]}]},{\"@type\":\"ImageObject\",\"inLanguage\":\"fr-FR\",\"@id\":\"https:\\\/\\\/cubeconcepts.de\\\/bruttoendenergieverbrauch-beev-in-deutschland\\\/#primaryimage\",\"url\":\"https:\\\/\\\/cubeconcepts.de\\\/wp-content\\\/uploads\\\/2026\\\/09\\\/Bruttoendenergieverbrauch-BEEV-Deutschland-scaled.jpg\",\"contentUrl\":\"https:\\\/\\\/cubeconcepts.de\\\/wp-content\\\/uploads\\\/2026\\\/09\\\/Bruttoendenergieverbrauch-BEEV-Deutschland-scaled.jpg\",\"width\":2560,\"height\":1604,\"caption\":\"Bruttoendenergieverbrauch-BEEV-Deutschland\"},{\"@type\":\"BreadcrumbList\",\"@id\":\"https:\\\/\\\/cubeconcepts.de\\\/bruttoendenergieverbrauch-beev-in-deutschland\\\/#breadcrumb\",\"itemListElement\":[{\"@type\":\"ListItem\",\"position\":1,\"name\":\"Startseite\",\"item\":\"https:\\\/\\\/cubeconcepts.de\\\/\"},{\"@type\":\"ListItem\",\"position\":2,\"name\":\"Bruttoendenergieverbrauch (BEEV) in Deutschland: Definition, aktuelle Zahlen &amp; Entwicklung\"}]},{\"@type\":\"WebSite\",\"@id\":\"https:\\\/\\\/cubeconcepts.de\\\/fr\\\/#website\",\"url\":\"https:\\\/\\\/cubeconcepts.de\\\/fr\\\/\",\"name\":\"CUBE CONCEPTS\",\"description\":\"Energiesysteme f\u00fcr Unternehmen\",\"publisher\":{\"@id\":\"https:\\\/\\\/cubeconcepts.de\\\/fr\\\/#organization\"},\"potentialAction\":[{\"@type\":\"SearchAction\",\"target\":{\"@type\":\"EntryPoint\",\"urlTemplate\":\"https:\\\/\\\/cubeconcepts.de\\\/fr\\\/?s={search_term_string}\"},\"query-input\":{\"@type\":\"PropertyValueSpecification\",\"valueRequired\":true,\"valueName\":\"search_term_string\"}}],\"inLanguage\":\"fr-FR\"},{\"@type\":\"Organization\",\"@id\":\"https:\\\/\\\/cubeconcepts.de\\\/fr\\\/#organization\",\"name\":\"CUBE CONCEPTS\",\"url\":\"https:\\\/\\\/cubeconcepts.de\\\/fr\\\/\",\"logo\":{\"@type\":\"ImageObject\",\"inLanguage\":\"fr-FR\",\"@id\":\"https:\\\/\\\/cubeconcepts.de\\\/fr\\\/#\\\/schema\\\/logo\\\/image\\\/\",\"url\":\"https:\\\/\\\/cubeconcepts.de\\\/wp-content\\\/uploads\\\/2023\\\/01\\\/CUBE_CONCEPT-Logo.png\",\"contentUrl\":\"https:\\\/\\\/cubeconcepts.de\\\/wp-content\\\/uploads\\\/2023\\\/01\\\/CUBE_CONCEPT-Logo.png\",\"width\":644,\"height\":207,\"caption\":\"CUBE CONCEPTS\"},\"image\":{\"@id\":\"https:\\\/\\\/cubeconcepts.de\\\/fr\\\/#\\\/schema\\\/logo\\\/image\\\/\"}},{\"@type\":\"Person\",\"@id\":\"https:\\\/\\\/cubeconcepts.de\\\/fr\\\/#\\\/schema\\\/person\\\/2c762e4ca1ea252f42f23ab33248856e\",\"name\":\"Guido Steenmans\",\"image\":{\"@type\":\"ImageObject\",\"inLanguage\":\"fr-FR\",\"@id\":\"https:\\\/\\\/cubeconcepts.de\\\/wp-content\\\/uploads\\\/2025\\\/11\\\/cropped-Guido-Steenmanns-hoch-scaled-1-96x96.jpg\",\"url\":\"https:\\\/\\\/cubeconcepts.de\\\/wp-content\\\/uploads\\\/2025\\\/11\\\/cropped-Guido-Steenmanns-hoch-scaled-1-96x96.jpg\",\"contentUrl\":\"https:\\\/\\\/cubeconcepts.de\\\/wp-content\\\/uploads\\\/2025\\\/11\\\/cropped-Guido-Steenmanns-hoch-scaled-1-96x96.jpg\",\"caption\":\"Guido Steenmans\"}}]}<\/script>\n<!-- \/ Yoast SEO plugin. -->","yoast_head_json":{"title":"Consommation d'\u00e9nergie finale brute (BEEV) en Allemagne | CUBE CONCEPTS","description":"Consommation finale brute d'\u00e9nergie (CFBE) en Allemagne : chiffres 2025, part des \u00e9nergies renouvelables par secteur et objectif de 41 pour cent d'ici 2030.","robots":{"index":"index","follow":"follow","max-snippet":"max-snippet:-1","max-image-preview":"max-image-preview:large","max-video-preview":"max-video-preview:-1"},"canonical":"https:\/\/cubeconcepts.de\/fr\/consommation-brute-denergie-finale-cfeb-en-allemagne\/","og_locale":"fr_FR","og_type":"article","og_title":"Bruttoendenergieverbrauch (BEEV) in Deutschland | CUBE CONCEPTS","og_description":"Bruttoendenergieverbrauch (BEEV) in Deutschland: Zahlen 2025, EE-Anteil nach Sektoren und das 41-Prozent-Ziel bis 2030.","og_url":"https:\/\/cubeconcepts.de\/fr\/consommation-brute-denergie-finale-cfeb-en-allemagne\/","og_site_name":"CUBE CONCEPTS","article_published_time":"2026-09-01T10:22:27+00:00","article_modified_time":"2026-09-01T10:22:33+00:00","og_image":[{"width":2560,"height":1604,"url":"https:\/\/cubeconcepts.de\/wp-content\/uploads\/2026\/09\/Bruttoendenergieverbrauch-BEEV-Deutschland-scaled.jpg","type":"image\/jpeg"}],"author":"Guido Steenmans","twitter_card":"summary_large_image","twitter_misc":{"\u00c9crit par":"Guido Steenmans","Dur\u00e9e de lecture estim\u00e9e":"7 minutes"},"schema":{"@context":"https:\/\/schema.org","@graph":[{"@type":"Article","@id":"https:\/\/cubeconcepts.de\/bruttoendenergieverbrauch-beev-in-deutschland\/#article","isPartOf":{"@id":"https:\/\/cubeconcepts.de\/bruttoendenergieverbrauch-beev-in-deutschland\/"},"author":{"name":"Guido Steenmans","@id":"https:\/\/cubeconcepts.de\/fr\/#\/schema\/person\/2c762e4ca1ea252f42f23ab33248856e"},"headline":"Bruttoendenergieverbrauch (BEEV) in Deutschland: Definition, aktuelle Zahlen &amp; Entwicklung","datePublished":"2026-09-01T10:22:27+00:00","dateModified":"2026-09-01T10:22:33+00:00","mainEntityOfPage":{"@id":"https:\/\/cubeconcepts.de\/bruttoendenergieverbrauch-beev-in-deutschland\/"},"wordCount":984,"publisher":{"@id":"https:\/\/cubeconcepts.de\/fr\/#organization"},"image":{"@id":"https:\/\/cubeconcepts.de\/bruttoendenergieverbrauch-beev-in-deutschland\/#primaryimage"},"thumbnailUrl":"https:\/\/cubeconcepts.de\/wp-content\/uploads\/2026\/09\/Bruttoendenergieverbrauch-BEEV-Deutschland-scaled.jpg","articleSection":["Grundlagen &amp; Technik"],"inLanguage":"fr-FR"},{"@type":"WebPage","@id":"https:\/\/cubeconcepts.de\/bruttoendenergieverbrauch-beev-in-deutschland\/","url":"https:\/\/cubeconcepts.de\/bruttoendenergieverbrauch-beev-in-deutschland\/","name":"Consommation d'\u00e9nergie finale brute (BEEV) en Allemagne | CUBE CONCEPTS","isPartOf":{"@id":"https:\/\/cubeconcepts.de\/fr\/#website"},"primaryImageOfPage":{"@id":"https:\/\/cubeconcepts.de\/bruttoendenergieverbrauch-beev-in-deutschland\/#primaryimage"},"image":{"@id":"https:\/\/cubeconcepts.de\/bruttoendenergieverbrauch-beev-in-deutschland\/#primaryimage"},"thumbnailUrl":"https:\/\/cubeconcepts.de\/wp-content\/uploads\/2026\/09\/Bruttoendenergieverbrauch-BEEV-Deutschland-scaled.jpg","datePublished":"2026-09-01T10:22:27+00:00","dateModified":"2026-09-01T10:22:33+00:00","description":"Consommation finale brute d'\u00e9nergie (CFBE) en Allemagne : chiffres 2025, part des \u00e9nergies renouvelables par secteur et objectif de 41 pour cent d'ici 2030.","breadcrumb":{"@id":"https:\/\/cubeconcepts.de\/bruttoendenergieverbrauch-beev-in-deutschland\/#breadcrumb"},"inLanguage":"fr-FR","potentialAction":[{"@type":"ReadAction","target":["https:\/\/cubeconcepts.de\/bruttoendenergieverbrauch-beev-in-deutschland\/"]}]},{"@type":"ImageObject","inLanguage":"fr-FR","@id":"https:\/\/cubeconcepts.de\/bruttoendenergieverbrauch-beev-in-deutschland\/#primaryimage","url":"https:\/\/cubeconcepts.de\/wp-content\/uploads\/2026\/09\/Bruttoendenergieverbrauch-BEEV-Deutschland-scaled.jpg","contentUrl":"https:\/\/cubeconcepts.de\/wp-content\/uploads\/2026\/09\/Bruttoendenergieverbrauch-BEEV-Deutschland-scaled.jpg","width":2560,"height":1604,"caption":"Bruttoendenergieverbrauch-BEEV-Deutschland"},{"@type":"BreadcrumbList","@id":"https:\/\/cubeconcepts.de\/bruttoendenergieverbrauch-beev-in-deutschland\/#breadcrumb","itemListElement":[{"@type":"ListItem","position":1,"name":"Startseite","item":"https:\/\/cubeconcepts.de\/"},{"@type":"ListItem","position":2,"name":"Bruttoendenergieverbrauch (BEEV) in Deutschland: Definition, aktuelle Zahlen &amp; Entwicklung"}]},{"@type":"WebSite","@id":"https:\/\/cubeconcepts.de\/fr\/#website","url":"https:\/\/cubeconcepts.de\/fr\/","name":"CUBE CONCEPTS","description":"Syst\u00e8mes \u00e9nerg\u00e9tiques pour entreprises","publisher":{"@id":"https:\/\/cubeconcepts.de\/fr\/#organization"},"potentialAction":[{"@type":"SearchAction","target":{"@type":"EntryPoint","urlTemplate":"https:\/\/cubeconcepts.de\/fr\/?s={search_term_string}"},"query-input":{"@type":"PropertyValueSpecification","valueRequired":true,"valueName":"search_term_string"}}],"inLanguage":"fr-FR"},{"@type":"Organization","@id":"https:\/\/cubeconcepts.de\/fr\/#organization","name":"CUBE CONCEPTS","url":"https:\/\/cubeconcepts.de\/fr\/","logo":{"@type":"ImageObject","inLanguage":"fr-FR","@id":"https:\/\/cubeconcepts.de\/fr\/#\/schema\/logo\/image\/","url":"https:\/\/cubeconcepts.de\/wp-content\/uploads\/2023\/01\/CUBE_CONCEPT-Logo.png","contentUrl":"https:\/\/cubeconcepts.de\/wp-content\/uploads\/2023\/01\/CUBE_CONCEPT-Logo.png","width":644,"height":207,"caption":"CUBE CONCEPTS"},"image":{"@id":"https:\/\/cubeconcepts.de\/fr\/#\/schema\/logo\/image\/"}},{"@type":"Person","@id":"https:\/\/cubeconcepts.de\/fr\/#\/schema\/person\/2c762e4ca1ea252f42f23ab33248856e","name":"Guido Steenmans","image":{"@type":"ImageObject","inLanguage":"fr-FR","@id":"https:\/\/cubeconcepts.de\/wp-content\/uploads\/2025\/11\/cropped-Guido-Steenmanns-hoch-scaled-1-96x96.jpg","url":"https:\/\/cubeconcepts.de\/wp-content\/uploads\/2025\/11\/cropped-Guido-Steenmanns-hoch-scaled-1-96x96.jpg","contentUrl":"https:\/\/cubeconcepts.de\/wp-content\/uploads\/2025\/11\/cropped-Guido-Steenmanns-hoch-scaled-1-96x96.jpg","caption":"Guido Steenmans"}}]}},"_links":{"self":[{"href":"https:\/\/cubeconcepts.de\/fr\/wp-json\/wp\/v2\/posts\/34193","targetHints":{"allow":["GET"]}}],"collection":[{"href":"https:\/\/cubeconcepts.de\/fr\/wp-json\/wp\/v2\/posts"}],"about":[{"href":"https:\/\/cubeconcepts.de\/fr\/wp-json\/wp\/v2\/types\/post"}],"author":[{"embeddable":true,"href":"https:\/\/cubeconcepts.de\/fr\/wp-json\/wp\/v2\/users\/3"}],"replies":[{"embeddable":true,"href":"https:\/\/cubeconcepts.de\/fr\/wp-json\/wp\/v2\/comments?post=34193"}],"version-history":[{"count":0,"href":"https:\/\/cubeconcepts.de\/fr\/wp-json\/wp\/v2\/posts\/34193\/revisions"}],"wp:featuredmedia":[{"embeddable":true,"href":"https:\/\/cubeconcepts.de\/fr\/wp-json\/wp\/v2\/media\/34198"}],"wp:attachment":[{"href":"https:\/\/cubeconcepts.de\/fr\/wp-json\/wp\/v2\/media?parent=34193"}],"wp:term":[{"taxonomy":"category","embeddable":true,"href":"https:\/\/cubeconcepts.de\/fr\/wp-json\/wp\/v2\/categories?post=34193"},{"taxonomy":"post_tag","embeddable":true,"href":"https:\/\/cubeconcepts.de\/fr\/wp-json\/wp\/v2\/tags?post=34193"}],"curies":[{"name":"wp","href":"https:\/\/api.w.org\/{rel}","templated":true}]}}