{"id":34134,"date":"2026-09-01T09:24:15","date_gmt":"2026-09-01T07:24:15","guid":{"rendered":"https:\/\/cubeconcepts.de\/?p=34134"},"modified":"2026-09-01T12:24:45","modified_gmt":"2026-09-01T10:24:45","slug":"bilan-energetique-de-lallemagne-pev-beev-bsv-bse-en-apercu","status":"publish","type":"post","link":"https:\/\/cubeconcepts.de\/fr\/energiebilanz-deutschland-pev-beev-bsv-bse-im-ueberblick\/","title":{"rendered":"Bilan \u00e9nerg\u00e9tique de l'Allemagne : Aper\u00e7u de la consommation d'\u00e9nergie primaire, de la consommation finale d'\u00e9nergie, de la consommation finale brute et de l'\u00e9lectricit\u00e9 finale brute"},"content":{"rendered":"<h2 class=\"wp-block-heading\">Aper\u00e7u rapide<\/h2>\n\n\n\n<ul class=\"wp-block-list\">\n<li>PEV, BEEV, BSV et BSE sont les quatre indicateurs cl\u00e9s de la statistique \u00e9nerg\u00e9tique allemande et d\u00e9crivent la <strong>Bilan \u00e9nerg\u00e9tique<\/strong> dans <strong>Allemagne<\/strong>. Elles sont souvent confondues, mais mesurent diff\u00e9rentes parties du syst\u00e8me \u00e9nerg\u00e9tique.<\/li>\n\n\n\n<li>Ordre de grandeur 2025 : consommation d'\u00e9nergie primaire (CEP) environ <strong>2,931 TWh<\/strong>, consommation finale brute d'\u00e9nergie (CFBE) environ <strong>2,333 TWh<\/strong>, consommation brute d'\u00e9lectricit\u00e9 (CBE) d'environ <strong>526 TWh<\/strong>, production brute d'\u00e9lectricit\u00e9 (PBE) d'environ <strong>509 TWh<\/strong>.<\/li>\n\n\n\n<li><strong>Moyen mn\u00e9motechnique<\/strong>: la PEV est la plus grande (tous les vecteurs \u00e9nerg\u00e9tiques, avant transformation), la BEEV est la partie de celle-ci qui parvient aux consommateurs (tous secteurs confondus), la BSV et la BSE sont toutes deux limit\u00e9es au secteur \u00e9lectrique \u2013 la BSV du point de vue de la consommation, la BSE du point de vue de la production.<\/li>\n<\/ul>\n\n\n\n<h2 class=\"wp-block-heading\">Pourquoi existe-t-il quatre indicateurs diff\u00e9rents ?<\/h2>\n\n\n\n<p class=\"wp-block-paragraph\">Les statistiques \u00e9nerg\u00e9tiques allemandes et europ\u00e9ennes font consciemment la distinction entre diff\u00e9rents niveaux d'analyse, car chaque indicateur r\u00e9pond \u00e0 une question diff\u00e9rente. <\/p>\n\n\n\n<ul class=\"wp-block-list\">\n<li><strong>Quelle quantit\u00e9 totale d'\u00e9nergie l'Allemagne consomme-t-elle ?<\/strong>, ind\u00e9pendamment de quoi que ce soit ? <strong>PEV<\/strong><\/li>\n\n\n\n<li><strong>Combien d'\u00e9nergie parvient r\u00e9ellement aux consommateurs<\/strong>, tous secteurs confondus (\u00e9lectricit\u00e9, chaleur, transport) ? \u2192 <strong>BEEV<\/strong><\/li>\n\n\n\n<li><strong>Quelle est la consommation d'\u00e9lectricit\u00e9 en Allemagne<\/strong>, qu'il soit produit sur le territoire national ou import\u00e9 ? <strong>BSV<\/strong><\/li>\n\n\n\n<li><strong>Quelle quantit\u00e9 d'\u00e9lectricit\u00e9 est r\u00e9ellement produite en Allemagne<\/strong>, qu'il soit consomm\u00e9 sur le march\u00e9 int\u00e9rieur ou export\u00e9 ? <strong>ESB<\/strong><\/li>\n<\/ul>\n\n\n\n<p class=\"wp-block-paragraph\"><\/p>\n\n\n\n<p class=\"wp-block-paragraph\">Cette distinction n'est pas un simple exercice acad\u00e9mique. Les objectifs de d\u00e9veloppement des \u00e9nergies renouvelables (EEG) se r\u00e9f\u00e8rent au BSV, les objectifs climatiques de l'UE au BEEV, et les \u00e9valuations globales de la politique \u00e9nerg\u00e9tique (comme la loi sur l'efficacit\u00e9 \u00e9nerg\u00e9tique) au PEV. Quiconque cite la mauvaise mesure compare rapidement des choux et des carottes.<\/p>\n\n\n\n<h2 class=\"wp-block-heading\">Les quatre indicateurs cl\u00e9s du bilan \u00e9nerg\u00e9tique en Allemagne en comparaison<\/h2>\n\n\n\n<figure class=\"wp-block-table\"><table class=\"has-fixed-layout\"><tbody><tr><td><strong>Indicateur cl\u00e9<\/strong><\/td><td><strong>D\u00e9signation<\/strong><\/td><td><strong>Port\u00e9e<\/strong><\/td><td><strong>Valeur 2025 (TWh)<\/strong><\/td><td><strong>Objectif politique central<\/strong><\/td><\/tr><tr><td>PEV<\/td><td>consommation d'\u00e9nergie primaire<\/td><td>Tous les vecteurs \u00e9nerg\u00e9tiques, tous les secteurs, avant transformation<\/td><td>env. 2 931<\/td><td>EnEfG : -39,3 % d&#x27;ici 2030 par rapport \u00e0 2008<\/td><\/tr><tr><td>BEEV<\/td><td>consommation int\u00e9rieure brute d'\u00e9nergie finale<\/td><td>Tous les agents \u00e9nerg\u00e9tiques, tous les secteurs, apr\u00e8s transformation (chez les consommateurs<\/td><td>env. 2,333<\/td><td>NECP : 41 %, part des \u00e9nergies renouvelables d&#x27;ici 2030<\/td><\/tr><tr><td>BSV<\/td><td>consommation brute d'\u00e9lectricit\u00e9<\/td><td>\u00c9lectricit\u00e9 uniquement, c\u00f4t\u00e9 consommateur (y compris les pertes de r\u00e9seau)<\/td><td>env. 526<\/td><td>EEG 2023 : 80 % de part d&#x27;\u00e9nergies renouvelables d&#x27;ici 2030<\/td><\/tr><tr><td>ESB<\/td><td>production brute d'\u00e9lectricit\u00e9<\/td><td>Seulement \u00e9lectricit\u00e9, point de vue du producteur (production nationale)<\/td><td>env. 509<\/td><td>Production d'\u00e9lectricit\u00e9 renouvelable de 600 TWh d'ici 2030<\/td><\/tr><\/tbody><\/table><\/figure>\n\n\n\n<h2 class=\"wp-block-heading\">Comment les quatre indicateurs sont-ils li\u00e9s ?<\/h2>\n\n\n\n<p class=\"wp-block-paragraph\">PEV \u2192 BEEV<strong>:<\/strong> Le BEEV est toujours inf\u00e9rieur au PEV, car des pertes surviennent lors de la conversion de l'\u00e9nergie primaire en \u00e9nergie finale utilisable, par exemple dans les centrales \u00e9lectriques ou les raffineries. En 2025, le PEV s'\u00e9levait \u00e0 environ 2 931 TWh et le BEEV \u00e0 environ 2 333 TWh. La diff\u00e9rence d'environ 600 TWh correspond essentiellement aux pertes de conversion et de transport du syst\u00e8me \u00e9nerg\u00e9tique.<\/p>\n\n\n\n<p class=\"wp-block-paragraph\">BEEV \u2283 BSV<strong>:<\/strong> Consid\u00e9r\u00e9 uniquement en termes d\u2019\u00e9lectricit\u00e9, le BSV constitue un sous-ensemble du BEEV, qui englobe en outre le chauffage, le refroidissement et les carburants utilis\u00e9s dans les transports. En 2025, la consommation d\u2019\u00e9lectricit\u00e9 (526 TWh) repr\u00e9sentait environ 23 % du BEEV total (2 333 TWh) \u2013 un chiffre qui devrait avoir tendance \u00e0 augmenter \u00e0 mesure que l\u2019\u00e9lectrification du chauffage et des transports progresse.<\/p>\n\n\n\n<p class=\"wp-block-paragraph\">BSV \u2194 BSE<strong>:<\/strong> Tous deux se rapportent au m\u00eame secteur \u00e9lectrique, mais diff\u00e8rent par le solde du commerce ext\u00e9rieur : la BSE (production int\u00e9rieure) plus le solde des importations nettes donne approximativement le BSV (consommation int\u00e9rieure). Jusqu'en 2022, la BSE \u00e9tait sup\u00e9rieure au BSV (l'Allemagne \u00e9tait un exportateur net), depuis 2023 c'est l'inverse. La BSE (environ 509 TWh) est inf\u00e9rieure au BSV (environ 526 TWh) \u2013 la diff\u00e9rence d'environ 19 TWh est couverte par les importations d'\u00e9lectricit\u00e9.<\/p>\n\n\n\n<h2 class=\"wp-block-heading\">Point commun : La part croissante des \u00e9nergies renouvelables<\/h2>\n\n\n\n<p class=\"wp-block-paragraph\">Les quatre indicateurs relatifs au bilan \u00e9nerg\u00e9tique en Allemagne font tous appara\u00eetre la m\u00eame tendance de fond, mais \u00e0 des rythmes diff\u00e9rents. La part des \u00e9nergies renouvelables augmente, plus rapidement dans le secteur de l&#x27;\u00e9lectricit\u00e9 (BSV : 55,1 % en 2025) et nettement plus lentement pour l&#x27;ensemble du BEEV (23,8 %), car les secteurs du chauffage (19,0 %) et surtout des transports (8,0 %) accusent un retard structurel. Dans le cas du PEV, la part croissante des \u00e9nergies renouvelables entra\u00eene, pour des raisons m\u00e9thodologiques, une baisse disproportionn\u00e9e de la valeur totale, car l\u2019\u00e9lectricit\u00e9 renouvelable est prise en compte dans le bilan sans pertes de conversion.<\/p>\n\n\n\n<h2 class=\"wp-block-heading\">Qu'est-ce que cela signifie pour les projets BESS et PV ?<\/h2>\n\n\n\n<p class=\"wp-block-paragraph\">Pour s'y retrouver au quotidien, une simple r\u00e8gle empirique suffit g\u00e9n\u00e9ralement : <strong>VPE et BVE<\/strong> sont les bons indicateurs lorsqu'il s'agit de la transition \u00e9nerg\u00e9tique globale \u2014 comme l'efficacit\u00e9, le couplage sectoriel ou les objectifs climatiques tous vecteurs d'\u00e9nergie confondus. <strong>BSV et BSE<\/strong> ce sont les indicateurs cl\u00e9s pour tout ce qui est directement li\u00e9 au syst\u00e8me \u00e9lectrique \u2013 et donc aussi pour le stockage par batterie et le photovolta\u00efque : la part croissante des \u00e9nergies renouvelables dans la consommation brute d'\u00e9lectricit\u00e9 stimule le besoin de flexibilit\u00e9, et l'\u00e9volution de la production brute d'\u00e9lectricit\u00e9 montre comment le portefeuille de production change structurellement.<\/p>\n\n\n\n<p class=\"wp-block-paragraph\">Des informations d\u00e9taill\u00e9es sur chacun des indicateurs du bilan \u00e9nerg\u00e9tique en Allemagne sont disponibles dans les articles de connaissances correspondants :<\/p>\n\n\n\n<ul class=\"wp-block-list\">\n<li><a href=\"https:\/\/cubeconcepts.de\/primaerenergieverbrauch-pev-in-deutschland\/\">Consommation d'\u00e9nergie primaire (CEP) en Allemagne<\/a><\/li>\n\n\n\n<li><a href=\"https:\/\/cubeconcepts.de\/bruttoendenergieverbrauch-beev-in-deutschland\/\">Consommation finale brute d'\u00e9nergie en Allemagne<\/a><\/li>\n\n\n\n<li><a href=\"https:\/\/cubeconcepts.de\/bruttostromverbrauch-bsv-in-deutschland\/\" data-type=\"post\" data-id=\"34154\">Consommation brute d'\u00e9lectricit\u00e9 en Allemagne<\/a><\/li>\n\n\n\n<li><a href=\"https:\/\/cubeconcepts.de\/bruttostromerzeugung-bse-in-deutschland\/\">Production brute d'\u00e9lectricit\u00e9 en Allemagne<\/a><\/li>\n<\/ul>\n\n\n\n<h2 class=\"wp-block-heading\">FAQ sur les indicateurs du bilan \u00e9nerg\u00e9tique en Allemagne<\/h2>\n\n\n\n<details class=\"wp-block-details is-layout-flow wp-block-details-is-layout-flow\"><summary>Quelle est la diff\u00e9rence entre la consommation d'\u00e9nergie primaire et la consommation brute d'\u00e9lectricit\u00e9 ?<\/summary>\n<p class=\"wp-block-paragraph\">La consommation d'\u00e9nergie primaire (CEP) englobe l'ensemble de la consommation \u00e9nerg\u00e9tique de l'Allemagne \u2013 \u00e9lectricit\u00e9, chaleur, carburants \u2013 avant toute transformation. La consommation brute d'\u00e9lectricit\u00e9 (CBE) se concentre exclusivement sur le secteur de l'\u00e9lectricit\u00e9 et constitue ainsi un sous-ensemble nettement plus restreint du syst\u00e8me \u00e9nerg\u00e9tique.<\/p>\n<\/details>\n\n\n\n<p class=\"wp-block-paragraph\"><\/p>\n\n\n\n<details class=\"wp-block-details is-layout-flow wp-block-details-is-layout-flow\"><summary>La production brute d'\u00e9lectricit\u00e9 est-elle sup\u00e9rieure ou inf\u00e9rieure \u00e0 la consommation brute d'\u00e9lectricit\u00e9 ?<\/summary>\n<p class=\"wp-block-paragraph\">Cela d\u00e9pend du commerce ext\u00e9rieur d'\u00e9lectricit\u00e9. Jusqu'en 2022, la production brute d'\u00e9lectricit\u00e9 en Allemagne \u00e9tait sup\u00e9rieure \u00e0 la consommation brute d'\u00e9lectricit\u00e9 (exportation nette), depuis 2023 c'est l'inverse. L'Allemagne importe de l'\u00e9lectricit\u00e9 de mani\u00e8re nette, la production est donc inf\u00e9rieure \u00e0 la consommation.<\/p>\n<\/details>\n\n\n\n<p class=\"wp-block-paragraph\"><\/p>\n\n\n\n<details class=\"wp-block-details is-layout-flow wp-block-details-is-layout-flow\"><summary>Pourquoi le PEV, le BEEV, le BSV et le BSE ont-ils des objectifs diff\u00e9rents en mati\u00e8re d'\u00e9nergies renouvelables (EEG) et de climat ?<\/summary>\n<p class=\"wp-block-paragraph\">Chaque indicateur refl\u00e8te un niveau diff\u00e9rent du syst\u00e8me \u00e9nerg\u00e9tique et est donc trait\u00e9 dans un cadre juridique sp\u00e9cifique. La loi EEG 2023 vise le secteur de l&#x27;\u00e9lectricit\u00e9 (BSV, 80 % d&#x27;ici 2030), le Plan national pour l&#x27;\u00e9nergie et le climat porte sur la consommation totale d&#x27;\u00e9nergie finale (BEEV, 41 % d&#x27;ici 2030), et la loi sur l&#x27;efficacit\u00e9 \u00e9nerg\u00e9tique porte sur la consommation totale d&#x27;\u00e9nergie primaire (PEV, -39,3 % d&#x27;ici 2030 par rapport \u00e0 2008).<\/p>\n<\/details>\n\n\n\n<p class=\"wp-block-paragraph\"><\/p>\n\n\n\n<details class=\"wp-block-details is-layout-flow wp-block-details-is-layout-flow\"><summary>Quel est l'indicateur le plus important pour la transition \u00e9nerg\u00e9tique ?<\/summary>\n<p class=\"wp-block-paragraph\">Aucune des quatre mesures prises isol\u00e9ment ne donne une image compl\u00e8te. Le PEV montre les progr\u00e8s globaux en mati\u00e8re d'efficacit\u00e9, le BEEV les progr\u00e8s dans tous les secteurs de consommation, et le BSV\/BSE refl\u00e8tent ensemble l'\u00e9volution du syst\u00e8me \u00e9lectrique \u2014 le c\u0153ur de la transition \u00e9nerg\u00e9tique.<\/p>\n<\/details>\n\n\n\n<h2 class=\"wp-block-heading\">Sources<\/h2>\n\n\n\n<p class=\"wp-block-paragraph\"><em>Groupe de travail sur les bilans \u00e9nerg\u00e9tiques (AGEB), Groupe de travail sur les statistiques des \u00e9nergies renouvelables (AGEE-Stat), Agence f\u00e9d\u00e9rale de l'environnement (UBA), Minist\u00e8re f\u00e9d\u00e9ral de l'\u00c9conomie et de l'\u00c9nergie (BMWE).<\/em><\/p>\n\n\n\n<p class=\"wp-block-paragraph\"><\/p>","protected":false},"excerpt":{"rendered":"<p>Quatre chiffres cl\u00e9s qui illustrent le bilan \u00e9nerg\u00e9tique allemand sous diff\u00e9rents angles, et qui sont pourtant souvent confondus. Notre aper\u00e7u montre les diff\u00e9rences, les corr\u00e9lations et pourquoi le bon indicateur est crucial pour les projets photovolta\u00efques et de stockage par batterie.<\/p>","protected":false},"author":3,"featured_media":34138,"comment_status":"closed","ping_status":"open","sticky":false,"template":"","format":"standard","meta":{"_acf_changed":false,"footnotes":""},"categories":[61],"tags":[],"class_list":["post-34134","post","type-post","status-publish","format-standard","has-post-thumbnail","hentry","category-grundlagen-technik"],"acf":[],"yoast_head":"<!-- This site is optimized with the Yoast SEO plugin v28.4 - https:\/\/yoast.com\/product\/yoast-seo-wordpress\/ -->\n<title>Energiebilanz Deutschland: PEV, BEEV, BSV &amp; BSE im \u00dcberblick | CUBE CONCEPTS<\/title>\n<meta name=\"description\" content=\"PEV, BEEV, BSV und BSE im Vergleich: Die vier zentralen Kennzahlen der deutschen Energiebilanz einfach erkl\u00e4rt und voneinander abgegrenzt.\" \/>\n<meta name=\"robots\" content=\"index, follow, max-snippet:-1, max-image-preview:large, max-video-preview:-1\" \/>\n<link rel=\"canonical\" href=\"https:\/\/cubeconcepts.de\/fr\/bilan-energetique-de-lallemagne-pev-beev-bsv-bse-en-apercu\/\" \/>\n<meta property=\"og:locale\" content=\"fr_FR\" \/>\n<meta property=\"og:type\" content=\"article\" \/>\n<meta property=\"og:title\" content=\"Energiebilanz Deutschland: PEV, BEEV, BSV &amp; BSE im \u00dcberblick | CUBE CONCEPTS\" \/>\n<meta property=\"og:description\" content=\"PEV, BEEV, BSV und BSE im Vergleich: Die vier zentralen Kennzahlen der deutschen Energiebilanz einfach erkl\u00e4rt und voneinander abgegrenzt.\" \/>\n<meta property=\"og:url\" content=\"https:\/\/cubeconcepts.de\/fr\/bilan-energetique-de-lallemagne-pev-beev-bsv-bse-en-apercu\/\" \/>\n<meta property=\"og:site_name\" content=\"CUBE CONCEPTS\" \/>\n<meta property=\"article:published_time\" content=\"2026-09-01T07:24:15+00:00\" \/>\n<meta property=\"article:modified_time\" content=\"2026-09-01T10:24:45+00:00\" \/>\n<meta property=\"og:image\" content=\"https:\/\/cubeconcepts.de\/wp-content\/uploads\/2026\/09\/Energiebilanz-Deutschland-vier-Kennzahlen-scaled.jpg\" \/>\n\t<meta property=\"og:image:width\" content=\"2560\" \/>\n\t<meta property=\"og:image:height\" content=\"1920\" \/>\n\t<meta property=\"og:image:type\" content=\"image\/jpeg\" \/>\n<meta name=\"author\" content=\"Guido Steenmans\" \/>\n<meta name=\"twitter:card\" content=\"summary_large_image\" \/>\n<meta name=\"twitter:label1\" content=\"\u00c9crit par\" \/>\n\t<meta name=\"twitter:data1\" content=\"Guido Steenmans\" \/>\n\t<meta name=\"twitter:label2\" content=\"Dur\u00e9e de lecture estim\u00e9e\" \/>\n\t<meta name=\"twitter:data2\" content=\"6 minutes\" \/>\n<script type=\"application\/ld+json\" class=\"yoast-schema-graph\">{\"@context\":\"https:\\\/\\\/schema.org\",\"@graph\":[{\"@type\":\"Article\",\"@id\":\"https:\\\/\\\/cubeconcepts.de\\\/energiebilanz-deutschland-pev-beev-bsv-bse-im-ueberblick\\\/#article\",\"isPartOf\":{\"@id\":\"https:\\\/\\\/cubeconcepts.de\\\/energiebilanz-deutschland-pev-beev-bsv-bse-im-ueberblick\\\/\"},\"author\":{\"name\":\"Guido Steenmans\",\"@id\":\"https:\\\/\\\/cubeconcepts.de\\\/fr\\\/#\\\/schema\\\/person\\\/2c762e4ca1ea252f42f23ab33248856e\"},\"headline\":\"Energiebilanz Deutschland: PEV, BEEV, BSV &amp; BSE im \u00dcberblick\",\"datePublished\":\"2026-09-01T07:24:15+00:00\",\"dateModified\":\"2026-09-01T10:24:45+00:00\",\"mainEntityOfPage\":{\"@id\":\"https:\\\/\\\/cubeconcepts.de\\\/energiebilanz-deutschland-pev-beev-bsv-bse-im-ueberblick\\\/\"},\"wordCount\":890,\"publisher\":{\"@id\":\"https:\\\/\\\/cubeconcepts.de\\\/fr\\\/#organization\"},\"image\":{\"@id\":\"https:\\\/\\\/cubeconcepts.de\\\/energiebilanz-deutschland-pev-beev-bsv-bse-im-ueberblick\\\/#primaryimage\"},\"thumbnailUrl\":\"https:\\\/\\\/cubeconcepts.de\\\/wp-content\\\/uploads\\\/2026\\\/09\\\/Energiebilanz-Deutschland-vier-Kennzahlen-scaled.jpg\",\"articleSection\":[\"Grundlagen &amp; Technik\"],\"inLanguage\":\"fr-FR\"},{\"@type\":\"WebPage\",\"@id\":\"https:\\\/\\\/cubeconcepts.de\\\/energiebilanz-deutschland-pev-beev-bsv-bse-im-ueberblick\\\/\",\"url\":\"https:\\\/\\\/cubeconcepts.de\\\/energiebilanz-deutschland-pev-beev-bsv-bse-im-ueberblick\\\/\",\"name\":\"Energiebilanz Deutschland: PEV, BEEV, BSV &amp; BSE im \u00dcberblick | CUBE CONCEPTS\",\"isPartOf\":{\"@id\":\"https:\\\/\\\/cubeconcepts.de\\\/fr\\\/#website\"},\"primaryImageOfPage\":{\"@id\":\"https:\\\/\\\/cubeconcepts.de\\\/energiebilanz-deutschland-pev-beev-bsv-bse-im-ueberblick\\\/#primaryimage\"},\"image\":{\"@id\":\"https:\\\/\\\/cubeconcepts.de\\\/energiebilanz-deutschland-pev-beev-bsv-bse-im-ueberblick\\\/#primaryimage\"},\"thumbnailUrl\":\"https:\\\/\\\/cubeconcepts.de\\\/wp-content\\\/uploads\\\/2026\\\/09\\\/Energiebilanz-Deutschland-vier-Kennzahlen-scaled.jpg\",\"datePublished\":\"2026-09-01T07:24:15+00:00\",\"dateModified\":\"2026-09-01T10:24:45+00:00\",\"description\":\"PEV, BEEV, BSV und BSE im Vergleich: Die vier zentralen Kennzahlen der deutschen Energiebilanz einfach erkl\u00e4rt und voneinander abgegrenzt.\",\"breadcrumb\":{\"@id\":\"https:\\\/\\\/cubeconcepts.de\\\/energiebilanz-deutschland-pev-beev-bsv-bse-im-ueberblick\\\/#breadcrumb\"},\"inLanguage\":\"fr-FR\",\"potentialAction\":[{\"@type\":\"ReadAction\",\"target\":[\"https:\\\/\\\/cubeconcepts.de\\\/energiebilanz-deutschland-pev-beev-bsv-bse-im-ueberblick\\\/\"]}]},{\"@type\":\"ImageObject\",\"inLanguage\":\"fr-FR\",\"@id\":\"https:\\\/\\\/cubeconcepts.de\\\/energiebilanz-deutschland-pev-beev-bsv-bse-im-ueberblick\\\/#primaryimage\",\"url\":\"https:\\\/\\\/cubeconcepts.de\\\/wp-content\\\/uploads\\\/2026\\\/09\\\/Energiebilanz-Deutschland-vier-Kennzahlen-scaled.jpg\",\"contentUrl\":\"https:\\\/\\\/cubeconcepts.de\\\/wp-content\\\/uploads\\\/2026\\\/09\\\/Energiebilanz-Deutschland-vier-Kennzahlen-scaled.jpg\",\"width\":2560,\"height\":1920,\"caption\":\"Energiebilanz-Deutschland-vier-Kennzahlen\"},{\"@type\":\"BreadcrumbList\",\"@id\":\"https:\\\/\\\/cubeconcepts.de\\\/energiebilanz-deutschland-pev-beev-bsv-bse-im-ueberblick\\\/#breadcrumb\",\"itemListElement\":[{\"@type\":\"ListItem\",\"position\":1,\"name\":\"Startseite\",\"item\":\"https:\\\/\\\/cubeconcepts.de\\\/\"},{\"@type\":\"ListItem\",\"position\":2,\"name\":\"Energiebilanz Deutschland: PEV, BEEV, BSV &amp; BSE im \u00dcberblick\"}]},{\"@type\":\"WebSite\",\"@id\":\"https:\\\/\\\/cubeconcepts.de\\\/fr\\\/#website\",\"url\":\"https:\\\/\\\/cubeconcepts.de\\\/fr\\\/\",\"name\":\"CUBE CONCEPTS\",\"description\":\"Energiesysteme f\u00fcr Unternehmen\",\"publisher\":{\"@id\":\"https:\\\/\\\/cubeconcepts.de\\\/fr\\\/#organization\"},\"potentialAction\":[{\"@type\":\"SearchAction\",\"target\":{\"@type\":\"EntryPoint\",\"urlTemplate\":\"https:\\\/\\\/cubeconcepts.de\\\/fr\\\/?s={search_term_string}\"},\"query-input\":{\"@type\":\"PropertyValueSpecification\",\"valueRequired\":true,\"valueName\":\"search_term_string\"}}],\"inLanguage\":\"fr-FR\"},{\"@type\":\"Organization\",\"@id\":\"https:\\\/\\\/cubeconcepts.de\\\/fr\\\/#organization\",\"name\":\"CUBE CONCEPTS\",\"url\":\"https:\\\/\\\/cubeconcepts.de\\\/fr\\\/\",\"logo\":{\"@type\":\"ImageObject\",\"inLanguage\":\"fr-FR\",\"@id\":\"https:\\\/\\\/cubeconcepts.de\\\/fr\\\/#\\\/schema\\\/logo\\\/image\\\/\",\"url\":\"https:\\\/\\\/cubeconcepts.de\\\/wp-content\\\/uploads\\\/2023\\\/01\\\/CUBE_CONCEPT-Logo.png\",\"contentUrl\":\"https:\\\/\\\/cubeconcepts.de\\\/wp-content\\\/uploads\\\/2023\\\/01\\\/CUBE_CONCEPT-Logo.png\",\"width\":644,\"height\":207,\"caption\":\"CUBE CONCEPTS\"},\"image\":{\"@id\":\"https:\\\/\\\/cubeconcepts.de\\\/fr\\\/#\\\/schema\\\/logo\\\/image\\\/\"}},{\"@type\":\"Person\",\"@id\":\"https:\\\/\\\/cubeconcepts.de\\\/fr\\\/#\\\/schema\\\/person\\\/2c762e4ca1ea252f42f23ab33248856e\",\"name\":\"Guido Steenmans\",\"image\":{\"@type\":\"ImageObject\",\"inLanguage\":\"fr-FR\",\"@id\":\"https:\\\/\\\/cubeconcepts.de\\\/wp-content\\\/uploads\\\/2025\\\/11\\\/cropped-Guido-Steenmanns-hoch-scaled-1-96x96.jpg\",\"url\":\"https:\\\/\\\/cubeconcepts.de\\\/wp-content\\\/uploads\\\/2025\\\/11\\\/cropped-Guido-Steenmanns-hoch-scaled-1-96x96.jpg\",\"contentUrl\":\"https:\\\/\\\/cubeconcepts.de\\\/wp-content\\\/uploads\\\/2025\\\/11\\\/cropped-Guido-Steenmanns-hoch-scaled-1-96x96.jpg\",\"caption\":\"Guido Steenmans\"}}]}<\/script>\n<!-- \/ Yoast SEO plugin. -->","yoast_head_json":{"title":"Bilan \u00e9nerg\u00e9tique de l'Allemagne : aper\u00e7u de la consommation d'\u00e9nergie primaire, de la consommation d'\u00e9nergie finale, des besoins bruts en \u00e9lectricit\u00e9 et de la consommation brute d'\u00e9lectricit\u00e9 | CUBE CONCEPTS","description":"Comparaison de la PEV, du BEEV, du BSV et du BSE : les quatre indicateurs cl\u00e9s du bilan \u00e9nerg\u00e9tique allemand expliqu\u00e9s simplement et distingu\u00e9s les uns des autres.","robots":{"index":"index","follow":"follow","max-snippet":"max-snippet:-1","max-image-preview":"max-image-preview:large","max-video-preview":"max-video-preview:-1"},"canonical":"https:\/\/cubeconcepts.de\/fr\/bilan-energetique-de-lallemagne-pev-beev-bsv-bse-en-apercu\/","og_locale":"fr_FR","og_type":"article","og_title":"Energiebilanz Deutschland: PEV, BEEV, BSV &amp; BSE im \u00dcberblick | CUBE CONCEPTS","og_description":"PEV, BEEV, BSV und BSE im Vergleich: Die vier zentralen Kennzahlen der deutschen Energiebilanz einfach erkl\u00e4rt und voneinander abgegrenzt.","og_url":"https:\/\/cubeconcepts.de\/fr\/bilan-energetique-de-lallemagne-pev-beev-bsv-bse-en-apercu\/","og_site_name":"CUBE CONCEPTS","article_published_time":"2026-09-01T07:24:15+00:00","article_modified_time":"2026-09-01T10:24:45+00:00","og_image":[{"width":2560,"height":1920,"url":"https:\/\/cubeconcepts.de\/wp-content\/uploads\/2026\/09\/Energiebilanz-Deutschland-vier-Kennzahlen-scaled.jpg","type":"image\/jpeg"}],"author":"Guido Steenmans","twitter_card":"summary_large_image","twitter_misc":{"\u00c9crit par":"Guido Steenmans","Dur\u00e9e de lecture estim\u00e9e":"6 minutes"},"schema":{"@context":"https:\/\/schema.org","@graph":[{"@type":"Article","@id":"https:\/\/cubeconcepts.de\/energiebilanz-deutschland-pev-beev-bsv-bse-im-ueberblick\/#article","isPartOf":{"@id":"https:\/\/cubeconcepts.de\/energiebilanz-deutschland-pev-beev-bsv-bse-im-ueberblick\/"},"author":{"name":"Guido Steenmans","@id":"https:\/\/cubeconcepts.de\/fr\/#\/schema\/person\/2c762e4ca1ea252f42f23ab33248856e"},"headline":"Energiebilanz Deutschland: PEV, BEEV, BSV &amp; BSE im \u00dcberblick","datePublished":"2026-09-01T07:24:15+00:00","dateModified":"2026-09-01T10:24:45+00:00","mainEntityOfPage":{"@id":"https:\/\/cubeconcepts.de\/energiebilanz-deutschland-pev-beev-bsv-bse-im-ueberblick\/"},"wordCount":890,"publisher":{"@id":"https:\/\/cubeconcepts.de\/fr\/#organization"},"image":{"@id":"https:\/\/cubeconcepts.de\/energiebilanz-deutschland-pev-beev-bsv-bse-im-ueberblick\/#primaryimage"},"thumbnailUrl":"https:\/\/cubeconcepts.de\/wp-content\/uploads\/2026\/09\/Energiebilanz-Deutschland-vier-Kennzahlen-scaled.jpg","articleSection":["Grundlagen &amp; Technik"],"inLanguage":"fr-FR"},{"@type":"WebPage","@id":"https:\/\/cubeconcepts.de\/energiebilanz-deutschland-pev-beev-bsv-bse-im-ueberblick\/","url":"https:\/\/cubeconcepts.de\/energiebilanz-deutschland-pev-beev-bsv-bse-im-ueberblick\/","name":"Bilan \u00e9nerg\u00e9tique de l'Allemagne : aper\u00e7u de la consommation d'\u00e9nergie primaire, de la consommation d'\u00e9nergie finale, des besoins bruts en \u00e9lectricit\u00e9 et de la consommation brute d'\u00e9lectricit\u00e9 | CUBE CONCEPTS","isPartOf":{"@id":"https:\/\/cubeconcepts.de\/fr\/#website"},"primaryImageOfPage":{"@id":"https:\/\/cubeconcepts.de\/energiebilanz-deutschland-pev-beev-bsv-bse-im-ueberblick\/#primaryimage"},"image":{"@id":"https:\/\/cubeconcepts.de\/energiebilanz-deutschland-pev-beev-bsv-bse-im-ueberblick\/#primaryimage"},"thumbnailUrl":"https:\/\/cubeconcepts.de\/wp-content\/uploads\/2026\/09\/Energiebilanz-Deutschland-vier-Kennzahlen-scaled.jpg","datePublished":"2026-09-01T07:24:15+00:00","dateModified":"2026-09-01T10:24:45+00:00","description":"Comparaison de la PEV, du BEEV, du BSV et du BSE : les quatre indicateurs cl\u00e9s du bilan \u00e9nerg\u00e9tique allemand expliqu\u00e9s simplement et distingu\u00e9s les uns des autres.","breadcrumb":{"@id":"https:\/\/cubeconcepts.de\/energiebilanz-deutschland-pev-beev-bsv-bse-im-ueberblick\/#breadcrumb"},"inLanguage":"fr-FR","potentialAction":[{"@type":"ReadAction","target":["https:\/\/cubeconcepts.de\/energiebilanz-deutschland-pev-beev-bsv-bse-im-ueberblick\/"]}]},{"@type":"ImageObject","inLanguage":"fr-FR","@id":"https:\/\/cubeconcepts.de\/energiebilanz-deutschland-pev-beev-bsv-bse-im-ueberblick\/#primaryimage","url":"https:\/\/cubeconcepts.de\/wp-content\/uploads\/2026\/09\/Energiebilanz-Deutschland-vier-Kennzahlen-scaled.jpg","contentUrl":"https:\/\/cubeconcepts.de\/wp-content\/uploads\/2026\/09\/Energiebilanz-Deutschland-vier-Kennzahlen-scaled.jpg","width":2560,"height":1920,"caption":"Energiebilanz-Deutschland-vier-Kennzahlen"},{"@type":"BreadcrumbList","@id":"https:\/\/cubeconcepts.de\/energiebilanz-deutschland-pev-beev-bsv-bse-im-ueberblick\/#breadcrumb","itemListElement":[{"@type":"ListItem","position":1,"name":"Startseite","item":"https:\/\/cubeconcepts.de\/"},{"@type":"ListItem","position":2,"name":"Energiebilanz Deutschland: PEV, BEEV, BSV &amp; BSE im \u00dcberblick"}]},{"@type":"WebSite","@id":"https:\/\/cubeconcepts.de\/fr\/#website","url":"https:\/\/cubeconcepts.de\/fr\/","name":"CUBE CONCEPTS","description":"Syst\u00e8mes \u00e9nerg\u00e9tiques pour entreprises","publisher":{"@id":"https:\/\/cubeconcepts.de\/fr\/#organization"},"potentialAction":[{"@type":"SearchAction","target":{"@type":"EntryPoint","urlTemplate":"https:\/\/cubeconcepts.de\/fr\/?s={search_term_string}"},"query-input":{"@type":"PropertyValueSpecification","valueRequired":true,"valueName":"search_term_string"}}],"inLanguage":"fr-FR"},{"@type":"Organization","@id":"https:\/\/cubeconcepts.de\/fr\/#organization","name":"CUBE CONCEPTS","url":"https:\/\/cubeconcepts.de\/fr\/","logo":{"@type":"ImageObject","inLanguage":"fr-FR","@id":"https:\/\/cubeconcepts.de\/fr\/#\/schema\/logo\/image\/","url":"https:\/\/cubeconcepts.de\/wp-content\/uploads\/2023\/01\/CUBE_CONCEPT-Logo.png","contentUrl":"https:\/\/cubeconcepts.de\/wp-content\/uploads\/2023\/01\/CUBE_CONCEPT-Logo.png","width":644,"height":207,"caption":"CUBE CONCEPTS"},"image":{"@id":"https:\/\/cubeconcepts.de\/fr\/#\/schema\/logo\/image\/"}},{"@type":"Person","@id":"https:\/\/cubeconcepts.de\/fr\/#\/schema\/person\/2c762e4ca1ea252f42f23ab33248856e","name":"Guido Steenmans","image":{"@type":"ImageObject","inLanguage":"fr-FR","@id":"https:\/\/cubeconcepts.de\/wp-content\/uploads\/2025\/11\/cropped-Guido-Steenmanns-hoch-scaled-1-96x96.jpg","url":"https:\/\/cubeconcepts.de\/wp-content\/uploads\/2025\/11\/cropped-Guido-Steenmanns-hoch-scaled-1-96x96.jpg","contentUrl":"https:\/\/cubeconcepts.de\/wp-content\/uploads\/2025\/11\/cropped-Guido-Steenmanns-hoch-scaled-1-96x96.jpg","caption":"Guido Steenmans"}}]}},"_links":{"self":[{"href":"https:\/\/cubeconcepts.de\/fr\/wp-json\/wp\/v2\/posts\/34134","targetHints":{"allow":["GET"]}}],"collection":[{"href":"https:\/\/cubeconcepts.de\/fr\/wp-json\/wp\/v2\/posts"}],"about":[{"href":"https:\/\/cubeconcepts.de\/fr\/wp-json\/wp\/v2\/types\/post"}],"author":[{"embeddable":true,"href":"https:\/\/cubeconcepts.de\/fr\/wp-json\/wp\/v2\/users\/3"}],"replies":[{"embeddable":true,"href":"https:\/\/cubeconcepts.de\/fr\/wp-json\/wp\/v2\/comments?post=34134"}],"version-history":[{"count":0,"href":"https:\/\/cubeconcepts.de\/fr\/wp-json\/wp\/v2\/posts\/34134\/revisions"}],"wp:featuredmedia":[{"embeddable":true,"href":"https:\/\/cubeconcepts.de\/fr\/wp-json\/wp\/v2\/media\/34138"}],"wp:attachment":[{"href":"https:\/\/cubeconcepts.de\/fr\/wp-json\/wp\/v2\/media?parent=34134"}],"wp:term":[{"taxonomy":"category","embeddable":true,"href":"https:\/\/cubeconcepts.de\/fr\/wp-json\/wp\/v2\/categories?post=34134"},{"taxonomy":"post_tag","embeddable":true,"href":"https:\/\/cubeconcepts.de\/fr\/wp-json\/wp\/v2\/tags?post=34134"}],"curies":[{"name":"wp","href":"https:\/\/api.w.org\/{rel}","templated":true}]}}