{"id":26968,"date":"2026-01-21T16:41:07","date_gmt":"2026-01-21T15:41:07","guid":{"rendered":"https:\/\/cubeconcepts.de\/?p=26968"},"modified":"2026-04-17T07:35:35","modified_gmt":"2026-04-17T05:35:35","slug":"strompreise-2026-flexibilitat-lohnt-sich-doppelt","status":"publish","type":"post","link":"https:\/\/cubeconcepts.de\/fr\/strompreise-2026-flexibilitat-lohnt-sich-doppelt\/","title":{"rendered":"Strompreise 2026: Hohe Subventionen &amp; Rekord-Volatilit\u00e4t &#8211; Flexibilit\u00e4t lohnt sich jetzt doppelt"},"content":{"rendered":"<p>Le site <a href=\"https:\/\/cubeconcepts.de\/fr\/der-deutsche-strommarkt-akteure-rollen-ablaeufe\/\">deutsche Strommarkt<\/a> sowie die gesamte Energielandschaft gleichen aktuell einer Achterbahnfahrt. Ob sich die Rekord-Volatilit\u00e4t auf die <strong>Strompreise 2026<\/strong> f\u00fcr Industrie und Gewerbe weiterhin niederschl\u00e4gt, bleibt abzuwarten. Mit dem fortschreitenden Ausbau erneuerbarer Energien nehmen nicht nur die installierten Leistungen von Photovoltaik und Windkraft weiter zu, sondern auch die Schwankungen bei der Stromerzeugung \u2013 und damit die Volatilit\u00e4t der B\u00f6rsenstrompreise. Hohe und sehr niedrige Preisniveaus treten immer h\u00e4ufiger auf, w\u00e4hrend sich das durchschnittliche Preisniveau zugleich erh\u00f6ht. Die Analysen f\u00fcr das Jahr 2025 von <em>Naturstrom<\/em> et le <em>Fraunhofer ISE<\/em> sowie die Haushaltsplanungen der Bundesregierung f\u00fcr 2026 zeichnen ein klares Bild: <strong>Die Zukunft geh\u00f6rt den flexiblen Verbrauchern.<\/strong><\/p>\n\n\n\n<h2 class=\"wp-block-heading\">PV &amp; Wind dominieren das Netz<\/h2>\n\n\n\n<p>Das Jahr 2025 markiert einen Wendepunkt in der deutschen Stromerzeugung. Erstmals haben die Erneuerbaren Energien die<strong> Braunkohle \u00fcberholt<\/strong> und sind mit 56 % zur wichtigsten Stromquelle aufgestiegen. Mit einem massiven <strong>Zubau<\/strong> von \u00fcber <strong>16 Gigawatt<\/strong> im vergangenen Jahr lieferten Solaranlagen rund <strong>87 Terawattstunden<\/strong> Strom. Diese Entwicklung zeigt sich deutlich in den Preisverl\u00e4ufen an der Stromb\u00f6rse. 2025 wurde ein neuer Rekord <strong>mit 574 Stunden <a href=\"https:\/\/cubeconcepts.de\/fr\/prix-negatifs-de-lelectricite\/\" type=\"post\" id=\"21439\">des prix n\u00e9gatifs de l'\u00e9lectricit\u00e9<\/a><\/strong> verzeichnet. &nbsp;<\/p>\n\n\n\n<figure class=\"wp-block-image size-large\"><img fetchpriority=\"high\" decoding=\"async\" width=\"1024\" height=\"456\" src=\"https:\/\/cubeconcepts.de\/wp-content\/uploads\/2026\/01\/Anzahl-negative-Strompreise-seit-2015-1024x456.jpg\" alt=\"\" class=\"wp-image-26970\" srcset=\"https:\/\/cubeconcepts.de\/wp-content\/uploads\/2026\/01\/Anzahl-negative-Strompreise-seit-2015-1024x456.jpg 1024w, https:\/\/cubeconcepts.de\/wp-content\/uploads\/2026\/01\/Anzahl-negative-Strompreise-seit-2015-300x134.jpg 300w, https:\/\/cubeconcepts.de\/wp-content\/uploads\/2026\/01\/Anzahl-negative-Strompreise-seit-2015-768x342.jpg 768w, https:\/\/cubeconcepts.de\/wp-content\/uploads\/2026\/01\/Anzahl-negative-Strompreise-seit-2015-18x8.jpg 18w, https:\/\/cubeconcepts.de\/wp-content\/uploads\/2026\/01\/Anzahl-negative-Strompreise-seit-2015.jpg 1324w\" sizes=\"(max-width: 1024px) 100vw, 1024px\" \/><\/figure>\n\n\n\n<p>Gleichzeitig ist aber auch die Zahl der <strong>Hochpreisstunden in 2025 deutlich gestiegen<\/strong>, in denen der B\u00f6rsenstrompreis teils <strong>weit \u00fcber 200 Euro<\/strong> pro Megawattstunde lag. Dies ist ein Anstieg um 25 % im Vergleich zu 2024. Auch der durchschnittliche Preis an der Stromb\u00f6rse hat sich in 2025 um etwa <strong>10,5 %<\/strong> zum Vorjahr auf knapp 89 Euro pro Megawattstunde <strong>rench\u00e9rit<\/strong>. Insgesamt sendet der Markt so immer st\u00e4rkere Preissignale.<\/p>\n\n\n\n<figure class=\"wp-block-image size-large\"><img decoding=\"async\" width=\"1024\" height=\"292\" src=\"https:\/\/cubeconcepts.de\/wp-content\/uploads\/2026\/01\/Anzahl-Strompreise-hoeher-200-Euro-pro-MWh-1024x292.jpg\" alt=\"\" class=\"wp-image-26971\" srcset=\"https:\/\/cubeconcepts.de\/wp-content\/uploads\/2026\/01\/Anzahl-Strompreise-hoeher-200-Euro-pro-MWh-1024x292.jpg 1024w, https:\/\/cubeconcepts.de\/wp-content\/uploads\/2026\/01\/Anzahl-Strompreise-hoeher-200-Euro-pro-MWh-300x85.jpg 300w, https:\/\/cubeconcepts.de\/wp-content\/uploads\/2026\/01\/Anzahl-Strompreise-hoeher-200-Euro-pro-MWh-768x219.jpg 768w, https:\/\/cubeconcepts.de\/wp-content\/uploads\/2026\/01\/Anzahl-Strompreise-hoeher-200-Euro-pro-MWh-18x5.jpg 18w, https:\/\/cubeconcepts.de\/wp-content\/uploads\/2026\/01\/Anzahl-Strompreise-hoeher-200-Euro-pro-MWh.jpg 1239w\" sizes=\"(max-width: 1024px) 100vw, 1024px\" \/><\/figure>\n\n\n\n<p>Le site <strong>Preisvolatilit\u00e4t<\/strong> ist damit eine direkte Folge des erfolgreichen Ausbaus erneuerbarer Energien. Sie zeigt zugleich, dass der Umbau des Stromsystems noch nicht abgeschlossen ist. W\u00e4hrend die Erzeugung zunehmend wetterabh\u00e4ngig erfolgt, reagieren Verbrauch, Netze und Speicher bislang nur begrenzt auf diese Schwankungen. Der notwendige Ausbau von Flexibilit\u00e4tsoptionen \u2013 etwa durch <strong><a href=\"https:\/\/cubeconcepts.de\/fr\/produits\/accumulateur-a-batterie\/\" type=\"page\" id=\"19360\">Accumulateur de grande capacit\u00e9<\/a>,<\/strong> steuerbare Lasten, <a href=\"https:\/\/cubeconcepts.de\/fr\/tarifs-delectricite-dynamiques\/\" type=\"post\" id=\"21612\"><strong>dynamische Tarife<\/strong> <\/a>und digitale Mess- und Steuerungstechnik \u2013 hinkt dem Ausbau der Erzeugung hinterher.<\/p>\n\n\n\n<h2 class=\"wp-block-heading\">Flaschenhals BESS-Netzzusagen und mangelnde Flexibilit\u00e4t erh\u00f6hen in 2026 die Strompreise<\/h2>\n\n\n\n<p>Der Speichermarkt entwickelt sich \u00e4u\u00dferst dynamisch und der Bundesverband der Solarwirtschaft berichtet, dass sich die Batteriespeicherkapazit\u00e4t in Deutschland seit 2020 immerhin verf\u00fcnffacht hat. Allein <strong>9.710 Anfragen<\/strong> f\u00fcr Netzanschl\u00fcsse von Batteriespeichern auf Mittelspannungsebene sind bei den deutschen Netzbetreibern in 2025 eingelaufen und nur etwa <strong>3.800<\/strong> erhielten <strong>Zusagen<\/strong>.<\/p>\n\n\n\n<p>Zwischenzeitlich stapeln sich die Antr\u00e4ge und die \u00dcNB sowie VNB hinken mit der Bearbeitung deutlich hinterher. So liegt die installierte Speicherkapazit\u00e4t deutlich unter dem Niveau, das f\u00fcr ein \u00fcberwiegend erneuerbares Stromsystem erforderlich w\u00e4re. Auch die f\u00fcr 2026 und 2027 bereits von den \u00dcNB genehmigten <strong>51 Gigawatt<\/strong> an Batteriegro\u00dfspeichern<strong> <\/strong>schaffen hier keine direkten Effekte. Kurzfristige Flexibilit\u00e4t ist zwar zunehmend verf\u00fcgbar, systemischen Einfluss auf Preisstabilit\u00e4t, Netzbetrieb und Reservekraftwerke sind daher bislang nur begrenzt realisiert.<\/p>\n\n\n\n<h2 class=\"wp-block-heading\">Staatliche Milliarden als Preispuffer f\u00fcr die Strompreise in 2026<\/h2>\n\n\n\n<p>Vor diesen Hintergr\u00fcnden reagiert die Politik zunehmend mit preisst\u00fctzenden Ma\u00dfnahmen. F\u00fcr das Jahr 2026 plant der Bund, rund <strong>29,5 Milliarden<\/strong> Euro aufzuwenden, um die Strompreise f\u00fcr Unternehmen und Haushalte zu d\u00e4mpfen. Die Mittel flie\u00dfen unter anderem in Zusch\u00fcsse zu den \u00dcbertragungsnetzentgelten, in die <strong>Absenkung der Stromsteuer<\/strong>, in den <strong><a href=\"https:\/\/cubeconcepts.de\/fr\/5-cent-industriestrompreis-ab-2026\/\" type=\"post\" id=\"26245\">Prix de l'\u00e9lectricit\u00e9 industrielle<\/a><\/strong> sowie in die <strong>EEG-Finanzierung<\/strong> \u00fcber den Klima- und Transformationsfonds. Erg\u00e4nzt werden diese Ma\u00dfnahmen durch die <strong>Compensation du prix de l'\u00e9lectricit\u00e9<\/strong> f\u00fcr energieintensive Unternehmen.<\/p>\n\n\n\n<figure class=\"wp-block-image size-large\"><img decoding=\"async\" width=\"1024\" height=\"618\" src=\"https:\/\/cubeconcepts.de\/wp-content\/uploads\/2026\/01\/Strompreisfoerderung-2026-1-1024x618.jpg\" alt=\"\" class=\"wp-image-26982\" srcset=\"https:\/\/cubeconcepts.de\/wp-content\/uploads\/2026\/01\/Strompreisfoerderung-2026-1-1024x618.jpg 1024w, https:\/\/cubeconcepts.de\/wp-content\/uploads\/2026\/01\/Strompreisfoerderung-2026-1-300x181.jpg 300w, https:\/\/cubeconcepts.de\/wp-content\/uploads\/2026\/01\/Strompreisfoerderung-2026-1-768x464.jpg 768w, https:\/\/cubeconcepts.de\/wp-content\/uploads\/2026\/01\/Strompreisfoerderung-2026-1-18x12.jpg 18w, https:\/\/cubeconcepts.de\/wp-content\/uploads\/2026\/01\/Strompreisfoerderung-2026-1.jpg 1403w\" sizes=\"(max-width: 1024px) 100vw, 1024px\" \/><\/figure>\n\n\n\n<p>Diese Entlastungen f\u00fcr die Strompreise tragen in 2026 kurzfristig dazu bei, die Kosten f\u00fcr Verbraucher und Industrie zu begrenzen. Zugleich mehren sich jedoch kritische Stimmen, die auf die <strong>begrenzte Nachhaltigkeit<\/strong> dieses Ansatzes hinweisen. Die hohen staatlichen Zusch\u00fcsse setzen nicht an den Ursachen der steigenden Systemkosten an, sondern <strong>\u00fcberdecken Preissignale<\/strong>, die eigentlich Investitionen in Flexibilit\u00e4t, Effizienz und Systemdienlichkeit anreizen sollen. Einzelne Politiker, Expertenkommissionen und wirtschaftswissenschaftliche Institute betonen daher, dass Ma\u00dfnahmen zur Senkung der Gesamtsystemkosten langfristig wirksamer sind als dauerhafte Subventionen.<\/p>\n\n\n\n<h2 class=\"wp-block-heading\">Warum sich Flexibilit\u00e4t jetzt doppelt lohnt<\/h2>\n\n\n\n<p>Die aktuellen Marktdaten verdeutlichen, dass sich der Fokus im Stromsystem verschieben muss: weg von der reinen Erzeugungslogik hin zu einem integrierten Systemansatz. Ein Strommarkt mit einem hohen Anteil fluktuierender erneuerbarer Energien ben\u00f6tigt zwingend flexible Verbraucher, Batteriegro\u00dfspeicher und intelligente Netze, die zeitvariable Preissignale konsequent nutzbar machen.<\/p>\n\n\n\n<p>Genau hier entsteht das wirtschaftliche Potenzial f\u00fcr Unternehmen, die ihre Strompreise in 2026 senken m\u00f6chten:<\/p>\n\n\n\n<ul class=\"wp-block-list\">\n<li><strong>Arbitrage-Effekte nutzen:<\/strong> Trotz der Verz\u00f6gerungen bei Netzzusagen f\u00fcr BESS zeigt der Markt, dass <a href=\"https:\/\/cubeconcepts.de\/fr\/strom-trading-mit-bess\/\">Strom-Trading<\/a> mit Arbitrage-Erl\u00f6sen \u2013 also das Kaufen von Strom in Negativphasen und das Nutzen oder Einspeisen in Hochpreisphasen \u2013 ein hochattraktives Gesch\u00e4ftsmodell ist.<\/li>\n\n\n\n<li><strong>Lastmanagement als Wettbewerbsvorteil:<\/strong> Unternehmen, die in der Lage sind, ihre Prozesse durch digitale Steuerungstechnik und eigene Speicherl\u00f6sungen zu flexibilisieren, entziehen sich dem steigenden durchschnittlichen Preisniveau. Sie nutzen die \u201eGratis-Stunden\u201c der Erneuerbaren und umgehen die teuren Spitzen, die durch mangelnde Systemflexibilit\u00e4t entstehen.<\/li>\n\n\n\n<li><strong>Vermeidung von Netzkosten:<\/strong> Durch intelligente Eigenstromoptimierung und <a href=\"https:\/\/cubeconcepts.de\/fr\/lastspitzenkappung-peak-shaving\/\">Peak Shaving<\/a> lassen sich nicht nur die reinen Beschaffungskosten, sondern auch die Netzentgelte signifikant senken \u2013 ein Faktor, der angesichts der steigenden Systemkosten 2026 immer gewichtiger wird.<\/li>\n<\/ul>\n\n\n\n<h2 class=\"wp-block-heading\">Fazit: Die Strompreise 2026 als Weckruf f\u00fcr Unternehmen<\/h2>\n\n\n\n<p>Die Strompreise 2026 werden durch ein massives staatliches Eingreifen k\u00fcnstlich stabilisiert, doch die Rekord-Volatilit\u00e4t an der B\u00f6rse ist ein bleibendes strukturelles Merkmal. Die Milliarden-Subventionen des Bundes lindern zwar kurzfristig den Kostendruck, k\u00f6nnen aber den notwendigen technologischen Umbau nicht ersetzen. <\/p>\n\n\n\n<p>Der \u201eFlaschenhals\u201c bei den Netzzusagen und die noch unzureichende Flexibilit\u00e4t auf der Nachfrageseite treiben die Systemkosten weiter in die H\u00f6he. Die zentrale Herausforderung \u2013 und gleichzeitig die gr\u00f6\u00dfte Chance \u2013 besteht darin, diese Volatilit\u00e4t wirtschaftlich nutzbar zu machen. Wer jetzt in Speicher, digitale Steuerung und dynamische Konzepte investiert, macht sich unabh\u00e4ngig von staatlichen Hilfsprogrammen und positioniert sich in einem volatilen Marktumfeld als systemdienlicher und kosteneffizienter Akteur. Volatilit\u00e4t ist kein Risiko, das man aussitzen sollte, sondern ein Preissignal, das nach unternehmerischen Antworten verlangt.<\/p>\n\n\n\n<div style=\"height:100px\" aria-hidden=\"true\" class=\"wp-block-spacer\"><\/div>\n\n\n\n<div class=\"wp-block-buttons is-layout-flex wp-block-buttons-is-layout-flex\">\n<div class=\"wp-block-button\"><a class=\"wp-block-button__link wp-element-button\" href=\"https:\/\/cubeconcepts.de\/fr\/categorie\/actualites-solaires\/\">Retour \u00e0 l'aper\u00e7u<\/a><\/div>\n<\/div>\n\n\n\n<p><\/p>","protected":false},"excerpt":{"rendered":"<p>Der deutsche Strommarkt sowie die gesamte Energielandschaft gleichen aktuell einer Achterbahnfahrt. Ob sich die Rekord-Volatilit\u00e4t auf die Strompreise 2026 f\u00fcr Industrie und Gewerbe weiterhin niederschl\u00e4gt, bleibt abzuwarten. Mit dem fortschreitenden Ausbau erneuerbarer Energien nehmen nicht nur die installierten Leistungen von Photovoltaik und Windkraft weiter zu, sondern auch die Schwankungen bei der Stromerzeugung \u2013 und damit [&hellip;]<\/p>\n","protected":false},"author":3,"featured_media":27013,"comment_status":"closed","ping_status":"open","sticky":false,"template":"","format":"standard","meta":{"_acf_changed":false,"footnotes":""},"categories":[7],"tags":[],"class_list":["post-26968","post","type-post","status-publish","format-standard","has-post-thumbnail","hentry","category-solar-news"],"acf":[],"yoast_head":"<!-- This site is optimized with the Yoast SEO plugin v27.4 - https:\/\/yoast.com\/product\/yoast-seo-wordpress\/ -->\n<title>Strompreise 2026 - Flexibilit\u00e4t lohnt sich doppelt | CUBE CONCEPTS<\/title>\n<meta name=\"description\" content=\"Strompreise 2026: Trotz Milliarden-Subventionen steigt die Volatilit\u00e4t. Flexibilit\u00e4t durch Speicher wird jetzt zum Rendite-Hebel.\" \/>\n<meta name=\"robots\" content=\"index, follow, max-snippet:-1, max-image-preview:large, max-video-preview:-1\" \/>\n<link rel=\"canonical\" href=\"https:\/\/cubeconcepts.de\/fr\/strompreise-2026-flexibilitat-lohnt-sich-doppelt\/\" \/>\n<meta property=\"og:locale\" content=\"fr_FR\" \/>\n<meta property=\"og:type\" content=\"article\" \/>\n<meta property=\"og:title\" content=\"Strompreise 2026 - Flexibilit\u00e4t lohnt sich doppelt | CUBE CONCEPTS\" \/>\n<meta property=\"og:description\" content=\"Strompreise 2026: Trotz Milliarden-Subventionen steigt die Volatilit\u00e4t. Flexibilit\u00e4t durch Speicher wird jetzt zum Rendite-Hebel.\" \/>\n<meta property=\"og:url\" content=\"https:\/\/cubeconcepts.de\/fr\/strompreise-2026-flexibilitat-lohnt-sich-doppelt\/\" \/>\n<meta property=\"og:site_name\" content=\"CUBE CONCEPTS\" \/>\n<meta property=\"article:published_time\" content=\"2026-01-21T15:41:07+00:00\" \/>\n<meta property=\"article:modified_time\" content=\"2026-04-17T05:35:35+00:00\" \/>\n<meta property=\"og:image\" content=\"https:\/\/cubeconcepts.de\/wp-content\/uploads\/2026\/01\/Strompreise-2026-Flexibilitaet-lohnt-doppelt-scaled.jpeg\" \/>\n\t<meta property=\"og:image:width\" content=\"2560\" \/>\n\t<meta property=\"og:image:height\" content=\"1917\" \/>\n\t<meta property=\"og:image:type\" content=\"image\/jpeg\" \/>\n<meta name=\"author\" content=\"Guido Steenmans\" \/>\n<meta name=\"twitter:card\" content=\"summary_large_image\" \/>\n<meta name=\"twitter:label1\" content=\"\u00c9crit par\" \/>\n\t<meta name=\"twitter:data1\" content=\"Guido Steenmans\" \/>\n\t<meta name=\"twitter:label2\" content=\"Dur\u00e9e de lecture estim\u00e9e\" \/>\n\t<meta name=\"twitter:data2\" content=\"6 minutes\" \/>\n<script type=\"application\/ld+json\" class=\"yoast-schema-graph\">{\"@context\":\"https:\\\/\\\/schema.org\",\"@graph\":[{\"@type\":\"Article\",\"@id\":\"https:\\\/\\\/cubeconcepts.de\\\/strompreise-2026-flexibilitat-lohnt-sich-doppelt\\\/#article\",\"isPartOf\":{\"@id\":\"https:\\\/\\\/cubeconcepts.de\\\/strompreise-2026-flexibilitat-lohnt-sich-doppelt\\\/\"},\"author\":{\"name\":\"Guido Steenmans\",\"@id\":\"https:\\\/\\\/cubeconcepts.de\\\/#\\\/schema\\\/person\\\/2c762e4ca1ea252f42f23ab33248856e\"},\"headline\":\"Strompreise 2026: Hohe Subventionen &amp; Rekord-Volatilit\u00e4t &#8211; Flexibilit\u00e4t lohnt sich jetzt doppelt\",\"datePublished\":\"2026-01-21T15:41:07+00:00\",\"dateModified\":\"2026-04-17T05:35:35+00:00\",\"mainEntityOfPage\":{\"@id\":\"https:\\\/\\\/cubeconcepts.de\\\/strompreise-2026-flexibilitat-lohnt-sich-doppelt\\\/\"},\"wordCount\":950,\"publisher\":{\"@id\":\"https:\\\/\\\/cubeconcepts.de\\\/#organization\"},\"image\":{\"@id\":\"https:\\\/\\\/cubeconcepts.de\\\/strompreise-2026-flexibilitat-lohnt-sich-doppelt\\\/#primaryimage\"},\"thumbnailUrl\":\"https:\\\/\\\/cubeconcepts.de\\\/wp-content\\\/uploads\\\/2026\\\/01\\\/Strompreise-2026-Flexibilitaet-lohnt-doppelt-scaled.jpeg\",\"articleSection\":[\"Energiemarkt News\"],\"inLanguage\":\"fr-FR\"},{\"@type\":\"WebPage\",\"@id\":\"https:\\\/\\\/cubeconcepts.de\\\/strompreise-2026-flexibilitat-lohnt-sich-doppelt\\\/\",\"url\":\"https:\\\/\\\/cubeconcepts.de\\\/strompreise-2026-flexibilitat-lohnt-sich-doppelt\\\/\",\"name\":\"Strompreise 2026 - Flexibilit\u00e4t lohnt sich doppelt | CUBE CONCEPTS\",\"isPartOf\":{\"@id\":\"https:\\\/\\\/cubeconcepts.de\\\/#website\"},\"primaryImageOfPage\":{\"@id\":\"https:\\\/\\\/cubeconcepts.de\\\/strompreise-2026-flexibilitat-lohnt-sich-doppelt\\\/#primaryimage\"},\"image\":{\"@id\":\"https:\\\/\\\/cubeconcepts.de\\\/strompreise-2026-flexibilitat-lohnt-sich-doppelt\\\/#primaryimage\"},\"thumbnailUrl\":\"https:\\\/\\\/cubeconcepts.de\\\/wp-content\\\/uploads\\\/2026\\\/01\\\/Strompreise-2026-Flexibilitaet-lohnt-doppelt-scaled.jpeg\",\"datePublished\":\"2026-01-21T15:41:07+00:00\",\"dateModified\":\"2026-04-17T05:35:35+00:00\",\"description\":\"Strompreise 2026: Trotz Milliarden-Subventionen steigt die Volatilit\u00e4t. Flexibilit\u00e4t durch Speicher wird jetzt zum Rendite-Hebel.\",\"breadcrumb\":{\"@id\":\"https:\\\/\\\/cubeconcepts.de\\\/strompreise-2026-flexibilitat-lohnt-sich-doppelt\\\/#breadcrumb\"},\"inLanguage\":\"fr-FR\",\"potentialAction\":[{\"@type\":\"ReadAction\",\"target\":[\"https:\\\/\\\/cubeconcepts.de\\\/strompreise-2026-flexibilitat-lohnt-sich-doppelt\\\/\"]}]},{\"@type\":\"ImageObject\",\"inLanguage\":\"fr-FR\",\"@id\":\"https:\\\/\\\/cubeconcepts.de\\\/strompreise-2026-flexibilitat-lohnt-sich-doppelt\\\/#primaryimage\",\"url\":\"https:\\\/\\\/cubeconcepts.de\\\/wp-content\\\/uploads\\\/2026\\\/01\\\/Strompreise-2026-Flexibilitaet-lohnt-doppelt-scaled.jpeg\",\"contentUrl\":\"https:\\\/\\\/cubeconcepts.de\\\/wp-content\\\/uploads\\\/2026\\\/01\\\/Strompreise-2026-Flexibilitaet-lohnt-doppelt-scaled.jpeg\",\"width\":2560,\"height\":1917,\"caption\":\"Strompreise 2026 - Flexibilit\u00e4t lohnt doppelt\"},{\"@type\":\"BreadcrumbList\",\"@id\":\"https:\\\/\\\/cubeconcepts.de\\\/strompreise-2026-flexibilitat-lohnt-sich-doppelt\\\/#breadcrumb\",\"itemListElement\":[{\"@type\":\"ListItem\",\"position\":1,\"name\":\"Startseite\",\"item\":\"https:\\\/\\\/cubeconcepts.de\\\/\"},{\"@type\":\"ListItem\",\"position\":2,\"name\":\"Strompreise 2026: Hohe Subventionen &amp; Rekord-Volatilit\u00e4t &#8211; Flexibilit\u00e4t lohnt sich jetzt doppelt\"}]},{\"@type\":\"WebSite\",\"@id\":\"https:\\\/\\\/cubeconcepts.de\\\/#website\",\"url\":\"https:\\\/\\\/cubeconcepts.de\\\/\",\"name\":\"CUBE CONCEPTS\",\"description\":\"Ihr PV-Architekt &amp; Full-Service-Partner f\u00fcr\",\"publisher\":{\"@id\":\"https:\\\/\\\/cubeconcepts.de\\\/#organization\"},\"potentialAction\":[{\"@type\":\"SearchAction\",\"target\":{\"@type\":\"EntryPoint\",\"urlTemplate\":\"https:\\\/\\\/cubeconcepts.de\\\/?s={search_term_string}\"},\"query-input\":{\"@type\":\"PropertyValueSpecification\",\"valueRequired\":true,\"valueName\":\"search_term_string\"}}],\"inLanguage\":\"fr-FR\"},{\"@type\":\"Organization\",\"@id\":\"https:\\\/\\\/cubeconcepts.de\\\/#organization\",\"name\":\"CUBE CONCEPTS\",\"url\":\"https:\\\/\\\/cubeconcepts.de\\\/\",\"logo\":{\"@type\":\"ImageObject\",\"inLanguage\":\"fr-FR\",\"@id\":\"https:\\\/\\\/cubeconcepts.de\\\/#\\\/schema\\\/logo\\\/image\\\/\",\"url\":\"https:\\\/\\\/cubeconcepts.de\\\/wp-content\\\/uploads\\\/2023\\\/01\\\/CUBE_CONCEPT-Logo.png\",\"contentUrl\":\"https:\\\/\\\/cubeconcepts.de\\\/wp-content\\\/uploads\\\/2023\\\/01\\\/CUBE_CONCEPT-Logo.png\",\"width\":644,\"height\":207,\"caption\":\"CUBE CONCEPTS\"},\"image\":{\"@id\":\"https:\\\/\\\/cubeconcepts.de\\\/#\\\/schema\\\/logo\\\/image\\\/\"}},{\"@type\":\"Person\",\"@id\":\"https:\\\/\\\/cubeconcepts.de\\\/#\\\/schema\\\/person\\\/2c762e4ca1ea252f42f23ab33248856e\",\"name\":\"Guido Steenmans\",\"image\":{\"@type\":\"ImageObject\",\"inLanguage\":\"fr-FR\",\"@id\":\"https:\\\/\\\/secure.gravatar.com\\\/avatar\\\/e2e7f154cb43615d2863003e03aa7b5d90c4ec5a78860dc5cf1d71cae0db283f?s=96&d=mm&r=g\",\"url\":\"https:\\\/\\\/secure.gravatar.com\\\/avatar\\\/e2e7f154cb43615d2863003e03aa7b5d90c4ec5a78860dc5cf1d71cae0db283f?s=96&d=mm&r=g\",\"contentUrl\":\"https:\\\/\\\/secure.gravatar.com\\\/avatar\\\/e2e7f154cb43615d2863003e03aa7b5d90c4ec5a78860dc5cf1d71cae0db283f?s=96&d=mm&r=g\",\"caption\":\"Guido Steenmans\"}}]}<\/script>\n<!-- \/ Yoast SEO plugin. -->","yoast_head_json":{"title":"Strompreise 2026 - Flexibilit\u00e4t lohnt sich doppelt | CUBE CONCEPTS","description":"Strompreise 2026: Trotz Milliarden-Subventionen steigt die Volatilit\u00e4t. Flexibilit\u00e4t durch Speicher wird jetzt zum Rendite-Hebel.","robots":{"index":"index","follow":"follow","max-snippet":"max-snippet:-1","max-image-preview":"max-image-preview:large","max-video-preview":"max-video-preview:-1"},"canonical":"https:\/\/cubeconcepts.de\/fr\/strompreise-2026-flexibilitat-lohnt-sich-doppelt\/","og_locale":"fr_FR","og_type":"article","og_title":"Strompreise 2026 - Flexibilit\u00e4t lohnt sich doppelt | CUBE CONCEPTS","og_description":"Strompreise 2026: Trotz Milliarden-Subventionen steigt die Volatilit\u00e4t. Flexibilit\u00e4t durch Speicher wird jetzt zum Rendite-Hebel.","og_url":"https:\/\/cubeconcepts.de\/fr\/strompreise-2026-flexibilitat-lohnt-sich-doppelt\/","og_site_name":"CUBE CONCEPTS","article_published_time":"2026-01-21T15:41:07+00:00","article_modified_time":"2026-04-17T05:35:35+00:00","og_image":[{"width":2560,"height":1917,"url":"https:\/\/cubeconcepts.de\/wp-content\/uploads\/2026\/01\/Strompreise-2026-Flexibilitaet-lohnt-doppelt-scaled.jpeg","type":"image\/jpeg"}],"author":"Guido Steenmans","twitter_card":"summary_large_image","twitter_misc":{"\u00c9crit par":"Guido Steenmans","Dur\u00e9e de lecture estim\u00e9e":"6 minutes"},"schema":{"@context":"https:\/\/schema.org","@graph":[{"@type":"Article","@id":"https:\/\/cubeconcepts.de\/strompreise-2026-flexibilitat-lohnt-sich-doppelt\/#article","isPartOf":{"@id":"https:\/\/cubeconcepts.de\/strompreise-2026-flexibilitat-lohnt-sich-doppelt\/"},"author":{"name":"Guido Steenmans","@id":"https:\/\/cubeconcepts.de\/#\/schema\/person\/2c762e4ca1ea252f42f23ab33248856e"},"headline":"Strompreise 2026: Hohe Subventionen &amp; Rekord-Volatilit\u00e4t &#8211; Flexibilit\u00e4t lohnt sich jetzt doppelt","datePublished":"2026-01-21T15:41:07+00:00","dateModified":"2026-04-17T05:35:35+00:00","mainEntityOfPage":{"@id":"https:\/\/cubeconcepts.de\/strompreise-2026-flexibilitat-lohnt-sich-doppelt\/"},"wordCount":950,"publisher":{"@id":"https:\/\/cubeconcepts.de\/#organization"},"image":{"@id":"https:\/\/cubeconcepts.de\/strompreise-2026-flexibilitat-lohnt-sich-doppelt\/#primaryimage"},"thumbnailUrl":"https:\/\/cubeconcepts.de\/wp-content\/uploads\/2026\/01\/Strompreise-2026-Flexibilitaet-lohnt-doppelt-scaled.jpeg","articleSection":["Energiemarkt News"],"inLanguage":"fr-FR"},{"@type":"WebPage","@id":"https:\/\/cubeconcepts.de\/strompreise-2026-flexibilitat-lohnt-sich-doppelt\/","url":"https:\/\/cubeconcepts.de\/strompreise-2026-flexibilitat-lohnt-sich-doppelt\/","name":"Strompreise 2026 - Flexibilit\u00e4t lohnt sich doppelt | CUBE CONCEPTS","isPartOf":{"@id":"https:\/\/cubeconcepts.de\/#website"},"primaryImageOfPage":{"@id":"https:\/\/cubeconcepts.de\/strompreise-2026-flexibilitat-lohnt-sich-doppelt\/#primaryimage"},"image":{"@id":"https:\/\/cubeconcepts.de\/strompreise-2026-flexibilitat-lohnt-sich-doppelt\/#primaryimage"},"thumbnailUrl":"https:\/\/cubeconcepts.de\/wp-content\/uploads\/2026\/01\/Strompreise-2026-Flexibilitaet-lohnt-doppelt-scaled.jpeg","datePublished":"2026-01-21T15:41:07+00:00","dateModified":"2026-04-17T05:35:35+00:00","description":"Strompreise 2026: Trotz Milliarden-Subventionen steigt die Volatilit\u00e4t. Flexibilit\u00e4t durch Speicher wird jetzt zum Rendite-Hebel.","breadcrumb":{"@id":"https:\/\/cubeconcepts.de\/strompreise-2026-flexibilitat-lohnt-sich-doppelt\/#breadcrumb"},"inLanguage":"fr-FR","potentialAction":[{"@type":"ReadAction","target":["https:\/\/cubeconcepts.de\/strompreise-2026-flexibilitat-lohnt-sich-doppelt\/"]}]},{"@type":"ImageObject","inLanguage":"fr-FR","@id":"https:\/\/cubeconcepts.de\/strompreise-2026-flexibilitat-lohnt-sich-doppelt\/#primaryimage","url":"https:\/\/cubeconcepts.de\/wp-content\/uploads\/2026\/01\/Strompreise-2026-Flexibilitaet-lohnt-doppelt-scaled.jpeg","contentUrl":"https:\/\/cubeconcepts.de\/wp-content\/uploads\/2026\/01\/Strompreise-2026-Flexibilitaet-lohnt-doppelt-scaled.jpeg","width":2560,"height":1917,"caption":"Strompreise 2026 - Flexibilit\u00e4t lohnt doppelt"},{"@type":"BreadcrumbList","@id":"https:\/\/cubeconcepts.de\/strompreise-2026-flexibilitat-lohnt-sich-doppelt\/#breadcrumb","itemListElement":[{"@type":"ListItem","position":1,"name":"Startseite","item":"https:\/\/cubeconcepts.de\/"},{"@type":"ListItem","position":2,"name":"Strompreise 2026: Hohe Subventionen &amp; Rekord-Volatilit\u00e4t &#8211; Flexibilit\u00e4t lohnt sich jetzt doppelt"}]},{"@type":"WebSite","@id":"https:\/\/cubeconcepts.de\/#website","url":"https:\/\/cubeconcepts.de\/","name":"CUBE CONCEPTS","description":"Votre architecte PV &amp; partenaire de service complet pour","publisher":{"@id":"https:\/\/cubeconcepts.de\/#organization"},"potentialAction":[{"@type":"SearchAction","target":{"@type":"EntryPoint","urlTemplate":"https:\/\/cubeconcepts.de\/?s={search_term_string}"},"query-input":{"@type":"PropertyValueSpecification","valueRequired":true,"valueName":"search_term_string"}}],"inLanguage":"fr-FR"},{"@type":"Organization","@id":"https:\/\/cubeconcepts.de\/#organization","name":"CUBE CONCEPTS","url":"https:\/\/cubeconcepts.de\/","logo":{"@type":"ImageObject","inLanguage":"fr-FR","@id":"https:\/\/cubeconcepts.de\/#\/schema\/logo\/image\/","url":"https:\/\/cubeconcepts.de\/wp-content\/uploads\/2023\/01\/CUBE_CONCEPT-Logo.png","contentUrl":"https:\/\/cubeconcepts.de\/wp-content\/uploads\/2023\/01\/CUBE_CONCEPT-Logo.png","width":644,"height":207,"caption":"CUBE CONCEPTS"},"image":{"@id":"https:\/\/cubeconcepts.de\/#\/schema\/logo\/image\/"}},{"@type":"Person","@id":"https:\/\/cubeconcepts.de\/#\/schema\/person\/2c762e4ca1ea252f42f23ab33248856e","name":"Guido Steenmans","image":{"@type":"ImageObject","inLanguage":"fr-FR","@id":"https:\/\/secure.gravatar.com\/avatar\/e2e7f154cb43615d2863003e03aa7b5d90c4ec5a78860dc5cf1d71cae0db283f?s=96&d=mm&r=g","url":"https:\/\/secure.gravatar.com\/avatar\/e2e7f154cb43615d2863003e03aa7b5d90c4ec5a78860dc5cf1d71cae0db283f?s=96&d=mm&r=g","contentUrl":"https:\/\/secure.gravatar.com\/avatar\/e2e7f154cb43615d2863003e03aa7b5d90c4ec5a78860dc5cf1d71cae0db283f?s=96&d=mm&r=g","caption":"Guido Steenmans"}}]}},"_links":{"self":[{"href":"https:\/\/cubeconcepts.de\/fr\/wp-json\/wp\/v2\/posts\/26968","targetHints":{"allow":["GET"]}}],"collection":[{"href":"https:\/\/cubeconcepts.de\/fr\/wp-json\/wp\/v2\/posts"}],"about":[{"href":"https:\/\/cubeconcepts.de\/fr\/wp-json\/wp\/v2\/types\/post"}],"author":[{"embeddable":true,"href":"https:\/\/cubeconcepts.de\/fr\/wp-json\/wp\/v2\/users\/3"}],"replies":[{"embeddable":true,"href":"https:\/\/cubeconcepts.de\/fr\/wp-json\/wp\/v2\/comments?post=26968"}],"version-history":[{"count":0,"href":"https:\/\/cubeconcepts.de\/fr\/wp-json\/wp\/v2\/posts\/26968\/revisions"}],"wp:featuredmedia":[{"embeddable":true,"href":"https:\/\/cubeconcepts.de\/fr\/wp-json\/wp\/v2\/media\/27013"}],"wp:attachment":[{"href":"https:\/\/cubeconcepts.de\/fr\/wp-json\/wp\/v2\/media?parent=26968"}],"wp:term":[{"taxonomy":"category","embeddable":true,"href":"https:\/\/cubeconcepts.de\/fr\/wp-json\/wp\/v2\/categories?post=26968"},{"taxonomy":"post_tag","embeddable":true,"href":"https:\/\/cubeconcepts.de\/fr\/wp-json\/wp\/v2\/tags?post=26968"}],"curies":[{"name":"wp","href":"https:\/\/api.w.org\/{rel}","templated":true}]}}