{"id":20517,"date":"2025-02-19T15:02:14","date_gmt":"2025-02-19T14:02:14","guid":{"rendered":"https:\/\/cubeconcepts.de\/?p=20517"},"modified":"2025-05-15T07:29:19","modified_gmt":"2025-05-15T05:29:19","slug":"loi-sur-les-pointes-solaires","status":"publish","type":"post","link":"https:\/\/cubeconcepts.de\/fr\/solarspitzen-gesetz\/","title":{"rendered":"Loi sur les pics solaires : Nouvelles r\u00e8gles pour les installations PV en 2025"},"content":{"rendered":"<p>Fin janvier 2025, le soi-disant <strong>Loi sur les pics solaires<\/strong> le Bundestag, qui pr\u00e9voit des dispositions d\u00e9terminantes pour <strong>Installations PV 2025<\/strong> contient. Mi-f\u00e9vrier, le Bundesrat a \u00e9galement approuv\u00e9 la \"loi modifiant le droit de l'\u00e9nergie pour \u00e9viter les exc\u00e9dents temporaires des producteurs\". La nouvelle r\u00e9glementation adopt\u00e9e par le SPD, le B\u00dcNDNIS 90\/DIE GR\u00dcNEN et la CDU pr\u00e9voit <strong>Soutien EEG<\/strong> pour les nouvelles installations PV \u00e0 <strong>des prix n\u00e9gatifs<\/strong> sur <strong>faire une pause<\/strong>. En outre, la loi sur les pics solaires vise \u00e0 mieux g\u00e9rer les pics de production, \u00e0 garantir la stabilit\u00e9 du r\u00e9seau et \u00e0 promouvoir les m\u00e9canismes de march\u00e9. Mais qu'est-ce que cela signifie concr\u00e8tement pour les exploitants de telles installations photovolta\u00efques en 2025 ?<\/p>\n\n\n\n<h2 class=\"wp-block-heading\">Contexte de la loi sur les pics solaires pour les installations PV 2025<\/h2>\n\n\n\n<p>Le contexte de la loi sur les pics solaires est la <strong>volatilit\u00e9 croissante<\/strong> de la production d'\u00e9lectricit\u00e9 gr\u00e2ce au d\u00e9veloppement massif des \u00e9nergies renouvelables, notamment du photovolta\u00efque. Ces derni\u00e8res ann\u00e9es, des quantit\u00e9s \u00e9lev\u00e9es d'\u00e9lectricit\u00e9 inject\u00e9es dans le r\u00e9seau par des installations solaires ont conduit \u00e0 ce que, \u00e0 certaines heures, la production d'\u00e9lectricit\u00e9 soit sup\u00e9rieure \u00e0 la consommation r\u00e9elle. Ces <strong>Surcapacit\u00e9s<\/strong> entra\u00eenent parfois, \u00e0 la bourse de l'\u00e9lectricit\u00e9, des <a href=\"https:\/\/cubeconcepts.de\/fr\/prix-negatifs-de-lelectricite\/\">des prix n\u00e9gatifs de l'\u00e9lectricit\u00e9<\/a>La plupart des installations photovolta\u00efques ne peuvent toujours pas \u00eatre contr\u00f4l\u00e9es \u00e0 distance.<\/p>\n\n\n\n<p>Cette \u00e9volution ne p\u00e8se pas seulement sur le r\u00e9seau \u00e9lectrique, mais entra\u00eene \u00e9galement une augmentation de la consommation d'\u00e9nergie. <strong>charge financi\u00e8re<\/strong> par le syst\u00e8me de soutien de la loi sur les \u00e9nergies renouvelables. Pour rem\u00e9dier \u00e0 ces probl\u00e8mes, l'injection doit d\u00e9sormais \u00eatre pilot\u00e9e de mani\u00e8re plus conforme au march\u00e9. Les exploitants d'installations solaires qui ne disposent pas d'une commande intelligente de leurs producteurs, consommateurs ou accumulateurs de grande capacit\u00e9 devront \u00e0 l'avenir s'attendre \u00e0 des restrictions de l'alimentation du r\u00e9seau ou remplir des conditions suppl\u00e9mentaires concernant la pilotabilit\u00e9 de leurs installations.<\/p>\n\n\n\n<h2 class=\"wp-block-heading\">Points cl\u00e9s de la loi sur les pics solaires pour les installations PV 2025<\/h2>\n\n\n\n<p>La loi sur les pics solaires apporte des changements importants pour les exploitants d'installations photovolta\u00efques \u00e0 partir de 2025. L'objectif est d'optimiser l'int\u00e9gration de l'\u00e9lectricit\u00e9 solaire dans le r\u00e9seau, d'am\u00e9liorer les incitations du march\u00e9 et de garantir la stabilit\u00e9 du r\u00e9seau. Aper\u00e7u des principales dispositions :<\/p>\n\n\n\n<h3 class=\"wp-block-heading\">&nbsp;- Pas de r\u00e9tribution du courant inject\u00e9 en cas de prix de l'\u00e9lectricit\u00e9 n\u00e9gatifs<\/h3>\n\n\n\n<p>Les exploitants de nouvelles installations photovolta\u00efques de 7 kWp et plus, raccord\u00e9es au r\u00e9seau public apr\u00e8s l'entr\u00e9e en vigueur de la loi, ne recevront plus de r\u00e9mun\u00e9ration EEG pendant les heures o\u00f9 les prix de l'\u00e9lectricit\u00e9 sont n\u00e9gatifs. Cette mesure vise \u00e0 r\u00e9duire les distorsions du march\u00e9 et \u00e0 encourager l'autoconsommation.<\/p>\n\n\n\n<h3 class=\"wp-block-heading\">&nbsp;- M\u00e9canisme de compensation pour les r\u00e9mun\u00e9rations perdues<\/h3>\n\n\n\n<p>Les heures supprim\u00e9es sont rattach\u00e9es \u00e0 la subvention EEG r\u00e9guli\u00e8re de 20 ans. Ainsi, la p\u00e9riode de r\u00e9mun\u00e9ration totale de l'EEG est prolong\u00e9e des heures o\u00f9 les prix de l'\u00e9lectricit\u00e9 en bourse sont n\u00e9gatifs. Cette mesure vise \u00e0 garantir la rentabilit\u00e9 des installations \u00e0 long terme.<\/p>\n\n\n\n<h3 class=\"wp-block-heading\">&nbsp;- Limitation de l'alimentation \u00e0 60 % sans r\u00e9cepteur centralis\u00e9 radio<\/h3>\n\n\n\n<p>Les installations de plus de 100 kWp ne peuvent injecter que 60 % de leur puissance nominale dans le r\u00e9seau public jusqu'\u00e0 l'installation d'un r\u00e9cepteur de t\u00e9l\u00e9commande centralis\u00e9e radio ou d'un compteur intelligent et ne re\u00e7oivent aucune compensation. Les installations PV existantes peuvent passer volontairement au nouveau r\u00e9gime et b\u00e9n\u00e9ficier d'une augmentation de 0,6 cent\/kWh du prix de rachat.<\/p>\n\n\n\n<h3 class=\"wp-block-heading\">&nbsp;- Obligation de piloter et d'int\u00e9grer les compteurs intelligents<\/h3>\n\n\n\n<p>Les nouvelles installations PV \u00e0 partir de 100 kWp doivent \u00eatre \u00e9quip\u00e9es de syst\u00e8mes de mesure intelligents. Cela permet aux gestionnaires de r\u00e9seau d'intervenir \u00e0 des moments critiques et de garantir ainsi la stabilit\u00e9 du r\u00e9seau.<\/p>\n\n\n\n<h3 class=\"wp-block-heading\">&nbsp;- Commercialisation directe facilit\u00e9e pour les installations PV de moins de 100 kWp<\/h3>\n\n\n\n<p>Les petites installations photovolta\u00efques peuvent plus facilement passer \u00e0 la commercialisation directe et vendre plus facilement leur \u00e9lectricit\u00e9 \u00e0 la bourse, sans qu'il y ait d'obligation. Ce n'est qu'\u00e0 partir de 100 kWp que l'obligation de commercialisation directe s'applique.<\/p>\n\n\n\n<h3 class=\"wp-block-heading\">&nbsp;- T\u00dcV\" technique pour les grandes installations PV<\/h3>\n\n\n\n<p>Un m\u00e9canisme de contr\u00f4le technique obligatoire est introduit pour les installations de 100 kWp et plus. Les gestionnaires de r\u00e9seau obtiennent en outre le droit de proc\u00e9der \u00e0 des d\u00e9connexions tests afin de garantir la pilotabilit\u00e9 des installations.<\/p>\n\n\n\n<h3 class=\"wp-block-heading\">&nbsp;- Une gestion plus flexible des batteries de stockage de grande capacit\u00e9<\/h3>\n\n\n\n<p>Une mesure pr\u00e9cise des quantit\u00e9s d'\u00e9lectricit\u00e9 bas\u00e9e sur 950 heures de pleine charge par an, converties en quarts d'heure et multipli\u00e9es par un facteur de 0,5, doit permettre de cr\u00e9er une nouvelle option de d\u00e9limitation. Les doubles pr\u00e9l\u00e8vements pour les quantit\u00e9s d'\u00e9lectricit\u00e9 stock\u00e9es en retour devraient ainsi \u00eatre \u00e9vit\u00e9s \u00e0 partir de 2026.<\/p>\n\n\n\n<h3 class=\"wp-block-heading\">&nbsp;- Focus sur l'autoconsommation et la mise en r\u00e9seau intelligente<\/h3>\n\n\n\n<p>Les exploitants qui utilisent eux-m\u00eames leur \u00e9lectricit\u00e9 solaire de mani\u00e8re cibl\u00e9e, la stockent ou l'injectent de mani\u00e8re flexible seront les plus avantag\u00e9s \u00e0 l'avenir.<\/p>\n\n\n\n<p>Dans l'ensemble, les analyses montrent que sans stockage ou gestion intelligente de l'\u00e9nergie, les exploitants doivent s'attendre \u00e0 une perte moyenne de 20 % de leur tarif de rachat. Or, des investissements dans des solutions de stockage ou des tarifs d'\u00e9lectricit\u00e9 dynamiques pourraient r\u00e9duire consid\u00e9rablement ces pertes.<\/p>\n\n\n\n<h2 class=\"wp-block-heading\">Critique &amp; d\u00e9fis<\/h2>\n\n\n\n<p>La loi sur les pics solaires apporte <strong>d\u00e9fis \u00e9conomiques<\/strong> avec des cons\u00e9quences n\u00e9gatives. Les op\u00e9rateurs doivent s'attendre \u00e0 ce que les sources de revenus classiques diminuent \u00e0 partir de 2025. Sans mesures suppl\u00e9mentaires telles que <a href=\"https:\/\/cubeconcepts.de\/fr\/produits\/accumulateur-a-batterie\/\">Accumulateur de grande capacit\u00e9<\/a> ou un syst\u00e8me flexible de gestion de la charge ou de l'\u00e9nergie (EMS) comme le <a href=\"https:\/\/cubeconcepts.de\/fr\/produits\/cube-efficiencyunit\/\">CUBE EfficiencyUnit<\/a> risquent de subir des pertes financi\u00e8res. Mais en m\u00eame temps, les nouvelles r\u00e9glementations offrent aussi des opportunit\u00e9s : ceux qui investissent \u00e0 temps dans des solutions innovantes de stockage ou d'autoconsommation pourraient en profiter \u00e0 long terme.<\/p>\n\n\n\n<p>Le nouveau m\u00e9canisme de compensation par simple prolongation de la p\u00e9riode de r\u00e9mun\u00e9ration de l'EEG peut \u00eatre utilis\u00e9 pour <strong>Financement<\/strong> de certains grands projets photovolta\u00efques. <strong>Probl\u00e8mes<\/strong> de l'\u00e9nergie solaire. Bien que l'optimisation de l'autoconsommation soit globalement au centre des pr\u00e9occupations, il manque un soutien cibl\u00e9 pour le stockage par batterie. Celles-ci sont pourtant essentielles pour pouvoir stocker l'\u00e9lectricit\u00e9 exc\u00e9dentaire. <strong>utiliser de mani\u00e8re flexible<\/strong> et de soulager le r\u00e9seau. En l'absence de mesures d'incitation appropri\u00e9es, de nombreux exploitants pourraient \u00eatre confront\u00e9s \u00e0 des obstacles financiers qui entraveraient un investissement durable dans les technologies de stockage.<\/p>\n\n\n\n<p>Un autre sujet de controverse est celui de l'\u00e9largissement de l'acc\u00e8s aux soins. <strong>Contr\u00f4labilit\u00e9<\/strong> d'installations \u00e9nerg\u00e9tiques par les gestionnaires de r\u00e9seau ainsi que <strong>d\u00e9ploiement obligatoire de compteurs intelligents<\/strong> avec les adaptations administratives que cela implique. Alors que cette possibilit\u00e9 d'intervention doit contribuer \u00e0 la stabilisation du r\u00e9seau, elle est \u00e9galement consid\u00e9r\u00e9e comme une restriction potentielle des droits de propri\u00e9t\u00e9. Dans la pratique, il reste \u00e0 voir \u00e0 quelle fr\u00e9quence et dans quelle mesure les gestionnaires de r\u00e9seau feront effectivement usage de cette mesure.<\/p>\n\n\n\n<p>Malgr\u00e9 les critiques existantes, la loi sur les pics solaires pr\u00e9sente \u00e0 la fois des risques et de nouvelles opportunit\u00e9s. La flexibilit\u00e9 avec laquelle les exploitants, les gestionnaires de r\u00e9seau et le l\u00e9gislateur r\u00e9agiront aux d\u00e9fis \u00e0 venir sera d\u00e9terminante.<\/p>\n\n\n\n<h2 class=\"wp-block-heading\">Chances &amp; perspectives de la loi sur les pics solaires pour les installations PV 2025<\/h2>\n\n\n\n<p>La n\u00e9cessit\u00e9 de garantir la stabilit\u00e9 du r\u00e9seau, de renforcer les m\u00e9canismes de march\u00e9 et de rendre l'autoconsommation plus attrayante s'accompagne de d\u00e9fis consid\u00e9rables. Les restrictions du tarif de rachat en cas de prix de l'\u00e9lectricit\u00e9 n\u00e9gatifs ainsi que la proc\u00e9dure de compensation pourraient notamment influencer la rentabilit\u00e9 de nombreuses installations PV en projet \u00e0 partir de 2025. Parall\u00e8lement, la loi sur les pics solaires ouvre de nouvelles opportunit\u00e9s : les exploitants qui investissent \u00e0 temps dans des technologies de stockage et de contr\u00f4le intelligentes peuvent s'assurer des avantages \u00e9conomiques \u00e0 long terme. C'est la pratique et l'am\u00e9nagement ult\u00e9rieur qui montreront si elle permet d'int\u00e9grer plus efficacement la production d'\u00e9lectricit\u00e9 renouvelable dans le r\u00e9seau.<\/p>\n\n\n\n<div style=\"height:100px\" aria-hidden=\"true\" class=\"wp-block-spacer\"><\/div>\n\n\n\n<div class=\"wp-block-buttons is-layout-flex wp-block-buttons-is-layout-flex\">\n<div class=\"wp-block-button\"><a class=\"wp-block-button__link wp-element-button\" href=\"https:\/\/cubeconcepts.de\/fr\/categorie\/themes-photovoltaiques\/\">Retour \u00e0 l'aper\u00e7u<\/a><\/div>\n<\/div>\n\n\n\n<p><\/p>","protected":false},"excerpt":{"rendered":"<p>Ende Januar 2025 passierte das sogenannte Solarspitzen-Gesetz den Bundestag, das ma\u00dfgebliche Regelungen f\u00fcr PV-Anlagen 2025 enth\u00e4lt. Mitte Februar stimmte auch der Bundesrat dem \u201eGesetz zur \u00c4nderung des Energiewirtschaftsrechts zur Vermeidung von tempor\u00e4ren Erzeuger\u00fcbersch\u00fcssen\u201c zu. Die neue Regelung, die von SPD, B\u00dcNDNIS 90\/DIE GR\u00dcNEN und der CDU verabschiedet wurde, sieht vor, die EEG-F\u00f6rderung f\u00fcr neue PV-Anlagen [&hellip;]<\/p>\n","protected":false},"author":3,"featured_media":20524,"comment_status":"closed","ping_status":"open","sticky":false,"template":"","format":"standard","meta":{"_acf_changed":false,"footnotes":""},"categories":[7,50],"tags":[],"class_list":["post-20517","post","type-post","status-publish","format-standard","has-post-thumbnail","hentry","category-solar-news","category-photovoltaik-themen-in-deutschland-wissenswertes-fuer-energieprojekte"],"acf":[],"yoast_head":"<!-- This site is optimized with the Yoast SEO plugin v27.4 - https:\/\/yoast.com\/product\/yoast-seo-wordpress\/ -->\n<title>Solarspitzen-Gesetz f\u00fcr PV-Anlagen 2025 | CUBE CONCEPTS<\/title>\n<meta name=\"description\" content=\"Das Solarspitzen-Gesetz f\u00fcr PV-Anlagen 2025 soll Erzeugungsspitzen besser steuern und Netzstabilit\u00e4t gew\u00e4hrleisten.\" \/>\n<meta name=\"robots\" content=\"index, follow, max-snippet:-1, max-image-preview:large, max-video-preview:-1\" \/>\n<link rel=\"canonical\" href=\"https:\/\/cubeconcepts.de\/fr\/loi-sur-les-pointes-solaires\/\" \/>\n<meta property=\"og:locale\" content=\"fr_FR\" \/>\n<meta property=\"og:type\" content=\"article\" \/>\n<meta property=\"og:title\" content=\"Solarspitzen-Gesetz f\u00fcr PV-Anlagen 2025 | CUBE CONCEPTS\" \/>\n<meta property=\"og:description\" content=\"Das Solarspitzen-Gesetz f\u00fcr PV-Anlagen 2025 soll Erzeugungsspitzen besser steuern und Netzstabilit\u00e4t gew\u00e4hrleisten.\" \/>\n<meta property=\"og:url\" content=\"https:\/\/cubeconcepts.de\/fr\/loi-sur-les-pointes-solaires\/\" \/>\n<meta property=\"og:site_name\" content=\"CUBE CONCEPTS\" \/>\n<meta property=\"article:published_time\" content=\"2025-02-19T14:02:14+00:00\" \/>\n<meta property=\"article:modified_time\" content=\"2025-05-15T05:29:19+00:00\" \/>\n<meta property=\"og:image\" content=\"https:\/\/cubeconcepts.de\/wp-content\/uploads\/2025\/02\/Solarspitzen-Gesetz-Header.jpg\" \/>\n\t<meta property=\"og:image:width\" content=\"1920\" \/>\n\t<meta property=\"og:image:height\" content=\"1256\" \/>\n\t<meta property=\"og:image:type\" content=\"image\/jpeg\" \/>\n<meta name=\"author\" content=\"Guido Steenmans\" \/>\n<meta name=\"twitter:card\" content=\"summary_large_image\" \/>\n<meta name=\"twitter:label1\" content=\"\u00c9crit par\" \/>\n\t<meta name=\"twitter:data1\" content=\"Guido Steenmans\" \/>\n\t<meta name=\"twitter:label2\" content=\"Dur\u00e9e de lecture estim\u00e9e\" \/>\n\t<meta name=\"twitter:data2\" content=\"6 minutes\" \/>\n<script type=\"application\/ld+json\" class=\"yoast-schema-graph\">{\"@context\":\"https:\\\/\\\/schema.org\",\"@graph\":[{\"@type\":\"Article\",\"@id\":\"https:\\\/\\\/cubeconcepts.de\\\/solarspitzen-gesetz\\\/#article\",\"isPartOf\":{\"@id\":\"https:\\\/\\\/cubeconcepts.de\\\/solarspitzen-gesetz\\\/\"},\"author\":{\"name\":\"Guido Steenmans\",\"@id\":\"https:\\\/\\\/cubeconcepts.de\\\/#\\\/schema\\\/person\\\/2c762e4ca1ea252f42f23ab33248856e\"},\"headline\":\"Solarspitzen-Gesetz: Neue Regelungen f\u00fcr PV-Anlagen 2025\",\"datePublished\":\"2025-02-19T14:02:14+00:00\",\"dateModified\":\"2025-05-15T05:29:19+00:00\",\"mainEntityOfPage\":{\"@id\":\"https:\\\/\\\/cubeconcepts.de\\\/solarspitzen-gesetz\\\/\"},\"wordCount\":987,\"publisher\":{\"@id\":\"https:\\\/\\\/cubeconcepts.de\\\/#organization\"},\"image\":{\"@id\":\"https:\\\/\\\/cubeconcepts.de\\\/solarspitzen-gesetz\\\/#primaryimage\"},\"thumbnailUrl\":\"https:\\\/\\\/cubeconcepts.de\\\/wp-content\\\/uploads\\\/2025\\\/02\\\/Solarspitzen-Gesetz-Header.jpg\",\"articleSection\":[\"Energiemarkt News\",\"Photovoltaik Themen in Deutschland: Wissenswertes f\u00fcr Energieprojekte\"],\"inLanguage\":\"fr-FR\"},{\"@type\":\"WebPage\",\"@id\":\"https:\\\/\\\/cubeconcepts.de\\\/solarspitzen-gesetz\\\/\",\"url\":\"https:\\\/\\\/cubeconcepts.de\\\/solarspitzen-gesetz\\\/\",\"name\":\"Solarspitzen-Gesetz f\u00fcr PV-Anlagen 2025 | CUBE CONCEPTS\",\"isPartOf\":{\"@id\":\"https:\\\/\\\/cubeconcepts.de\\\/#website\"},\"primaryImageOfPage\":{\"@id\":\"https:\\\/\\\/cubeconcepts.de\\\/solarspitzen-gesetz\\\/#primaryimage\"},\"image\":{\"@id\":\"https:\\\/\\\/cubeconcepts.de\\\/solarspitzen-gesetz\\\/#primaryimage\"},\"thumbnailUrl\":\"https:\\\/\\\/cubeconcepts.de\\\/wp-content\\\/uploads\\\/2025\\\/02\\\/Solarspitzen-Gesetz-Header.jpg\",\"datePublished\":\"2025-02-19T14:02:14+00:00\",\"dateModified\":\"2025-05-15T05:29:19+00:00\",\"description\":\"Das Solarspitzen-Gesetz f\u00fcr PV-Anlagen 2025 soll Erzeugungsspitzen besser steuern und Netzstabilit\u00e4t gew\u00e4hrleisten.\",\"breadcrumb\":{\"@id\":\"https:\\\/\\\/cubeconcepts.de\\\/solarspitzen-gesetz\\\/#breadcrumb\"},\"inLanguage\":\"fr-FR\",\"potentialAction\":[{\"@type\":\"ReadAction\",\"target\":[\"https:\\\/\\\/cubeconcepts.de\\\/solarspitzen-gesetz\\\/\"]}]},{\"@type\":\"ImageObject\",\"inLanguage\":\"fr-FR\",\"@id\":\"https:\\\/\\\/cubeconcepts.de\\\/solarspitzen-gesetz\\\/#primaryimage\",\"url\":\"https:\\\/\\\/cubeconcepts.de\\\/wp-content\\\/uploads\\\/2025\\\/02\\\/Solarspitzen-Gesetz-Header.jpg\",\"contentUrl\":\"https:\\\/\\\/cubeconcepts.de\\\/wp-content\\\/uploads\\\/2025\\\/02\\\/Solarspitzen-Gesetz-Header.jpg\",\"width\":1920,\"height\":1256,\"caption\":\"Solarspitzen-Gesetz-Header\"},{\"@type\":\"BreadcrumbList\",\"@id\":\"https:\\\/\\\/cubeconcepts.de\\\/solarspitzen-gesetz\\\/#breadcrumb\",\"itemListElement\":[{\"@type\":\"ListItem\",\"position\":1,\"name\":\"Startseite\",\"item\":\"https:\\\/\\\/cubeconcepts.de\\\/\"},{\"@type\":\"ListItem\",\"position\":2,\"name\":\"Solarspitzen-Gesetz: Neue Regelungen f\u00fcr PV-Anlagen 2025\"}]},{\"@type\":\"WebSite\",\"@id\":\"https:\\\/\\\/cubeconcepts.de\\\/#website\",\"url\":\"https:\\\/\\\/cubeconcepts.de\\\/\",\"name\":\"CUBE CONCEPTS\",\"description\":\"Ihr PV-Architekt &amp; Full-Service-Partner f\u00fcr\",\"publisher\":{\"@id\":\"https:\\\/\\\/cubeconcepts.de\\\/#organization\"},\"potentialAction\":[{\"@type\":\"SearchAction\",\"target\":{\"@type\":\"EntryPoint\",\"urlTemplate\":\"https:\\\/\\\/cubeconcepts.de\\\/?s={search_term_string}\"},\"query-input\":{\"@type\":\"PropertyValueSpecification\",\"valueRequired\":true,\"valueName\":\"search_term_string\"}}],\"inLanguage\":\"fr-FR\"},{\"@type\":\"Organization\",\"@id\":\"https:\\\/\\\/cubeconcepts.de\\\/#organization\",\"name\":\"CUBE CONCEPTS\",\"url\":\"https:\\\/\\\/cubeconcepts.de\\\/\",\"logo\":{\"@type\":\"ImageObject\",\"inLanguage\":\"fr-FR\",\"@id\":\"https:\\\/\\\/cubeconcepts.de\\\/#\\\/schema\\\/logo\\\/image\\\/\",\"url\":\"https:\\\/\\\/cubeconcepts.de\\\/wp-content\\\/uploads\\\/2023\\\/01\\\/CUBE_CONCEPT-Logo.png\",\"contentUrl\":\"https:\\\/\\\/cubeconcepts.de\\\/wp-content\\\/uploads\\\/2023\\\/01\\\/CUBE_CONCEPT-Logo.png\",\"width\":644,\"height\":207,\"caption\":\"CUBE CONCEPTS\"},\"image\":{\"@id\":\"https:\\\/\\\/cubeconcepts.de\\\/#\\\/schema\\\/logo\\\/image\\\/\"}},{\"@type\":\"Person\",\"@id\":\"https:\\\/\\\/cubeconcepts.de\\\/#\\\/schema\\\/person\\\/2c762e4ca1ea252f42f23ab33248856e\",\"name\":\"Guido Steenmans\",\"image\":{\"@type\":\"ImageObject\",\"inLanguage\":\"fr-FR\",\"@id\":\"https:\\\/\\\/secure.gravatar.com\\\/avatar\\\/e2e7f154cb43615d2863003e03aa7b5d90c4ec5a78860dc5cf1d71cae0db283f?s=96&d=mm&r=g\",\"url\":\"https:\\\/\\\/secure.gravatar.com\\\/avatar\\\/e2e7f154cb43615d2863003e03aa7b5d90c4ec5a78860dc5cf1d71cae0db283f?s=96&d=mm&r=g\",\"contentUrl\":\"https:\\\/\\\/secure.gravatar.com\\\/avatar\\\/e2e7f154cb43615d2863003e03aa7b5d90c4ec5a78860dc5cf1d71cae0db283f?s=96&d=mm&r=g\",\"caption\":\"Guido Steenmans\"}}]}<\/script>\n<!-- \/ Yoast SEO plugin. -->","yoast_head_json":{"title":"Loi sur les pics solaires pour les installations PV 2025 | CUBE CONCEPTS","description":"La loi sur les pics solaires pour les installations PV 2025 vise \u00e0 mieux g\u00e9rer les pics de production et \u00e0 garantir la stabilit\u00e9 du r\u00e9seau.","robots":{"index":"index","follow":"follow","max-snippet":"max-snippet:-1","max-image-preview":"max-image-preview:large","max-video-preview":"max-video-preview:-1"},"canonical":"https:\/\/cubeconcepts.de\/fr\/loi-sur-les-pointes-solaires\/","og_locale":"fr_FR","og_type":"article","og_title":"Solarspitzen-Gesetz f\u00fcr PV-Anlagen 2025 | CUBE CONCEPTS","og_description":"Das Solarspitzen-Gesetz f\u00fcr PV-Anlagen 2025 soll Erzeugungsspitzen besser steuern und Netzstabilit\u00e4t gew\u00e4hrleisten.","og_url":"https:\/\/cubeconcepts.de\/fr\/loi-sur-les-pointes-solaires\/","og_site_name":"CUBE CONCEPTS","article_published_time":"2025-02-19T14:02:14+00:00","article_modified_time":"2025-05-15T05:29:19+00:00","og_image":[{"width":1920,"height":1256,"url":"https:\/\/cubeconcepts.de\/wp-content\/uploads\/2025\/02\/Solarspitzen-Gesetz-Header.jpg","type":"image\/jpeg"}],"author":"Guido Steenmans","twitter_card":"summary_large_image","twitter_misc":{"\u00c9crit par":"Guido Steenmans","Dur\u00e9e de lecture estim\u00e9e":"6 minutes"},"schema":{"@context":"https:\/\/schema.org","@graph":[{"@type":"Article","@id":"https:\/\/cubeconcepts.de\/solarspitzen-gesetz\/#article","isPartOf":{"@id":"https:\/\/cubeconcepts.de\/solarspitzen-gesetz\/"},"author":{"name":"Guido Steenmans","@id":"https:\/\/cubeconcepts.de\/#\/schema\/person\/2c762e4ca1ea252f42f23ab33248856e"},"headline":"Solarspitzen-Gesetz: Neue Regelungen f\u00fcr PV-Anlagen 2025","datePublished":"2025-02-19T14:02:14+00:00","dateModified":"2025-05-15T05:29:19+00:00","mainEntityOfPage":{"@id":"https:\/\/cubeconcepts.de\/solarspitzen-gesetz\/"},"wordCount":987,"publisher":{"@id":"https:\/\/cubeconcepts.de\/#organization"},"image":{"@id":"https:\/\/cubeconcepts.de\/solarspitzen-gesetz\/#primaryimage"},"thumbnailUrl":"https:\/\/cubeconcepts.de\/wp-content\/uploads\/2025\/02\/Solarspitzen-Gesetz-Header.jpg","articleSection":["Energiemarkt News","Photovoltaik Themen in Deutschland: Wissenswertes f\u00fcr Energieprojekte"],"inLanguage":"fr-FR"},{"@type":"WebPage","@id":"https:\/\/cubeconcepts.de\/solarspitzen-gesetz\/","url":"https:\/\/cubeconcepts.de\/solarspitzen-gesetz\/","name":"Loi sur les pics solaires pour les installations PV 2025 | CUBE CONCEPTS","isPartOf":{"@id":"https:\/\/cubeconcepts.de\/#website"},"primaryImageOfPage":{"@id":"https:\/\/cubeconcepts.de\/solarspitzen-gesetz\/#primaryimage"},"image":{"@id":"https:\/\/cubeconcepts.de\/solarspitzen-gesetz\/#primaryimage"},"thumbnailUrl":"https:\/\/cubeconcepts.de\/wp-content\/uploads\/2025\/02\/Solarspitzen-Gesetz-Header.jpg","datePublished":"2025-02-19T14:02:14+00:00","dateModified":"2025-05-15T05:29:19+00:00","description":"La loi sur les pics solaires pour les installations PV 2025 vise \u00e0 mieux g\u00e9rer les pics de production et \u00e0 garantir la stabilit\u00e9 du r\u00e9seau.","breadcrumb":{"@id":"https:\/\/cubeconcepts.de\/solarspitzen-gesetz\/#breadcrumb"},"inLanguage":"fr-FR","potentialAction":[{"@type":"ReadAction","target":["https:\/\/cubeconcepts.de\/solarspitzen-gesetz\/"]}]},{"@type":"ImageObject","inLanguage":"fr-FR","@id":"https:\/\/cubeconcepts.de\/solarspitzen-gesetz\/#primaryimage","url":"https:\/\/cubeconcepts.de\/wp-content\/uploads\/2025\/02\/Solarspitzen-Gesetz-Header.jpg","contentUrl":"https:\/\/cubeconcepts.de\/wp-content\/uploads\/2025\/02\/Solarspitzen-Gesetz-Header.jpg","width":1920,"height":1256,"caption":"Solarspitzen-Gesetz-Header"},{"@type":"BreadcrumbList","@id":"https:\/\/cubeconcepts.de\/solarspitzen-gesetz\/#breadcrumb","itemListElement":[{"@type":"ListItem","position":1,"name":"Startseite","item":"https:\/\/cubeconcepts.de\/"},{"@type":"ListItem","position":2,"name":"Solarspitzen-Gesetz: Neue Regelungen f\u00fcr PV-Anlagen 2025"}]},{"@type":"WebSite","@id":"https:\/\/cubeconcepts.de\/#website","url":"https:\/\/cubeconcepts.de\/","name":"CUBE CONCEPTS","description":"Votre architecte PV &amp; partenaire de service complet pour","publisher":{"@id":"https:\/\/cubeconcepts.de\/#organization"},"potentialAction":[{"@type":"SearchAction","target":{"@type":"EntryPoint","urlTemplate":"https:\/\/cubeconcepts.de\/?s={search_term_string}"},"query-input":{"@type":"PropertyValueSpecification","valueRequired":true,"valueName":"search_term_string"}}],"inLanguage":"fr-FR"},{"@type":"Organization","@id":"https:\/\/cubeconcepts.de\/#organization","name":"CUBE CONCEPTS","url":"https:\/\/cubeconcepts.de\/","logo":{"@type":"ImageObject","inLanguage":"fr-FR","@id":"https:\/\/cubeconcepts.de\/#\/schema\/logo\/image\/","url":"https:\/\/cubeconcepts.de\/wp-content\/uploads\/2023\/01\/CUBE_CONCEPT-Logo.png","contentUrl":"https:\/\/cubeconcepts.de\/wp-content\/uploads\/2023\/01\/CUBE_CONCEPT-Logo.png","width":644,"height":207,"caption":"CUBE CONCEPTS"},"image":{"@id":"https:\/\/cubeconcepts.de\/#\/schema\/logo\/image\/"}},{"@type":"Person","@id":"https:\/\/cubeconcepts.de\/#\/schema\/person\/2c762e4ca1ea252f42f23ab33248856e","name":"Guido Steenmans","image":{"@type":"ImageObject","inLanguage":"fr-FR","@id":"https:\/\/secure.gravatar.com\/avatar\/e2e7f154cb43615d2863003e03aa7b5d90c4ec5a78860dc5cf1d71cae0db283f?s=96&d=mm&r=g","url":"https:\/\/secure.gravatar.com\/avatar\/e2e7f154cb43615d2863003e03aa7b5d90c4ec5a78860dc5cf1d71cae0db283f?s=96&d=mm&r=g","contentUrl":"https:\/\/secure.gravatar.com\/avatar\/e2e7f154cb43615d2863003e03aa7b5d90c4ec5a78860dc5cf1d71cae0db283f?s=96&d=mm&r=g","caption":"Guido Steenmans"}}]}},"_links":{"self":[{"href":"https:\/\/cubeconcepts.de\/fr\/wp-json\/wp\/v2\/posts\/20517","targetHints":{"allow":["GET"]}}],"collection":[{"href":"https:\/\/cubeconcepts.de\/fr\/wp-json\/wp\/v2\/posts"}],"about":[{"href":"https:\/\/cubeconcepts.de\/fr\/wp-json\/wp\/v2\/types\/post"}],"author":[{"embeddable":true,"href":"https:\/\/cubeconcepts.de\/fr\/wp-json\/wp\/v2\/users\/3"}],"replies":[{"embeddable":true,"href":"https:\/\/cubeconcepts.de\/fr\/wp-json\/wp\/v2\/comments?post=20517"}],"version-history":[{"count":0,"href":"https:\/\/cubeconcepts.de\/fr\/wp-json\/wp\/v2\/posts\/20517\/revisions"}],"wp:featuredmedia":[{"embeddable":true,"href":"https:\/\/cubeconcepts.de\/fr\/wp-json\/wp\/v2\/media\/20524"}],"wp:attachment":[{"href":"https:\/\/cubeconcepts.de\/fr\/wp-json\/wp\/v2\/media?parent=20517"}],"wp:term":[{"taxonomy":"category","embeddable":true,"href":"https:\/\/cubeconcepts.de\/fr\/wp-json\/wp\/v2\/categories?post=20517"},{"taxonomy":"post_tag","embeddable":true,"href":"https:\/\/cubeconcepts.de\/fr\/wp-json\/wp\/v2\/tags?post=20517"}],"curies":[{"name":"wp","href":"https:\/\/api.w.org\/{rel}","templated":true}]}}