{"id":12476,"date":"2026-02-07T17:12:00","date_gmt":"2026-02-07T16:12:00","guid":{"rendered":"https:\/\/cubeconcepts.de\/?p=12476"},"modified":"2026-02-27T12:29:41","modified_gmt":"2026-02-27T11:29:41","slug":"obligation-solaire-pour-les-biens-immobiliers","status":"publish","type":"post","link":"https:\/\/cubeconcepts.de\/fr\/solarpflicht-bei-immobilien\/","title":{"rendered":"Solaire obligatoire pour les biens immobiliers"},"content":{"rendered":"<p>Stand: Februar 2026: Eine bundeseinheitliche <strong>Solarpflicht f\u00fcr Immobilien<\/strong> existiert in Deutschland weiterhin nicht. Zwar hatte die Bundesregierung eine solche Vereinheitlichung politisch angek\u00fcndigt, umgesetzt wurde sie bislang jedoch nicht. Stattdessen bestimmen nach wie vor die Bundesl\u00e4nder \u00fcber konkrete Verpflichtungen, Fristen und Anwendungsbereiche. Parallel steigt der regulatorische Druck deutlich, denn die Mitgliedstaaten der <strong>Europ\u00e4ische Union<\/strong> m\u00fcssen die Vorgaben der novellierten <strong>Geb\u00e4uderichtlinie (EPBD)<\/strong> bis sp\u00e4testens <strong>29. Mai 2026<\/strong> in nationales Recht \u00fcberf\u00fchren. Diese verpflichtet dazu, den Einsatz von Solarenergie auf Geb\u00e4uden deutlich auszuweiten, insbesondere bei Neubauten und umfassenden Renovierungen.<\/p>\n\n\n\n<p>Unabh\u00e4ngig von einer bundesweiten Pflicht bleibt das technische Potenzial enorm. Analysen des Thinktanks Agora Energiewende zeigen weiterhin, dass allein Dachfl\u00e4chen in Deutschland ein <strong>Photovoltaik-Potenzial<\/strong> sur le site <strong>dreistelligen Gigawattbereich<\/strong> besitzen. Selbst konservative Szenarien gehen davon aus, dass Dachanlagen einen erheblichen Anteil am Ausbauziel von rund 215 GW installierter PV-Leistung bis 2030 leisten k\u00f6nnen. Vor diesem Hintergrund h\u00e4lt die energiepolitische Debatte \u00fcber eine allgemeine Solarpflicht f\u00fcr Geb\u00e4ude an.<\/p>\n\n\n\n<h2 class=\"wp-block-heading\">Jusqu'\u00e0 pr\u00e9sent, l'industrie et l'artisanat en point de mire de l'obligation solaire<\/h2>\n\n\n\n<p>Im regulatorischen Alltag stehen weiterhin vor allem Industrie- und Gewerbeimmobilien im Fokus. Der Grund liegt in ihrer deutlich gr\u00f6\u00dferen Dachfl\u00e4che im Vergleich zu Wohngeb\u00e4uden. Logistikimmobilien, Produktionshallen und \u00f6ffentliche Geb\u00e4ude verf\u00fcgen im Durchschnitt \u00fcber ein <strong>Vielfaches der verf\u00fcgbaren Dachfl\u00e4che<\/strong> eines typischen Einfamilienhauses. Deshalb setzen viele L\u00e4nder <a href=\"https:\/\/cubeconcepts.de\/fr\/droit-de-lenergie\/photovoltaik-pflicht-fuer-unternehmen\/\" type=\"page\" id=\"8072\">Photovoltaik-Pflicht f\u00fcr Industrie &amp; Gewerbe<\/a> um und erweitern sie erst sp\u00e4ter auf Wohngeb\u00e4ude. Zus\u00e4tzlich beziehen einige Landesgesetze auch versiegelte Fl\u00e4chen wie gro\u00dfe Parkpl\u00e4tze in die Pflicht ein, wenn diese neu gebaut werden.<\/p>\n\n\n\n<h2 class=\"wp-block-heading\">O\u00f9 s'applique l'obligation d'utiliser l'\u00e9nergie solaire pour les biens immobiliers ?<\/h2>\n\n\n\n<p>Die gesetzlichen Vorgaben unterscheiden sich <strong>regional<\/strong> erheblich. Je nach Bundesland variieren unter anderem Stichtage f\u00fcr Bauantr\u00e4ge, Mindestanteile der zu belegenden Dachfl\u00e4che, Schwellenwerte f\u00fcr Geb\u00e4udefl\u00e4chen oder Stellplatzzahlen sowie Ausnahmeregelungen etwa bei Denkmalschutz, statischen Einschr\u00e4nkungen oder wirtschaftlicher Unzumutbarkeit. Auch die Frage, ob nur Neubauten oder zus\u00e4tzlich Dachsanierungen betroffen sind, wird unterschiedlich geregelt. F\u00fcr Projektentwickler und Immobilienbesitzer bedeutet das: Eine rechtssichere Planung ist nur mit Blick auf die jeweils aktuelle Landesgesetzgebung m\u00f6glich.<\/p>\n\n\n\n<figure class=\"wp-block-table\"><table class=\"has-fixed-layout\"><tbody><tr><td><\/td><td><strong>Gewerbe Neubau<\/strong><\/td><td><strong>Gewerbe Dachsanierung<\/strong><\/td><td><strong>Wohngeb\u00e4ude Neubau<\/strong><\/td><td><strong>Wohngeb\u00e4ude Sanierung<\/strong><\/td><\/tr><tr><td><strong>Bade-Wurtemberg<\/strong><\/td><td>depuis 2022<\/td><td>depuis 2023<\/td><td>seit Mitte 2022<\/td><td>depuis 2023<\/td><\/tr><tr><td><strong>Bavi\u00e8re<\/strong><\/td><td>depuis mars 2023<\/td><td>depuis 2025<\/td><td>Soll-Bestimmung seit 2025<\/td><td>Soll-Bestimmung seit 2025<\/td><\/tr><tr><td><strong>Berlin<\/strong><\/td><td>depuis 2023<\/td><td>depuis 2023<\/td><td>seit 2023 gestaffelt nach Wohneinheiten &lt;50m\u00b2 keine<\/td><td>seit 2023 gestaffelt nach Wohneinheiten &lt;50m\u00b2 keine<\/td><\/tr><tr><td><strong>Brandebourg<\/strong><\/td><td>depuis le 01.06.2024<\/td><td>seit Mitte 2025<\/td><td>seit 2024 gestaffelt nach Wohneinheiten &lt;50m\u00b2 keine<\/td><td>seit 2024 gestaffelt nach Wohneinheiten &lt;50m\u00b2 keine<\/td><\/tr><tr><td><strong>Br\u00eame<\/strong><\/td><td>depuis 2025<\/td><td>depuis la mi-2024<\/td><td>depuis 2025<\/td><td>depuis 2024\u00a0<\/td><\/tr><tr><td><strong>Hambourg<\/strong><\/td><td>depuis 2023<\/td><td>depuis 2024<\/td><td>depuis 2023<\/td><td>seit 2023 bei &#8220;wesentlicher&#8221; Dachsanierung<\/td><\/tr><tr><td><strong>Hesse<\/strong><\/td><td>en cours de planification<\/td><td>en cours de planification<\/td><td>en cours de planification<\/td><td>en cours de planification<\/td><\/tr><tr><td><strong>Mecklembourg-Pom\u00e9ranie occidentale<\/strong><\/td><td>bisher nur \u00f6ffentl. Geb\u00e4ude \u2013 regional unterschiedlich<\/td><td>en cours de planification<\/td><td>en cours de planification<\/td><td>en cours de planification<\/td><\/tr><tr><td><strong>Basse-Saxe<\/strong><\/td><td>depuis 2023<\/td><td>depuis 2025<\/td><td>depuis 2025<\/td><td>depuis 2025<\/td><\/tr><tr><td><strong>Rh\u00e9nanie-du-Nord-Westphalie<\/strong><\/td><td>depuis 2023 b\u00e2timents publics ou industriels \u00e0 partir de 2024<\/td><td>seit 2026<\/td><td>depuis 2025<\/td><td>seit 2026<\/td><\/tr><tr><td><strong>Rh\u00e9nanie-Palatinat<\/strong><\/td><td>depuis 2022<\/td><td>seit 2024 bei \u00f6ff. Geb\u00e4uden<\/td><td>seit 2024 nur &#8220;PV-Ready&#8221;<\/td><td>en cours de planification<\/td><\/tr><tr><td><strong>Sarre<\/strong><\/td><td>Seit Sept. 2025<\/td><td>en cours de planification<\/td><td>en cours de planification<\/td><td>en cours de planification<\/td><\/tr><tr><td><strong>Saxe<\/strong><\/td><td>en cas de r\u00e9glementation au niveau f\u00e9d\u00e9ral<\/td><td>en cas de r\u00e9glementation au niveau f\u00e9d\u00e9ral<\/td><td>en cas de r\u00e9glementation au niveau f\u00e9d\u00e9ral<\/td><td>en cas de r\u00e9glementation au niveau f\u00e9d\u00e9ral<\/td><\/tr><tr><td><strong>Saxe-Anhalt<\/strong><\/td><td>en cours de planification<\/td><td>en cours de planification<\/td><td>en cours de planification<\/td><td>en cours de planification<\/td><\/tr><tr><td><strong>Schleswig-Holstein<\/strong><\/td><td>depuis 2023<\/td><td>depuis 2023<\/td><td>depuis 2025<\/td><td>gestaffelt seit 2026<\/td><\/tr><tr><td><strong>Thuringe<\/strong><\/td><td>en cours de planification<\/td><td>en cours de planification<\/td><td>en cours de planification<\/td><td>en cours de planification<\/td><\/tr><\/tbody><\/table><\/figure>\n\n\n\n<h2 class=\"wp-block-heading\">Conclusion<\/h2>\n\n\n\n<p>Insgesamt bleibt die politische Diskussion um eine allgemeine Solarpflicht dynamisch. Der Ausbau der Photovoltaik gilt als zentrale Voraussetzung f\u00fcr die Erreichung der Klimaziele, und das technische Potenzial auf Geb\u00e4uden ist vorhanden. W\u00e4hrend Kritiker vor allem Investitionskosten und b\u00fcrokratische Belastungen anf\u00fchren, verweisen Bef\u00fcrworter auf sinkende Anlagenpreise, langfristige Stromkostenvorteile und steigende Anforderungen durch EU-Recht. Sp\u00e4testens mit der nationalen Umsetzung der EPBD-Vorgaben bis Mai 2026 ist daher mit weiteren Versch\u00e4rfungen und einer st\u00e4rkeren Angleichung der Regelungen zu rechnen.<\/p>\n\n\n\n<div style=\"height:100px\" aria-hidden=\"true\" class=\"wp-block-spacer\"><\/div>\n\n\n\n<div class=\"wp-block-buttons is-layout-flex wp-block-buttons-is-layout-flex\">\n<div class=\"wp-block-button\"><a class=\"wp-block-button__link wp-element-button\" href=\"https:\/\/cubeconcepts.de\/fr\/categorie\/actualites-solaires\/\">Retour \u00e0 l'aper\u00e7u<\/a><\/div>\n<\/div>","protected":false},"excerpt":{"rendered":"<p>Stand: Februar 2026: Eine bundeseinheitliche Solarpflicht f\u00fcr Immobilien existiert in Deutschland weiterhin nicht. Zwar hatte die Bundesregierung eine solche Vereinheitlichung politisch angek\u00fcndigt, umgesetzt wurde sie bislang jedoch nicht. Stattdessen bestimmen nach wie vor die Bundesl\u00e4nder \u00fcber konkrete Verpflichtungen, Fristen und Anwendungsbereiche. Parallel steigt der regulatorische Druck deutlich, denn die Mitgliedstaaten der Europ\u00e4ische Union m\u00fcssen die [&hellip;]<\/p>\n","protected":false},"author":3,"featured_media":12478,"comment_status":"closed","ping_status":"open","sticky":false,"template":"","format":"standard","meta":{"_acf_changed":false,"footnotes":""},"categories":[7,50],"tags":[],"class_list":["post-12476","post","type-post","status-publish","format-standard","has-post-thumbnail","hentry","category-solar-news","category-photovoltaik-themen-in-deutschland-wissenswertes-fuer-energieprojekte"],"acf":[],"yoast_head":"<!-- This site is optimized with the Yoast SEO plugin v27.4 - https:\/\/yoast.com\/product\/yoast-seo-wordpress\/ -->\n<title>Wo gilt Solarpflicht bei Immobilien? | CUBE CONCEPTS<\/title>\n<meta name=\"description\" content=\"Die Solarpflicht bei Immobilien ist noch nicht bundesweit geregelt. Dabei ist das PV-Potential in Deutschland riesig.\" \/>\n<meta name=\"robots\" content=\"index, follow, max-snippet:-1, max-image-preview:large, max-video-preview:-1\" \/>\n<link rel=\"canonical\" href=\"https:\/\/cubeconcepts.de\/fr\/obligation-solaire-pour-les-biens-immobiliers\/\" \/>\n<meta property=\"og:locale\" content=\"fr_FR\" \/>\n<meta property=\"og:type\" content=\"article\" \/>\n<meta property=\"og:title\" content=\"Wo gilt Solarpflicht bei Immobilien? | CUBE CONCEPTS\" \/>\n<meta property=\"og:description\" content=\"Die Solarpflicht bei Immobilien ist noch nicht bundesweit geregelt. Dabei ist das PV-Potential in Deutschland riesig.\" \/>\n<meta property=\"og:url\" content=\"https:\/\/cubeconcepts.de\/fr\/obligation-solaire-pour-les-biens-immobiliers\/\" \/>\n<meta property=\"og:site_name\" content=\"CUBE CONCEPTS\" \/>\n<meta property=\"article:published_time\" content=\"2026-02-07T16:12:00+00:00\" \/>\n<meta property=\"article:modified_time\" content=\"2026-02-27T11:29:41+00:00\" \/>\n<meta property=\"og:image\" content=\"https:\/\/cubeconcepts.de\/wp-content\/uploads\/2024\/03\/Solarpflicht-bei-Immobilien-Header-scaled.jpg\" \/>\n\t<meta property=\"og:image:width\" content=\"2560\" \/>\n\t<meta property=\"og:image:height\" content=\"1920\" \/>\n\t<meta property=\"og:image:type\" content=\"image\/jpeg\" \/>\n<meta name=\"author\" content=\"Guido Steenmans\" \/>\n<meta name=\"twitter:card\" content=\"summary_large_image\" \/>\n<meta name=\"twitter:label1\" content=\"\u00c9crit par\" \/>\n\t<meta name=\"twitter:data1\" content=\"Guido Steenmans\" \/>\n\t<meta name=\"twitter:label2\" content=\"Dur\u00e9e de lecture estim\u00e9e\" \/>\n\t<meta name=\"twitter:data2\" content=\"4 minutes\" \/>\n<script type=\"application\/ld+json\" class=\"yoast-schema-graph\">{\"@context\":\"https:\\\/\\\/schema.org\",\"@graph\":[{\"@type\":\"Article\",\"@id\":\"https:\\\/\\\/cubeconcepts.de\\\/solarpflicht-bei-immobilien\\\/#article\",\"isPartOf\":{\"@id\":\"https:\\\/\\\/cubeconcepts.de\\\/solarpflicht-bei-immobilien\\\/\"},\"author\":{\"name\":\"Guido Steenmans\",\"@id\":\"https:\\\/\\\/cubeconcepts.de\\\/#\\\/schema\\\/person\\\/2c762e4ca1ea252f42f23ab33248856e\"},\"headline\":\"Solarpflicht bei Immobilien\",\"datePublished\":\"2026-02-07T16:12:00+00:00\",\"dateModified\":\"2026-02-27T11:29:41+00:00\",\"mainEntityOfPage\":{\"@id\":\"https:\\\/\\\/cubeconcepts.de\\\/solarpflicht-bei-immobilien\\\/\"},\"wordCount\":609,\"publisher\":{\"@id\":\"https:\\\/\\\/cubeconcepts.de\\\/#organization\"},\"image\":{\"@id\":\"https:\\\/\\\/cubeconcepts.de\\\/solarpflicht-bei-immobilien\\\/#primaryimage\"},\"thumbnailUrl\":\"https:\\\/\\\/cubeconcepts.de\\\/wp-content\\\/uploads\\\/2024\\\/03\\\/Solarpflicht-bei-Immobilien-Header-scaled.jpg\",\"articleSection\":[\"Energiemarkt News\",\"Photovoltaik Themen in Deutschland: Wissenswertes f\u00fcr Energieprojekte\"],\"inLanguage\":\"fr-FR\"},{\"@type\":\"WebPage\",\"@id\":\"https:\\\/\\\/cubeconcepts.de\\\/solarpflicht-bei-immobilien\\\/\",\"url\":\"https:\\\/\\\/cubeconcepts.de\\\/solarpflicht-bei-immobilien\\\/\",\"name\":\"Wo gilt Solarpflicht bei Immobilien? | CUBE CONCEPTS\",\"isPartOf\":{\"@id\":\"https:\\\/\\\/cubeconcepts.de\\\/#website\"},\"primaryImageOfPage\":{\"@id\":\"https:\\\/\\\/cubeconcepts.de\\\/solarpflicht-bei-immobilien\\\/#primaryimage\"},\"image\":{\"@id\":\"https:\\\/\\\/cubeconcepts.de\\\/solarpflicht-bei-immobilien\\\/#primaryimage\"},\"thumbnailUrl\":\"https:\\\/\\\/cubeconcepts.de\\\/wp-content\\\/uploads\\\/2024\\\/03\\\/Solarpflicht-bei-Immobilien-Header-scaled.jpg\",\"datePublished\":\"2026-02-07T16:12:00+00:00\",\"dateModified\":\"2026-02-27T11:29:41+00:00\",\"description\":\"Die Solarpflicht bei Immobilien ist noch nicht bundesweit geregelt. Dabei ist das PV-Potential in Deutschland riesig.\",\"breadcrumb\":{\"@id\":\"https:\\\/\\\/cubeconcepts.de\\\/solarpflicht-bei-immobilien\\\/#breadcrumb\"},\"inLanguage\":\"fr-FR\",\"potentialAction\":[{\"@type\":\"ReadAction\",\"target\":[\"https:\\\/\\\/cubeconcepts.de\\\/solarpflicht-bei-immobilien\\\/\"]}]},{\"@type\":\"ImageObject\",\"inLanguage\":\"fr-FR\",\"@id\":\"https:\\\/\\\/cubeconcepts.de\\\/solarpflicht-bei-immobilien\\\/#primaryimage\",\"url\":\"https:\\\/\\\/cubeconcepts.de\\\/wp-content\\\/uploads\\\/2024\\\/03\\\/Solarpflicht-bei-Immobilien-Header-scaled.jpg\",\"contentUrl\":\"https:\\\/\\\/cubeconcepts.de\\\/wp-content\\\/uploads\\\/2024\\\/03\\\/Solarpflicht-bei-Immobilien-Header-scaled.jpg\",\"width\":2560,\"height\":1920,\"caption\":\"Solarpflicht bei Immobilien - Header\"},{\"@type\":\"BreadcrumbList\",\"@id\":\"https:\\\/\\\/cubeconcepts.de\\\/solarpflicht-bei-immobilien\\\/#breadcrumb\",\"itemListElement\":[{\"@type\":\"ListItem\",\"position\":1,\"name\":\"Startseite\",\"item\":\"https:\\\/\\\/cubeconcepts.de\\\/\"},{\"@type\":\"ListItem\",\"position\":2,\"name\":\"Solarpflicht bei Immobilien\"}]},{\"@type\":\"WebSite\",\"@id\":\"https:\\\/\\\/cubeconcepts.de\\\/#website\",\"url\":\"https:\\\/\\\/cubeconcepts.de\\\/\",\"name\":\"CUBE CONCEPTS\",\"description\":\"Ihr PV-Architekt &amp; Full-Service-Partner f\u00fcr\",\"publisher\":{\"@id\":\"https:\\\/\\\/cubeconcepts.de\\\/#organization\"},\"potentialAction\":[{\"@type\":\"SearchAction\",\"target\":{\"@type\":\"EntryPoint\",\"urlTemplate\":\"https:\\\/\\\/cubeconcepts.de\\\/?s={search_term_string}\"},\"query-input\":{\"@type\":\"PropertyValueSpecification\",\"valueRequired\":true,\"valueName\":\"search_term_string\"}}],\"inLanguage\":\"fr-FR\"},{\"@type\":\"Organization\",\"@id\":\"https:\\\/\\\/cubeconcepts.de\\\/#organization\",\"name\":\"CUBE CONCEPTS\",\"url\":\"https:\\\/\\\/cubeconcepts.de\\\/\",\"logo\":{\"@type\":\"ImageObject\",\"inLanguage\":\"fr-FR\",\"@id\":\"https:\\\/\\\/cubeconcepts.de\\\/#\\\/schema\\\/logo\\\/image\\\/\",\"url\":\"https:\\\/\\\/cubeconcepts.de\\\/wp-content\\\/uploads\\\/2023\\\/01\\\/CUBE_CONCEPT-Logo.png\",\"contentUrl\":\"https:\\\/\\\/cubeconcepts.de\\\/wp-content\\\/uploads\\\/2023\\\/01\\\/CUBE_CONCEPT-Logo.png\",\"width\":644,\"height\":207,\"caption\":\"CUBE CONCEPTS\"},\"image\":{\"@id\":\"https:\\\/\\\/cubeconcepts.de\\\/#\\\/schema\\\/logo\\\/image\\\/\"}},{\"@type\":\"Person\",\"@id\":\"https:\\\/\\\/cubeconcepts.de\\\/#\\\/schema\\\/person\\\/2c762e4ca1ea252f42f23ab33248856e\",\"name\":\"Guido Steenmans\",\"image\":{\"@type\":\"ImageObject\",\"inLanguage\":\"fr-FR\",\"@id\":\"https:\\\/\\\/secure.gravatar.com\\\/avatar\\\/e2e7f154cb43615d2863003e03aa7b5d90c4ec5a78860dc5cf1d71cae0db283f?s=96&d=mm&r=g\",\"url\":\"https:\\\/\\\/secure.gravatar.com\\\/avatar\\\/e2e7f154cb43615d2863003e03aa7b5d90c4ec5a78860dc5cf1d71cae0db283f?s=96&d=mm&r=g\",\"contentUrl\":\"https:\\\/\\\/secure.gravatar.com\\\/avatar\\\/e2e7f154cb43615d2863003e03aa7b5d90c4ec5a78860dc5cf1d71cae0db283f?s=96&d=mm&r=g\",\"caption\":\"Guido Steenmans\"}}]}<\/script>\n<!-- \/ Yoast SEO plugin. -->","yoast_head_json":{"title":"O\u00f9 le solaire est-il obligatoire dans l'immobilier ? | CUBE CONCEPTS","description":"L'obligation de l'\u00e9nergie solaire dans l'immobilier n'est pas encore r\u00e9glement\u00e9e au niveau f\u00e9d\u00e9ral. Pourtant, le potentiel photovolta\u00efque est \u00e9norme en Allemagne.","robots":{"index":"index","follow":"follow","max-snippet":"max-snippet:-1","max-image-preview":"max-image-preview:large","max-video-preview":"max-video-preview:-1"},"canonical":"https:\/\/cubeconcepts.de\/fr\/obligation-solaire-pour-les-biens-immobiliers\/","og_locale":"fr_FR","og_type":"article","og_title":"Wo gilt Solarpflicht bei Immobilien? | CUBE CONCEPTS","og_description":"Die Solarpflicht bei Immobilien ist noch nicht bundesweit geregelt. Dabei ist das PV-Potential in Deutschland riesig.","og_url":"https:\/\/cubeconcepts.de\/fr\/obligation-solaire-pour-les-biens-immobiliers\/","og_site_name":"CUBE CONCEPTS","article_published_time":"2026-02-07T16:12:00+00:00","article_modified_time":"2026-02-27T11:29:41+00:00","og_image":[{"width":2560,"height":1920,"url":"https:\/\/cubeconcepts.de\/wp-content\/uploads\/2024\/03\/Solarpflicht-bei-Immobilien-Header-scaled.jpg","type":"image\/jpeg"}],"author":"Guido Steenmans","twitter_card":"summary_large_image","twitter_misc":{"\u00c9crit par":"Guido Steenmans","Dur\u00e9e de lecture estim\u00e9e":"4 minutes"},"schema":{"@context":"https:\/\/schema.org","@graph":[{"@type":"Article","@id":"https:\/\/cubeconcepts.de\/solarpflicht-bei-immobilien\/#article","isPartOf":{"@id":"https:\/\/cubeconcepts.de\/solarpflicht-bei-immobilien\/"},"author":{"name":"Guido Steenmans","@id":"https:\/\/cubeconcepts.de\/#\/schema\/person\/2c762e4ca1ea252f42f23ab33248856e"},"headline":"Solarpflicht bei Immobilien","datePublished":"2026-02-07T16:12:00+00:00","dateModified":"2026-02-27T11:29:41+00:00","mainEntityOfPage":{"@id":"https:\/\/cubeconcepts.de\/solarpflicht-bei-immobilien\/"},"wordCount":609,"publisher":{"@id":"https:\/\/cubeconcepts.de\/#organization"},"image":{"@id":"https:\/\/cubeconcepts.de\/solarpflicht-bei-immobilien\/#primaryimage"},"thumbnailUrl":"https:\/\/cubeconcepts.de\/wp-content\/uploads\/2024\/03\/Solarpflicht-bei-Immobilien-Header-scaled.jpg","articleSection":["Energiemarkt News","Photovoltaik Themen in Deutschland: Wissenswertes f\u00fcr Energieprojekte"],"inLanguage":"fr-FR"},{"@type":"WebPage","@id":"https:\/\/cubeconcepts.de\/solarpflicht-bei-immobilien\/","url":"https:\/\/cubeconcepts.de\/solarpflicht-bei-immobilien\/","name":"O\u00f9 le solaire est-il obligatoire dans l'immobilier ? | CUBE CONCEPTS","isPartOf":{"@id":"https:\/\/cubeconcepts.de\/#website"},"primaryImageOfPage":{"@id":"https:\/\/cubeconcepts.de\/solarpflicht-bei-immobilien\/#primaryimage"},"image":{"@id":"https:\/\/cubeconcepts.de\/solarpflicht-bei-immobilien\/#primaryimage"},"thumbnailUrl":"https:\/\/cubeconcepts.de\/wp-content\/uploads\/2024\/03\/Solarpflicht-bei-Immobilien-Header-scaled.jpg","datePublished":"2026-02-07T16:12:00+00:00","dateModified":"2026-02-27T11:29:41+00:00","description":"L'obligation de l'\u00e9nergie solaire dans l'immobilier n'est pas encore r\u00e9glement\u00e9e au niveau f\u00e9d\u00e9ral. Pourtant, le potentiel photovolta\u00efque est \u00e9norme en Allemagne.","breadcrumb":{"@id":"https:\/\/cubeconcepts.de\/solarpflicht-bei-immobilien\/#breadcrumb"},"inLanguage":"fr-FR","potentialAction":[{"@type":"ReadAction","target":["https:\/\/cubeconcepts.de\/solarpflicht-bei-immobilien\/"]}]},{"@type":"ImageObject","inLanguage":"fr-FR","@id":"https:\/\/cubeconcepts.de\/solarpflicht-bei-immobilien\/#primaryimage","url":"https:\/\/cubeconcepts.de\/wp-content\/uploads\/2024\/03\/Solarpflicht-bei-Immobilien-Header-scaled.jpg","contentUrl":"https:\/\/cubeconcepts.de\/wp-content\/uploads\/2024\/03\/Solarpflicht-bei-Immobilien-Header-scaled.jpg","width":2560,"height":1920,"caption":"Solarpflicht bei Immobilien - Header"},{"@type":"BreadcrumbList","@id":"https:\/\/cubeconcepts.de\/solarpflicht-bei-immobilien\/#breadcrumb","itemListElement":[{"@type":"ListItem","position":1,"name":"Startseite","item":"https:\/\/cubeconcepts.de\/"},{"@type":"ListItem","position":2,"name":"Solarpflicht bei Immobilien"}]},{"@type":"WebSite","@id":"https:\/\/cubeconcepts.de\/#website","url":"https:\/\/cubeconcepts.de\/","name":"CUBE CONCEPTS","description":"Votre architecte PV &amp; partenaire de service complet pour","publisher":{"@id":"https:\/\/cubeconcepts.de\/#organization"},"potentialAction":[{"@type":"SearchAction","target":{"@type":"EntryPoint","urlTemplate":"https:\/\/cubeconcepts.de\/?s={search_term_string}"},"query-input":{"@type":"PropertyValueSpecification","valueRequired":true,"valueName":"search_term_string"}}],"inLanguage":"fr-FR"},{"@type":"Organization","@id":"https:\/\/cubeconcepts.de\/#organization","name":"CUBE CONCEPTS","url":"https:\/\/cubeconcepts.de\/","logo":{"@type":"ImageObject","inLanguage":"fr-FR","@id":"https:\/\/cubeconcepts.de\/#\/schema\/logo\/image\/","url":"https:\/\/cubeconcepts.de\/wp-content\/uploads\/2023\/01\/CUBE_CONCEPT-Logo.png","contentUrl":"https:\/\/cubeconcepts.de\/wp-content\/uploads\/2023\/01\/CUBE_CONCEPT-Logo.png","width":644,"height":207,"caption":"CUBE CONCEPTS"},"image":{"@id":"https:\/\/cubeconcepts.de\/#\/schema\/logo\/image\/"}},{"@type":"Person","@id":"https:\/\/cubeconcepts.de\/#\/schema\/person\/2c762e4ca1ea252f42f23ab33248856e","name":"Guido Steenmans","image":{"@type":"ImageObject","inLanguage":"fr-FR","@id":"https:\/\/secure.gravatar.com\/avatar\/e2e7f154cb43615d2863003e03aa7b5d90c4ec5a78860dc5cf1d71cae0db283f?s=96&d=mm&r=g","url":"https:\/\/secure.gravatar.com\/avatar\/e2e7f154cb43615d2863003e03aa7b5d90c4ec5a78860dc5cf1d71cae0db283f?s=96&d=mm&r=g","contentUrl":"https:\/\/secure.gravatar.com\/avatar\/e2e7f154cb43615d2863003e03aa7b5d90c4ec5a78860dc5cf1d71cae0db283f?s=96&d=mm&r=g","caption":"Guido Steenmans"}}]}},"_links":{"self":[{"href":"https:\/\/cubeconcepts.de\/fr\/wp-json\/wp\/v2\/posts\/12476","targetHints":{"allow":["GET"]}}],"collection":[{"href":"https:\/\/cubeconcepts.de\/fr\/wp-json\/wp\/v2\/posts"}],"about":[{"href":"https:\/\/cubeconcepts.de\/fr\/wp-json\/wp\/v2\/types\/post"}],"author":[{"embeddable":true,"href":"https:\/\/cubeconcepts.de\/fr\/wp-json\/wp\/v2\/users\/3"}],"replies":[{"embeddable":true,"href":"https:\/\/cubeconcepts.de\/fr\/wp-json\/wp\/v2\/comments?post=12476"}],"version-history":[{"count":0,"href":"https:\/\/cubeconcepts.de\/fr\/wp-json\/wp\/v2\/posts\/12476\/revisions"}],"wp:featuredmedia":[{"embeddable":true,"href":"https:\/\/cubeconcepts.de\/fr\/wp-json\/wp\/v2\/media\/12478"}],"wp:attachment":[{"href":"https:\/\/cubeconcepts.de\/fr\/wp-json\/wp\/v2\/media?parent=12476"}],"wp:term":[{"taxonomy":"category","embeddable":true,"href":"https:\/\/cubeconcepts.de\/fr\/wp-json\/wp\/v2\/categories?post=12476"},{"taxonomy":"post_tag","embeddable":true,"href":"https:\/\/cubeconcepts.de\/fr\/wp-json\/wp\/v2\/tags?post=12476"}],"curies":[{"name":"wp","href":"https:\/\/api.w.org\/{rel}","templated":true}]}}