{"id":10633,"date":"2023-11-09T12:29:48","date_gmt":"2023-11-09T11:29:48","guid":{"rendered":"https:\/\/cubeconcepts.de\/?p=10633"},"modified":"2025-05-15T07:43:43","modified_gmt":"2025-05-15T05:43:43","slug":"les-tarifs-de-reseau-devraient-augmenter-de-10-pour-cent","status":"publish","type":"post","link":"https:\/\/cubeconcepts.de\/fr\/netzentgelte-sollen-um-10-prozent-steigen\/","title":{"rendered":"Les tarifs du r\u00e9seau devraient augmenter de 10 pour cent"},"content":{"rendered":"<p>En 2023, le prix de l'\u00e9lectricit\u00e9 pour les clients commerciaux et industriels se composera d'environ 90 % d'achat, de distribution et de r\u00e9mun\u00e9ration du r\u00e9seau et de 10 % d'imp\u00f4ts, de pr\u00e9l\u00e8vements et d'autres taxes. En moyenne, une entreprise dont la consommation annuelle en moyenne tension se situe entre 150 000 et 20 millions de kWh paiera au total environ 26,5 centimes par kilowattheure lors d'une nouvelle souscription. Selon les donn\u00e9es de l'Agence f\u00e9d\u00e9rale des r\u00e9seaux, la part des r\u00e9mun\u00e9rations du r\u00e9seau pur s'\u00e9l\u00e8ve en 2022 \u00e0 6,85 ct\/kWh en moyenne pour les clients commerciaux et \u00e0 2,96 ct\/kWh pour les clients industriels. En novembre 2023, en r\u00e9ponse \u00e0 une petite question du groupe parlementaire de l'Union, le minist\u00e8re f\u00e9d\u00e9ral de l'\u00c9conomie a fait savoir que <strong>les tarifs de r\u00e9seau augmenteront en moyenne de 10 \u00e0 11 % en 2024<\/strong>.<\/p>\n\n\n\n<h2 class=\"wp-block-heading\">Que sont les r\u00e9mun\u00e9rations du r\u00e9seau ?<\/h2>\n\n\n\n<p>Les redevances de r\u00e9seau sont des redevances per\u00e7ues pour l'utilisation de l'infrastructure \u00e9nerg\u00e9tique, notamment pour le transport de l'\u00e9lectricit\u00e9 ou du gaz. Ces redevances couvrent les co\u00fbts d'exploitation, d'entretien et de d\u00e9veloppement des r\u00e9seaux n\u00e9cessaires \u00e0 la distribution et au transport de l'\u00e9nergie. Les redevances de r\u00e9seau sont g\u00e9n\u00e9ralement per\u00e7ues par les gestionnaires de r\u00e9seau et peuvent varier en fonction de la r\u00e9gion et du type d'\u00e9nergie. En principe, il faut toutefois faire la distinction entre <strong>R\u00e9mun\u00e9rations du r\u00e9seau de distribution<\/strong> et <strong>R\u00e9mun\u00e9ration du r\u00e9seau de transport<\/strong> peuvent \u00eatre distingu\u00e9s.<\/p>\n\n\n\n<h2 class=\"wp-block-heading\">R\u00e9mun\u00e9rations des gestionnaires de r\u00e9seau de distribution<\/h2>\n\n\n\n<p>En Allemagne, il y a environ <strong>900 Gestionnaires de r\u00e9seau d'\u00e9lectricit\u00e9 et de distribution<\/strong>qui <strong>des tarifs de r\u00e9seau diff\u00e9rents selon les r\u00e9gions<\/strong> pr\u00e9l\u00e8vent. La tarification d\u00e9pend de la part d'\u00e9nergie renouvelable dans le secteur, du nombre de petits consommateurs, d'entreprises industrielles dans diff\u00e9rents secteurs qui sollicitent le r\u00e9seau \u00e0 diff\u00e9rents moments de la journ\u00e9e et du besoin de r\u00e9novation du r\u00e9seau. Les aides publiques sont tr\u00e8s variables et, comme l'ont indiqu\u00e9 plusieurs gestionnaires de r\u00e9seau de distribution, les prix sont plus \u00e9lev\u00e9s dans les zones urbaines que dans les zones rurales. <strong>ces tarifs de r\u00e9seau augmenteront entre 15 et 19 % pour 2024<\/strong>. Mais les tarifs de r\u00e9seau pay\u00e9s en fin de compte par le consommateur final se composent \u00e9galement des tarifs de r\u00e9seau des gestionnaires de r\u00e9seau de transport.<\/p>\n\n\n\n<h2 class=\"wp-block-heading\">R\u00e9mun\u00e9rations des gestionnaires de r\u00e9seau de transport<\/h2>\n\n\n\n<p>Les r\u00e9seaux de transport servent \u00e0 acheminer l'\u00e9nergie \u00e9lectrique via <strong>longues distances<\/strong> des sources de production vers les centres de consommation. Ces r\u00e9seaux se composent de lignes \u00e0 haute tension et d'installations de transport qui permettent <strong>transmettre de grandes quantit\u00e9s d'\u00e9nergie \u00e9lectrique avec un minimum de perte d'\u00e9nergie<\/strong>. Les r\u00e9seaux de transmission sont bas\u00e9s sur <strong>organis\u00e9 au niveau national<\/strong> et sont g\u00e9r\u00e9s par des gestionnaires de r\u00e9seau de transport. En Allemagne, les tarifs du r\u00e9seau ont \u00e9t\u00e9 uniformis\u00e9s depuis 2017, d'abord par la loi sur la modernisation des tarifs du r\u00e9seau (Netzentgeltmodernisierungsgesetz, NEMoG), puis par le \"r\u00e8glement sur l'introduction progressive de tarifs de r\u00e9seau de transport uniformes au niveau f\u00e9d\u00e9ral\" jusqu'en 2023, et se situent aujourd'hui <strong>uniforme \u00e0 3,12 ct\/kWh<\/strong>. En 2024, les op\u00e9rateurs continueront \u00e0 \u00eatre subventionn\u00e9s par l'Etat f\u00e9d\u00e9ral \u00e0 hauteur de 5,5 milliards d'euros et pourront en outre comptabiliser en 2022 un paiement unique de 13 milliards d'euros suite \u00e0 la suppression de l'EEG-Umlage. Par cons\u00e9quent, les r\u00e9tributions du r\u00e9seau <strong>Les gestionnaires de r\u00e9seau de transport augmentent de 2 %<\/strong>.<\/p>\n\n\n\n<h2 class=\"wp-block-heading\">Quels sont les facteurs de co\u00fbts ?<\/h2>\n\n\n\n<p>Tous les op\u00e9rateurs de r\u00e9seau rapportent que <strong>le <a href=\"https:\/\/cubeconcepts.de\/fr\/redispatch-2-0-et-installations-photovoltaiques\/\">Redispatch<\/a> et le d\u00e9veloppement de la r\u00e9serve de r\u00e9seau<\/strong> font actuellement grimper les co\u00fbts. Les exigences r\u00e9glementaires jouent \u00e9galement un r\u00f4le crucial, car les conditions impos\u00e9es par les autorit\u00e9s de surveillance peuvent augmenter les co\u00fbts pour les gestionnaires de r\u00e9seau. La politique \u00e9nerg\u00e9tique, notamment le d\u00e9veloppement des \u00e9nergies renouvelables, peut entra\u00eener des co\u00fbts suppl\u00e9mentaires, car les r\u00e9seaux doivent \u00eatre adapt\u00e9s pour g\u00e9rer le caract\u00e8re d\u00e9centralis\u00e9 de ces sources d'\u00e9nergie. Les pertes de r\u00e9seau pendant le transport de l'\u00e9nergie sont un autre facteur de co\u00fbt important. L'entretien des r\u00e9seaux, afin de garantir leur efficacit\u00e9 et leur fiabilit\u00e9, n\u00e9cessite des ressources financi\u00e8res r\u00e9guli\u00e8res. Les co\u00fbts de personnel pour le personnel qualifi\u00e9 charg\u00e9 de la gestion et de l'entretien des r\u00e9seaux contribuent \u00e9galement \u00e0 l'ensemble des co\u00fbts. En outre, les d\u00e9veloppements technologiques, bien qu'ils puissent permettre des gains d'efficacit\u00e9, peuvent \u00e9galement entra\u00eener des co\u00fbts d'investissement. La composition exacte des tarifs de r\u00e9seau varie en fonction de la r\u00e9gion, de la politique \u00e9nerg\u00e9tique et de l'environnement r\u00e9glementaire.<\/p>\n\n\n\n<div style=\"height:100px\" aria-hidden=\"true\" class=\"wp-block-spacer\"><\/div>\n\n\n\n<div class=\"wp-block-buttons is-layout-flex wp-block-buttons-is-layout-flex\">\n<div class=\"wp-block-button\"><a class=\"wp-block-button__link wp-element-button\" href=\"https:\/\/cubeconcepts.de\/fr\/categorie\/themes-photovoltaiques\/\">Retour \u00e0 l'aper\u00e7u<\/a><\/div>\n<\/div>","protected":false},"excerpt":{"rendered":"<p>Der Strompreis f\u00fcr Gewerbe- und Industriekunden setzt sich im Jahr 2023 zu etwa 90 % aus Beschaffung, Vertrieb und Netzentgelte und zu 10 % aus Steuern, Umlagen und sonstigen Abgaben zusammen. Durchschnittlich bezahlt ein Unternehmen, das einen Mittelspannungs-Jahresverbrauch zwischen 150.000 und 20 Millionen kWh hat, bei einem Neuabschluss insgesamt rund 26,5 Cent pro Kilowattstunde. Laut [&hellip;]<\/p>\n","protected":false},"author":3,"featured_media":10635,"comment_status":"closed","ping_status":"open","sticky":false,"template":"","format":"standard","meta":{"_acf_changed":false,"footnotes":""},"categories":[7,50],"tags":[],"class_list":["post-10633","post","type-post","status-publish","format-standard","has-post-thumbnail","hentry","category-solar-news","category-photovoltaik-themen-in-deutschland-wissenswertes-fuer-energieprojekte"],"acf":[],"yoast_head":"<!-- This site is optimized with the Yoast SEO plugin v27.4 - https:\/\/yoast.com\/product\/yoast-seo-wordpress\/ -->\n<title>Netzentgelte sollen um 10 Prozent steigen | CUBE CONCEPTS<\/title>\n<meta name=\"description\" content=\"Die Netzentgelte verteilen sich auf die \u00dcbertragungsnetz- und Verteilnetzbetreiber. F\u00fcr 2024 sollen sie um mindestens 10% steigen.\" \/>\n<meta name=\"robots\" content=\"index, follow, max-snippet:-1, max-image-preview:large, max-video-preview:-1\" \/>\n<link rel=\"canonical\" href=\"https:\/\/cubeconcepts.de\/fr\/les-tarifs-de-reseau-devraient-augmenter-de-10-pour-cent\/\" \/>\n<meta property=\"og:locale\" content=\"fr_FR\" \/>\n<meta property=\"og:type\" content=\"article\" \/>\n<meta property=\"og:title\" content=\"Netzentgelte sollen um 10 Prozent steigen | CUBE CONCEPTS\" \/>\n<meta property=\"og:description\" content=\"Die Netzentgelte verteilen sich auf die \u00dcbertragungsnetz- und Verteilnetzbetreiber. F\u00fcr 2024 sollen sie um mindestens 10% steigen.\" \/>\n<meta property=\"og:url\" content=\"https:\/\/cubeconcepts.de\/fr\/les-tarifs-de-reseau-devraient-augmenter-de-10-pour-cent\/\" \/>\n<meta property=\"og:site_name\" content=\"CUBE CONCEPTS\" \/>\n<meta property=\"article:published_time\" content=\"2023-11-09T11:29:48+00:00\" \/>\n<meta property=\"article:modified_time\" content=\"2025-05-15T05:43:43+00:00\" \/>\n<meta property=\"og:image\" content=\"https:\/\/cubeconcepts.de\/wp-content\/uploads\/2023\/11\/Netzentgelte-Header-scaled.jpg\" \/>\n\t<meta property=\"og:image:width\" content=\"2560\" \/>\n\t<meta property=\"og:image:height\" content=\"1715\" \/>\n\t<meta property=\"og:image:type\" content=\"image\/jpeg\" \/>\n<meta name=\"author\" content=\"Guido Steenmans\" \/>\n<meta name=\"twitter:card\" content=\"summary_large_image\" \/>\n<meta name=\"twitter:label1\" content=\"\u00c9crit par\" \/>\n\t<meta name=\"twitter:data1\" content=\"Guido Steenmans\" \/>\n\t<meta name=\"twitter:label2\" content=\"Dur\u00e9e de lecture estim\u00e9e\" \/>\n\t<meta name=\"twitter:data2\" content=\"4 minutes\" \/>\n<script type=\"application\/ld+json\" class=\"yoast-schema-graph\">{\"@context\":\"https:\\\/\\\/schema.org\",\"@graph\":[{\"@type\":\"Article\",\"@id\":\"https:\\\/\\\/cubeconcepts.de\\\/netzentgelte-sollen-um-10-prozent-steigen\\\/#article\",\"isPartOf\":{\"@id\":\"https:\\\/\\\/cubeconcepts.de\\\/netzentgelte-sollen-um-10-prozent-steigen\\\/\"},\"author\":{\"name\":\"Guido Steenmans\",\"@id\":\"https:\\\/\\\/cubeconcepts.de\\\/#\\\/schema\\\/person\\\/2c762e4ca1ea252f42f23ab33248856e\"},\"headline\":\"Netzentgelte sollen um 10 Prozent steigen\",\"datePublished\":\"2023-11-09T11:29:48+00:00\",\"dateModified\":\"2025-05-15T05:43:43+00:00\",\"mainEntityOfPage\":{\"@id\":\"https:\\\/\\\/cubeconcepts.de\\\/netzentgelte-sollen-um-10-prozent-steigen\\\/\"},\"wordCount\":549,\"publisher\":{\"@id\":\"https:\\\/\\\/cubeconcepts.de\\\/#organization\"},\"image\":{\"@id\":\"https:\\\/\\\/cubeconcepts.de\\\/netzentgelte-sollen-um-10-prozent-steigen\\\/#primaryimage\"},\"thumbnailUrl\":\"https:\\\/\\\/cubeconcepts.de\\\/wp-content\\\/uploads\\\/2023\\\/11\\\/Netzentgelte-Header-scaled.jpg\",\"articleSection\":[\"Energiemarkt News\",\"Photovoltaik Themen in Deutschland: Wissenswertes f\u00fcr Energieprojekte\"],\"inLanguage\":\"fr-FR\"},{\"@type\":\"WebPage\",\"@id\":\"https:\\\/\\\/cubeconcepts.de\\\/netzentgelte-sollen-um-10-prozent-steigen\\\/\",\"url\":\"https:\\\/\\\/cubeconcepts.de\\\/netzentgelte-sollen-um-10-prozent-steigen\\\/\",\"name\":\"Netzentgelte sollen um 10 Prozent steigen | CUBE CONCEPTS\",\"isPartOf\":{\"@id\":\"https:\\\/\\\/cubeconcepts.de\\\/#website\"},\"primaryImageOfPage\":{\"@id\":\"https:\\\/\\\/cubeconcepts.de\\\/netzentgelte-sollen-um-10-prozent-steigen\\\/#primaryimage\"},\"image\":{\"@id\":\"https:\\\/\\\/cubeconcepts.de\\\/netzentgelte-sollen-um-10-prozent-steigen\\\/#primaryimage\"},\"thumbnailUrl\":\"https:\\\/\\\/cubeconcepts.de\\\/wp-content\\\/uploads\\\/2023\\\/11\\\/Netzentgelte-Header-scaled.jpg\",\"datePublished\":\"2023-11-09T11:29:48+00:00\",\"dateModified\":\"2025-05-15T05:43:43+00:00\",\"description\":\"Die Netzentgelte verteilen sich auf die \u00dcbertragungsnetz- und Verteilnetzbetreiber. F\u00fcr 2024 sollen sie um mindestens 10% steigen.\",\"breadcrumb\":{\"@id\":\"https:\\\/\\\/cubeconcepts.de\\\/netzentgelte-sollen-um-10-prozent-steigen\\\/#breadcrumb\"},\"inLanguage\":\"fr-FR\",\"potentialAction\":[{\"@type\":\"ReadAction\",\"target\":[\"https:\\\/\\\/cubeconcepts.de\\\/netzentgelte-sollen-um-10-prozent-steigen\\\/\"]}]},{\"@type\":\"ImageObject\",\"inLanguage\":\"fr-FR\",\"@id\":\"https:\\\/\\\/cubeconcepts.de\\\/netzentgelte-sollen-um-10-prozent-steigen\\\/#primaryimage\",\"url\":\"https:\\\/\\\/cubeconcepts.de\\\/wp-content\\\/uploads\\\/2023\\\/11\\\/Netzentgelte-Header-scaled.jpg\",\"contentUrl\":\"https:\\\/\\\/cubeconcepts.de\\\/wp-content\\\/uploads\\\/2023\\\/11\\\/Netzentgelte-Header-scaled.jpg\",\"width\":2560,\"height\":1715,\"caption\":\"Netzentgelte - Header\"},{\"@type\":\"BreadcrumbList\",\"@id\":\"https:\\\/\\\/cubeconcepts.de\\\/netzentgelte-sollen-um-10-prozent-steigen\\\/#breadcrumb\",\"itemListElement\":[{\"@type\":\"ListItem\",\"position\":1,\"name\":\"Startseite\",\"item\":\"https:\\\/\\\/cubeconcepts.de\\\/\"},{\"@type\":\"ListItem\",\"position\":2,\"name\":\"Netzentgelte sollen um 10 Prozent steigen\"}]},{\"@type\":\"WebSite\",\"@id\":\"https:\\\/\\\/cubeconcepts.de\\\/#website\",\"url\":\"https:\\\/\\\/cubeconcepts.de\\\/\",\"name\":\"CUBE CONCEPTS\",\"description\":\"Ihr PV-Architekt &amp; Full-Service-Partner f\u00fcr\",\"publisher\":{\"@id\":\"https:\\\/\\\/cubeconcepts.de\\\/#organization\"},\"potentialAction\":[{\"@type\":\"SearchAction\",\"target\":{\"@type\":\"EntryPoint\",\"urlTemplate\":\"https:\\\/\\\/cubeconcepts.de\\\/?s={search_term_string}\"},\"query-input\":{\"@type\":\"PropertyValueSpecification\",\"valueRequired\":true,\"valueName\":\"search_term_string\"}}],\"inLanguage\":\"fr-FR\"},{\"@type\":\"Organization\",\"@id\":\"https:\\\/\\\/cubeconcepts.de\\\/#organization\",\"name\":\"CUBE CONCEPTS\",\"url\":\"https:\\\/\\\/cubeconcepts.de\\\/\",\"logo\":{\"@type\":\"ImageObject\",\"inLanguage\":\"fr-FR\",\"@id\":\"https:\\\/\\\/cubeconcepts.de\\\/#\\\/schema\\\/logo\\\/image\\\/\",\"url\":\"https:\\\/\\\/cubeconcepts.de\\\/wp-content\\\/uploads\\\/2023\\\/01\\\/CUBE_CONCEPT-Logo.png\",\"contentUrl\":\"https:\\\/\\\/cubeconcepts.de\\\/wp-content\\\/uploads\\\/2023\\\/01\\\/CUBE_CONCEPT-Logo.png\",\"width\":644,\"height\":207,\"caption\":\"CUBE CONCEPTS\"},\"image\":{\"@id\":\"https:\\\/\\\/cubeconcepts.de\\\/#\\\/schema\\\/logo\\\/image\\\/\"}},{\"@type\":\"Person\",\"@id\":\"https:\\\/\\\/cubeconcepts.de\\\/#\\\/schema\\\/person\\\/2c762e4ca1ea252f42f23ab33248856e\",\"name\":\"Guido Steenmans\",\"image\":{\"@type\":\"ImageObject\",\"inLanguage\":\"fr-FR\",\"@id\":\"https:\\\/\\\/secure.gravatar.com\\\/avatar\\\/e2e7f154cb43615d2863003e03aa7b5d90c4ec5a78860dc5cf1d71cae0db283f?s=96&d=mm&r=g\",\"url\":\"https:\\\/\\\/secure.gravatar.com\\\/avatar\\\/e2e7f154cb43615d2863003e03aa7b5d90c4ec5a78860dc5cf1d71cae0db283f?s=96&d=mm&r=g\",\"contentUrl\":\"https:\\\/\\\/secure.gravatar.com\\\/avatar\\\/e2e7f154cb43615d2863003e03aa7b5d90c4ec5a78860dc5cf1d71cae0db283f?s=96&d=mm&r=g\",\"caption\":\"Guido Steenmans\"}}]}<\/script>\n<!-- \/ Yoast SEO plugin. -->","yoast_head_json":{"title":"Les tarifs du r\u00e9seau devraient augmenter de 10 % | CUBE CONCEPTS","description":"Les r\u00e9mun\u00e9rations du r\u00e9seau sont r\u00e9parties entre les gestionnaires de r\u00e9seau de transport et de distribution. Pour 2024, elles devraient augmenter d'au moins 10%.","robots":{"index":"index","follow":"follow","max-snippet":"max-snippet:-1","max-image-preview":"max-image-preview:large","max-video-preview":"max-video-preview:-1"},"canonical":"https:\/\/cubeconcepts.de\/fr\/les-tarifs-de-reseau-devraient-augmenter-de-10-pour-cent\/","og_locale":"fr_FR","og_type":"article","og_title":"Netzentgelte sollen um 10 Prozent steigen | CUBE CONCEPTS","og_description":"Die Netzentgelte verteilen sich auf die \u00dcbertragungsnetz- und Verteilnetzbetreiber. F\u00fcr 2024 sollen sie um mindestens 10% steigen.","og_url":"https:\/\/cubeconcepts.de\/fr\/les-tarifs-de-reseau-devraient-augmenter-de-10-pour-cent\/","og_site_name":"CUBE CONCEPTS","article_published_time":"2023-11-09T11:29:48+00:00","article_modified_time":"2025-05-15T05:43:43+00:00","og_image":[{"width":2560,"height":1715,"url":"https:\/\/cubeconcepts.de\/wp-content\/uploads\/2023\/11\/Netzentgelte-Header-scaled.jpg","type":"image\/jpeg"}],"author":"Guido Steenmans","twitter_card":"summary_large_image","twitter_misc":{"\u00c9crit par":"Guido Steenmans","Dur\u00e9e de lecture estim\u00e9e":"4 minutes"},"schema":{"@context":"https:\/\/schema.org","@graph":[{"@type":"Article","@id":"https:\/\/cubeconcepts.de\/netzentgelte-sollen-um-10-prozent-steigen\/#article","isPartOf":{"@id":"https:\/\/cubeconcepts.de\/netzentgelte-sollen-um-10-prozent-steigen\/"},"author":{"name":"Guido Steenmans","@id":"https:\/\/cubeconcepts.de\/#\/schema\/person\/2c762e4ca1ea252f42f23ab33248856e"},"headline":"Netzentgelte sollen um 10 Prozent steigen","datePublished":"2023-11-09T11:29:48+00:00","dateModified":"2025-05-15T05:43:43+00:00","mainEntityOfPage":{"@id":"https:\/\/cubeconcepts.de\/netzentgelte-sollen-um-10-prozent-steigen\/"},"wordCount":549,"publisher":{"@id":"https:\/\/cubeconcepts.de\/#organization"},"image":{"@id":"https:\/\/cubeconcepts.de\/netzentgelte-sollen-um-10-prozent-steigen\/#primaryimage"},"thumbnailUrl":"https:\/\/cubeconcepts.de\/wp-content\/uploads\/2023\/11\/Netzentgelte-Header-scaled.jpg","articleSection":["Energiemarkt News","Photovoltaik Themen in Deutschland: Wissenswertes f\u00fcr Energieprojekte"],"inLanguage":"fr-FR"},{"@type":"WebPage","@id":"https:\/\/cubeconcepts.de\/netzentgelte-sollen-um-10-prozent-steigen\/","url":"https:\/\/cubeconcepts.de\/netzentgelte-sollen-um-10-prozent-steigen\/","name":"Les tarifs du r\u00e9seau devraient augmenter de 10 % | CUBE CONCEPTS","isPartOf":{"@id":"https:\/\/cubeconcepts.de\/#website"},"primaryImageOfPage":{"@id":"https:\/\/cubeconcepts.de\/netzentgelte-sollen-um-10-prozent-steigen\/#primaryimage"},"image":{"@id":"https:\/\/cubeconcepts.de\/netzentgelte-sollen-um-10-prozent-steigen\/#primaryimage"},"thumbnailUrl":"https:\/\/cubeconcepts.de\/wp-content\/uploads\/2023\/11\/Netzentgelte-Header-scaled.jpg","datePublished":"2023-11-09T11:29:48+00:00","dateModified":"2025-05-15T05:43:43+00:00","description":"Les r\u00e9mun\u00e9rations du r\u00e9seau sont r\u00e9parties entre les gestionnaires de r\u00e9seau de transport et de distribution. Pour 2024, elles devraient augmenter d'au moins 10%.","breadcrumb":{"@id":"https:\/\/cubeconcepts.de\/netzentgelte-sollen-um-10-prozent-steigen\/#breadcrumb"},"inLanguage":"fr-FR","potentialAction":[{"@type":"ReadAction","target":["https:\/\/cubeconcepts.de\/netzentgelte-sollen-um-10-prozent-steigen\/"]}]},{"@type":"ImageObject","inLanguage":"fr-FR","@id":"https:\/\/cubeconcepts.de\/netzentgelte-sollen-um-10-prozent-steigen\/#primaryimage","url":"https:\/\/cubeconcepts.de\/wp-content\/uploads\/2023\/11\/Netzentgelte-Header-scaled.jpg","contentUrl":"https:\/\/cubeconcepts.de\/wp-content\/uploads\/2023\/11\/Netzentgelte-Header-scaled.jpg","width":2560,"height":1715,"caption":"Netzentgelte - Header"},{"@type":"BreadcrumbList","@id":"https:\/\/cubeconcepts.de\/netzentgelte-sollen-um-10-prozent-steigen\/#breadcrumb","itemListElement":[{"@type":"ListItem","position":1,"name":"Startseite","item":"https:\/\/cubeconcepts.de\/"},{"@type":"ListItem","position":2,"name":"Netzentgelte sollen um 10 Prozent steigen"}]},{"@type":"WebSite","@id":"https:\/\/cubeconcepts.de\/#website","url":"https:\/\/cubeconcepts.de\/","name":"CUBE CONCEPTS","description":"Votre architecte PV &amp; partenaire de service complet pour","publisher":{"@id":"https:\/\/cubeconcepts.de\/#organization"},"potentialAction":[{"@type":"SearchAction","target":{"@type":"EntryPoint","urlTemplate":"https:\/\/cubeconcepts.de\/?s={search_term_string}"},"query-input":{"@type":"PropertyValueSpecification","valueRequired":true,"valueName":"search_term_string"}}],"inLanguage":"fr-FR"},{"@type":"Organization","@id":"https:\/\/cubeconcepts.de\/#organization","name":"CUBE CONCEPTS","url":"https:\/\/cubeconcepts.de\/","logo":{"@type":"ImageObject","inLanguage":"fr-FR","@id":"https:\/\/cubeconcepts.de\/#\/schema\/logo\/image\/","url":"https:\/\/cubeconcepts.de\/wp-content\/uploads\/2023\/01\/CUBE_CONCEPT-Logo.png","contentUrl":"https:\/\/cubeconcepts.de\/wp-content\/uploads\/2023\/01\/CUBE_CONCEPT-Logo.png","width":644,"height":207,"caption":"CUBE CONCEPTS"},"image":{"@id":"https:\/\/cubeconcepts.de\/#\/schema\/logo\/image\/"}},{"@type":"Person","@id":"https:\/\/cubeconcepts.de\/#\/schema\/person\/2c762e4ca1ea252f42f23ab33248856e","name":"Guido Steenmans","image":{"@type":"ImageObject","inLanguage":"fr-FR","@id":"https:\/\/secure.gravatar.com\/avatar\/e2e7f154cb43615d2863003e03aa7b5d90c4ec5a78860dc5cf1d71cae0db283f?s=96&d=mm&r=g","url":"https:\/\/secure.gravatar.com\/avatar\/e2e7f154cb43615d2863003e03aa7b5d90c4ec5a78860dc5cf1d71cae0db283f?s=96&d=mm&r=g","contentUrl":"https:\/\/secure.gravatar.com\/avatar\/e2e7f154cb43615d2863003e03aa7b5d90c4ec5a78860dc5cf1d71cae0db283f?s=96&d=mm&r=g","caption":"Guido Steenmans"}}]}},"_links":{"self":[{"href":"https:\/\/cubeconcepts.de\/fr\/wp-json\/wp\/v2\/posts\/10633","targetHints":{"allow":["GET"]}}],"collection":[{"href":"https:\/\/cubeconcepts.de\/fr\/wp-json\/wp\/v2\/posts"}],"about":[{"href":"https:\/\/cubeconcepts.de\/fr\/wp-json\/wp\/v2\/types\/post"}],"author":[{"embeddable":true,"href":"https:\/\/cubeconcepts.de\/fr\/wp-json\/wp\/v2\/users\/3"}],"replies":[{"embeddable":true,"href":"https:\/\/cubeconcepts.de\/fr\/wp-json\/wp\/v2\/comments?post=10633"}],"version-history":[{"count":0,"href":"https:\/\/cubeconcepts.de\/fr\/wp-json\/wp\/v2\/posts\/10633\/revisions"}],"wp:featuredmedia":[{"embeddable":true,"href":"https:\/\/cubeconcepts.de\/fr\/wp-json\/wp\/v2\/media\/10635"}],"wp:attachment":[{"href":"https:\/\/cubeconcepts.de\/fr\/wp-json\/wp\/v2\/media?parent=10633"}],"wp:term":[{"taxonomy":"category","embeddable":true,"href":"https:\/\/cubeconcepts.de\/fr\/wp-json\/wp\/v2\/categories?post=10633"},{"taxonomy":"post_tag","embeddable":true,"href":"https:\/\/cubeconcepts.de\/fr\/wp-json\/wp\/v2\/tags?post=10633"}],"curies":[{"name":"wp","href":"https:\/\/api.w.org\/{rel}","templated":true}]}}