{"id":5324,"date":"2022-10-01T13:35:00","date_gmt":"2022-10-01T11:35:00","guid":{"rendered":"https:\/\/cubeconcepts.de\/?p=5324"},"modified":"2025-04-24T08:39:04","modified_gmt":"2025-04-24T06:39:04","slug":"pfefferkorn-encarga-una-central-de-749-kwp","status":"publish","type":"post","link":"https:\/\/cubeconcepts.de\/es\/pfefferkorn-nimmt-749-kwp-anlage-in-betrieb\/","title":{"rendered":"Pfefferkorn pone en servicio una instalaci\u00f3n de 749 kWp"},"content":{"rendered":"<p>Desde finales de septiembre de 2022 fluye energ\u00eda limpia desde los tejados de Pfefferkorn, en Simmern. El nuevo sistema fotovoltaico de 749 kWp se realiz\u00f3 junto con CUBE CONCEPTS y desde entonces suministra energ\u00eda solar de bajo coste de forma fiable. En las semanas previas se instalaron 3.700 metros cuadrados de 2.204 m\u00f3dulos solares en las naves de producci\u00f3n.<\/p>\n\n\n\n<h2 class=\"wp-block-heading\">Una importante contribuci\u00f3n a la protecci\u00f3n del medio ambiente<\/h2>\n\n\n\n<p>\"Es el siguiente paso l\u00f3gico para nuestro medio ambiente\", afirma encantado Ralf Gabler, Director General de Pfefferkorn. \"Podemos utilizar unos 450.000 kWh directamente en nuestros edificios y tambi\u00e9n verter unos 210.000 kWh a la red p\u00fablica. As\u00ed contribuimos de forma importante a la protecci\u00f3n del medio ambiente\", afirma Gabler. El sistema fotovoltaico ahorra a la empresa 350.000 kg de CO\u2082 al a\u00f1o.<\/p>\n\n\n\n<figure class=\"wp-block-image alignright size-large is-resized\"><img fetchpriority=\"high\" decoding=\"async\" src=\"https:\/\/cubeconcepts.de\/wp-content\/uploads\/2023\/02\/DJI_0015-1024x575.jpg\" alt=\"\" class=\"wp-image-5325\" width=\"421\" height=\"236\" srcset=\"https:\/\/cubeconcepts.de\/wp-content\/uploads\/2023\/02\/DJI_0015-1024x575.jpg 1024w, https:\/\/cubeconcepts.de\/wp-content\/uploads\/2023\/02\/DJI_0015-300x169.jpg 300w, https:\/\/cubeconcepts.de\/wp-content\/uploads\/2023\/02\/DJI_0015-768x432.jpg 768w, https:\/\/cubeconcepts.de\/wp-content\/uploads\/2023\/02\/DJI_0015-1536x863.jpg 1536w, https:\/\/cubeconcepts.de\/wp-content\/uploads\/2023\/02\/DJI_0015-2048x1151.jpg 2048w\" sizes=\"(max-width: 421px) 100vw, 421px\" \/><\/figure>\n\n\n\n<h2 class=\"wp-block-heading\">Pfefferkorn conf\u00eda en las \u00faltimas tecnolog\u00edas<\/h2>\n\n\n\n<p>La empresa industrial con sede en Hunsr\u00fcck es consciente de su responsabilidad con el medio ambiente y ya ha convertido parte de su flota de veh\u00edculos a veh\u00edculos el\u00e9ctricos. <a href=\"https:\/\/cubeconcepts.de\/es\/productos\/infraestructura-de-recarga\/\">Estaciones de recarga el\u00e9ctrica<\/a> instalados en las instalaciones de la empresa. Para seguir reduciendo las emisiones de CO\u2082 y el consumo de energ\u00eda y recursos. <a href=\"https:\/\/verschluss.de\/pfefferkorn\/\" target=\"_blank\" rel=\"noreferrer noopener\">Peppercorn<\/a> tambi\u00e9n utiliza las \u00faltimas tecnolog\u00edas y sustituye sistem\u00e1ticamente las m\u00e1quinas antiguas por sistemas nuevos y eficientes.<\/p>\n\n\n\n<h2 class=\"wp-block-heading\">Generaci\u00f3n de energ\u00eda respetuosa con el medio ambiente para el futuro<\/h2>\n\n\n\n<p>\"Una instalaci\u00f3n fotovoltaica es la consecuencia l\u00f3gica de nuestros esfuerzos por contribuir a la protecci\u00f3n del medio ambiente y nos complace poder aportar nuestro grano de arena a la generaci\u00f3n de energ\u00eda respetuosa con el medio ambiente\", explicaron los responsables de Pfefferkorn cuando se puso en marcha la instalaci\u00f3n fotovoltaica en el tejado.<\/p>\n\n\n\n<div class=\"wp-block-buttons is-layout-flex wp-block-buttons-is-layout-flex\">\n<div class=\"wp-block-button\"><a class=\"wp-block-button__link wp-element-button\" href=\"https:\/\/cubeconcepts.de\/es\/referencias\/referencias-sistemas-fotovoltaicos-eficaces\/\">Volver<\/a><\/div>\n<\/div>","protected":false},"excerpt":{"rendered":"<p>Seit Ende September 2022 flie\u00dft saubere Energie von den D\u00e4chern Pfefferkorns in Simmern. Die neue 749-kWp-PV-Anlage wurde gemeinsam mit CUBE CONCEPTS realisiert und liefert seit dem zuverl\u00e4ssig g\u00fcnstigen Solarstrom. Auf gut 3.700 Quadratmetern wurden in den Wochen vorher 2.204 Solarmodule auf die Produktionshallen installiert. Ein wichtiger Beitrag zum Umweltschutz \u201eDas ist der n\u00e4chste konsequente Schritt [&hellip;]<\/p>\n","protected":false},"author":3,"featured_media":5075,"comment_status":"closed","ping_status":"open","sticky":false,"template":"","format":"standard","meta":{"_acf_changed":false,"footnotes":""},"categories":[9,1,11],"tags":[],"class_list":["post-5324","post","type-post","status-publish","format-standard","has-post-thumbnail","hentry","category-case-studies","category-news","category-pv-anlagen-auf-dachflaechen"],"acf":[],"yoast_head":"<!-- This site is optimized with the Yoast SEO plugin v27.4 - https:\/\/yoast.com\/product\/yoast-seo-wordpress\/ -->\n<title>Pfefferkorn: neue 749-kWp-PV-Anlage | CUBE CONCEPTS<\/title>\n<meta name=\"description\" content=\"Seit Ende September 2022 flie\u00dft saubere Energie von den D\u00e4chern Pfefferkorns in Simmern. Anlage wurde gemeinsam mit CUBE CONCEPTS realisiert.\" \/>\n<meta name=\"robots\" content=\"index, follow, max-snippet:-1, max-image-preview:large, max-video-preview:-1\" \/>\n<link rel=\"canonical\" href=\"https:\/\/cubeconcepts.de\/es\/pfefferkorn-encarga-una-central-de-749-kwp\/\" \/>\n<meta property=\"og:locale\" content=\"es_ES\" \/>\n<meta property=\"og:type\" content=\"article\" \/>\n<meta property=\"og:title\" content=\"Pfefferkorn: neue 749-kWp-PV-Anlage | CUBE CONCEPTS\" \/>\n<meta property=\"og:description\" content=\"Seit Ende September 2022 flie\u00dft saubere Energie von den D\u00e4chern Pfefferkorns in Simmern. Anlage wurde gemeinsam mit CUBE CONCEPTS realisiert.\" \/>\n<meta property=\"og:url\" content=\"https:\/\/cubeconcepts.de\/es\/pfefferkorn-encarga-una-central-de-749-kwp\/\" \/>\n<meta property=\"og:site_name\" content=\"CUBE CONCEPTS\" \/>\n<meta property=\"article:published_time\" content=\"2022-10-01T11:35:00+00:00\" \/>\n<meta property=\"article:modified_time\" content=\"2025-04-24T06:39:04+00:00\" \/>\n<meta property=\"og:image\" content=\"https:\/\/cubeconcepts.de\/wp-content\/uploads\/2023\/02\/DJI_0037-scaled.jpg\" \/>\n\t<meta property=\"og:image:width\" content=\"2560\" \/>\n\t<meta property=\"og:image:height\" content=\"1438\" \/>\n\t<meta property=\"og:image:type\" content=\"image\/jpeg\" \/>\n<meta name=\"author\" content=\"Guido Steenmans\" \/>\n<meta name=\"twitter:card\" content=\"summary_large_image\" \/>\n<meta name=\"twitter:label1\" content=\"Escrito por\" \/>\n\t<meta name=\"twitter:data1\" content=\"Guido Steenmans\" \/>\n\t<meta name=\"twitter:label2\" content=\"Tiempo de lectura\" \/>\n\t<meta name=\"twitter:data2\" content=\"2 minutos\" \/>\n<script type=\"application\/ld+json\" class=\"yoast-schema-graph\">{\"@context\":\"https:\\\/\\\/schema.org\",\"@graph\":[{\"@type\":\"Article\",\"@id\":\"https:\\\/\\\/cubeconcepts.de\\\/pfefferkorn-nimmt-749-kwp-anlage-in-betrieb\\\/#article\",\"isPartOf\":{\"@id\":\"https:\\\/\\\/cubeconcepts.de\\\/pfefferkorn-nimmt-749-kwp-anlage-in-betrieb\\\/\"},\"author\":{\"name\":\"Guido Steenmans\",\"@id\":\"https:\\\/\\\/cubeconcepts.de\\\/#\\\/schema\\\/person\\\/2c762e4ca1ea252f42f23ab33248856e\"},\"headline\":\"Pfefferkorn nimmt 749-kWp-Anlage in Betrieb\",\"datePublished\":\"2022-10-01T11:35:00+00:00\",\"dateModified\":\"2025-04-24T06:39:04+00:00\",\"mainEntityOfPage\":{\"@id\":\"https:\\\/\\\/cubeconcepts.de\\\/pfefferkorn-nimmt-749-kwp-anlage-in-betrieb\\\/\"},\"wordCount\":227,\"publisher\":{\"@id\":\"https:\\\/\\\/cubeconcepts.de\\\/#organization\"},\"image\":{\"@id\":\"https:\\\/\\\/cubeconcepts.de\\\/pfefferkorn-nimmt-749-kwp-anlage-in-betrieb\\\/#primaryimage\"},\"thumbnailUrl\":\"https:\\\/\\\/cubeconcepts.de\\\/wp-content\\\/uploads\\\/2023\\\/02\\\/DJI_0037-scaled.jpg\",\"articleSection\":[\"Case Studies - wie Unternehmen profitieren\",\"News Archive\",\"PV-Anlagen auf Dachfl\u00e4chen\"],\"inLanguage\":\"es\"},{\"@type\":\"WebPage\",\"@id\":\"https:\\\/\\\/cubeconcepts.de\\\/pfefferkorn-nimmt-749-kwp-anlage-in-betrieb\\\/\",\"url\":\"https:\\\/\\\/cubeconcepts.de\\\/pfefferkorn-nimmt-749-kwp-anlage-in-betrieb\\\/\",\"name\":\"Pfefferkorn: neue 749-kWp-PV-Anlage | CUBE CONCEPTS\",\"isPartOf\":{\"@id\":\"https:\\\/\\\/cubeconcepts.de\\\/#website\"},\"primaryImageOfPage\":{\"@id\":\"https:\\\/\\\/cubeconcepts.de\\\/pfefferkorn-nimmt-749-kwp-anlage-in-betrieb\\\/#primaryimage\"},\"image\":{\"@id\":\"https:\\\/\\\/cubeconcepts.de\\\/pfefferkorn-nimmt-749-kwp-anlage-in-betrieb\\\/#primaryimage\"},\"thumbnailUrl\":\"https:\\\/\\\/cubeconcepts.de\\\/wp-content\\\/uploads\\\/2023\\\/02\\\/DJI_0037-scaled.jpg\",\"datePublished\":\"2022-10-01T11:35:00+00:00\",\"dateModified\":\"2025-04-24T06:39:04+00:00\",\"description\":\"Seit Ende September 2022 flie\u00dft saubere Energie von den D\u00e4chern Pfefferkorns in Simmern. Anlage wurde gemeinsam mit CUBE CONCEPTS realisiert.\",\"breadcrumb\":{\"@id\":\"https:\\\/\\\/cubeconcepts.de\\\/pfefferkorn-nimmt-749-kwp-anlage-in-betrieb\\\/#breadcrumb\"},\"inLanguage\":\"es\",\"potentialAction\":[{\"@type\":\"ReadAction\",\"target\":[\"https:\\\/\\\/cubeconcepts.de\\\/pfefferkorn-nimmt-749-kwp-anlage-in-betrieb\\\/\"]}]},{\"@type\":\"ImageObject\",\"inLanguage\":\"es\",\"@id\":\"https:\\\/\\\/cubeconcepts.de\\\/pfefferkorn-nimmt-749-kwp-anlage-in-betrieb\\\/#primaryimage\",\"url\":\"https:\\\/\\\/cubeconcepts.de\\\/wp-content\\\/uploads\\\/2023\\\/02\\\/DJI_0037-scaled.jpg\",\"contentUrl\":\"https:\\\/\\\/cubeconcepts.de\\\/wp-content\\\/uploads\\\/2023\\\/02\\\/DJI_0037-scaled.jpg\",\"width\":2560,\"height\":1438,\"caption\":\"Referenz Pfefferkorn - Schr\u00e4gansicht Dach-PV-Anlage\"},{\"@type\":\"BreadcrumbList\",\"@id\":\"https:\\\/\\\/cubeconcepts.de\\\/pfefferkorn-nimmt-749-kwp-anlage-in-betrieb\\\/#breadcrumb\",\"itemListElement\":[{\"@type\":\"ListItem\",\"position\":1,\"name\":\"Startseite\",\"item\":\"https:\\\/\\\/cubeconcepts.de\\\/\"},{\"@type\":\"ListItem\",\"position\":2,\"name\":\"Pfefferkorn nimmt 749-kWp-Anlage in Betrieb\"}]},{\"@type\":\"WebSite\",\"@id\":\"https:\\\/\\\/cubeconcepts.de\\\/#website\",\"url\":\"https:\\\/\\\/cubeconcepts.de\\\/\",\"name\":\"CUBE CONCEPTS\",\"description\":\"Ihr PV-Architekt &amp; Full-Service-Partner f\u00fcr\",\"publisher\":{\"@id\":\"https:\\\/\\\/cubeconcepts.de\\\/#organization\"},\"potentialAction\":[{\"@type\":\"SearchAction\",\"target\":{\"@type\":\"EntryPoint\",\"urlTemplate\":\"https:\\\/\\\/cubeconcepts.de\\\/?s={search_term_string}\"},\"query-input\":{\"@type\":\"PropertyValueSpecification\",\"valueRequired\":true,\"valueName\":\"search_term_string\"}}],\"inLanguage\":\"es\"},{\"@type\":\"Organization\",\"@id\":\"https:\\\/\\\/cubeconcepts.de\\\/#organization\",\"name\":\"CUBE CONCEPTS\",\"url\":\"https:\\\/\\\/cubeconcepts.de\\\/\",\"logo\":{\"@type\":\"ImageObject\",\"inLanguage\":\"es\",\"@id\":\"https:\\\/\\\/cubeconcepts.de\\\/#\\\/schema\\\/logo\\\/image\\\/\",\"url\":\"https:\\\/\\\/cubeconcepts.de\\\/wp-content\\\/uploads\\\/2023\\\/01\\\/CUBE_CONCEPT-Logo.png\",\"contentUrl\":\"https:\\\/\\\/cubeconcepts.de\\\/wp-content\\\/uploads\\\/2023\\\/01\\\/CUBE_CONCEPT-Logo.png\",\"width\":644,\"height\":207,\"caption\":\"CUBE CONCEPTS\"},\"image\":{\"@id\":\"https:\\\/\\\/cubeconcepts.de\\\/#\\\/schema\\\/logo\\\/image\\\/\"}},{\"@type\":\"Person\",\"@id\":\"https:\\\/\\\/cubeconcepts.de\\\/#\\\/schema\\\/person\\\/2c762e4ca1ea252f42f23ab33248856e\",\"name\":\"Guido Steenmans\",\"image\":{\"@type\":\"ImageObject\",\"inLanguage\":\"es\",\"@id\":\"https:\\\/\\\/secure.gravatar.com\\\/avatar\\\/e2e7f154cb43615d2863003e03aa7b5d90c4ec5a78860dc5cf1d71cae0db283f?s=96&d=mm&r=g\",\"url\":\"https:\\\/\\\/secure.gravatar.com\\\/avatar\\\/e2e7f154cb43615d2863003e03aa7b5d90c4ec5a78860dc5cf1d71cae0db283f?s=96&d=mm&r=g\",\"contentUrl\":\"https:\\\/\\\/secure.gravatar.com\\\/avatar\\\/e2e7f154cb43615d2863003e03aa7b5d90c4ec5a78860dc5cf1d71cae0db283f?s=96&d=mm&r=g\",\"caption\":\"Guido Steenmans\"}}]}<\/script>\n<!-- \/ Yoast SEO plugin. -->","yoast_head_json":{"title":"Pfefferkorn: nueva instalaci\u00f3n fotovoltaica de 749 kWp | CUBE CONCEPTS","description":"Desde finales de septiembre de 2022 fluye energ\u00eda limpia de los tejados de Pfefferkorn, en Simmern. La planta se realiz\u00f3 en colaboraci\u00f3n con CUBE CONCEPTS.","robots":{"index":"index","follow":"follow","max-snippet":"max-snippet:-1","max-image-preview":"max-image-preview:large","max-video-preview":"max-video-preview:-1"},"canonical":"https:\/\/cubeconcepts.de\/es\/pfefferkorn-encarga-una-central-de-749-kwp\/","og_locale":"es_ES","og_type":"article","og_title":"Pfefferkorn: neue 749-kWp-PV-Anlage | CUBE CONCEPTS","og_description":"Seit Ende September 2022 flie\u00dft saubere Energie von den D\u00e4chern Pfefferkorns in Simmern. Anlage wurde gemeinsam mit CUBE CONCEPTS realisiert.","og_url":"https:\/\/cubeconcepts.de\/es\/pfefferkorn-encarga-una-central-de-749-kwp\/","og_site_name":"CUBE CONCEPTS","article_published_time":"2022-10-01T11:35:00+00:00","article_modified_time":"2025-04-24T06:39:04+00:00","og_image":[{"width":2560,"height":1438,"url":"https:\/\/cubeconcepts.de\/wp-content\/uploads\/2023\/02\/DJI_0037-scaled.jpg","type":"image\/jpeg"}],"author":"Guido Steenmans","twitter_card":"summary_large_image","twitter_misc":{"Escrito por":"Guido Steenmans","Tiempo de lectura":"2 minutos"},"schema":{"@context":"https:\/\/schema.org","@graph":[{"@type":"Article","@id":"https:\/\/cubeconcepts.de\/pfefferkorn-nimmt-749-kwp-anlage-in-betrieb\/#article","isPartOf":{"@id":"https:\/\/cubeconcepts.de\/pfefferkorn-nimmt-749-kwp-anlage-in-betrieb\/"},"author":{"name":"Guido Steenmans","@id":"https:\/\/cubeconcepts.de\/#\/schema\/person\/2c762e4ca1ea252f42f23ab33248856e"},"headline":"Pfefferkorn nimmt 749-kWp-Anlage in Betrieb","datePublished":"2022-10-01T11:35:00+00:00","dateModified":"2025-04-24T06:39:04+00:00","mainEntityOfPage":{"@id":"https:\/\/cubeconcepts.de\/pfefferkorn-nimmt-749-kwp-anlage-in-betrieb\/"},"wordCount":227,"publisher":{"@id":"https:\/\/cubeconcepts.de\/#organization"},"image":{"@id":"https:\/\/cubeconcepts.de\/pfefferkorn-nimmt-749-kwp-anlage-in-betrieb\/#primaryimage"},"thumbnailUrl":"https:\/\/cubeconcepts.de\/wp-content\/uploads\/2023\/02\/DJI_0037-scaled.jpg","articleSection":["Case Studies - wie Unternehmen profitieren","News Archive","PV-Anlagen auf Dachfl\u00e4chen"],"inLanguage":"es"},{"@type":"WebPage","@id":"https:\/\/cubeconcepts.de\/pfefferkorn-nimmt-749-kwp-anlage-in-betrieb\/","url":"https:\/\/cubeconcepts.de\/pfefferkorn-nimmt-749-kwp-anlage-in-betrieb\/","name":"Pfefferkorn: nueva instalaci\u00f3n fotovoltaica de 749 kWp | CUBE CONCEPTS","isPartOf":{"@id":"https:\/\/cubeconcepts.de\/#website"},"primaryImageOfPage":{"@id":"https:\/\/cubeconcepts.de\/pfefferkorn-nimmt-749-kwp-anlage-in-betrieb\/#primaryimage"},"image":{"@id":"https:\/\/cubeconcepts.de\/pfefferkorn-nimmt-749-kwp-anlage-in-betrieb\/#primaryimage"},"thumbnailUrl":"https:\/\/cubeconcepts.de\/wp-content\/uploads\/2023\/02\/DJI_0037-scaled.jpg","datePublished":"2022-10-01T11:35:00+00:00","dateModified":"2025-04-24T06:39:04+00:00","description":"Desde finales de septiembre de 2022 fluye energ\u00eda limpia de los tejados de Pfefferkorn, en Simmern. La planta se realiz\u00f3 en colaboraci\u00f3n con CUBE CONCEPTS.","breadcrumb":{"@id":"https:\/\/cubeconcepts.de\/pfefferkorn-nimmt-749-kwp-anlage-in-betrieb\/#breadcrumb"},"inLanguage":"es","potentialAction":[{"@type":"ReadAction","target":["https:\/\/cubeconcepts.de\/pfefferkorn-nimmt-749-kwp-anlage-in-betrieb\/"]}]},{"@type":"ImageObject","inLanguage":"es","@id":"https:\/\/cubeconcepts.de\/pfefferkorn-nimmt-749-kwp-anlage-in-betrieb\/#primaryimage","url":"https:\/\/cubeconcepts.de\/wp-content\/uploads\/2023\/02\/DJI_0037-scaled.jpg","contentUrl":"https:\/\/cubeconcepts.de\/wp-content\/uploads\/2023\/02\/DJI_0037-scaled.jpg","width":2560,"height":1438,"caption":"Referenz Pfefferkorn - Schr\u00e4gansicht Dach-PV-Anlage"},{"@type":"BreadcrumbList","@id":"https:\/\/cubeconcepts.de\/pfefferkorn-nimmt-749-kwp-anlage-in-betrieb\/#breadcrumb","itemListElement":[{"@type":"ListItem","position":1,"name":"Startseite","item":"https:\/\/cubeconcepts.de\/"},{"@type":"ListItem","position":2,"name":"Pfefferkorn nimmt 749-kWp-Anlage in Betrieb"}]},{"@type":"WebSite","@id":"https:\/\/cubeconcepts.de\/#website","url":"https:\/\/cubeconcepts.de\/","name":"CONCEPTOS DE CUBO","description":"Su arquitecto fotovoltaico y socio de servicios integrales para","publisher":{"@id":"https:\/\/cubeconcepts.de\/#organization"},"potentialAction":[{"@type":"SearchAction","target":{"@type":"EntryPoint","urlTemplate":"https:\/\/cubeconcepts.de\/?s={search_term_string}"},"query-input":{"@type":"PropertyValueSpecification","valueRequired":true,"valueName":"search_term_string"}}],"inLanguage":"es"},{"@type":"Organization","@id":"https:\/\/cubeconcepts.de\/#organization","name":"CONCEPTOS DE CUBO","url":"https:\/\/cubeconcepts.de\/","logo":{"@type":"ImageObject","inLanguage":"es","@id":"https:\/\/cubeconcepts.de\/#\/schema\/logo\/image\/","url":"https:\/\/cubeconcepts.de\/wp-content\/uploads\/2023\/01\/CUBE_CONCEPT-Logo.png","contentUrl":"https:\/\/cubeconcepts.de\/wp-content\/uploads\/2023\/01\/CUBE_CONCEPT-Logo.png","width":644,"height":207,"caption":"CUBE CONCEPTS"},"image":{"@id":"https:\/\/cubeconcepts.de\/#\/schema\/logo\/image\/"}},{"@type":"Person","@id":"https:\/\/cubeconcepts.de\/#\/schema\/person\/2c762e4ca1ea252f42f23ab33248856e","name":"Guido Steenmans","image":{"@type":"ImageObject","inLanguage":"es","@id":"https:\/\/secure.gravatar.com\/avatar\/e2e7f154cb43615d2863003e03aa7b5d90c4ec5a78860dc5cf1d71cae0db283f?s=96&d=mm&r=g","url":"https:\/\/secure.gravatar.com\/avatar\/e2e7f154cb43615d2863003e03aa7b5d90c4ec5a78860dc5cf1d71cae0db283f?s=96&d=mm&r=g","contentUrl":"https:\/\/secure.gravatar.com\/avatar\/e2e7f154cb43615d2863003e03aa7b5d90c4ec5a78860dc5cf1d71cae0db283f?s=96&d=mm&r=g","caption":"Guido Steenmans"}}]}},"_links":{"self":[{"href":"https:\/\/cubeconcepts.de\/es\/wp-json\/wp\/v2\/posts\/5324","targetHints":{"allow":["GET"]}}],"collection":[{"href":"https:\/\/cubeconcepts.de\/es\/wp-json\/wp\/v2\/posts"}],"about":[{"href":"https:\/\/cubeconcepts.de\/es\/wp-json\/wp\/v2\/types\/post"}],"author":[{"embeddable":true,"href":"https:\/\/cubeconcepts.de\/es\/wp-json\/wp\/v2\/users\/3"}],"replies":[{"embeddable":true,"href":"https:\/\/cubeconcepts.de\/es\/wp-json\/wp\/v2\/comments?post=5324"}],"version-history":[{"count":0,"href":"https:\/\/cubeconcepts.de\/es\/wp-json\/wp\/v2\/posts\/5324\/revisions"}],"wp:featuredmedia":[{"embeddable":true,"href":"https:\/\/cubeconcepts.de\/es\/wp-json\/wp\/v2\/media\/5075"}],"wp:attachment":[{"href":"https:\/\/cubeconcepts.de\/es\/wp-json\/wp\/v2\/media?parent=5324"}],"wp:term":[{"taxonomy":"category","embeddable":true,"href":"https:\/\/cubeconcepts.de\/es\/wp-json\/wp\/v2\/categories?post=5324"},{"taxonomy":"post_tag","embeddable":true,"href":"https:\/\/cubeconcepts.de\/es\/wp-json\/wp\/v2\/tags?post=5324"}],"curies":[{"name":"wp","href":"https:\/\/api.w.org\/{rel}","templated":true}]}}