{"id":34206,"date":"2026-09-01T16:16:38","date_gmt":"2026-09-01T14:16:38","guid":{"rendered":"https:\/\/cubeconcepts.de\/?p=34206"},"modified":"2026-09-01T16:16:39","modified_gmt":"2026-09-01T14:16:39","slug":"cube-concepts-crece-cinco-nuevos-empleados-refuerzan-el-equipo-en-kaarst","status":"publish","type":"post","link":"https:\/\/cubeconcepts.de\/es\/cube-concepts-waechst-fuenf-neue-mitarbeiter-verstaerken-das-team-in-kaarst\/","title":{"rendered":"CUBE CONCEPTS crece: cinco nuevos empleados se incorporan al equipo en Kaarst"},"content":{"rendered":"<h2 class=\"wp-block-heading\">Cinco nuevos empleados empiezan en CUBE CONCEPTS<\/h2>\n\n\n\n<p class=\"wp-block-paragraph\">Con cinco nuevos compa\u00f1eros, septiembre comienza en CUBE CONCEPTS con un claro refuerzo de personal. Los nuevos empleados aportan diferentes enfoques profesionales y experiencia, y en el futuro apoyar\u00e1n \u00e1reas importantes de la empresa.<\/p>\n\n\n\n<p class=\"wp-block-paragraph\">Nuevos en el equipo son:<\/p>\n\n\n\n<ul class=\"wp-block-list\">\n<li><strong>Amir Zaheri<\/strong> como dise\u00f1ador\/a de sistemas t\u00e9cnicos<\/li>\n\n\n\n<li><strong>Kai R\u00f6pe<\/strong> como director financiero<\/li>\n\n\n\n<li><strong>Stephan S\u00f6hngen<\/strong> como abogado de empresa<\/li>\n\n\n\n<li><strong>Stefan Birkle<\/strong> como abogado de empresa<\/li>\n\n\n\n<li><strong>Xi Xie<\/strong> como abogada interna<\/li>\n<\/ul>\n\n\n\n<p class=\"wp-block-paragraph\"><\/p>\n\n\n\n<p class=\"wp-block-paragraph\">Con las nuevas contrataciones, CUBE CONCEPTS refuerza tanto sus estructuras t\u00e9cnicas y comerciales como el \u00e1rea jur\u00eddica y de regulaci\u00f3n. Con ello, la empresa crea capacidades adicionales para el desarrollo futuro de sus proyectos y \u00e1reas de negocio.<\/p>\n\n\n\n<figure class=\"wp-block-image size-large\"><img fetchpriority=\"high\" decoding=\"async\" width=\"1024\" height=\"768\" src=\"https:\/\/cubeconcepts.de\/wp-content\/uploads\/2026\/09\/2026-09-01_Neue_Mitarbeiter-1-1024x768.jpg\" alt=\"\" class=\"wp-image-34207\" srcset=\"https:\/\/cubeconcepts.de\/wp-content\/uploads\/2026\/09\/2026-09-01_Neue_Mitarbeiter-1-1024x768.jpg 1024w, https:\/\/cubeconcepts.de\/wp-content\/uploads\/2026\/09\/2026-09-01_Neue_Mitarbeiter-1-300x225.jpg 300w, https:\/\/cubeconcepts.de\/wp-content\/uploads\/2026\/09\/2026-09-01_Neue_Mitarbeiter-1-768x576.jpg 768w, https:\/\/cubeconcepts.de\/wp-content\/uploads\/2026\/09\/2026-09-01_Neue_Mitarbeiter-1-1536x1152.jpg 1536w, https:\/\/cubeconcepts.de\/wp-content\/uploads\/2026\/09\/2026-09-01_Neue_Mitarbeiter-1-2048x1536.jpg 2048w, https:\/\/cubeconcepts.de\/wp-content\/uploads\/2026\/09\/2026-09-01_Neue_Mitarbeiter-1-16x12.jpg 16w\" sizes=\"(max-width: 1024px) 100vw, 1024px\" \/><figcaption class=\"wp-element-caption\"><em>de izquierda a derecha: Kai R\u00f6pe, Xi Xie, Amir Zaheri, Stefan Birkle y Stephan S\u00f6hngen<\/em><\/figcaption><\/figure>\n\n\n\n<h2 class=\"wp-block-heading\">El departamento legal se reorganiza con tres abogados internos<\/h2>\n\n\n\n<p class=\"wp-block-paragraph\">Un enfoque especial del refuerzo de personal se centra en <strong>Departamento jur\u00eddico de CUBE CONCEPTS<\/strong>. Stephan S\u00f6hngen, Stefan Birkle y Xi Xie, tres abogados internos, se incorporar\u00e1n a la empresa el 1 de septiembre.<\/p>\n\n\n\n<p class=\"wp-block-paragraph\">La ampliaci\u00f3n es una respuesta coherente a la creciente importancia de las cuestiones jur\u00eddicas y normativas en el sector energ\u00e9tico. El desarrollo y la ejecuci\u00f3n de grandes proyectos energ\u00e9ticos se ven cada vez m\u00e1s condicionados por complejas disposiciones legales, requisitos en materia de legislaci\u00f3n energ\u00e9tica y amplios marcos contractuales.<\/p>\n\n\n\n<p class=\"wp-block-paragraph\">Si <a href=\"https:\/\/cubeconcepts.de\/es\/fotovoltaica\/\" data-type=\"page\" data-id=\"28902\">Fotovoltaica<\/a>, <a href=\"https:\/\/cubeconcepts.de\/es\/acumulador-de-baterias\/\" data-type=\"page\" data-id=\"28816\">Almacenamiento en bater\u00eda<\/a>, conexi\u00f3n a la red, comercializaci\u00f3n de electricidad o nuevos marcos regulatorios: las cuestiones jur\u00eddicas est\u00e1n hoy estrechamente vinculadas al desarrollo t\u00e9cnico y econ\u00f3mico de los proyectos.<\/p>\n\n\n\n<p class=\"wp-block-paragraph\">Mediante la creaci\u00f3n de su propio equipo jur\u00eddico, significativamente reforzado, CUBE CONCEPTS podr\u00e1 gestionar estos asuntos de manera a\u00fan m\u00e1s interna en el futuro. De este modo, la experiencia jur\u00eddica se integra de forma temprana en los proyectos y en las decisiones empresariales.<\/p>\n\n\n\n<h2 class=\"wp-block-heading\">Tambi\u00e9n se est\u00e1 ampliando la competencia t\u00e9cnica y comercial<\/h2>\n\n\n\n<p class=\"wp-block-paragraph\">Adem\u00e1s del departamento jur\u00eddico, CUBE CONCEPTS refuerza tambi\u00e9n sus estructuras t\u00e9cnicas y comerciales.<\/p>\n\n\n\n<p class=\"wp-block-paragraph\">En <strong>Dise\u00f1ador de sistemas t\u00e9cnicos<\/strong> Amir Zaheri apoyar\u00e1 en el futuro la planificaci\u00f3n t\u00e9cnica y la ejecuci\u00f3n de los proyectos energ\u00e9ticos. Especialmente en proyectos fotovoltaicos y energ\u00e9ticos de mayor envergadura, una planificaci\u00f3n t\u00e9cnica precisa es una base importante para un desarrollo y una ejecuci\u00f3n eficientes de los proyectos.<\/p>\n\n\n\n<p class=\"wp-block-paragraph\">Con <strong>Kai R\u00f6pe, director comercial<\/strong> se sigue desarrollando la organizaci\u00f3n comercial. El puesto crea capacidad adicional para la gesti\u00f3n y el desarrollo posterior de los procesos y estructuras comerciales dentro de la empresa.<\/p>\n\n\n\n<p class=\"wp-block-paragraph\">De este modo, CUBE CONCEPTS no solo apuesta por seguir aumentando su plantilla, sino que refuerza de forma espec\u00edfica la competencia profesional en \u00e1mbitos que revisten una importancia fundamental para el futuro desarrollo de la empresa.<\/p>\n\n\n\n<h2 class=\"wp-block-heading\">El crecimiento en el sector energ\u00e9tico requiere nuevas estructuras<\/h2>\n\n\n\n<p class=\"wp-block-paragraph\">El mercado energ\u00e9tico est\u00e1 experimentando una transformaci\u00f3n din\u00e1mica. Las nuevas normas reguladoras, las crecientes exigencias a los proyectos energ\u00e9ticos y la importancia cada vez mayor de la energ\u00eda fotovoltaica, los sistemas de almacenamiento en bater\u00edas y la gesti\u00f3n inteligente de la energ\u00eda tambi\u00e9n est\u00e1n modificando los requisitos que deben cumplir los promotores de proyectos y los proveedores de servicios energ\u00e9ticos.<\/p>\n\n\n\n<p class=\"wp-block-paragraph\">Para CUBE CONCEPTS, el crecimiento no significa por tanto solo m\u00e1s proyectos, sino tambi\u00e9n la expansi\u00f3n continua de su propia organizaci\u00f3n. La planificaci\u00f3n t\u00e9cnica, la gesti\u00f3n comercial y la experiencia jur\u00eddica y regulatoria deben interactuar estrechamente.<\/p>\n\n\n\n<p class=\"wp-block-paragraph\">Con las cinco nuevas contrataciones a partir del 1 de septiembre de 2026, CUBE CONCEPTS ampl\u00eda sus competencias internas precisamente en estos \u00e1mbitos.<\/p>\n\n\n\n<h2 class=\"wp-block-heading\">CUBE CONCEPTS ampl\u00eda sus competencias para el futuro<\/h2>\n\n\n\n<p class=\"wp-block-paragraph\">Los nuevos empleados constituyen as\u00ed otro pilar en el desarrollo estrat\u00e9gico de CUBE CONCEPTS. En particular, la ampliaci\u00f3n del departamento jur\u00eddico aporta una experiencia adicional para hacer frente a la creciente complejidad del mercado energ\u00e9tico.<\/p>\n\n\n\n<p class=\"wp-block-paragraph\">Nos complace dar la bienvenida a Amir Zaheri, Kai R\u00f6pe, Stephan S\u00f6hngen, Stefan Birkle y Xi Xie al equipo de CUBE CONCEPTS y dar juntos los pr\u00f3ximos pasos en el desarrollo de nuestra empresa.<\/p>\n\n\n\n<p class=\"wp-block-paragraph\">\u00a1Bienvenidos a Kaarst!<\/p>\n\n\n\n<p class=\"wp-block-paragraph\"><\/p>","protected":false},"excerpt":{"rendered":"<p>Continuamos con nuestra trayectoria de crecimiento y ampliamos nuestras competencias de forma espec\u00edfica. El 1 de septiembre de 2026, cinco nuevos empleados se incorporaron a la sede central en Kaarst, entre ellos tres abogados internos que reestructuran y refuerzan significativamente el departamento jur\u00eddico de la empresa energ\u00e9tica.<\/p>","protected":false},"author":3,"featured_media":34207,"comment_status":"closed","ping_status":"open","sticky":false,"template":"","format":"standard","meta":{"_acf_changed":false,"footnotes":""},"categories":[21],"tags":[],"class_list":["post-34206","post","type-post","status-publish","format-standard","has-post-thumbnail","hentry","category-cube-concepts-news"],"acf":[],"yoast_head":"<!-- This site is optimized with the Yoast SEO plugin v28.4 - https:\/\/yoast.com\/product\/yoast-seo-wordpress\/ -->\n<title>CUBE CONCEPTS w\u00e4chst: 5 neue Mitarbeiter in Kaarst | CUBE CONCEPTS<\/title>\n<meta name=\"description\" content=\"CUBE CONCEPTS w\u00e4chst weiter: 5 neue Mitarbeiter verst\u00e4rken seit September 2026 das Team in Kaarst. Die Legal-Abteilung wird neu aufgestellt.\" \/>\n<meta name=\"robots\" content=\"index, follow, max-snippet:-1, max-image-preview:large, max-video-preview:-1\" \/>\n<link rel=\"canonical\" href=\"https:\/\/cubeconcepts.de\/es\/cube-concepts-crece-cinco-nuevos-empleados-refuerzan-el-equipo-en-kaarst\/\" \/>\n<meta property=\"og:locale\" content=\"es_ES\" \/>\n<meta property=\"og:type\" content=\"article\" \/>\n<meta property=\"og:title\" content=\"CUBE CONCEPTS w\u00e4chst: 5 neue Mitarbeiter in Kaarst | CUBE CONCEPTS\" \/>\n<meta property=\"og:description\" content=\"CUBE CONCEPTS w\u00e4chst weiter: 5 neue Mitarbeiter verst\u00e4rken seit September 2026 das Team in Kaarst. Die Legal-Abteilung wird neu aufgestellt.\" \/>\n<meta property=\"og:url\" content=\"https:\/\/cubeconcepts.de\/es\/cube-concepts-crece-cinco-nuevos-empleados-refuerzan-el-equipo-en-kaarst\/\" \/>\n<meta property=\"og:site_name\" content=\"CUBE CONCEPTS\" \/>\n<meta property=\"article:published_time\" content=\"2026-09-01T14:16:38+00:00\" \/>\n<meta property=\"article:modified_time\" content=\"2026-09-01T14:16:39+00:00\" \/>\n<meta property=\"og:image\" content=\"https:\/\/cubeconcepts.de\/wp-content\/uploads\/2026\/09\/2026-09-01_Neue_Mitarbeiter-1-scaled.jpg\" \/>\n\t<meta property=\"og:image:width\" content=\"2560\" \/>\n\t<meta property=\"og:image:height\" content=\"1920\" \/>\n\t<meta property=\"og:image:type\" content=\"image\/jpeg\" \/>\n<meta name=\"author\" content=\"Guido Steenmans\" \/>\n<meta name=\"twitter:card\" content=\"summary_large_image\" \/>\n<meta name=\"twitter:label1\" content=\"Escrito por\" \/>\n\t<meta name=\"twitter:data1\" content=\"Guido Steenmans\" \/>\n\t<meta name=\"twitter:label2\" content=\"Tiempo de lectura\" \/>\n\t<meta name=\"twitter:data2\" content=\"4 minutos\" \/>\n<script type=\"application\/ld+json\" class=\"yoast-schema-graph\">{\"@context\":\"https:\\\/\\\/schema.org\",\"@graph\":[{\"@type\":\"Article\",\"@id\":\"https:\\\/\\\/cubeconcepts.de\\\/cube-concepts-waechst-fuenf-neue-mitarbeiter-verstaerken-das-team-in-kaarst\\\/#article\",\"isPartOf\":{\"@id\":\"https:\\\/\\\/cubeconcepts.de\\\/cube-concepts-waechst-fuenf-neue-mitarbeiter-verstaerken-das-team-in-kaarst\\\/\"},\"author\":{\"name\":\"Guido Steenmans\",\"@id\":\"https:\\\/\\\/cubeconcepts.de\\\/fr\\\/#\\\/schema\\\/person\\\/2c762e4ca1ea252f42f23ab33248856e\"},\"headline\":\"CUBE CONCEPTS w\u00e4chst: F\u00fcnf neue Mitarbeiter verst\u00e4rken das Team in Kaarst\",\"datePublished\":\"2026-09-01T14:16:38+00:00\",\"dateModified\":\"2026-09-01T14:16:39+00:00\",\"mainEntityOfPage\":{\"@id\":\"https:\\\/\\\/cubeconcepts.de\\\/cube-concepts-waechst-fuenf-neue-mitarbeiter-verstaerken-das-team-in-kaarst\\\/\"},\"wordCount\":568,\"publisher\":{\"@id\":\"https:\\\/\\\/cubeconcepts.de\\\/fr\\\/#organization\"},\"image\":{\"@id\":\"https:\\\/\\\/cubeconcepts.de\\\/cube-concepts-waechst-fuenf-neue-mitarbeiter-verstaerken-das-team-in-kaarst\\\/#primaryimage\"},\"thumbnailUrl\":\"https:\\\/\\\/cubeconcepts.de\\\/wp-content\\\/uploads\\\/2026\\\/09\\\/2026-09-01_Neue_Mitarbeiter-1-scaled.jpg\",\"articleSection\":[\"CUBE CONCEPTS News: Neueste Infos zum Unternehmen\"],\"inLanguage\":\"es\"},{\"@type\":\"WebPage\",\"@id\":\"https:\\\/\\\/cubeconcepts.de\\\/cube-concepts-waechst-fuenf-neue-mitarbeiter-verstaerken-das-team-in-kaarst\\\/\",\"url\":\"https:\\\/\\\/cubeconcepts.de\\\/cube-concepts-waechst-fuenf-neue-mitarbeiter-verstaerken-das-team-in-kaarst\\\/\",\"name\":\"CUBE CONCEPTS w\u00e4chst: 5 neue Mitarbeiter in Kaarst | CUBE CONCEPTS\",\"isPartOf\":{\"@id\":\"https:\\\/\\\/cubeconcepts.de\\\/fr\\\/#website\"},\"primaryImageOfPage\":{\"@id\":\"https:\\\/\\\/cubeconcepts.de\\\/cube-concepts-waechst-fuenf-neue-mitarbeiter-verstaerken-das-team-in-kaarst\\\/#primaryimage\"},\"image\":{\"@id\":\"https:\\\/\\\/cubeconcepts.de\\\/cube-concepts-waechst-fuenf-neue-mitarbeiter-verstaerken-das-team-in-kaarst\\\/#primaryimage\"},\"thumbnailUrl\":\"https:\\\/\\\/cubeconcepts.de\\\/wp-content\\\/uploads\\\/2026\\\/09\\\/2026-09-01_Neue_Mitarbeiter-1-scaled.jpg\",\"datePublished\":\"2026-09-01T14:16:38+00:00\",\"dateModified\":\"2026-09-01T14:16:39+00:00\",\"description\":\"CUBE CONCEPTS w\u00e4chst weiter: 5 neue Mitarbeiter verst\u00e4rken seit September 2026 das Team in Kaarst. Die Legal-Abteilung wird neu aufgestellt.\",\"breadcrumb\":{\"@id\":\"https:\\\/\\\/cubeconcepts.de\\\/cube-concepts-waechst-fuenf-neue-mitarbeiter-verstaerken-das-team-in-kaarst\\\/#breadcrumb\"},\"inLanguage\":\"es\",\"potentialAction\":[{\"@type\":\"ReadAction\",\"target\":[\"https:\\\/\\\/cubeconcepts.de\\\/cube-concepts-waechst-fuenf-neue-mitarbeiter-verstaerken-das-team-in-kaarst\\\/\"]}]},{\"@type\":\"ImageObject\",\"inLanguage\":\"es\",\"@id\":\"https:\\\/\\\/cubeconcepts.de\\\/cube-concepts-waechst-fuenf-neue-mitarbeiter-verstaerken-das-team-in-kaarst\\\/#primaryimage\",\"url\":\"https:\\\/\\\/cubeconcepts.de\\\/wp-content\\\/uploads\\\/2026\\\/09\\\/2026-09-01_Neue_Mitarbeiter-1-scaled.jpg\",\"contentUrl\":\"https:\\\/\\\/cubeconcepts.de\\\/wp-content\\\/uploads\\\/2026\\\/09\\\/2026-09-01_Neue_Mitarbeiter-1-scaled.jpg\",\"width\":2560,\"height\":1920,\"caption\":\"CUBE CONCEPTS w\u00e4chst weiter ab September 2026\"},{\"@type\":\"BreadcrumbList\",\"@id\":\"https:\\\/\\\/cubeconcepts.de\\\/cube-concepts-waechst-fuenf-neue-mitarbeiter-verstaerken-das-team-in-kaarst\\\/#breadcrumb\",\"itemListElement\":[{\"@type\":\"ListItem\",\"position\":1,\"name\":\"Startseite\",\"item\":\"https:\\\/\\\/cubeconcepts.de\\\/\"},{\"@type\":\"ListItem\",\"position\":2,\"name\":\"CUBE CONCEPTS w\u00e4chst: F\u00fcnf neue Mitarbeiter verst\u00e4rken das Team in Kaarst\"}]},{\"@type\":\"WebSite\",\"@id\":\"https:\\\/\\\/cubeconcepts.de\\\/fr\\\/#website\",\"url\":\"https:\\\/\\\/cubeconcepts.de\\\/fr\\\/\",\"name\":\"CUBE CONCEPTS\",\"description\":\"Energiesysteme f\u00fcr Unternehmen\",\"publisher\":{\"@id\":\"https:\\\/\\\/cubeconcepts.de\\\/fr\\\/#organization\"},\"potentialAction\":[{\"@type\":\"SearchAction\",\"target\":{\"@type\":\"EntryPoint\",\"urlTemplate\":\"https:\\\/\\\/cubeconcepts.de\\\/fr\\\/?s={search_term_string}\"},\"query-input\":{\"@type\":\"PropertyValueSpecification\",\"valueRequired\":true,\"valueName\":\"search_term_string\"}}],\"inLanguage\":\"es\"},{\"@type\":\"Organization\",\"@id\":\"https:\\\/\\\/cubeconcepts.de\\\/fr\\\/#organization\",\"name\":\"CUBE CONCEPTS\",\"url\":\"https:\\\/\\\/cubeconcepts.de\\\/fr\\\/\",\"logo\":{\"@type\":\"ImageObject\",\"inLanguage\":\"es\",\"@id\":\"https:\\\/\\\/cubeconcepts.de\\\/fr\\\/#\\\/schema\\\/logo\\\/image\\\/\",\"url\":\"https:\\\/\\\/cubeconcepts.de\\\/wp-content\\\/uploads\\\/2023\\\/01\\\/CUBE_CONCEPT-Logo.png\",\"contentUrl\":\"https:\\\/\\\/cubeconcepts.de\\\/wp-content\\\/uploads\\\/2023\\\/01\\\/CUBE_CONCEPT-Logo.png\",\"width\":644,\"height\":207,\"caption\":\"CUBE CONCEPTS\"},\"image\":{\"@id\":\"https:\\\/\\\/cubeconcepts.de\\\/fr\\\/#\\\/schema\\\/logo\\\/image\\\/\"}},{\"@type\":\"Person\",\"@id\":\"https:\\\/\\\/cubeconcepts.de\\\/fr\\\/#\\\/schema\\\/person\\\/2c762e4ca1ea252f42f23ab33248856e\",\"name\":\"Guido Steenmans\",\"image\":{\"@type\":\"ImageObject\",\"inLanguage\":\"es\",\"@id\":\"https:\\\/\\\/cubeconcepts.de\\\/wp-content\\\/uploads\\\/2025\\\/11\\\/cropped-Guido-Steenmanns-hoch-scaled-1-96x96.jpg\",\"url\":\"https:\\\/\\\/cubeconcepts.de\\\/wp-content\\\/uploads\\\/2025\\\/11\\\/cropped-Guido-Steenmanns-hoch-scaled-1-96x96.jpg\",\"contentUrl\":\"https:\\\/\\\/cubeconcepts.de\\\/wp-content\\\/uploads\\\/2025\\\/11\\\/cropped-Guido-Steenmanns-hoch-scaled-1-96x96.jpg\",\"caption\":\"Guido Steenmans\"}}]}<\/script>\n<!-- \/ Yoast SEO plugin. -->","yoast_head_json":{"title":"CUBE CONCEPTS crece: 5 nuevos empleados en Kaarst | CUBE CONCEPTS","description":"CUBE CONCEPTS sigue creciendo: 5 nuevos empleados se han incorporado al equipo de Kaarst desde septiembre de 2026. El departamento jur\u00eddico se reorganiza.","robots":{"index":"index","follow":"follow","max-snippet":"max-snippet:-1","max-image-preview":"max-image-preview:large","max-video-preview":"max-video-preview:-1"},"canonical":"https:\/\/cubeconcepts.de\/es\/cube-concepts-crece-cinco-nuevos-empleados-refuerzan-el-equipo-en-kaarst\/","og_locale":"es_ES","og_type":"article","og_title":"CUBE CONCEPTS w\u00e4chst: 5 neue Mitarbeiter in Kaarst | CUBE CONCEPTS","og_description":"CUBE CONCEPTS w\u00e4chst weiter: 5 neue Mitarbeiter verst\u00e4rken seit September 2026 das Team in Kaarst. Die Legal-Abteilung wird neu aufgestellt.","og_url":"https:\/\/cubeconcepts.de\/es\/cube-concepts-crece-cinco-nuevos-empleados-refuerzan-el-equipo-en-kaarst\/","og_site_name":"CUBE CONCEPTS","article_published_time":"2026-09-01T14:16:38+00:00","article_modified_time":"2026-09-01T14:16:39+00:00","og_image":[{"width":2560,"height":1920,"url":"https:\/\/cubeconcepts.de\/wp-content\/uploads\/2026\/09\/2026-09-01_Neue_Mitarbeiter-1-scaled.jpg","type":"image\/jpeg"}],"author":"Guido Steenmans","twitter_card":"summary_large_image","twitter_misc":{"Escrito por":"Guido Steenmans","Tiempo de lectura":"4 minutos"},"schema":{"@context":"https:\/\/schema.org","@graph":[{"@type":"Article","@id":"https:\/\/cubeconcepts.de\/cube-concepts-waechst-fuenf-neue-mitarbeiter-verstaerken-das-team-in-kaarst\/#article","isPartOf":{"@id":"https:\/\/cubeconcepts.de\/cube-concepts-waechst-fuenf-neue-mitarbeiter-verstaerken-das-team-in-kaarst\/"},"author":{"name":"Guido Steenmans","@id":"https:\/\/cubeconcepts.de\/fr\/#\/schema\/person\/2c762e4ca1ea252f42f23ab33248856e"},"headline":"CUBE CONCEPTS w\u00e4chst: F\u00fcnf neue Mitarbeiter verst\u00e4rken das Team in Kaarst","datePublished":"2026-09-01T14:16:38+00:00","dateModified":"2026-09-01T14:16:39+00:00","mainEntityOfPage":{"@id":"https:\/\/cubeconcepts.de\/cube-concepts-waechst-fuenf-neue-mitarbeiter-verstaerken-das-team-in-kaarst\/"},"wordCount":568,"publisher":{"@id":"https:\/\/cubeconcepts.de\/fr\/#organization"},"image":{"@id":"https:\/\/cubeconcepts.de\/cube-concepts-waechst-fuenf-neue-mitarbeiter-verstaerken-das-team-in-kaarst\/#primaryimage"},"thumbnailUrl":"https:\/\/cubeconcepts.de\/wp-content\/uploads\/2026\/09\/2026-09-01_Neue_Mitarbeiter-1-scaled.jpg","articleSection":["CUBE CONCEPTS News: Neueste Infos zum Unternehmen"],"inLanguage":"es"},{"@type":"WebPage","@id":"https:\/\/cubeconcepts.de\/cube-concepts-waechst-fuenf-neue-mitarbeiter-verstaerken-das-team-in-kaarst\/","url":"https:\/\/cubeconcepts.de\/cube-concepts-waechst-fuenf-neue-mitarbeiter-verstaerken-das-team-in-kaarst\/","name":"CUBE CONCEPTS crece: 5 nuevos empleados en Kaarst | CUBE CONCEPTS","isPartOf":{"@id":"https:\/\/cubeconcepts.de\/fr\/#website"},"primaryImageOfPage":{"@id":"https:\/\/cubeconcepts.de\/cube-concepts-waechst-fuenf-neue-mitarbeiter-verstaerken-das-team-in-kaarst\/#primaryimage"},"image":{"@id":"https:\/\/cubeconcepts.de\/cube-concepts-waechst-fuenf-neue-mitarbeiter-verstaerken-das-team-in-kaarst\/#primaryimage"},"thumbnailUrl":"https:\/\/cubeconcepts.de\/wp-content\/uploads\/2026\/09\/2026-09-01_Neue_Mitarbeiter-1-scaled.jpg","datePublished":"2026-09-01T14:16:38+00:00","dateModified":"2026-09-01T14:16:39+00:00","description":"CUBE CONCEPTS sigue creciendo: 5 nuevos empleados se han incorporado al equipo de Kaarst desde septiembre de 2026. El departamento jur\u00eddico se reorganiza.","breadcrumb":{"@id":"https:\/\/cubeconcepts.de\/cube-concepts-waechst-fuenf-neue-mitarbeiter-verstaerken-das-team-in-kaarst\/#breadcrumb"},"inLanguage":"es","potentialAction":[{"@type":"ReadAction","target":["https:\/\/cubeconcepts.de\/cube-concepts-waechst-fuenf-neue-mitarbeiter-verstaerken-das-team-in-kaarst\/"]}]},{"@type":"ImageObject","inLanguage":"es","@id":"https:\/\/cubeconcepts.de\/cube-concepts-waechst-fuenf-neue-mitarbeiter-verstaerken-das-team-in-kaarst\/#primaryimage","url":"https:\/\/cubeconcepts.de\/wp-content\/uploads\/2026\/09\/2026-09-01_Neue_Mitarbeiter-1-scaled.jpg","contentUrl":"https:\/\/cubeconcepts.de\/wp-content\/uploads\/2026\/09\/2026-09-01_Neue_Mitarbeiter-1-scaled.jpg","width":2560,"height":1920,"caption":"CUBE CONCEPTS w\u00e4chst weiter ab September 2026"},{"@type":"BreadcrumbList","@id":"https:\/\/cubeconcepts.de\/cube-concepts-waechst-fuenf-neue-mitarbeiter-verstaerken-das-team-in-kaarst\/#breadcrumb","itemListElement":[{"@type":"ListItem","position":1,"name":"Startseite","item":"https:\/\/cubeconcepts.de\/"},{"@type":"ListItem","position":2,"name":"CUBE CONCEPTS w\u00e4chst: F\u00fcnf neue Mitarbeiter verst\u00e4rken das Team in Kaarst"}]},{"@type":"WebSite","@id":"https:\/\/cubeconcepts.de\/fr\/#website","url":"https:\/\/cubeconcepts.de\/fr\/","name":"CONCEPTOS DE CUBO","description":"Sistemas de energ\u00eda para empresas","publisher":{"@id":"https:\/\/cubeconcepts.de\/fr\/#organization"},"potentialAction":[{"@type":"SearchAction","target":{"@type":"EntryPoint","urlTemplate":"https:\/\/cubeconcepts.de\/fr\/?s={search_term_string}"},"query-input":{"@type":"PropertyValueSpecification","valueRequired":true,"valueName":"search_term_string"}}],"inLanguage":"es"},{"@type":"Organization","@id":"https:\/\/cubeconcepts.de\/fr\/#organization","name":"CONCEPTOS DE CUBO","url":"https:\/\/cubeconcepts.de\/fr\/","logo":{"@type":"ImageObject","inLanguage":"es","@id":"https:\/\/cubeconcepts.de\/fr\/#\/schema\/logo\/image\/","url":"https:\/\/cubeconcepts.de\/wp-content\/uploads\/2023\/01\/CUBE_CONCEPT-Logo.png","contentUrl":"https:\/\/cubeconcepts.de\/wp-content\/uploads\/2023\/01\/CUBE_CONCEPT-Logo.png","width":644,"height":207,"caption":"CUBE CONCEPTS"},"image":{"@id":"https:\/\/cubeconcepts.de\/fr\/#\/schema\/logo\/image\/"}},{"@type":"Person","@id":"https:\/\/cubeconcepts.de\/fr\/#\/schema\/person\/2c762e4ca1ea252f42f23ab33248856e","name":"Guido Steenmans","image":{"@type":"ImageObject","inLanguage":"es","@id":"https:\/\/cubeconcepts.de\/wp-content\/uploads\/2025\/11\/cropped-Guido-Steenmanns-hoch-scaled-1-96x96.jpg","url":"https:\/\/cubeconcepts.de\/wp-content\/uploads\/2025\/11\/cropped-Guido-Steenmanns-hoch-scaled-1-96x96.jpg","contentUrl":"https:\/\/cubeconcepts.de\/wp-content\/uploads\/2025\/11\/cropped-Guido-Steenmanns-hoch-scaled-1-96x96.jpg","caption":"Guido Steenmans"}}]}},"_links":{"self":[{"href":"https:\/\/cubeconcepts.de\/es\/wp-json\/wp\/v2\/posts\/34206","targetHints":{"allow":["GET"]}}],"collection":[{"href":"https:\/\/cubeconcepts.de\/es\/wp-json\/wp\/v2\/posts"}],"about":[{"href":"https:\/\/cubeconcepts.de\/es\/wp-json\/wp\/v2\/types\/post"}],"author":[{"embeddable":true,"href":"https:\/\/cubeconcepts.de\/es\/wp-json\/wp\/v2\/users\/3"}],"replies":[{"embeddable":true,"href":"https:\/\/cubeconcepts.de\/es\/wp-json\/wp\/v2\/comments?post=34206"}],"version-history":[{"count":0,"href":"https:\/\/cubeconcepts.de\/es\/wp-json\/wp\/v2\/posts\/34206\/revisions"}],"wp:featuredmedia":[{"embeddable":true,"href":"https:\/\/cubeconcepts.de\/es\/wp-json\/wp\/v2\/media\/34207"}],"wp:attachment":[{"href":"https:\/\/cubeconcepts.de\/es\/wp-json\/wp\/v2\/media?parent=34206"}],"wp:term":[{"taxonomy":"category","embeddable":true,"href":"https:\/\/cubeconcepts.de\/es\/wp-json\/wp\/v2\/categories?post=34206"},{"taxonomy":"post_tag","embeddable":true,"href":"https:\/\/cubeconcepts.de\/es\/wp-json\/wp\/v2\/tags?post=34206"}],"curies":[{"name":"wp","href":"https:\/\/api.w.org\/{rel}","templated":true}]}}