{"id":34154,"date":"2026-09-01T10:53:43","date_gmt":"2026-09-01T08:53:43","guid":{"rendered":"https:\/\/cubeconcepts.de\/?p=34154"},"modified":"2026-09-01T12:32:13","modified_gmt":"2026-09-01T10:32:13","slug":"consumo-bruto-de-electricidad-en-alemania","status":"publish","type":"post","link":"https:\/\/cubeconcepts.de\/es\/bruttostromverbrauch-bsv-in-deutschland\/","title":{"rendered":"Consumo bruto de electricidad en Alemania: definici\u00f3n, cifras actuales y evoluci\u00f3n"},"content":{"rendered":"<h2 class=\"wp-block-heading\">Breve resumen<\/h2>\n\n\n\n<ul class=\"wp-block-list\">\n<li>En <strong>Consumo bruto de electricidad<\/strong> Alemania se situ\u00f3 en 2025, seg\u00fan los datos de la Agencia Federal de Medio Ambiente, en torno a <strong>526 TWh<\/strong> \u2013 casi al nivel del a\u00f1o anterior.<\/li>\n\n\n\n<li>El porcentaje de energ\u00edas renovables en el PIB alcanz\u00f3 en 2025 con <strong>55,1 %<\/strong> un nuevo m\u00e1ximo hist\u00f3rico (2024: 54,4 %; 2023: 52,5 %).<\/li>\n\n\n\n<li>En comparaci\u00f3n con el m\u00e1ximo hist\u00f3rico de 2007 (625 TWh), el consumo bruto de electricidad se sit\u00faa hoy en d\u00eda alrededor de <strong>16 % m\u00e1s bajo<\/strong> \u2013 al mismo tiempo, seg\u00fan el Gobierno federal, deber\u00eda volver a aumentar a medio plazo mediante la electrificaci\u00f3n de la calefacci\u00f3n, el transporte y la industria.<\/li>\n\n\n\n<li>El EEG 2023 prescribe que para 2030 al menos <strong>80 %<\/strong> que el gas sint\u00e9tico de biomasa deba proceder de energ\u00edas renovables.<\/li>\n<\/ul>\n\n\n\n<h2 class=\"wp-block-heading\">\u00bfQu\u00e9 es el consumo bruto de electricidad?<\/h2>\n\n\n\n<p class=\"wp-block-paragraph\">El BSV designa la energ\u00eda el\u00e9ctrica total utilizada en un pa\u00eds, a saber <strong>delante<\/strong> <strong>Deducci\u00f3n del consumo propio de las centrales<\/strong> (por ejemplo, para bombas, refrigeraci\u00f3n, depuraci\u00f3n de gases de combusti\u00f3n) as\u00ed como de las p\u00e9rdidas de transporte y de red. Por lo tanto, es mayor que el llamado consumo neto o final, que solo registra la cantidad de electricidad que realmente llega a los clientes finales.<\/p>\n\n\n\n<p class=\"wp-block-paragraph\">El consumo bruto de electricidad es, por tanto, la referencia central de la pol\u00edtica energ\u00e9tica y clim\u00e1tica alemana y europea. Tanto la Ley de Energ\u00edas Renovables (EEG) como las obligaciones de informaci\u00f3n a nivel de la UE definen sus objetivos de expansi\u00f3n como un porcentaje del consumo bruto de electricidad y no de la generaci\u00f3n bruta de electricidad. Esto permite realizar comparaciones entre pa\u00edses independientemente de cu\u00e1nta electricidad importe o exporte un pa\u00eds.<\/p>\n\n\n\n<h2 class=\"wp-block-heading\">Delimitaci\u00f3n respecto a PEV, BEEV y BSE<\/h2>\n\n\n\n<figure class=\"wp-block-table\"><table class=\"has-fixed-layout\"><tbody><tr><td><strong>Indicador clave <\/strong><\/td><td><strong>Designaci\u00f3n<\/strong><\/td><td><strong>Referencia<\/strong><\/td><\/tr><tr><td>VPP<\/td><td>consumo de energ\u00eda primaria<\/td><td>Consumo total de energ\u00eda primaria antes de la transformaci\u00f3n, todos los sectores y portadores de energ\u00eda<\/td><\/tr><tr><td>BEEV<\/td><td>consumo de energ\u00eda final bruta<\/td><td>Energ\u00eda que realmente llega a los consumidores, incl. el consumo propio relacionado con la energ\u00eda<\/td><\/tr><tr><td>BSV<\/td><td>consumo bruto de electricidad<\/td><td>Exclusivamente el sector el\u00e9ctrico: electricidad total generada e importada antes de las p\u00e9rdidas de red y transformaci\u00f3n<\/td><\/tr><tr><td>EEB<\/td><td>generaci\u00f3n de electricidad bruta<\/td><td>Exclusivamente el sector el\u00e9ctrico: electricidad generada en el pa\u00eds, antes del consumo propio de las centrales el\u00e9ctricas<\/td><\/tr><\/tbody><\/table><\/figure>\n\n\n\n<p class=\"wp-block-paragraph\">La BSV y la BSE est\u00e1n vinculadas a trav\u00e9s del comercio exterior de electricidad. Hasta 2022, la producci\u00f3n bruta de electricidad en Alemania se mantuvo constantemente por encima del consumo bruto de electricidad. Alemania era exportadora neta, con un super\u00e1vit de exportaci\u00f3n m\u00e1ximo en 2017 de 52,5 TWh (aproximadamente el 8 % de la producci\u00f3n). Sin embargo, desde 2023 la situaci\u00f3n se ha invertido y Alemania vuelve a ser importadora neta. En 2025, una importaci\u00f3n neta de unos 19 TWh cubri\u00f3 aproximadamente el 4 % del consumo nacional de electricidad. Para m\u00e1s informaci\u00f3n sobre el lado de la generaci\u00f3n, v\u00e9ase el art\u00edculo sobre el balance energ\u00e9tico alem\u00e1n y una descripci\u00f3n detallada de los cuatro indicadores en el <a href=\"https:\/\/cubeconcepts.de\/energiebilanz-deutschland-pev-beev-bsv-bse-im-ueberblick\/\" data-type=\"post\" data-id=\"34134\">Art\u00edculo de revisi\u00f3n sobre el balance energ\u00e9tico alem\u00e1n<\/a>. <\/p>\n\n\n\n<h2 class=\"wp-block-heading\">Evoluci\u00f3n del consumo bruto de electricidad en Alemania<\/h2>\n\n\n\n<figure class=\"wp-block-table\"><table class=\"has-fixed-layout\"><tbody><tr><td><strong>A\u00f1o<\/strong><\/td><td><strong>BSV en TWh<\/strong><\/td><td><strong>Nota<\/strong><\/td><\/tr><tr><td>2007<\/td><td>625<\/td><td>M\u00e1ximo hist\u00f3rico<\/td><\/tr><tr><td>2008<\/td><td>615<\/td><td>A\u00f1o de referencia del objetivo del Plan Energ\u00e9tico (-10 % para 2020)<\/td><\/tr><tr><td>2020<\/td><td>550<\/td><td>Se ha superado el objetivo de 2020 (-10,5 %), en gran medida debido a la pandemia<\/td><\/tr><tr><td>2023<\/td><td>522<\/td><td>Valor m\u00e1s bajo desde la reunificaci\u00f3n, consecuencias de la guerra de Ucrania (ahorro de energ\u00eda, ca\u00edda de la producci\u00f3n industrial)<\/td><\/tr><tr><td>2024<\/td><td>529<\/td><td>Porcentaje de energ\u00edas renovables: 54,4 %<\/td><\/tr><tr><td>2025<\/td><td>526<\/td><td>La cuota de energ\u00edas renovables alcanza un nuevo m\u00e1ximo con un 55,1 %<\/td><\/tr><\/tbody><\/table><\/figure>\n\n\n\n<figure class=\"wp-block-image size-large\"><img fetchpriority=\"high\" decoding=\"async\" width=\"1024\" height=\"477\" src=\"https:\/\/cubeconcepts.de\/wp-content\/uploads\/2026\/09\/BSV-in-TWh-1024x477.jpg\" alt=\"\" class=\"wp-image-34163\" srcset=\"https:\/\/cubeconcepts.de\/wp-content\/uploads\/2026\/09\/BSV-in-TWh-1024x477.jpg 1024w, https:\/\/cubeconcepts.de\/wp-content\/uploads\/2026\/09\/BSV-in-TWh-300x140.jpg 300w, https:\/\/cubeconcepts.de\/wp-content\/uploads\/2026\/09\/BSV-in-TWh-767x357.jpg 767w, https:\/\/cubeconcepts.de\/wp-content\/uploads\/2026\/09\/BSV-in-TWh-18x8.jpg 18w, https:\/\/cubeconcepts.de\/wp-content\/uploads\/2026\/09\/BSV-in-TWh.jpg 1285w\" sizes=\"(max-width: 1024px) 100vw, 1024px\" \/><\/figure>\n\n\n\n<p class=\"wp-block-paragraph\">El declive a largo plazo desde 2007 se debe principalmente a las mejoras en la eficiencia energ\u00e9tica y a los cambios estructurales en la industria. Los a\u00f1os 2022 y 2023 estuvieron marcados adem\u00e1s por efectos especiales. Los altos precios de la energ\u00eda como consecuencia de la guerra en Ucrania, los esfuerzos generales de ahorro y un descenso notable de la producci\u00f3n industrial redujeron el consumo a un m\u00ednimo hist\u00f3rico. Desde 2024, el consumo de energ\u00eda primaria (BSV) se est\u00e1 estabilizando en este nivel m\u00e1s bajo.<\/p>\n\n\n\n<p class=\"wp-block-paragraph\">Sin embargo, a futuro, el Gobierno federal espera un nuevo repunte. Con la creciente integraci\u00f3n sectorial \u2014es decir, la electrificaci\u00f3n de la calefacci\u00f3n (bombas de calor), el transporte (movilidad el\u00e9ctrica) y los procesos industriales\u2014, la proporci\u00f3n de electricidad en el sistema energ\u00e9tico total aumentar\u00e1 estructuralmente. Todas las previsiones reflejan esta tendencia, incluso si el <a href=\"https:\/\/cubeconcepts.de\/primaerenergieverbrauch-pev-in-deutschland\/\" data-type=\"post\" data-id=\"34139\">consumo de energ\u00eda primaria<\/a> contin\u00faa disminuyendo en general.<\/p>\n\n\n\n<h2 class=\"wp-block-heading\">Marco regulatorio: El objetivo del 80 por ciento de la EEG 2023<\/h2>\n\n\n\n<p class=\"wp-block-paragraph\">El EEG 2023 establece en el \u00a7 1 que la proporci\u00f3n de energ\u00edas renovables en el consumo bruto de electricidad <strong>hasta 2030, como m\u00ednimo a 80 %<\/strong> deber\u00eda aumentar. Esto supone casi el doble que en 2021, cuando la cuota a\u00fan era de 41%. Dado que, al mismo tiempo, se prev\u00e9 un aumento del consumo absoluto de electricidad debido a la integraci\u00f3n sectorial, el reto es a\u00fan mayor en t\u00e9rminos absolutos. Se prev\u00e9 que en 2030 se generen hasta 600 TWh de electricidad al a\u00f1o a partir de energ\u00edas renovables. La Agencia Federal de Medio Ambiente considera que, si se aplican de forma coherente las v\u00edas de expansi\u00f3n previstas para la energ\u00eda fotovoltaica y e\u00f3lica, este objetivo es, en principio, alcanzable.<\/p>\n\n\n\n<h2 class=\"wp-block-heading\">Clasificaci\u00f3n: Por qu\u00e9 el BSV es relevante para los operadores de BESS y FV<\/h2>\n\n\n\n<p class=\"wp-block-paragraph\">El BSV es m\u00e1s que una magnitud estad\u00edstica; describe directamente el entorno de mercado en el que operan los sistemas de almacenamiento de bater\u00edas y las instalaciones fotovoltaicas. Dos desarrollos son especialmente relevantes aqu\u00ed:<\/p>\n\n\n\n<ul class=\"wp-block-list\">\n<li><strong>Participaci\u00f3n creciente de las ER en el consumo bruto de electricidad<\/strong> tambi\u00e9n significa una creciente volatilidad de la inyecci\u00f3n. Cuanto m\u00e1s se acerque Alemania al objetivo del 80 por ciento, m\u00e1s importante ser\u00e1 la flexibilidad para compensar los picos y las brechas de generaci\u00f3n, una tarea central de <a href=\"https:\/\/cubeconcepts.de\/es\/acumulador-de-baterias\/\" data-type=\"page\" data-id=\"28816\">Almacenamiento en bater\u00eda<\/a>.<\/li>\n\n\n\n<li><strong>El repunte esperado del BSV<\/strong> a trav\u00e9s de <a href=\"https:\/\/cubeconcepts.de\/sektorenkopplung-fuer-ganzheitliche-energiekonzepte\/\" data-type=\"post\" data-id=\"17823\">Acoplamiento sectorial<\/a> aumenta la necesidad de una cantidad de electricidad disponible localmente y gestionable. Esto se aplica en particular a los clientes industriales y comerciales con un alto consumo.<\/li>\n<\/ul>\n\n\n\n<p class=\"wp-block-paragraph\"><\/p>\n\n\n\n<p class=\"wp-block-paragraph\">El art\u00edculo aborda c\u00f3mo se refleja esta din\u00e1mica en el lado de la generaci\u00f3n \u2014especialmente en la relaci\u00f3n entre la generaci\u00f3n bruta de electricidad convencional y la renovable\u2014 en la <a href=\"https:\/\/cubeconcepts.de\/bruttostromerzeugung-bse-in-deutschland\/\" data-type=\"post\" data-id=\"34184\">generaci\u00f3n bruta de electricidad<\/a>.<\/p>\n\n\n\n<h2 class=\"wp-block-heading\">Preguntas frecuentes<\/h2>\n\n\n\n<details class=\"wp-block-details is-layout-flow wp-block-details-is-layout-flow\"><summary>\u00bfCu\u00e1l es la diferencia entre el consumo bruto de electricidad y el consumo neto de electricidad?<\/summary>\n<p class=\"wp-block-paragraph\">El consumo bruto de electricidad abarca todo el trabajo el\u00e9ctrico utilizado, incluidas las p\u00e9rdidas de red y el consumo propio de las centrales el\u00e9ctricas. El consumo neto de electricidad (o consumo final), en cambio, refleja \u00fanicamente la cantidad de electricidad que llega realmente a los clientes finales y, por tanto, es menor.<\/p>\n<\/details>\n\n\n\n<p class=\"wp-block-paragraph\"><\/p>\n\n\n\n<details class=\"wp-block-details is-layout-flow wp-block-details-is-layout-flow\"><summary>\u00bfCu\u00e1l fue el consumo bruto de electricidad en Alemania en 2025?<\/summary>\n<p class=\"wp-block-paragraph\">Seg\u00fan la Agencia Federal de Medio Ambiente, el consumo bruto de electricidad en 2025 se situ\u00f3 en torno a los 526 TWh, casi al mismo nivel que el a\u00f1o anterior.<\/p>\n<\/details>\n\n\n\n<p class=\"wp-block-paragraph\"><\/p>\n\n\n\n<details class=\"wp-block-details is-layout-flow wp-block-details-is-layout-flow\"><summary>\u00bfPor qu\u00e9 el objetivo de expansi\u00f3n de la EEG se refiere al consumo bruto de electricidad y no a la generaci\u00f3n bruta de electricidad?<\/summary>\n<p class=\"wp-block-paragraph\">El consumo bruto de electricidad permite realizar comparaciones internacionales independientemente del saldo de comercio exterior de un pa\u00eds. Dado que Alemania es a veces exportador neto y a veces importador neto de electricidad, un objetivo basado en la generaci\u00f3n ser\u00eda menos significativo para la situaci\u00f3n real de suministro de los consumidores.<\/p>\n<\/details>\n\n\n\n<p class=\"wp-block-paragraph\"><\/p>\n\n\n\n<details class=\"wp-block-details is-layout-flow wp-block-details-is-layout-flow\"><summary>\u00bfEl consumo de electricidad bruta en Alemania aumentar\u00e1 o disminuir\u00e1 en el futuro?<\/summary>\n<p class=\"wp-block-paragraph\">A corto plazo, el BSV se ha estabilizado tras el fuerte descenso de 2022\/2023. A medio y largo plazo, el Gobierno federal espera un nuevo repunte, ya que las bombas de calor, la electromovilidad y la electrificaci\u00f3n de los procesos industriales aumentan estructuralmente la demanda de electricidad.<\/p>\n<\/details>\n\n\n\n<p class=\"wp-block-paragraph\"><\/p>\n\n\n\n<details class=\"wp-block-details is-layout-flow wp-block-details-is-layout-flow\"><summary>\u00bfEs Alemania actualmente un importador neto o un exportador neto de electricidad?<\/summary>\n<p class=\"wp-block-paragraph\">Desde 2023, Alemania vuelve a ser importadora neta de electricidad. En 2025, las importaciones netas de unos 19 TWh cubrieron aproximadamente el 4 % del consumo bruto nacional de electricidad; anteriormente, entre 2003 y 2022, Alemania hab\u00eda sido exportadora neta de forma ininterrumpida.<\/p>\n<\/details>\n\n\n\n<h2 class=\"wp-block-heading\">Fuentes<\/h2>\n\n\n\n<p class=\"wp-block-paragraph\"><em>Fuentes: Agencia Federal Alemana de Medio Ambiente (UBA), Grupo de Trabajo sobre Estad\u00edsticas de Energ\u00edas Renovables (AGEE-Stat), Ministerio Federal de Econom\u00eda y Energ\u00eda (BMWE), Agencia Federal de Redes.<\/em><\/p>","protected":false},"excerpt":{"rendered":"<p>Actualmente, en Alemania se sit\u00faa en torno a los 526 TWh, mientras que la cuota de las energ\u00edas renovables alcanza un nuevo m\u00e1ximo con un 55,1 %. En este resumen se muestra c\u00f3mo evoluciona el consumo de electricidad, por qu\u00e9 es probable que vuelva a aumentar en el futuro debido a la electrificaci\u00f3n y qu\u00e9 papel desempe\u00f1a esto para la energ\u00eda fotovoltaica y el almacenamiento en bater\u00edas.<\/p>","protected":false},"author":3,"featured_media":34182,"comment_status":"closed","ping_status":"open","sticky":false,"template":"","format":"standard","meta":{"_acf_changed":false,"footnotes":""},"categories":[61],"tags":[],"class_list":["post-34154","post","type-post","status-publish","format-standard","has-post-thumbnail","hentry","category-grundlagen-technik"],"acf":[],"yoast_head":"<!-- This site is optimized with the Yoast SEO plugin v28.4 - https:\/\/yoast.com\/product\/yoast-seo-wordpress\/ -->\n<title>Bruttostromverbrauch (BSV) in Deutschland | CUBE CONCEPTS<\/title>\n<meta name=\"description\" content=\"Bruttostromverbrauch (BSV) in Deutschland: aktuelle Zahlen 2025, EE-Anteil, Entwicklung seit 2007 und das 80-Prozent-Ziel des EEG 2023.\" \/>\n<meta name=\"robots\" content=\"index, follow, max-snippet:-1, max-image-preview:large, max-video-preview:-1\" \/>\n<link rel=\"canonical\" href=\"https:\/\/cubeconcepts.de\/es\/consumo-bruto-de-electricidad-en-alemania\/\" \/>\n<meta property=\"og:locale\" content=\"es_ES\" \/>\n<meta property=\"og:type\" content=\"article\" \/>\n<meta property=\"og:title\" content=\"Bruttostromverbrauch (BSV) in Deutschland | CUBE CONCEPTS\" \/>\n<meta property=\"og:description\" content=\"Bruttostromverbrauch (BSV) in Deutschland: aktuelle Zahlen 2025, EE-Anteil, Entwicklung seit 2007 und das 80-Prozent-Ziel des EEG 2023.\" \/>\n<meta property=\"og:url\" content=\"https:\/\/cubeconcepts.de\/es\/consumo-bruto-de-electricidad-en-alemania\/\" \/>\n<meta property=\"og:site_name\" content=\"CUBE CONCEPTS\" \/>\n<meta property=\"article:published_time\" content=\"2026-09-01T08:53:43+00:00\" \/>\n<meta property=\"article:modified_time\" content=\"2026-09-01T10:32:13+00:00\" \/>\n<meta property=\"og:image\" content=\"https:\/\/cubeconcepts.de\/wp-content\/uploads\/2026\/09\/Bruttostromverbrauch-BSV-Deutschland-scaled.jpg\" \/>\n\t<meta property=\"og:image:width\" content=\"2560\" \/>\n\t<meta property=\"og:image:height\" content=\"1707\" \/>\n\t<meta property=\"og:image:type\" content=\"image\/jpeg\" \/>\n<meta name=\"author\" content=\"Guido Steenmans\" \/>\n<meta name=\"twitter:card\" content=\"summary_large_image\" \/>\n<meta name=\"twitter:label1\" content=\"Escrito por\" \/>\n\t<meta name=\"twitter:data1\" content=\"Guido Steenmans\" \/>\n\t<meta name=\"twitter:label2\" content=\"Tiempo de lectura\" \/>\n\t<meta name=\"twitter:data2\" content=\"6 minutos\" \/>\n<script type=\"application\/ld+json\" class=\"yoast-schema-graph\">{\"@context\":\"https:\\\/\\\/schema.org\",\"@graph\":[{\"@type\":\"Article\",\"@id\":\"https:\\\/\\\/cubeconcepts.de\\\/bruttostromverbrauch-bsv-in-deutschland\\\/#article\",\"isPartOf\":{\"@id\":\"https:\\\/\\\/cubeconcepts.de\\\/bruttostromverbrauch-bsv-in-deutschland\\\/\"},\"author\":{\"name\":\"Guido Steenmans\",\"@id\":\"https:\\\/\\\/cubeconcepts.de\\\/fr\\\/#\\\/schema\\\/person\\\/2c762e4ca1ea252f42f23ab33248856e\"},\"headline\":\"Bruttostromverbrauch (BSV) in Deutschland: Definition, aktuelle Zahlen &amp; Entwicklung\",\"datePublished\":\"2026-09-01T08:53:43+00:00\",\"dateModified\":\"2026-09-01T10:32:13+00:00\",\"mainEntityOfPage\":{\"@id\":\"https:\\\/\\\/cubeconcepts.de\\\/bruttostromverbrauch-bsv-in-deutschland\\\/\"},\"wordCount\":918,\"publisher\":{\"@id\":\"https:\\\/\\\/cubeconcepts.de\\\/fr\\\/#organization\"},\"image\":{\"@id\":\"https:\\\/\\\/cubeconcepts.de\\\/bruttostromverbrauch-bsv-in-deutschland\\\/#primaryimage\"},\"thumbnailUrl\":\"https:\\\/\\\/cubeconcepts.de\\\/wp-content\\\/uploads\\\/2026\\\/09\\\/Bruttostromverbrauch-BSV-Deutschland-scaled.jpg\",\"articleSection\":[\"Grundlagen &amp; Technik\"],\"inLanguage\":\"es\"},{\"@type\":\"WebPage\",\"@id\":\"https:\\\/\\\/cubeconcepts.de\\\/bruttostromverbrauch-bsv-in-deutschland\\\/\",\"url\":\"https:\\\/\\\/cubeconcepts.de\\\/bruttostromverbrauch-bsv-in-deutschland\\\/\",\"name\":\"Bruttostromverbrauch (BSV) in Deutschland | CUBE CONCEPTS\",\"isPartOf\":{\"@id\":\"https:\\\/\\\/cubeconcepts.de\\\/fr\\\/#website\"},\"primaryImageOfPage\":{\"@id\":\"https:\\\/\\\/cubeconcepts.de\\\/bruttostromverbrauch-bsv-in-deutschland\\\/#primaryimage\"},\"image\":{\"@id\":\"https:\\\/\\\/cubeconcepts.de\\\/bruttostromverbrauch-bsv-in-deutschland\\\/#primaryimage\"},\"thumbnailUrl\":\"https:\\\/\\\/cubeconcepts.de\\\/wp-content\\\/uploads\\\/2026\\\/09\\\/Bruttostromverbrauch-BSV-Deutschland-scaled.jpg\",\"datePublished\":\"2026-09-01T08:53:43+00:00\",\"dateModified\":\"2026-09-01T10:32:13+00:00\",\"description\":\"Bruttostromverbrauch (BSV) in Deutschland: aktuelle Zahlen 2025, EE-Anteil, Entwicklung seit 2007 und das 80-Prozent-Ziel des EEG 2023.\",\"breadcrumb\":{\"@id\":\"https:\\\/\\\/cubeconcepts.de\\\/bruttostromverbrauch-bsv-in-deutschland\\\/#breadcrumb\"},\"inLanguage\":\"es\",\"potentialAction\":[{\"@type\":\"ReadAction\",\"target\":[\"https:\\\/\\\/cubeconcepts.de\\\/bruttostromverbrauch-bsv-in-deutschland\\\/\"]}]},{\"@type\":\"ImageObject\",\"inLanguage\":\"es\",\"@id\":\"https:\\\/\\\/cubeconcepts.de\\\/bruttostromverbrauch-bsv-in-deutschland\\\/#primaryimage\",\"url\":\"https:\\\/\\\/cubeconcepts.de\\\/wp-content\\\/uploads\\\/2026\\\/09\\\/Bruttostromverbrauch-BSV-Deutschland-scaled.jpg\",\"contentUrl\":\"https:\\\/\\\/cubeconcepts.de\\\/wp-content\\\/uploads\\\/2026\\\/09\\\/Bruttostromverbrauch-BSV-Deutschland-scaled.jpg\",\"width\":2560,\"height\":1707,\"caption\":\"Bruttostromverbrauch-BSV-Deutschland\"},{\"@type\":\"BreadcrumbList\",\"@id\":\"https:\\\/\\\/cubeconcepts.de\\\/bruttostromverbrauch-bsv-in-deutschland\\\/#breadcrumb\",\"itemListElement\":[{\"@type\":\"ListItem\",\"position\":1,\"name\":\"Startseite\",\"item\":\"https:\\\/\\\/cubeconcepts.de\\\/\"},{\"@type\":\"ListItem\",\"position\":2,\"name\":\"Bruttostromverbrauch (BSV) in Deutschland: Definition, aktuelle Zahlen &amp; Entwicklung\"}]},{\"@type\":\"WebSite\",\"@id\":\"https:\\\/\\\/cubeconcepts.de\\\/fr\\\/#website\",\"url\":\"https:\\\/\\\/cubeconcepts.de\\\/fr\\\/\",\"name\":\"CUBE CONCEPTS\",\"description\":\"Energiesysteme f\u00fcr Unternehmen\",\"publisher\":{\"@id\":\"https:\\\/\\\/cubeconcepts.de\\\/fr\\\/#organization\"},\"potentialAction\":[{\"@type\":\"SearchAction\",\"target\":{\"@type\":\"EntryPoint\",\"urlTemplate\":\"https:\\\/\\\/cubeconcepts.de\\\/fr\\\/?s={search_term_string}\"},\"query-input\":{\"@type\":\"PropertyValueSpecification\",\"valueRequired\":true,\"valueName\":\"search_term_string\"}}],\"inLanguage\":\"es\"},{\"@type\":\"Organization\",\"@id\":\"https:\\\/\\\/cubeconcepts.de\\\/fr\\\/#organization\",\"name\":\"CUBE CONCEPTS\",\"url\":\"https:\\\/\\\/cubeconcepts.de\\\/fr\\\/\",\"logo\":{\"@type\":\"ImageObject\",\"inLanguage\":\"es\",\"@id\":\"https:\\\/\\\/cubeconcepts.de\\\/fr\\\/#\\\/schema\\\/logo\\\/image\\\/\",\"url\":\"https:\\\/\\\/cubeconcepts.de\\\/wp-content\\\/uploads\\\/2023\\\/01\\\/CUBE_CONCEPT-Logo.png\",\"contentUrl\":\"https:\\\/\\\/cubeconcepts.de\\\/wp-content\\\/uploads\\\/2023\\\/01\\\/CUBE_CONCEPT-Logo.png\",\"width\":644,\"height\":207,\"caption\":\"CUBE CONCEPTS\"},\"image\":{\"@id\":\"https:\\\/\\\/cubeconcepts.de\\\/fr\\\/#\\\/schema\\\/logo\\\/image\\\/\"}},{\"@type\":\"Person\",\"@id\":\"https:\\\/\\\/cubeconcepts.de\\\/fr\\\/#\\\/schema\\\/person\\\/2c762e4ca1ea252f42f23ab33248856e\",\"name\":\"Guido Steenmans\",\"image\":{\"@type\":\"ImageObject\",\"inLanguage\":\"es\",\"@id\":\"https:\\\/\\\/cubeconcepts.de\\\/wp-content\\\/uploads\\\/2025\\\/11\\\/cropped-Guido-Steenmanns-hoch-scaled-1-96x96.jpg\",\"url\":\"https:\\\/\\\/cubeconcepts.de\\\/wp-content\\\/uploads\\\/2025\\\/11\\\/cropped-Guido-Steenmanns-hoch-scaled-1-96x96.jpg\",\"contentUrl\":\"https:\\\/\\\/cubeconcepts.de\\\/wp-content\\\/uploads\\\/2025\\\/11\\\/cropped-Guido-Steenmanns-hoch-scaled-1-96x96.jpg\",\"caption\":\"Guido Steenmans\"}}]}<\/script>\n<!-- \/ Yoast SEO plugin. -->","yoast_head_json":{"title":"Consumo de electricidad bruto (BSV) en Alemania | CUBE CONCEPTS","description":"Consumo bruto de electricidad en Alemania: cifras actuales de 2025, cuota de energ\u00edas renovables, evoluci\u00f3n desde 2007 y el objetivo del 80 por ciento de la ley alemana de fuentes de energ\u00eda renovables (EEG) 2023.","robots":{"index":"index","follow":"follow","max-snippet":"max-snippet:-1","max-image-preview":"max-image-preview:large","max-video-preview":"max-video-preview:-1"},"canonical":"https:\/\/cubeconcepts.de\/es\/consumo-bruto-de-electricidad-en-alemania\/","og_locale":"es_ES","og_type":"article","og_title":"Bruttostromverbrauch (BSV) in Deutschland | CUBE CONCEPTS","og_description":"Bruttostromverbrauch (BSV) in Deutschland: aktuelle Zahlen 2025, EE-Anteil, Entwicklung seit 2007 und das 80-Prozent-Ziel des EEG 2023.","og_url":"https:\/\/cubeconcepts.de\/es\/consumo-bruto-de-electricidad-en-alemania\/","og_site_name":"CUBE CONCEPTS","article_published_time":"2026-09-01T08:53:43+00:00","article_modified_time":"2026-09-01T10:32:13+00:00","og_image":[{"width":2560,"height":1707,"url":"https:\/\/cubeconcepts.de\/wp-content\/uploads\/2026\/09\/Bruttostromverbrauch-BSV-Deutschland-scaled.jpg","type":"image\/jpeg"}],"author":"Guido Steenmans","twitter_card":"summary_large_image","twitter_misc":{"Escrito por":"Guido Steenmans","Tiempo de lectura":"6 minutos"},"schema":{"@context":"https:\/\/schema.org","@graph":[{"@type":"Article","@id":"https:\/\/cubeconcepts.de\/bruttostromverbrauch-bsv-in-deutschland\/#article","isPartOf":{"@id":"https:\/\/cubeconcepts.de\/bruttostromverbrauch-bsv-in-deutschland\/"},"author":{"name":"Guido Steenmans","@id":"https:\/\/cubeconcepts.de\/fr\/#\/schema\/person\/2c762e4ca1ea252f42f23ab33248856e"},"headline":"Bruttostromverbrauch (BSV) in Deutschland: Definition, aktuelle Zahlen &amp; Entwicklung","datePublished":"2026-09-01T08:53:43+00:00","dateModified":"2026-09-01T10:32:13+00:00","mainEntityOfPage":{"@id":"https:\/\/cubeconcepts.de\/bruttostromverbrauch-bsv-in-deutschland\/"},"wordCount":918,"publisher":{"@id":"https:\/\/cubeconcepts.de\/fr\/#organization"},"image":{"@id":"https:\/\/cubeconcepts.de\/bruttostromverbrauch-bsv-in-deutschland\/#primaryimage"},"thumbnailUrl":"https:\/\/cubeconcepts.de\/wp-content\/uploads\/2026\/09\/Bruttostromverbrauch-BSV-Deutschland-scaled.jpg","articleSection":["Grundlagen &amp; Technik"],"inLanguage":"es"},{"@type":"WebPage","@id":"https:\/\/cubeconcepts.de\/bruttostromverbrauch-bsv-in-deutschland\/","url":"https:\/\/cubeconcepts.de\/bruttostromverbrauch-bsv-in-deutschland\/","name":"Consumo de electricidad bruto (BSV) en Alemania | CUBE CONCEPTS","isPartOf":{"@id":"https:\/\/cubeconcepts.de\/fr\/#website"},"primaryImageOfPage":{"@id":"https:\/\/cubeconcepts.de\/bruttostromverbrauch-bsv-in-deutschland\/#primaryimage"},"image":{"@id":"https:\/\/cubeconcepts.de\/bruttostromverbrauch-bsv-in-deutschland\/#primaryimage"},"thumbnailUrl":"https:\/\/cubeconcepts.de\/wp-content\/uploads\/2026\/09\/Bruttostromverbrauch-BSV-Deutschland-scaled.jpg","datePublished":"2026-09-01T08:53:43+00:00","dateModified":"2026-09-01T10:32:13+00:00","description":"Consumo bruto de electricidad en Alemania: cifras actuales de 2025, cuota de energ\u00edas renovables, evoluci\u00f3n desde 2007 y el objetivo del 80 por ciento de la ley alemana de fuentes de energ\u00eda renovables (EEG) 2023.","breadcrumb":{"@id":"https:\/\/cubeconcepts.de\/bruttostromverbrauch-bsv-in-deutschland\/#breadcrumb"},"inLanguage":"es","potentialAction":[{"@type":"ReadAction","target":["https:\/\/cubeconcepts.de\/bruttostromverbrauch-bsv-in-deutschland\/"]}]},{"@type":"ImageObject","inLanguage":"es","@id":"https:\/\/cubeconcepts.de\/bruttostromverbrauch-bsv-in-deutschland\/#primaryimage","url":"https:\/\/cubeconcepts.de\/wp-content\/uploads\/2026\/09\/Bruttostromverbrauch-BSV-Deutschland-scaled.jpg","contentUrl":"https:\/\/cubeconcepts.de\/wp-content\/uploads\/2026\/09\/Bruttostromverbrauch-BSV-Deutschland-scaled.jpg","width":2560,"height":1707,"caption":"Bruttostromverbrauch-BSV-Deutschland"},{"@type":"BreadcrumbList","@id":"https:\/\/cubeconcepts.de\/bruttostromverbrauch-bsv-in-deutschland\/#breadcrumb","itemListElement":[{"@type":"ListItem","position":1,"name":"Startseite","item":"https:\/\/cubeconcepts.de\/"},{"@type":"ListItem","position":2,"name":"Bruttostromverbrauch (BSV) in Deutschland: Definition, aktuelle Zahlen &amp; Entwicklung"}]},{"@type":"WebSite","@id":"https:\/\/cubeconcepts.de\/fr\/#website","url":"https:\/\/cubeconcepts.de\/fr\/","name":"CONCEPTOS DE CUBO","description":"Sistemas de energ\u00eda para empresas","publisher":{"@id":"https:\/\/cubeconcepts.de\/fr\/#organization"},"potentialAction":[{"@type":"SearchAction","target":{"@type":"EntryPoint","urlTemplate":"https:\/\/cubeconcepts.de\/fr\/?s={search_term_string}"},"query-input":{"@type":"PropertyValueSpecification","valueRequired":true,"valueName":"search_term_string"}}],"inLanguage":"es"},{"@type":"Organization","@id":"https:\/\/cubeconcepts.de\/fr\/#organization","name":"CONCEPTOS DE CUBO","url":"https:\/\/cubeconcepts.de\/fr\/","logo":{"@type":"ImageObject","inLanguage":"es","@id":"https:\/\/cubeconcepts.de\/fr\/#\/schema\/logo\/image\/","url":"https:\/\/cubeconcepts.de\/wp-content\/uploads\/2023\/01\/CUBE_CONCEPT-Logo.png","contentUrl":"https:\/\/cubeconcepts.de\/wp-content\/uploads\/2023\/01\/CUBE_CONCEPT-Logo.png","width":644,"height":207,"caption":"CUBE CONCEPTS"},"image":{"@id":"https:\/\/cubeconcepts.de\/fr\/#\/schema\/logo\/image\/"}},{"@type":"Person","@id":"https:\/\/cubeconcepts.de\/fr\/#\/schema\/person\/2c762e4ca1ea252f42f23ab33248856e","name":"Guido Steenmans","image":{"@type":"ImageObject","inLanguage":"es","@id":"https:\/\/cubeconcepts.de\/wp-content\/uploads\/2025\/11\/cropped-Guido-Steenmanns-hoch-scaled-1-96x96.jpg","url":"https:\/\/cubeconcepts.de\/wp-content\/uploads\/2025\/11\/cropped-Guido-Steenmanns-hoch-scaled-1-96x96.jpg","contentUrl":"https:\/\/cubeconcepts.de\/wp-content\/uploads\/2025\/11\/cropped-Guido-Steenmanns-hoch-scaled-1-96x96.jpg","caption":"Guido Steenmans"}}]}},"_links":{"self":[{"href":"https:\/\/cubeconcepts.de\/es\/wp-json\/wp\/v2\/posts\/34154","targetHints":{"allow":["GET"]}}],"collection":[{"href":"https:\/\/cubeconcepts.de\/es\/wp-json\/wp\/v2\/posts"}],"about":[{"href":"https:\/\/cubeconcepts.de\/es\/wp-json\/wp\/v2\/types\/post"}],"author":[{"embeddable":true,"href":"https:\/\/cubeconcepts.de\/es\/wp-json\/wp\/v2\/users\/3"}],"replies":[{"embeddable":true,"href":"https:\/\/cubeconcepts.de\/es\/wp-json\/wp\/v2\/comments?post=34154"}],"version-history":[{"count":0,"href":"https:\/\/cubeconcepts.de\/es\/wp-json\/wp\/v2\/posts\/34154\/revisions"}],"wp:featuredmedia":[{"embeddable":true,"href":"https:\/\/cubeconcepts.de\/es\/wp-json\/wp\/v2\/media\/34182"}],"wp:attachment":[{"href":"https:\/\/cubeconcepts.de\/es\/wp-json\/wp\/v2\/media?parent=34154"}],"wp:term":[{"taxonomy":"category","embeddable":true,"href":"https:\/\/cubeconcepts.de\/es\/wp-json\/wp\/v2\/categories?post=34154"},{"taxonomy":"post_tag","embeddable":true,"href":"https:\/\/cubeconcepts.de\/es\/wp-json\/wp\/v2\/tags?post=34154"}],"curies":[{"name":"wp","href":"https:\/\/api.w.org\/{rel}","templated":true}]}}