{"id":34139,"date":"2026-09-01T10:09:11","date_gmt":"2026-09-01T08:09:11","guid":{"rendered":"https:\/\/cubeconcepts.de\/?p=34139"},"modified":"2026-09-01T10:09:14","modified_gmt":"2026-09-01T08:09:14","slug":"consumo-de-energia-primaria-cep-en-alemania","status":"publish","type":"post","link":"https:\/\/cubeconcepts.de\/es\/primaerenergieverbrauch-pev-in-deutschland\/","title":{"rendered":"Prim\u00e4renergieverbrauch (PEV) in Deutschland: Definition, aktuelle Zahlen &amp; Entwicklung"},"content":{"rendered":"<h2 class=\"wp-block-heading\">Breve resumen<\/h2>\n\n\n\n<ul class=\"wp-block-list\">\n<li>En <strong>consumo de energ\u00eda primaria<\/strong> (PEV) de Alemania se situ\u00f3 en 2025, seg\u00fan la estimaci\u00f3n actual del grupo de trabajo sobre balances energ\u00e9ticos (AGEB), en torno a <strong>2,931 TWh<\/strong> (10 553 petajulios). De este modo, se situ\u00f3 pr\u00e1cticamente al mismo nivel que el a\u00f1o anterior (-0,1 %; si se ajustara por las condiciones meteorol\u00f3gicas, el descenso habr\u00eda sido m\u00e1s acusado, de alrededor de -1,2 %).<\/li>\n\n\n\n<li>Desde el m\u00e1ximo hist\u00f3rico de 1990 (alrededor de 4.140 TWh), el <strong>El PEV ha descendido en total en unos 29 %<\/strong>. La cuota de las energ\u00edas renovables se situ\u00f3 en 2025 en el 20,8 %.<\/li>\n\n\n\n<li>Seg\u00fan la Ley de Eficiencia Energ\u00e9tica (EnEfG), para 2030 el PEV deber\u00e1 situarse 39,3 % por debajo del valor de 2008. Las previsiones actuales de la Agencia Federal de Medio Ambiente consideran que este objetivo corre peligro con las medidas aprobadas hasta la fecha.<\/li>\n<\/ul>\n\n\n\n<h2 class=\"wp-block-heading\">\u00bfQu\u00e9 es el consumo de energ\u00eda primaria (CEP)?<\/h2>\n\n\n\n<p class=\"wp-block-paragraph\">El consumo de energ\u00eda primaria se refiere al contenido energ\u00e9tico de todas las fuentes de energ\u00eda utilizadas en un pa\u00eds, medido en su <strong>forma original, a\u00fan no convertida<\/strong>. Entre ellos se encuentran tanto los combustibles f\u00f3siles como el petr\u00f3leo, el gas natural, el lignito y la hulla, as\u00ed como las energ\u00edas renovables como la energ\u00eda e\u00f3lica, la fotovoltaica, la hidroel\u00e9ctrica, la biomasa y la geotermia.<\/p>\n\n\n\n<p class=\"wp-block-paragraph\">El consumo de energ\u00eda primaria es calculado por el grupo de trabajo sobre balances energ\u00e9ticos (AGEB) como la suma de la producci\u00f3n nacional de energ\u00eda, ajustada por el saldo del comercio exterior (importaciones y exportaciones), as\u00ed como por el saldo de las entradas y salidas de almacenamiento de energ\u00eda. La base es el denominado <strong>principio de eficiencia<\/strong>. Las fuentes de energ\u00eda de combusti\u00f3n directa, como el carb\u00f3n, el gas y el petr\u00f3leo, se incluyen en el balance seg\u00fan su poder calor\u00edfico. Por el contrario, la electricidad procedente de la energ\u00eda e\u00f3lica, hidr\u00e1ulica y solar se contabiliza con un rendimiento te\u00f3rico del 100 %, y la geot\u00e9rmica, con un 10 %. Esta metodolog\u00eda tiene un efecto secundario importante: el PEV disminuye autom\u00e1ticamente cuando las centrales el\u00e9ctricas de combustibles f\u00f3siles, con p\u00e9rdidas de conversi\u00f3n de entre el 35 % y el 45 %, se sustituyen por una generaci\u00f3n renovable considerada sin p\u00e9rdidas, incluso si el consumo final de energ\u00eda real se mantiene constante.<\/p>\n\n\n\n<p class=\"wp-block-paragraph\">El PEC es, por tanto, el m\u00e1s exhaustivo de los cuatro indicadores clave del balance energ\u00e9tico alem\u00e1n. Constituye la magnitud de partida a partir de la cual se deducen \u2014tras la deducci\u00f3n de las p\u00e9rdidas de transformaci\u00f3n y transporte\u2014 el consumo de energ\u00eda final bruta (CEFB) y, espec\u00edficamente para el sector el\u00e9ctrico, el consumo bruto de electricidad (CBE) y la generaci\u00f3n bruta de electricidad (GBE).<\/p>\n\n\n\n<h2 class=\"wp-block-heading\">Delimitaci\u00f3n frente a BEEV, BSV y BSE<\/h2>\n\n\n\n<p class=\"wp-block-paragraph\">Los cuatro indicadores clave del balance energ\u00e9tico alem\u00e1n guardan una relaci\u00f3n jer\u00e1rquica entre s\u00ed y se confunden a menudo. <\/p>\n\n\n\n<figure class=\"wp-block-table\"><table class=\"has-fixed-layout\"><tbody><tr><td><strong>Indicador clave<\/strong><\/td><td><strong>Designaci\u00f3n<\/strong><\/td><td><strong>Referencia<\/strong><\/td><\/tr><tr><td>VPP<\/td><td>consumo de energ\u00eda primaria<\/td><td>Consumo total de energ\u00eda primaria antes de la transformaci\u00f3n, todos los sectores y portadores de energ\u00eda<\/td><\/tr><tr><td>BEEV<\/td><td>consumo de energ\u00eda final bruta<\/td><td>Energ\u00eda que llega efectivamente a los consumidores (industria, transporte, hogares, comercio y servicios), incluido el consumo propio de energ\u00eda<\/td><\/tr><tr><td>BSV<\/td><td>consumo bruto de electricidad<\/td><td>Exclusivamente el sector el\u00e9ctrico: Electricidad total generada e importada antes de las p\u00e9rdidas de red y transformaci\u00f3n<\/td><\/tr><tr><td>EEB<\/td><td>generaci\u00f3n de electricidad bruta<\/td><td>Exclusivamente el sector el\u00e9ctrico: cantidad de electricidad generada en el pa\u00eds (centrales el\u00e9ctricas, instalaciones de energ\u00edas renovables), antes del consumo propio de las centrales el\u00e9ctricas.<\/td><\/tr><\/tbody><\/table><\/figure>\n\n\n\n<p class=\"wp-block-paragraph\">Encontrar\u00e1 una comparativa detallada con la l\u00f3gica de c\u00e1lculo y datos de ejemplo en el art\u00edculo sobre <a href=\"https:\/\/cubeconcepts.de\/wp-content\/uploads\/2026\/09\/Energiebilanz-Deutschland-vier-Kennzahlen-scaled.jpg\" data-type=\"attachment\" data-id=\"34138\">Balance energ\u00e9tico de Alemania<\/a>. <\/p>\n\n\n\n<h2 class=\"wp-block-heading\">Evoluci\u00f3n del consumo de energ\u00eda primaria en Alemania<\/h2>\n\n\n\n<p class=\"wp-block-paragraph\">El PEV es desde mediados de la d\u00e9cada de 2000 <strong>en declive estructural<\/strong>. Los principales impulsores son el cambio estructural econ\u00f3mico hacia una producci\u00f3n menos intensiva en energ\u00eda, las mejoras en la eficiencia energ\u00e9tica, la creciente proporci\u00f3n de energ\u00edas renovables (con el efecto de bonificaci\u00f3n metodol\u00f3gica descrito anteriormente) y, a corto plazo, la debilidad econ\u00f3mica y las influencias meteorol\u00f3gicas.<\/p>\n\n\n\n<figure class=\"wp-block-table\"><table class=\"has-fixed-layout\"><tbody><tr><td><strong>A\u00f1o<\/strong><\/td><td><strong>VEP en TWh<\/strong><\/td><td><strong>VEP en PJ<\/strong><\/td><td><strong>Nota<\/strong><\/td><\/tr><tr><td>1990<\/td><td>aprox. 4.140<\/td><td>14.905<\/td><td>M\u00e1ximo hist\u00f3rico<\/td><\/tr><tr><td>2008<\/td><td>aprox. 3.890<\/td><td>14.003<\/td><td>A\u00f1o base para el objetivo de la EnEfG 2030<\/td><\/tr><tr><td>2017<\/td><td>ca. 3764<\/td><td>13.550<\/td><td><\/td><\/tr><tr><td>2023<\/td><td>aprox. 2.982<\/td><td>10.735<\/td><td>M\u00ednimo hist\u00f3rico como consecuencia del descenso de la producci\u00f3n industrial y los altos precios de la energ\u00eda<\/td><\/tr><tr><td>2024<\/td><td>aprox. 2.925<\/td><td>10.529<\/td><td>-1,2 % respecto a 2023<\/td><\/tr><tr><td>2025<\/td><td>aprox. 2.931<\/td><td>10.553<\/td><td>Estimaci\u00f3n provisional de la AGEB (a 18 de diciembre de 2025), -0,1 % respecto a 2024<\/td><\/tr><\/tbody><\/table><\/figure>\n\n\n\n<figure class=\"wp-block-image size-large\"><img fetchpriority=\"high\" decoding=\"async\" width=\"1024\" height=\"458\" src=\"https:\/\/cubeconcepts.de\/wp-content\/uploads\/2026\/09\/PEV-in-TWh-1024x458.jpg\" alt=\"\" class=\"wp-image-34140\" srcset=\"https:\/\/cubeconcepts.de\/wp-content\/uploads\/2026\/09\/PEV-in-TWh-1024x458.jpg 1024w, https:\/\/cubeconcepts.de\/wp-content\/uploads\/2026\/09\/PEV-in-TWh-18x8.jpg 18w, https:\/\/cubeconcepts.de\/wp-content\/uploads\/2026\/09\/PEV-in-TWh-767x343.jpg 767w, https:\/\/cubeconcepts.de\/wp-content\/uploads\/2026\/09\/PEV-in-TWh-300x134.jpg 300w, https:\/\/cubeconcepts.de\/wp-content\/uploads\/2026\/09\/PEV-in-TWh.jpg 1303w\" sizes=\"(max-width: 1024px) 100vw, 1024px\" \/><\/figure>\n\n\n\n<p class=\"wp-block-paragraph\">Llama la atenci\u00f3n que el descenso registrado entre 2022 y 2023 (alrededor de -8 %) se debi\u00f3 principalmente a factores coyunturales: los sectores industriales con alto consumo energ\u00e9tico redujeron considerablemente su producci\u00f3n ante los elevados precios de la energ\u00eda. En 2024 y 2025, en cambio, la tendencia se ha ralentizado notablemente y se estabiliza cerca de la cota de los 2 930 TWh.<\/p>\n\n\n\n<p class=\"wp-block-paragraph\">En cuanto a la combinaci\u00f3n de fuentes de energ\u00eda, en 2024 se observa el siguiente panorama: el petr\u00f3leo sigue siendo la mayor partida individual, con unos 36 %, seguido del gas natural (aprox. 26 %). El lignito y la hulla se sit\u00faan, cada uno, en torno a los 7-8 %. La energ\u00eda nuclear ya no contribuye al PEV desde su cierre definitivo el 15 de abril de 2023; la cuota de las energ\u00edas renovables aumenta de forma continua.<\/p>\n\n\n\n<h2 class=\"wp-block-heading\">Marco regulatorio: El objetivo del EnEfG para 2030<\/h2>\n\n\n\n<p class=\"wp-block-paragraph\">Con la Ley de Eficiencia Energ\u00e9tica (EnEfG), que entr\u00f3 en vigor en 2023, el legislador estableci\u00f3 de manera vinculante que el consumo de energ\u00eda primaria (PEV) <strong>en 39,3 % por debajo del valor de 2008 para 2030<\/strong> (alrededor de 3.890 TWh), lo que equivaldr\u00eda a un objetivo de aproximadamente 2.360 TWh. Sin embargo, las \u201cProyecciones de gases de efecto invernadero para 2026\u201d de la Agencia Federal de Medio Ambiente llegan a la conclusi\u00f3n de que, incluso si se aplicaran todas las medidas previstas actualmente, el PEV 2030 solo descender\u00eda hasta unos 2.722 TWh (9.800 PJ). Esto supone una reducci\u00f3n de tan solo unos 32 % con respecto a 2008. El informe de proyecciones sobre los <a href=\"https:\/\/cubeconcepts.de\/es\/metas-climaticas-2030-alemania-incumple-los-objetivos-del-rse-por-255-millones-de-toneladas-de-co%e2%82%82\/\" data-type=\"post\" data-id=\"31874\">Metas clim\u00e1ticas para 2030<\/a> como consecuencia, Alemania tambi\u00e9n incumple los objetivos del RSE en 255 millones de toneladas de CO\u2082.<\/p>\n\n\n\n<h2 class=\"wp-block-heading\">Clasificaci\u00f3n: Lo que la ca\u00edda de los VE significa para las empresas<\/h2>\n\n\n\n<p class=\"wp-block-paragraph\">Un bajo consumo de energ\u00eda primaria (CEP) decreciente no equivale a una demanda de electricidad decreciente. M\u00e1s bien ocurre lo contrario: debido a la progresiva electrificaci\u00f3n de la calefacci\u00f3n, la movilidad y los procesos industriales (bombas de calor, electromovilidad, tecnolog\u00edas de conversi\u00f3n de electricidad en otros vectores), la proporci\u00f3n de electricidad en el sistema energ\u00e9tico tender\u00e1 a aumentar. Esto tambi\u00e9n se aplica aunque el CEP total siga disminuyendo por razones metodol\u00f3gicas. Para las empresas, esto significa m\u00e1s bien que un acceso a la electricidad estable y previsible se vuelve m\u00e1s importante. La generaci\u00f3n de energ\u00eda fotovoltaica propia y el respaldo mediante sistemas de almacenamiento en bater\u00edas garantizan esto, independientemente de c\u00f3mo evolucione el balance de energ\u00eda primaria en su conjunto. C\u00f3mo se refleja concretamente este desplazamiento en el consumo bruto de electricidad lo tratamos en el art\u00edculo sobre el consumo bruto de electricidad (CBE).<\/p>\n\n\n\n<h2 class=\"wp-block-heading\">Preguntas frecuentes<\/h2>\n\n\n\n<details class=\"wp-block-details is-layout-flow wp-block-details-is-layout-flow\"><summary>\u00bfCu\u00e1l es la diferencia entre el consumo de energ\u00eda primaria y el consumo de energ\u00eda final?<\/summary>\n<p class=\"wp-block-paragraph\">El consumo de energ\u00eda primaria registra el contenido energ\u00e9tico de todas las fuentes de energ\u00eda utilizadas antes de cualquier conversi\u00f3n. El consumo de energ\u00eda final (o consumo bruto de energ\u00eda final, CBEF), en cambio, refleja \u00fanicamente la cantidad de energ\u00eda que realmente llega a los consumidores tras deducir las p\u00e9rdidas de conversi\u00f3n y transmisi\u00f3n, por lo que siempre es inferior al consumo de energ\u00eda primaria.<\/p>\n<\/details>\n\n\n\n<p class=\"wp-block-paragraph\"><\/p>\n\n\n\n<details class=\"wp-block-details is-layout-flow wp-block-details-is-layout-flow\"><summary>\u00bfPor qu\u00e9 disminuye el consumo de energ\u00eda primaria a pesar de que se consume m\u00e1s electricidad?<\/summary>\n<p class=\"wp-block-paragraph\">Esto se debe a la metodolog\u00eda de c\u00e1lculo de la AGEB: la electricidad procedente de la energ\u00eda e\u00f3lica, hidr\u00e1ulica y fotovoltaica se contabiliza sin p\u00e9rdidas de conversi\u00f3n (rendimiento del 100 %), mientras que las centrales el\u00e9ctricas de combustibles f\u00f3siles presentan p\u00e9rdidas de entre el 35 y el 45 %. Si la generaci\u00f3n renovable sustituye a la potencia de las centrales de combustibles f\u00f3siles, el PEV disminuye matem\u00e1ticamente de forma desproporcionada, incluso si la demanda real de electricidad se mantiene igual o aumenta.<\/p>\n<\/details>\n\n\n\n<p class=\"wp-block-paragraph\"><\/p>\n\n\n\n<details class=\"wp-block-details is-layout-flow wp-block-details-is-layout-flow\"><summary>\u00bfCu\u00e1l fue el consumo de energ\u00eda primaria en Alemania en 2025?<\/summary>\n<p class=\"wp-block-paragraph\">Seg\u00fan las estimaciones actuales de AG Energiebilanzen (a fecha de 18 de diciembre de 2025), el PEV de 2025 se situ\u00f3 en torno a los 2.931 TWh (10.553 petajulios) , pr\u00e1cticamente sin cambios respecto a 2024 (-0,1 %).<\/p>\n<\/details>\n\n\n\n<p class=\"wp-block-paragraph\"><\/p>\n\n\n\n<details class=\"wp-block-details is-layout-flow wp-block-details-is-layout-flow\"><summary>\u00bfQui\u00e9n recopila las cifras del consumo de energ\u00eda primaria?<\/summary>\n<p class=\"wp-block-paragraph\">La Asociaci\u00f3n de Balances Energ\u00e9ticos (AGEB) publica anualmente una estimaci\u00f3n provisional en diciembre y, en la primavera del a\u00f1o siguiente, el informe anual definitivo. Para las energ\u00edas renovables, el grupo de trabajo de estad\u00edstica de energ\u00edas renovables (AGEE-Stat) aporta adem\u00e1s datos adicionales.<\/p>\n<\/details>\n\n\n\n<p class=\"wp-block-paragraph\"><\/p>\n\n\n\n<details class=\"wp-block-details is-layout-flow wp-block-details-is-layout-flow\"><summary>\u00bfAlcanzar\u00e1 Alemania su objetivo de veh\u00edculos el\u00e9ctricos (PEV) para 2030?<\/summary>\n<p class=\"wp-block-paragraph\">Seg\u00fan las estimaciones actuales de la Agencia Federal de Medio Ambiente (proyecciones de gases de efecto invernadero para 2025), es previsible que el objetivo establecido por ley de una reducci\u00f3n de 39,3 % con respecto a 2008 no se pueda alcanzar con las medidas aprobadas hasta la fecha; la proyecci\u00f3n se sit\u00faa en torno a una reducci\u00f3n de 32 %.<\/p>\n<\/details>\n\n\n\n<p class=\"wp-block-paragraph\"><\/p>","protected":false},"excerpt":{"rendered":"<p>Ha disminuido significativamente en Alemania desde 1990, pero recientemente se ha estancado en torno a los 2.930 TWh. Este resumen muestra qu\u00e9 hay detr\u00e1s de este indicador, c\u00f3mo se calcula y por qu\u00e9 el objetivo legal para 2030 est\u00e1 en riesgo a pesar de la disminuci\u00f3n en el consumo de energ\u00eda.<\/p>","protected":false},"author":3,"featured_media":34148,"comment_status":"closed","ping_status":"open","sticky":false,"template":"","format":"standard","meta":{"_acf_changed":false,"footnotes":""},"categories":[61],"tags":[],"class_list":["post-34139","post","type-post","status-publish","format-standard","has-post-thumbnail","hentry","category-grundlagen-technik"],"acf":[],"yoast_head":"<!-- This site is optimized with the Yoast SEO plugin v28.3 - https:\/\/yoast.com\/product\/yoast-seo-wordpress\/ -->\n<title>Prim\u00e4renergieverbrauch (PEV) in Deutschland | CUBE CONCEPTS<\/title>\n<meta name=\"description\" content=\"Prim\u00e4renergieverbrauch (PEV) in Deutschland: aktuelle Zahlen 2025, Definition, Entwicklung seit 1990 und das EnEfG-Ziel 2030 einfach erkl\u00e4rt.\" \/>\n<meta name=\"robots\" content=\"index, follow, max-snippet:-1, max-image-preview:large, max-video-preview:-1\" \/>\n<link rel=\"canonical\" href=\"https:\/\/cubeconcepts.de\/es\/consumo-de-energia-primaria-cep-en-alemania\/\" \/>\n<meta property=\"og:locale\" content=\"es_ES\" \/>\n<meta property=\"og:type\" content=\"article\" \/>\n<meta property=\"og:title\" content=\"Prim\u00e4renergieverbrauch (PEV) in Deutschland | CUBE CONCEPTS\" \/>\n<meta property=\"og:description\" content=\"Prim\u00e4renergieverbrauch (PEV) in Deutschland: aktuelle Zahlen 2025, Definition, Entwicklung seit 1990 und das EnEfG-Ziel 2030 einfach erkl\u00e4rt.\" \/>\n<meta property=\"og:url\" content=\"https:\/\/cubeconcepts.de\/es\/consumo-de-energia-primaria-cep-en-alemania\/\" \/>\n<meta property=\"og:site_name\" content=\"CUBE CONCEPTS\" \/>\n<meta property=\"article:published_time\" content=\"2026-09-01T08:09:11+00:00\" \/>\n<meta property=\"article:modified_time\" content=\"2026-09-01T08:09:14+00:00\" \/>\n<meta property=\"og:image\" content=\"https:\/\/cubeconcepts.de\/wp-content\/uploads\/2026\/09\/Primaerenergieverbrauch-PEV-Deutschland-scaled.jpg\" \/>\n\t<meta property=\"og:image:width\" content=\"2560\" \/>\n\t<meta property=\"og:image:height\" content=\"1707\" \/>\n\t<meta property=\"og:image:type\" content=\"image\/jpeg\" \/>\n<meta name=\"author\" content=\"Guido Steenmans\" \/>\n<meta name=\"twitter:card\" content=\"summary_large_image\" \/>\n<meta name=\"twitter:label1\" content=\"Escrito por\" \/>\n\t<meta name=\"twitter:data1\" content=\"Guido Steenmans\" \/>\n\t<meta name=\"twitter:label2\" content=\"Tiempo de lectura\" \/>\n\t<meta name=\"twitter:data2\" content=\"6 minutos\" \/>\n<script type=\"application\/ld+json\" class=\"yoast-schema-graph\">{\"@context\":\"https:\\\/\\\/schema.org\",\"@graph\":[{\"@type\":\"Article\",\"@id\":\"https:\\\/\\\/cubeconcepts.de\\\/primaerenergieverbrauch-pev-in-deutschland\\\/#article\",\"isPartOf\":{\"@id\":\"https:\\\/\\\/cubeconcepts.de\\\/primaerenergieverbrauch-pev-in-deutschland\\\/\"},\"author\":{\"name\":\"Guido Steenmans\",\"@id\":\"https:\\\/\\\/cubeconcepts.de\\\/fr\\\/#\\\/schema\\\/person\\\/2c762e4ca1ea252f42f23ab33248856e\"},\"headline\":\"Prim\u00e4renergieverbrauch (PEV) in Deutschland: Definition, aktuelle Zahlen &amp; Entwicklung\",\"datePublished\":\"2026-09-01T08:09:11+00:00\",\"dateModified\":\"2026-09-01T08:09:14+00:00\",\"mainEntityOfPage\":{\"@id\":\"https:\\\/\\\/cubeconcepts.de\\\/primaerenergieverbrauch-pev-in-deutschland\\\/\"},\"wordCount\":997,\"publisher\":{\"@id\":\"https:\\\/\\\/cubeconcepts.de\\\/fr\\\/#organization\"},\"image\":{\"@id\":\"https:\\\/\\\/cubeconcepts.de\\\/primaerenergieverbrauch-pev-in-deutschland\\\/#primaryimage\"},\"thumbnailUrl\":\"https:\\\/\\\/cubeconcepts.de\\\/wp-content\\\/uploads\\\/2026\\\/09\\\/Primaerenergieverbrauch-PEV-Deutschland-scaled.jpg\",\"articleSection\":[\"Grundlagen &amp; Technik\"],\"inLanguage\":\"es\"},{\"@type\":\"WebPage\",\"@id\":\"https:\\\/\\\/cubeconcepts.de\\\/primaerenergieverbrauch-pev-in-deutschland\\\/\",\"url\":\"https:\\\/\\\/cubeconcepts.de\\\/primaerenergieverbrauch-pev-in-deutschland\\\/\",\"name\":\"Prim\u00e4renergieverbrauch (PEV) in Deutschland | CUBE CONCEPTS\",\"isPartOf\":{\"@id\":\"https:\\\/\\\/cubeconcepts.de\\\/fr\\\/#website\"},\"primaryImageOfPage\":{\"@id\":\"https:\\\/\\\/cubeconcepts.de\\\/primaerenergieverbrauch-pev-in-deutschland\\\/#primaryimage\"},\"image\":{\"@id\":\"https:\\\/\\\/cubeconcepts.de\\\/primaerenergieverbrauch-pev-in-deutschland\\\/#primaryimage\"},\"thumbnailUrl\":\"https:\\\/\\\/cubeconcepts.de\\\/wp-content\\\/uploads\\\/2026\\\/09\\\/Primaerenergieverbrauch-PEV-Deutschland-scaled.jpg\",\"datePublished\":\"2026-09-01T08:09:11+00:00\",\"dateModified\":\"2026-09-01T08:09:14+00:00\",\"description\":\"Prim\u00e4renergieverbrauch (PEV) in Deutschland: aktuelle Zahlen 2025, Definition, Entwicklung seit 1990 und das EnEfG-Ziel 2030 einfach erkl\u00e4rt.\",\"breadcrumb\":{\"@id\":\"https:\\\/\\\/cubeconcepts.de\\\/primaerenergieverbrauch-pev-in-deutschland\\\/#breadcrumb\"},\"inLanguage\":\"es\",\"potentialAction\":[{\"@type\":\"ReadAction\",\"target\":[\"https:\\\/\\\/cubeconcepts.de\\\/primaerenergieverbrauch-pev-in-deutschland\\\/\"]}]},{\"@type\":\"ImageObject\",\"inLanguage\":\"es\",\"@id\":\"https:\\\/\\\/cubeconcepts.de\\\/primaerenergieverbrauch-pev-in-deutschland\\\/#primaryimage\",\"url\":\"https:\\\/\\\/cubeconcepts.de\\\/wp-content\\\/uploads\\\/2026\\\/09\\\/Primaerenergieverbrauch-PEV-Deutschland-scaled.jpg\",\"contentUrl\":\"https:\\\/\\\/cubeconcepts.de\\\/wp-content\\\/uploads\\\/2026\\\/09\\\/Primaerenergieverbrauch-PEV-Deutschland-scaled.jpg\",\"width\":2560,\"height\":1707,\"caption\":\"Primaerenergieverbrauch-PEV-Deutschland\"},{\"@type\":\"BreadcrumbList\",\"@id\":\"https:\\\/\\\/cubeconcepts.de\\\/primaerenergieverbrauch-pev-in-deutschland\\\/#breadcrumb\",\"itemListElement\":[{\"@type\":\"ListItem\",\"position\":1,\"name\":\"Startseite\",\"item\":\"https:\\\/\\\/cubeconcepts.de\\\/\"},{\"@type\":\"ListItem\",\"position\":2,\"name\":\"Prim\u00e4renergieverbrauch (PEV) in Deutschland: Definition, aktuelle Zahlen &amp; Entwicklung\"}]},{\"@type\":\"WebSite\",\"@id\":\"https:\\\/\\\/cubeconcepts.de\\\/fr\\\/#website\",\"url\":\"https:\\\/\\\/cubeconcepts.de\\\/fr\\\/\",\"name\":\"CUBE CONCEPTS\",\"description\":\"Energiesysteme f\u00fcr Unternehmen\",\"publisher\":{\"@id\":\"https:\\\/\\\/cubeconcepts.de\\\/fr\\\/#organization\"},\"potentialAction\":[{\"@type\":\"SearchAction\",\"target\":{\"@type\":\"EntryPoint\",\"urlTemplate\":\"https:\\\/\\\/cubeconcepts.de\\\/fr\\\/?s={search_term_string}\"},\"query-input\":{\"@type\":\"PropertyValueSpecification\",\"valueRequired\":true,\"valueName\":\"search_term_string\"}}],\"inLanguage\":\"es\"},{\"@type\":\"Organization\",\"@id\":\"https:\\\/\\\/cubeconcepts.de\\\/fr\\\/#organization\",\"name\":\"CUBE CONCEPTS\",\"url\":\"https:\\\/\\\/cubeconcepts.de\\\/fr\\\/\",\"logo\":{\"@type\":\"ImageObject\",\"inLanguage\":\"es\",\"@id\":\"https:\\\/\\\/cubeconcepts.de\\\/fr\\\/#\\\/schema\\\/logo\\\/image\\\/\",\"url\":\"https:\\\/\\\/cubeconcepts.de\\\/wp-content\\\/uploads\\\/2023\\\/01\\\/CUBE_CONCEPT-Logo.png\",\"contentUrl\":\"https:\\\/\\\/cubeconcepts.de\\\/wp-content\\\/uploads\\\/2023\\\/01\\\/CUBE_CONCEPT-Logo.png\",\"width\":644,\"height\":207,\"caption\":\"CUBE CONCEPTS\"},\"image\":{\"@id\":\"https:\\\/\\\/cubeconcepts.de\\\/fr\\\/#\\\/schema\\\/logo\\\/image\\\/\"}},{\"@type\":\"Person\",\"@id\":\"https:\\\/\\\/cubeconcepts.de\\\/fr\\\/#\\\/schema\\\/person\\\/2c762e4ca1ea252f42f23ab33248856e\",\"name\":\"Guido Steenmans\",\"image\":{\"@type\":\"ImageObject\",\"inLanguage\":\"es\",\"@id\":\"https:\\\/\\\/cubeconcepts.de\\\/wp-content\\\/uploads\\\/2025\\\/11\\\/cropped-Guido-Steenmanns-hoch-scaled-1-96x96.jpg\",\"url\":\"https:\\\/\\\/cubeconcepts.de\\\/wp-content\\\/uploads\\\/2025\\\/11\\\/cropped-Guido-Steenmanns-hoch-scaled-1-96x96.jpg\",\"contentUrl\":\"https:\\\/\\\/cubeconcepts.de\\\/wp-content\\\/uploads\\\/2025\\\/11\\\/cropped-Guido-Steenmanns-hoch-scaled-1-96x96.jpg\",\"caption\":\"Guido Steenmans\"}}]}<\/script>\n<!-- \/ Yoast SEO plugin. -->","yoast_head_json":{"title":"Prim\u00e4renergieverbrauch (PEV) in Deutschland | CUBE CONCEPTS","description":"Prim\u00e4renergieverbrauch (PEV) in Deutschland: aktuelle Zahlen 2025, Definition, Entwicklung seit 1990 und das EnEfG-Ziel 2030 einfach erkl\u00e4rt.","robots":{"index":"index","follow":"follow","max-snippet":"max-snippet:-1","max-image-preview":"max-image-preview:large","max-video-preview":"max-video-preview:-1"},"canonical":"https:\/\/cubeconcepts.de\/es\/consumo-de-energia-primaria-cep-en-alemania\/","og_locale":"es_ES","og_type":"article","og_title":"Prim\u00e4renergieverbrauch (PEV) in Deutschland | CUBE CONCEPTS","og_description":"Prim\u00e4renergieverbrauch (PEV) in Deutschland: aktuelle Zahlen 2025, Definition, Entwicklung seit 1990 und das EnEfG-Ziel 2030 einfach erkl\u00e4rt.","og_url":"https:\/\/cubeconcepts.de\/es\/consumo-de-energia-primaria-cep-en-alemania\/","og_site_name":"CUBE CONCEPTS","article_published_time":"2026-09-01T08:09:11+00:00","article_modified_time":"2026-09-01T08:09:14+00:00","og_image":[{"width":2560,"height":1707,"url":"https:\/\/cubeconcepts.de\/wp-content\/uploads\/2026\/09\/Primaerenergieverbrauch-PEV-Deutschland-scaled.jpg","type":"image\/jpeg"}],"author":"Guido Steenmans","twitter_card":"summary_large_image","twitter_misc":{"Escrito por":"Guido Steenmans","Tiempo de lectura":"6 minutos"},"schema":{"@context":"https:\/\/schema.org","@graph":[{"@type":"Article","@id":"https:\/\/cubeconcepts.de\/primaerenergieverbrauch-pev-in-deutschland\/#article","isPartOf":{"@id":"https:\/\/cubeconcepts.de\/primaerenergieverbrauch-pev-in-deutschland\/"},"author":{"name":"Guido Steenmans","@id":"https:\/\/cubeconcepts.de\/fr\/#\/schema\/person\/2c762e4ca1ea252f42f23ab33248856e"},"headline":"Prim\u00e4renergieverbrauch (PEV) in Deutschland: Definition, aktuelle Zahlen &amp; Entwicklung","datePublished":"2026-09-01T08:09:11+00:00","dateModified":"2026-09-01T08:09:14+00:00","mainEntityOfPage":{"@id":"https:\/\/cubeconcepts.de\/primaerenergieverbrauch-pev-in-deutschland\/"},"wordCount":997,"publisher":{"@id":"https:\/\/cubeconcepts.de\/fr\/#organization"},"image":{"@id":"https:\/\/cubeconcepts.de\/primaerenergieverbrauch-pev-in-deutschland\/#primaryimage"},"thumbnailUrl":"https:\/\/cubeconcepts.de\/wp-content\/uploads\/2026\/09\/Primaerenergieverbrauch-PEV-Deutschland-scaled.jpg","articleSection":["Grundlagen &amp; Technik"],"inLanguage":"es"},{"@type":"WebPage","@id":"https:\/\/cubeconcepts.de\/primaerenergieverbrauch-pev-in-deutschland\/","url":"https:\/\/cubeconcepts.de\/primaerenergieverbrauch-pev-in-deutschland\/","name":"Prim\u00e4renergieverbrauch (PEV) in Deutschland | CUBE CONCEPTS","isPartOf":{"@id":"https:\/\/cubeconcepts.de\/fr\/#website"},"primaryImageOfPage":{"@id":"https:\/\/cubeconcepts.de\/primaerenergieverbrauch-pev-in-deutschland\/#primaryimage"},"image":{"@id":"https:\/\/cubeconcepts.de\/primaerenergieverbrauch-pev-in-deutschland\/#primaryimage"},"thumbnailUrl":"https:\/\/cubeconcepts.de\/wp-content\/uploads\/2026\/09\/Primaerenergieverbrauch-PEV-Deutschland-scaled.jpg","datePublished":"2026-09-01T08:09:11+00:00","dateModified":"2026-09-01T08:09:14+00:00","description":"Prim\u00e4renergieverbrauch (PEV) in Deutschland: aktuelle Zahlen 2025, Definition, Entwicklung seit 1990 und das EnEfG-Ziel 2030 einfach erkl\u00e4rt.","breadcrumb":{"@id":"https:\/\/cubeconcepts.de\/primaerenergieverbrauch-pev-in-deutschland\/#breadcrumb"},"inLanguage":"es","potentialAction":[{"@type":"ReadAction","target":["https:\/\/cubeconcepts.de\/primaerenergieverbrauch-pev-in-deutschland\/"]}]},{"@type":"ImageObject","inLanguage":"es","@id":"https:\/\/cubeconcepts.de\/primaerenergieverbrauch-pev-in-deutschland\/#primaryimage","url":"https:\/\/cubeconcepts.de\/wp-content\/uploads\/2026\/09\/Primaerenergieverbrauch-PEV-Deutschland-scaled.jpg","contentUrl":"https:\/\/cubeconcepts.de\/wp-content\/uploads\/2026\/09\/Primaerenergieverbrauch-PEV-Deutschland-scaled.jpg","width":2560,"height":1707,"caption":"Primaerenergieverbrauch-PEV-Deutschland"},{"@type":"BreadcrumbList","@id":"https:\/\/cubeconcepts.de\/primaerenergieverbrauch-pev-in-deutschland\/#breadcrumb","itemListElement":[{"@type":"ListItem","position":1,"name":"Startseite","item":"https:\/\/cubeconcepts.de\/"},{"@type":"ListItem","position":2,"name":"Prim\u00e4renergieverbrauch (PEV) in Deutschland: Definition, aktuelle Zahlen &amp; Entwicklung"}]},{"@type":"WebSite","@id":"https:\/\/cubeconcepts.de\/fr\/#website","url":"https:\/\/cubeconcepts.de\/fr\/","name":"CONCEPTOS DE CUBO","description":"Sistemas de energ\u00eda para empresas","publisher":{"@id":"https:\/\/cubeconcepts.de\/fr\/#organization"},"potentialAction":[{"@type":"SearchAction","target":{"@type":"EntryPoint","urlTemplate":"https:\/\/cubeconcepts.de\/fr\/?s={search_term_string}"},"query-input":{"@type":"PropertyValueSpecification","valueRequired":true,"valueName":"search_term_string"}}],"inLanguage":"es"},{"@type":"Organization","@id":"https:\/\/cubeconcepts.de\/fr\/#organization","name":"CONCEPTOS DE CUBO","url":"https:\/\/cubeconcepts.de\/fr\/","logo":{"@type":"ImageObject","inLanguage":"es","@id":"https:\/\/cubeconcepts.de\/fr\/#\/schema\/logo\/image\/","url":"https:\/\/cubeconcepts.de\/wp-content\/uploads\/2023\/01\/CUBE_CONCEPT-Logo.png","contentUrl":"https:\/\/cubeconcepts.de\/wp-content\/uploads\/2023\/01\/CUBE_CONCEPT-Logo.png","width":644,"height":207,"caption":"CUBE CONCEPTS"},"image":{"@id":"https:\/\/cubeconcepts.de\/fr\/#\/schema\/logo\/image\/"}},{"@type":"Person","@id":"https:\/\/cubeconcepts.de\/fr\/#\/schema\/person\/2c762e4ca1ea252f42f23ab33248856e","name":"Guido Steenmans","image":{"@type":"ImageObject","inLanguage":"es","@id":"https:\/\/cubeconcepts.de\/wp-content\/uploads\/2025\/11\/cropped-Guido-Steenmanns-hoch-scaled-1-96x96.jpg","url":"https:\/\/cubeconcepts.de\/wp-content\/uploads\/2025\/11\/cropped-Guido-Steenmanns-hoch-scaled-1-96x96.jpg","contentUrl":"https:\/\/cubeconcepts.de\/wp-content\/uploads\/2025\/11\/cropped-Guido-Steenmanns-hoch-scaled-1-96x96.jpg","caption":"Guido Steenmans"}}]}},"_links":{"self":[{"href":"https:\/\/cubeconcepts.de\/es\/wp-json\/wp\/v2\/posts\/34139","targetHints":{"allow":["GET"]}}],"collection":[{"href":"https:\/\/cubeconcepts.de\/es\/wp-json\/wp\/v2\/posts"}],"about":[{"href":"https:\/\/cubeconcepts.de\/es\/wp-json\/wp\/v2\/types\/post"}],"author":[{"embeddable":true,"href":"https:\/\/cubeconcepts.de\/es\/wp-json\/wp\/v2\/users\/3"}],"replies":[{"embeddable":true,"href":"https:\/\/cubeconcepts.de\/es\/wp-json\/wp\/v2\/comments?post=34139"}],"version-history":[{"count":3,"href":"https:\/\/cubeconcepts.de\/es\/wp-json\/wp\/v2\/posts\/34139\/revisions"}],"predecessor-version":[{"id":34143,"href":"https:\/\/cubeconcepts.de\/es\/wp-json\/wp\/v2\/posts\/34139\/revisions\/34143"}],"wp:featuredmedia":[{"embeddable":true,"href":"https:\/\/cubeconcepts.de\/es\/wp-json\/wp\/v2\/media\/34148"}],"wp:attachment":[{"href":"https:\/\/cubeconcepts.de\/es\/wp-json\/wp\/v2\/media?parent=34139"}],"wp:term":[{"taxonomy":"category","embeddable":true,"href":"https:\/\/cubeconcepts.de\/es\/wp-json\/wp\/v2\/categories?post=34139"},{"taxonomy":"post_tag","embeddable":true,"href":"https:\/\/cubeconcepts.de\/es\/wp-json\/wp\/v2\/tags?post=34139"}],"curies":[{"name":"wp","href":"https:\/\/api.w.org\/{rel}","templated":true}]}}