{"id":34134,"date":"2026-09-01T09:24:15","date_gmt":"2026-09-01T07:24:15","guid":{"rendered":"https:\/\/cubeconcepts.de\/?p=34134"},"modified":"2026-09-01T10:56:39","modified_gmt":"2026-09-01T08:56:39","slug":"balance-energetico-de-alemania-pev-beev-bsv-bse-en-resumen","status":"publish","type":"post","link":"https:\/\/cubeconcepts.de\/es\/energiebilanz-deutschland-pev-beev-bsv-bse-im-ueberblick\/","title":{"rendered":"Energiebilanz Deutschland: PEV, BEEV, BSV &amp; BSE im \u00dcberblick"},"content":{"rendered":"<h2 class=\"wp-block-heading\">Breve resumen<\/h2>\n\n\n\n<ul class=\"wp-block-list\">\n<li>PEV, BEEV, BSV y BSE son los cuatro indicadores clave de la estad\u00edstica energ\u00e9tica alemana y describen el <strong>balance energ\u00e9tico<\/strong> en <strong>Alemania<\/strong>. Se confunden a menudo, pero miden diferentes partes del sistema energ\u00e9tico.<\/li>\n\n\n\n<li>Orden de magnitud 2025: consumo de energ\u00eda primaria (CEP) alrededor de <strong>2,931 TWh<\/strong>, consumo de energ\u00eda bruta (CEB) de aproximadamente <strong>2,333 TWh<\/strong>, consumo de electricidad bruto (CEB) de aprox. <strong>526 TWh<\/strong>, generaci\u00f3n bruta de electricidad (BSE) aprox. <strong>509 TWh<\/strong>.<\/li>\n\n\n\n<li><strong>regla mnemot\u00e9cnica<\/strong>PEV es el mayor (todos los vectores energ\u00e9ticos, antes de la transformaci\u00f3n), BEEV es la parte del mismo que llega a los consumidores (todos los sectores), BSV y BSE se limitan ambos al sector el\u00e9ctrico: BSV desde la perspectiva del consumo, BSE desde la perspectiva de la generaci\u00f3n.<\/li>\n<\/ul>\n\n\n\n<h2 class=\"wp-block-heading\">\u00bfPor qu\u00e9 hay cuatro m\u00e9tricas diferentes?<\/h2>\n\n\n\n<p class=\"wp-block-paragraph\">Las estad\u00edsticas energ\u00e9ticas alemanas y europeas distinguen conscientemente entre diferentes niveles de an\u00e1lisis, porque cada indicador responde a una pregunta distinta. <\/p>\n\n\n\n<ul class=\"wp-block-list\">\n<li><strong>\u00bfCu\u00e1nta energ\u00eda consume Alemania en total?<\/strong>, independientemente de para qu\u00e9? <strong>VPP<\/strong><\/li>\n\n\n\n<li><strong>\u00bfCu\u00e1nta energ\u00eda llega realmente a los consumidores?<\/strong>, \u00bfen todos los sectores (electricidad, calefacci\u00f3n, transporte)? \u2192 <strong>BEEV<\/strong><\/li>\n\n\n\n<li><strong>\u00bfCu\u00e1nta electricidad se consume en Alemania?<\/strong>, independientemente de si ha sido producido nacionalmente o importado? <strong>BSV<\/strong><\/li>\n\n\n\n<li><strong>\u00bfCu\u00e1nta electricidad se genera realmente en Alemania?<\/strong>, independientemente de si se consume en el pa\u00eds o se exporta? <strong>EEB<\/strong><\/li>\n<\/ul>\n\n\n\n<p class=\"wp-block-paragraph\"><\/p>\n\n\n\n<p class=\"wp-block-paragraph\">Esta diferenciaci\u00f3n no es un capricho acad\u00e9mico. Los objetivos de expansi\u00f3n de la EEG se refieren al BSV, los objetivos clim\u00e1ticos de la UE al BEEV y las evaluaciones globales de la pol\u00edtica energ\u00e9tica (como la Ley de Eficiencia Energ\u00e9tica) al PEV. Quien cite la m\u00e9trica incorrecta, r\u00e1pidamente compara peras con manzanas.<\/p>\n\n\n\n<h2 class=\"wp-block-heading\">Las cuatro cifras clave para el balance energ\u00e9tico en Alemania en comparaci\u00f3n<\/h2>\n\n\n\n<figure class=\"wp-block-table\"><table class=\"has-fixed-layout\"><tbody><tr><td><strong>Indicador clave<\/strong><\/td><td><strong>Designaci\u00f3n<\/strong><\/td><td><strong>Alcance<\/strong><\/td><td><strong>Valor 2025 (TWh)<\/strong><\/td><td><strong>Objetivo pol\u00edtico central<\/strong><\/td><\/tr><tr><td>VPP<\/td><td>consumo de energ\u00eda primaria<\/td><td>Todos los vectores energ\u00e9ticos, todos los sectores, antes de la transformaci\u00f3n<\/td><td>aprox. 2.931<\/td><td>EnEfG: -39,3 % para 2030 con respecto a 2008<\/td><\/tr><tr><td>BEEV<\/td><td>consumo de energ\u00eda final bruta<\/td><td>Todos los portadores de energ\u00eda, todos los sectores, tras la conversi\u00f3n (en los consumidores<\/td><td>aprox. 2.333<\/td><td>NECP: 41 %. Porcentaje de energ\u00edas renovables para 2030<\/td><\/tr><tr><td>BSV<\/td><td>consumo bruto de electricidad<\/td><td>Solo electricidad, perspectiva del consumidor (incluidas las p\u00e9rdidas de red)<\/td><td>h. 526<\/td><td>EEG 2023: 80 % de cuota de energ\u00edas renovables hasta 2030<\/td><\/tr><tr><td>EEB<\/td><td>generaci\u00f3n de electricidad bruta<\/td><td>Solo electricidad, perspectiva del productor (producci\u00f3n nacional)<\/td><td>h. 509<\/td><td>600 TWh de generaci\u00f3n de energ\u00eda renovable para 2030<\/td><\/tr><\/tbody><\/table><\/figure>\n\n\n\n<h2 class=\"wp-block-heading\">\u00bfC\u00f3mo se relacionan los cuatro indicadores?<\/h2>\n\n\n\n<p class=\"wp-block-paragraph\">PEV \u2192 BEEV<strong>:<\/strong> El BEEV es siempre menor que el PEV porque en la conversi\u00f3n de energ\u00eda primaria en energ\u00eda final utilizable \u2014por ejemplo, en centrales el\u00e9ctricas o refiner\u00edas\u2014 se producen p\u00e9rdidas. En 2025, el PEV se situ\u00f3 en torno a los 2.931 TWh y el BEEV en torno a los 2.333 TWh. La diferencia de unos 600 TWh corresponde esencialmente a las p\u00e9rdidas de conversi\u00f3n y transporte del sistema energ\u00e9tico.<\/p>\n\n\n\n<p class=\"wp-block-paragraph\">BEEV \u2283 BSV<strong>:<\/strong> El BSV, como valor exclusivamente el\u00e9ctrico, es un subconjunto del BEEV, que incluye adem\u00e1s la calefacci\u00f3n, la refrigeraci\u00f3n y los combustibles utilizados en el transporte. En 2025, el consumo de electricidad (526 TWh) represent\u00f3 aproximadamente el 23 % del BEEV total (2.333 TWh), una cifra que probablemente tender\u00e1 a aumentar a medida que avance la electrificaci\u00f3n de la calefacci\u00f3n y el transporte.<\/p>\n\n\n\n<p class=\"wp-block-paragraph\">BSV \u2194 BSE<strong>:<\/strong> Ambos se refieren al mismo sector el\u00e9ctrico, pero se diferencian por el saldo del comercio exterior: la producci\u00f3n interior bruta (BSE) m\u00e1s las importaciones netas da aproximadamente el consumo interior bruto (BSV). Hasta 2022, la BSE era mayor que el BSV (Alemania era exportador neto); desde 2023 es al rev\u00e9s. La BSE (alrededor de 509 TWh) est\u00e1 por debajo del BSV (alrededor de 526 TWh); la diferencia de unos 19 TWh se cubre con importaciones de electricidad.<\/p>\n\n\n\n<h2 class=\"wp-block-heading\">Punto en com\u00fan: La creciente proporci\u00f3n de energ\u00edas renovables<\/h2>\n\n\n\n<p class=\"wp-block-paragraph\">Los cuatro indicadores del balance energ\u00e9tico de Alemania muestran la misma tendencia general, aunque a ritmos diferentes. La cuota de energ\u00edas renovables est\u00e1 aumentando, sobre todo en el sector el\u00e9ctrico (BSV: 55,1 % en 2025) y de forma notablemente m\u00e1s lenta en el BEEV total (23,8 %), ya que los sectores de la calefacci\u00f3n (19,0 %) y, sobre todo, el transporte (8,0 %) se quedan estructuralmente rezagados. En el caso del PEV, el aumento de la cuota de energ\u00edas renovables provoca, por razones metodol\u00f3gicas, una disminuci\u00f3n desproporcionada del valor total, ya que la electricidad renovable se incluye en el balance sin p\u00e9rdidas por conversi\u00f3n.<\/p>\n\n\n\n<h2 class=\"wp-block-heading\">\u00bfQu\u00e9 significa esto para los proyectos de BESS y fotovoltaicos?<\/h2>\n\n\n\n<p class=\"wp-block-paragraph\">Para la clasificaci\u00f3n en la vida cotidiana suele bastar una simple regla general: <strong>PEV y BEEV<\/strong> sind die richtigen Kennzahlen, wenn es um die gesamtwirtschaftliche Energiewende geht \u2013 etwa Effizienz, Sektorenkopplung oder Klimaziele \u00fcber alle Energietr\u00e4ger hinweg. <strong>BSV und BSE<\/strong> sind die relevanten Kennzahlen f\u00fcr alles, was unmittelbar mit dem Stromsystem zu tun hat \u2013 und damit auch f\u00fcr Batteriespeicher und Photovoltaik: Der wachsende EE-Anteil am BSV treibt den Flexibilit\u00e4tsbedarf, die Entwicklung der BSE zeigt, wie sich das Erzeugungsportfolio strukturell ver\u00e4ndert.<\/p>\n\n\n\n<p class=\"wp-block-paragraph\">Vertiefende Informationen zu den einzelnen Kennzahlen zur Energiebilanz in Deutschland gibt es in den jeweiligen Wissensartikeln:<\/p>\n\n\n\n<ul class=\"wp-block-list\">\n<li><a href=\"https:\/\/cubeconcepts.de\/es\/consumo-de-energia-primaria-cep-en-alemania\/\">Prim\u00e4renergieverbrauch (PEV) in Deutschland<\/a><\/li>\n\n\n\n<li>Bruttoendenergieverbrauch (BEEV) in Deutschland<\/li>\n\n\n\n<li><a href=\"https:\/\/cubeconcepts.de\/es\/bruttostromverbrauch-bsv-in-deutschland\/\" data-type=\"post\" data-id=\"34154\">Bruttostromverbrauch (BSV) in Deutschland<\/a><\/li>\n\n\n\n<li>Bruttostromerzeugung (BSE) in Deutschland<\/li>\n<\/ul>\n\n\n\n<h2 class=\"wp-block-heading\">FAQ zu den Kennzahlen der Energiebilanz in Deutschland<\/h2>\n\n\n\n<details class=\"wp-block-details is-layout-flow wp-block-details-is-layout-flow\"><summary>Was ist der Unterschied zwischen Prim\u00e4renergieverbrauch und Bruttostromverbrauch?<\/summary>\n<p class=\"wp-block-paragraph\">Der Prim\u00e4renergieverbrauch (PEV) umfasst den gesamten Energieeinsatz Deutschlands \u2013 Strom, W\u00e4rme, Kraftstoffe \u2013 vor jeglicher Umwandlung. Der Bruttostromverbrauch (BSV) betrachtet ausschlie\u00dflich den Stromsektor und ist damit eine deutlich kleinere Teilmenge des Energiesystems.<\/p>\n<\/details>\n\n\n\n<p class=\"wp-block-paragraph\"><\/p>\n\n\n\n<details class=\"wp-block-details is-layout-flow wp-block-details-is-layout-flow\"><summary>Ist die Bruttostromerzeugung gr\u00f6\u00dfer oder kleiner als der Bruttostromverbrauch?<\/summary>\n<p class=\"wp-block-paragraph\">Das h\u00e4ngt vom Stromau\u00dfenhandel ab. Bis 2022 war die Bruttostromerzeugung in Deutschland gr\u00f6\u00dfer als der Bruttostromverbrauch (Nettoexport), seit 2023 ist es umgekehrt. Deutschland importiert per Saldo Strom, die Erzeugung liegt daher unter dem Verbrauch.<\/p>\n<\/details>\n\n\n\n<p class=\"wp-block-paragraph\"><\/p>\n\n\n\n<details class=\"wp-block-details is-layout-flow wp-block-details-is-layout-flow\"><summary>Warum haben PEV, BEEV, BSV und BSE unterschiedliche EEG- bzw. Klimaziele?<\/summary>\n<p class=\"wp-block-paragraph\">Jede Kennzahl bildet eine andere Ebene des Energiesystems ab und wird deshalb in einem eigenen rechtlichen Rahmen adressiert. Das EEG 2023 zielt auf den Stromsektor (BSV, 80 % bis 2030), der Nationale Energie- und Klimaplan auf den gesamten Endenergieverbrauch (BEEV, 41 % bis 2030), und das Energieeffizienzgesetz auf den Prim\u00e4renergieverbrauch insgesamt (PEV, -39,3 % bis 2030 gg\u00fc. 2008).<\/p>\n<\/details>\n\n\n\n<p class=\"wp-block-paragraph\"><\/p>\n\n\n\n<details class=\"wp-block-details is-layout-flow wp-block-details-is-layout-flow\"><summary>Welche Kennzahl ist f\u00fcr die Energiewende am wichtigsten?<\/summary>\n<p class=\"wp-block-paragraph\">Keine der vier Kennzahlen allein gibt ein vollst\u00e4ndiges Bild. Der PEV zeigt den Effizienzfortschritt insgesamt, der BEEV die Fortschritte in allen Verbrauchssektoren, und BSV\/BSE bilden gemeinsam ab, wie sich das Stromsystem \u2013 der Kern der Energiewende \u2013 entwickelt.<\/p>\n<\/details>\n\n\n\n<h2 class=\"wp-block-heading\">Fuentes<\/h2>\n\n\n\n<p class=\"wp-block-paragraph\"><em>Arbeitsgemeinschaft Energiebilanzen (AGEB), Arbeitsgruppe Erneuerbare Energien-Statistik (AGEE-Stat), Umweltbundesamt (UBA), Bundesministerium f\u00fcr Wirtschaft und Energie (BMWE).<\/em><\/p>\n\n\n\n<p class=\"wp-block-paragraph\"><\/p>","protected":false},"excerpt":{"rendered":"<p>Cuatro indicadores clave que reflejan el balance energ\u00e9tico alem\u00e1n desde diferentes perspectivas, y que, sin embargo, a menudo se confunden. Nuestro resumen muestra las diferencias, las relaciones y por qu\u00e9 el indicador correcto es crucial para los proyectos fotovoltaicos y de sistemas de almacenamiento de energ\u00eda en bater\u00edas (BESS).<\/p>","protected":false},"author":3,"featured_media":34138,"comment_status":"closed","ping_status":"open","sticky":false,"template":"","format":"standard","meta":{"_acf_changed":false,"footnotes":""},"categories":[61],"tags":[],"class_list":["post-34134","post","type-post","status-publish","format-standard","has-post-thumbnail","hentry","category-grundlagen-technik"],"acf":[],"yoast_head":"<!-- This site is optimized with the Yoast SEO plugin v28.3 - https:\/\/yoast.com\/product\/yoast-seo-wordpress\/ -->\n<title>Energiebilanz Deutschland: PEV, BEEV, BSV &amp; BSE im \u00dcberblick | CUBE CONCEPTS<\/title>\n<meta name=\"description\" content=\"PEV, BEEV, BSV und BSE im Vergleich: Die vier zentralen Kennzahlen der deutschen Energiebilanz einfach erkl\u00e4rt und voneinander abgegrenzt.\" \/>\n<meta name=\"robots\" content=\"index, follow, max-snippet:-1, max-image-preview:large, max-video-preview:-1\" \/>\n<link rel=\"canonical\" href=\"https:\/\/cubeconcepts.de\/es\/balance-energetico-de-alemania-pev-beev-bsv-bse-en-resumen\/\" \/>\n<meta property=\"og:locale\" content=\"es_ES\" \/>\n<meta property=\"og:type\" content=\"article\" \/>\n<meta property=\"og:title\" content=\"Energiebilanz Deutschland: PEV, BEEV, BSV &amp; BSE im \u00dcberblick | CUBE CONCEPTS\" \/>\n<meta property=\"og:description\" content=\"PEV, BEEV, BSV und BSE im Vergleich: Die vier zentralen Kennzahlen der deutschen Energiebilanz einfach erkl\u00e4rt und voneinander abgegrenzt.\" \/>\n<meta property=\"og:url\" content=\"https:\/\/cubeconcepts.de\/es\/balance-energetico-de-alemania-pev-beev-bsv-bse-en-resumen\/\" \/>\n<meta property=\"og:site_name\" content=\"CUBE CONCEPTS\" \/>\n<meta property=\"article:published_time\" content=\"2026-09-01T07:24:15+00:00\" \/>\n<meta property=\"article:modified_time\" content=\"2026-09-01T08:56:39+00:00\" \/>\n<meta property=\"og:image\" content=\"https:\/\/cubeconcepts.de\/wp-content\/uploads\/2026\/09\/Energiebilanz-Deutschland-vier-Kennzahlen-scaled.jpg\" \/>\n\t<meta property=\"og:image:width\" content=\"2560\" \/>\n\t<meta property=\"og:image:height\" content=\"1920\" \/>\n\t<meta property=\"og:image:type\" content=\"image\/jpeg\" \/>\n<meta name=\"author\" content=\"Guido Steenmans\" \/>\n<meta name=\"twitter:card\" content=\"summary_large_image\" \/>\n<meta name=\"twitter:label1\" content=\"Escrito por\" \/>\n\t<meta name=\"twitter:data1\" content=\"Guido Steenmans\" \/>\n\t<meta name=\"twitter:label2\" content=\"Tiempo de lectura\" \/>\n\t<meta name=\"twitter:data2\" content=\"6 minutos\" \/>\n<script type=\"application\/ld+json\" class=\"yoast-schema-graph\">{\"@context\":\"https:\\\/\\\/schema.org\",\"@graph\":[{\"@type\":\"Article\",\"@id\":\"https:\\\/\\\/cubeconcepts.de\\\/energiebilanz-deutschland-pev-beev-bsv-bse-im-ueberblick\\\/#article\",\"isPartOf\":{\"@id\":\"https:\\\/\\\/cubeconcepts.de\\\/energiebilanz-deutschland-pev-beev-bsv-bse-im-ueberblick\\\/\"},\"author\":{\"name\":\"Guido Steenmans\",\"@id\":\"https:\\\/\\\/cubeconcepts.de\\\/fr\\\/#\\\/schema\\\/person\\\/2c762e4ca1ea252f42f23ab33248856e\"},\"headline\":\"Energiebilanz Deutschland: PEV, BEEV, BSV &amp; BSE im \u00dcberblick\",\"datePublished\":\"2026-09-01T07:24:15+00:00\",\"dateModified\":\"2026-09-01T08:56:39+00:00\",\"mainEntityOfPage\":{\"@id\":\"https:\\\/\\\/cubeconcepts.de\\\/energiebilanz-deutschland-pev-beev-bsv-bse-im-ueberblick\\\/\"},\"wordCount\":890,\"publisher\":{\"@id\":\"https:\\\/\\\/cubeconcepts.de\\\/fr\\\/#organization\"},\"image\":{\"@id\":\"https:\\\/\\\/cubeconcepts.de\\\/energiebilanz-deutschland-pev-beev-bsv-bse-im-ueberblick\\\/#primaryimage\"},\"thumbnailUrl\":\"https:\\\/\\\/cubeconcepts.de\\\/wp-content\\\/uploads\\\/2026\\\/09\\\/Energiebilanz-Deutschland-vier-Kennzahlen-scaled.jpg\",\"articleSection\":[\"Grundlagen &amp; Technik\"],\"inLanguage\":\"es\"},{\"@type\":\"WebPage\",\"@id\":\"https:\\\/\\\/cubeconcepts.de\\\/energiebilanz-deutschland-pev-beev-bsv-bse-im-ueberblick\\\/\",\"url\":\"https:\\\/\\\/cubeconcepts.de\\\/energiebilanz-deutschland-pev-beev-bsv-bse-im-ueberblick\\\/\",\"name\":\"Energiebilanz Deutschland: PEV, BEEV, BSV &amp; BSE im \u00dcberblick | CUBE CONCEPTS\",\"isPartOf\":{\"@id\":\"https:\\\/\\\/cubeconcepts.de\\\/fr\\\/#website\"},\"primaryImageOfPage\":{\"@id\":\"https:\\\/\\\/cubeconcepts.de\\\/energiebilanz-deutschland-pev-beev-bsv-bse-im-ueberblick\\\/#primaryimage\"},\"image\":{\"@id\":\"https:\\\/\\\/cubeconcepts.de\\\/energiebilanz-deutschland-pev-beev-bsv-bse-im-ueberblick\\\/#primaryimage\"},\"thumbnailUrl\":\"https:\\\/\\\/cubeconcepts.de\\\/wp-content\\\/uploads\\\/2026\\\/09\\\/Energiebilanz-Deutschland-vier-Kennzahlen-scaled.jpg\",\"datePublished\":\"2026-09-01T07:24:15+00:00\",\"dateModified\":\"2026-09-01T08:56:39+00:00\",\"description\":\"PEV, BEEV, BSV und BSE im Vergleich: Die vier zentralen Kennzahlen der deutschen Energiebilanz einfach erkl\u00e4rt und voneinander abgegrenzt.\",\"breadcrumb\":{\"@id\":\"https:\\\/\\\/cubeconcepts.de\\\/energiebilanz-deutschland-pev-beev-bsv-bse-im-ueberblick\\\/#breadcrumb\"},\"inLanguage\":\"es\",\"potentialAction\":[{\"@type\":\"ReadAction\",\"target\":[\"https:\\\/\\\/cubeconcepts.de\\\/energiebilanz-deutschland-pev-beev-bsv-bse-im-ueberblick\\\/\"]}]},{\"@type\":\"ImageObject\",\"inLanguage\":\"es\",\"@id\":\"https:\\\/\\\/cubeconcepts.de\\\/energiebilanz-deutschland-pev-beev-bsv-bse-im-ueberblick\\\/#primaryimage\",\"url\":\"https:\\\/\\\/cubeconcepts.de\\\/wp-content\\\/uploads\\\/2026\\\/09\\\/Energiebilanz-Deutschland-vier-Kennzahlen-scaled.jpg\",\"contentUrl\":\"https:\\\/\\\/cubeconcepts.de\\\/wp-content\\\/uploads\\\/2026\\\/09\\\/Energiebilanz-Deutschland-vier-Kennzahlen-scaled.jpg\",\"width\":2560,\"height\":1920,\"caption\":\"Energiebilanz-Deutschland-vier-Kennzahlen\"},{\"@type\":\"BreadcrumbList\",\"@id\":\"https:\\\/\\\/cubeconcepts.de\\\/energiebilanz-deutschland-pev-beev-bsv-bse-im-ueberblick\\\/#breadcrumb\",\"itemListElement\":[{\"@type\":\"ListItem\",\"position\":1,\"name\":\"Startseite\",\"item\":\"https:\\\/\\\/cubeconcepts.de\\\/\"},{\"@type\":\"ListItem\",\"position\":2,\"name\":\"Energiebilanz Deutschland: PEV, BEEV, BSV &amp; BSE im \u00dcberblick\"}]},{\"@type\":\"WebSite\",\"@id\":\"https:\\\/\\\/cubeconcepts.de\\\/fr\\\/#website\",\"url\":\"https:\\\/\\\/cubeconcepts.de\\\/fr\\\/\",\"name\":\"CUBE CONCEPTS\",\"description\":\"Energiesysteme f\u00fcr Unternehmen\",\"publisher\":{\"@id\":\"https:\\\/\\\/cubeconcepts.de\\\/fr\\\/#organization\"},\"potentialAction\":[{\"@type\":\"SearchAction\",\"target\":{\"@type\":\"EntryPoint\",\"urlTemplate\":\"https:\\\/\\\/cubeconcepts.de\\\/fr\\\/?s={search_term_string}\"},\"query-input\":{\"@type\":\"PropertyValueSpecification\",\"valueRequired\":true,\"valueName\":\"search_term_string\"}}],\"inLanguage\":\"es\"},{\"@type\":\"Organization\",\"@id\":\"https:\\\/\\\/cubeconcepts.de\\\/fr\\\/#organization\",\"name\":\"CUBE CONCEPTS\",\"url\":\"https:\\\/\\\/cubeconcepts.de\\\/fr\\\/\",\"logo\":{\"@type\":\"ImageObject\",\"inLanguage\":\"es\",\"@id\":\"https:\\\/\\\/cubeconcepts.de\\\/fr\\\/#\\\/schema\\\/logo\\\/image\\\/\",\"url\":\"https:\\\/\\\/cubeconcepts.de\\\/wp-content\\\/uploads\\\/2023\\\/01\\\/CUBE_CONCEPT-Logo.png\",\"contentUrl\":\"https:\\\/\\\/cubeconcepts.de\\\/wp-content\\\/uploads\\\/2023\\\/01\\\/CUBE_CONCEPT-Logo.png\",\"width\":644,\"height\":207,\"caption\":\"CUBE CONCEPTS\"},\"image\":{\"@id\":\"https:\\\/\\\/cubeconcepts.de\\\/fr\\\/#\\\/schema\\\/logo\\\/image\\\/\"}},{\"@type\":\"Person\",\"@id\":\"https:\\\/\\\/cubeconcepts.de\\\/fr\\\/#\\\/schema\\\/person\\\/2c762e4ca1ea252f42f23ab33248856e\",\"name\":\"Guido Steenmans\",\"image\":{\"@type\":\"ImageObject\",\"inLanguage\":\"es\",\"@id\":\"https:\\\/\\\/cubeconcepts.de\\\/wp-content\\\/uploads\\\/2025\\\/11\\\/cropped-Guido-Steenmanns-hoch-scaled-1-96x96.jpg\",\"url\":\"https:\\\/\\\/cubeconcepts.de\\\/wp-content\\\/uploads\\\/2025\\\/11\\\/cropped-Guido-Steenmanns-hoch-scaled-1-96x96.jpg\",\"contentUrl\":\"https:\\\/\\\/cubeconcepts.de\\\/wp-content\\\/uploads\\\/2025\\\/11\\\/cropped-Guido-Steenmanns-hoch-scaled-1-96x96.jpg\",\"caption\":\"Guido Steenmans\"}}]}<\/script>\n<!-- \/ Yoast SEO plugin. -->","yoast_head_json":{"title":"Energiebilanz Deutschland: PEV, BEEV, BSV &amp; BSE im \u00dcberblick | CUBE CONCEPTS","description":"PEV, BEEV, BSV und BSE im Vergleich: Die vier zentralen Kennzahlen der deutschen Energiebilanz einfach erkl\u00e4rt und voneinander abgegrenzt.","robots":{"index":"index","follow":"follow","max-snippet":"max-snippet:-1","max-image-preview":"max-image-preview:large","max-video-preview":"max-video-preview:-1"},"canonical":"https:\/\/cubeconcepts.de\/es\/balance-energetico-de-alemania-pev-beev-bsv-bse-en-resumen\/","og_locale":"es_ES","og_type":"article","og_title":"Energiebilanz Deutschland: PEV, BEEV, BSV &amp; BSE im \u00dcberblick | CUBE CONCEPTS","og_description":"PEV, BEEV, BSV und BSE im Vergleich: Die vier zentralen Kennzahlen der deutschen Energiebilanz einfach erkl\u00e4rt und voneinander abgegrenzt.","og_url":"https:\/\/cubeconcepts.de\/es\/balance-energetico-de-alemania-pev-beev-bsv-bse-en-resumen\/","og_site_name":"CUBE CONCEPTS","article_published_time":"2026-09-01T07:24:15+00:00","article_modified_time":"2026-09-01T08:56:39+00:00","og_image":[{"width":2560,"height":1920,"url":"https:\/\/cubeconcepts.de\/wp-content\/uploads\/2026\/09\/Energiebilanz-Deutschland-vier-Kennzahlen-scaled.jpg","type":"image\/jpeg"}],"author":"Guido Steenmans","twitter_card":"summary_large_image","twitter_misc":{"Escrito por":"Guido Steenmans","Tiempo de lectura":"6 minutos"},"schema":{"@context":"https:\/\/schema.org","@graph":[{"@type":"Article","@id":"https:\/\/cubeconcepts.de\/energiebilanz-deutschland-pev-beev-bsv-bse-im-ueberblick\/#article","isPartOf":{"@id":"https:\/\/cubeconcepts.de\/energiebilanz-deutschland-pev-beev-bsv-bse-im-ueberblick\/"},"author":{"name":"Guido Steenmans","@id":"https:\/\/cubeconcepts.de\/fr\/#\/schema\/person\/2c762e4ca1ea252f42f23ab33248856e"},"headline":"Energiebilanz Deutschland: PEV, BEEV, BSV &amp; BSE im \u00dcberblick","datePublished":"2026-09-01T07:24:15+00:00","dateModified":"2026-09-01T08:56:39+00:00","mainEntityOfPage":{"@id":"https:\/\/cubeconcepts.de\/energiebilanz-deutschland-pev-beev-bsv-bse-im-ueberblick\/"},"wordCount":890,"publisher":{"@id":"https:\/\/cubeconcepts.de\/fr\/#organization"},"image":{"@id":"https:\/\/cubeconcepts.de\/energiebilanz-deutschland-pev-beev-bsv-bse-im-ueberblick\/#primaryimage"},"thumbnailUrl":"https:\/\/cubeconcepts.de\/wp-content\/uploads\/2026\/09\/Energiebilanz-Deutschland-vier-Kennzahlen-scaled.jpg","articleSection":["Grundlagen &amp; Technik"],"inLanguage":"es"},{"@type":"WebPage","@id":"https:\/\/cubeconcepts.de\/energiebilanz-deutschland-pev-beev-bsv-bse-im-ueberblick\/","url":"https:\/\/cubeconcepts.de\/energiebilanz-deutschland-pev-beev-bsv-bse-im-ueberblick\/","name":"Energiebilanz Deutschland: PEV, BEEV, BSV &amp; BSE im \u00dcberblick | CUBE CONCEPTS","isPartOf":{"@id":"https:\/\/cubeconcepts.de\/fr\/#website"},"primaryImageOfPage":{"@id":"https:\/\/cubeconcepts.de\/energiebilanz-deutschland-pev-beev-bsv-bse-im-ueberblick\/#primaryimage"},"image":{"@id":"https:\/\/cubeconcepts.de\/energiebilanz-deutschland-pev-beev-bsv-bse-im-ueberblick\/#primaryimage"},"thumbnailUrl":"https:\/\/cubeconcepts.de\/wp-content\/uploads\/2026\/09\/Energiebilanz-Deutschland-vier-Kennzahlen-scaled.jpg","datePublished":"2026-09-01T07:24:15+00:00","dateModified":"2026-09-01T08:56:39+00:00","description":"PEV, BEEV, BSV und BSE im Vergleich: Die vier zentralen Kennzahlen der deutschen Energiebilanz einfach erkl\u00e4rt und voneinander abgegrenzt.","breadcrumb":{"@id":"https:\/\/cubeconcepts.de\/energiebilanz-deutschland-pev-beev-bsv-bse-im-ueberblick\/#breadcrumb"},"inLanguage":"es","potentialAction":[{"@type":"ReadAction","target":["https:\/\/cubeconcepts.de\/energiebilanz-deutschland-pev-beev-bsv-bse-im-ueberblick\/"]}]},{"@type":"ImageObject","inLanguage":"es","@id":"https:\/\/cubeconcepts.de\/energiebilanz-deutschland-pev-beev-bsv-bse-im-ueberblick\/#primaryimage","url":"https:\/\/cubeconcepts.de\/wp-content\/uploads\/2026\/09\/Energiebilanz-Deutschland-vier-Kennzahlen-scaled.jpg","contentUrl":"https:\/\/cubeconcepts.de\/wp-content\/uploads\/2026\/09\/Energiebilanz-Deutschland-vier-Kennzahlen-scaled.jpg","width":2560,"height":1920,"caption":"Energiebilanz-Deutschland-vier-Kennzahlen"},{"@type":"BreadcrumbList","@id":"https:\/\/cubeconcepts.de\/energiebilanz-deutschland-pev-beev-bsv-bse-im-ueberblick\/#breadcrumb","itemListElement":[{"@type":"ListItem","position":1,"name":"Startseite","item":"https:\/\/cubeconcepts.de\/"},{"@type":"ListItem","position":2,"name":"Energiebilanz Deutschland: PEV, BEEV, BSV &amp; BSE im \u00dcberblick"}]},{"@type":"WebSite","@id":"https:\/\/cubeconcepts.de\/fr\/#website","url":"https:\/\/cubeconcepts.de\/fr\/","name":"CONCEPTOS DE CUBO","description":"Sistemas de energ\u00eda para empresas","publisher":{"@id":"https:\/\/cubeconcepts.de\/fr\/#organization"},"potentialAction":[{"@type":"SearchAction","target":{"@type":"EntryPoint","urlTemplate":"https:\/\/cubeconcepts.de\/fr\/?s={search_term_string}"},"query-input":{"@type":"PropertyValueSpecification","valueRequired":true,"valueName":"search_term_string"}}],"inLanguage":"es"},{"@type":"Organization","@id":"https:\/\/cubeconcepts.de\/fr\/#organization","name":"CONCEPTOS DE CUBO","url":"https:\/\/cubeconcepts.de\/fr\/","logo":{"@type":"ImageObject","inLanguage":"es","@id":"https:\/\/cubeconcepts.de\/fr\/#\/schema\/logo\/image\/","url":"https:\/\/cubeconcepts.de\/wp-content\/uploads\/2023\/01\/CUBE_CONCEPT-Logo.png","contentUrl":"https:\/\/cubeconcepts.de\/wp-content\/uploads\/2023\/01\/CUBE_CONCEPT-Logo.png","width":644,"height":207,"caption":"CUBE CONCEPTS"},"image":{"@id":"https:\/\/cubeconcepts.de\/fr\/#\/schema\/logo\/image\/"}},{"@type":"Person","@id":"https:\/\/cubeconcepts.de\/fr\/#\/schema\/person\/2c762e4ca1ea252f42f23ab33248856e","name":"Guido Steenmans","image":{"@type":"ImageObject","inLanguage":"es","@id":"https:\/\/cubeconcepts.de\/wp-content\/uploads\/2025\/11\/cropped-Guido-Steenmanns-hoch-scaled-1-96x96.jpg","url":"https:\/\/cubeconcepts.de\/wp-content\/uploads\/2025\/11\/cropped-Guido-Steenmanns-hoch-scaled-1-96x96.jpg","contentUrl":"https:\/\/cubeconcepts.de\/wp-content\/uploads\/2025\/11\/cropped-Guido-Steenmanns-hoch-scaled-1-96x96.jpg","caption":"Guido Steenmans"}}]}},"_links":{"self":[{"href":"https:\/\/cubeconcepts.de\/es\/wp-json\/wp\/v2\/posts\/34134","targetHints":{"allow":["GET"]}}],"collection":[{"href":"https:\/\/cubeconcepts.de\/es\/wp-json\/wp\/v2\/posts"}],"about":[{"href":"https:\/\/cubeconcepts.de\/es\/wp-json\/wp\/v2\/types\/post"}],"author":[{"embeddable":true,"href":"https:\/\/cubeconcepts.de\/es\/wp-json\/wp\/v2\/users\/3"}],"replies":[{"embeddable":true,"href":"https:\/\/cubeconcepts.de\/es\/wp-json\/wp\/v2\/comments?post=34134"}],"version-history":[{"count":5,"href":"https:\/\/cubeconcepts.de\/es\/wp-json\/wp\/v2\/posts\/34134\/revisions"}],"predecessor-version":[{"id":34183,"href":"https:\/\/cubeconcepts.de\/es\/wp-json\/wp\/v2\/posts\/34134\/revisions\/34183"}],"wp:featuredmedia":[{"embeddable":true,"href":"https:\/\/cubeconcepts.de\/es\/wp-json\/wp\/v2\/media\/34138"}],"wp:attachment":[{"href":"https:\/\/cubeconcepts.de\/es\/wp-json\/wp\/v2\/media?parent=34134"}],"wp:term":[{"taxonomy":"category","embeddable":true,"href":"https:\/\/cubeconcepts.de\/es\/wp-json\/wp\/v2\/categories?post=34134"},{"taxonomy":"post_tag","embeddable":true,"href":"https:\/\/cubeconcepts.de\/es\/wp-json\/wp\/v2\/tags?post=34134"}],"curies":[{"name":"wp","href":"https:\/\/api.w.org\/{rel}","templated":true}]}}