{"id":34095,"date":"2026-08-31T09:20:49","date_gmt":"2026-08-31T07:20:49","guid":{"rendered":"https:\/\/cubeconcepts.de\/?p=34095"},"modified":"2026-09-02T13:29:49","modified_gmt":"2026-09-02T11:29:49","slug":"contador-bidireccional-para-instalaciones-fotovoltaicas-con-acumulador-de-bateria","status":"publish","type":"post","link":"https:\/\/cubeconcepts.de\/es\/zweirichtungszaehler-fuer-pv-anlagen-batteriespeicher\/","title":{"rendered":"Contador bidireccional para sistemas fotovoltaicos y bater\u00edas de acumulaci\u00f3n"},"content":{"rendered":"<h2 class=\"wp-block-heading\">Breve resumen<\/h2>\n\n\n\n<p class=\"wp-block-paragraph\">A <strong>Contador bidireccional<\/strong> registra por separado cu\u00e1nta electricidad consume un sistema de la red y cu\u00e1nta inyecta. Este es un requisito b\u00e1sico para cualquier instalaci\u00f3n fotovoltaica y sistema de almacenamiento de bater\u00edas con conexi\u00f3n a la red. Es obligatorio tan pronto como un sistema inyecta electricidad a la red p\u00fablica, y se utiliza en <strong>Instalaciones fotovoltaicas a partir de 7 kW de potencia instalada<\/strong> reemplazado o complementado por un sistema de medici\u00f3n inteligente (Smart Meter). La instalaci\u00f3n corre a cargo del gestor del punto de suministro competente o de la competencia. En el caso de empresas con una combinaci\u00f3n de energ\u00eda fotovoltaica y sistema de almacenamiento de energ\u00eda en bater\u00edas (BESS), el contador bidireccional determina directamente la facturaci\u00f3n correcta de la inyecci\u00f3n a la red, el autoconsumo y el consumo de la red.<\/p>\n\n\n\n<h2 class=\"wp-block-heading\">Definici\u00f3n y funcionamiento de un contador bidireccional<\/h2>\n\n\n\n<p class=\"wp-block-paragraph\">Un contador bidireccional mide, a diferencia de un contador cl\u00e1sico de tarifa \u00fanica, el flujo de corriente en ambas direcciones. Cuenta el <strong>Consumo de la red p\u00fablica<\/strong> y el <strong>Vertido a la red<\/strong>. Registra ambos valores por separado, normalmente a trav\u00e9s de dos contadores propios (c\u00f3digos OBIS 1.8.0 para el consumo y 2.8.0 para la aportaci\u00f3n a la red).<\/p>\n\n\n\n<p class=\"wp-block-paragraph\">Esta separaci\u00f3n es necesaria porque en los sistemas fotovoltaicos y de almacenamiento en bater\u00eda el flujo de energ\u00eda ya no se desplaza en una sola direcci\u00f3n.<\/p>\n\n\n\n<ul class=\"wp-block-list\">\n<li><strong>Sistemas fotovoltaicos<\/strong> vierten energ\u00eda a la red cuando hay exceso de generaci\u00f3n y consumen electricidad de la red cuando falta generaci\u00f3n propia (por ejemplo, por la noche).<\/li>\n\n\n\n<li><strong>Almacenamiento en bater\u00eda<\/strong> pueden, seg\u00fan el modo de operaci\u00f3n, tanto cargarse de la red (consumo de la red) como almacenar temporalmente el exceso de energ\u00eda fotovoltaica y suministrarlo a la red o al autoconsumo seg\u00fan sea necesario.<\/li>\n<\/ul>\n\n\n\n<p class=\"wp-block-paragraph\"><\/p>\n\n\n\n<p class=\"wp-block-paragraph\">Los contadores Ferraris antiguos con mecanismo de registro mec\u00e1nico sol\u00edan simplemente girar hacia atr\u00e1s al verter energ\u00eda a la red. Aunque esto era f\u00edsicamente posible, desde el punto de vista de la medici\u00f3n se trataba de una compensaci\u00f3n inadmisible, ya que el consumo y la inyecci\u00f3n ya no se pod\u00edan registrar por separado. Por lo tanto, desde 2020 ya no se permiten los contadores Ferraris sin dispositivo antirretorno para las nuevas instalaciones fotovoltaicas. A m\u00e1s tardar con el despliegue de los contadores inteligentes, tambi\u00e9n se pierde su protecci\u00f3n de derechos adquiridos. <\/p>\n\n\n\n<p class=\"wp-block-paragraph\">Para las empresas con una instalaci\u00f3n fotovoltaica y almacenamiento en bater\u00eda, la medici\u00f3n bidireccional no es, por tanto, una opci\u00f3n, sino el requisito t\u00e9cnico fundamental para que la retribuci\u00f3n por inyecci\u00f3n a la red, el autoconsumo y el consumo de la red puedan facturarse correctamente.<\/p>\n\n\n\n<h2 class=\"wp-block-heading\">Marco legal<\/h2>\n\n\n\n<p class=\"wp-block-paragraph\">La base jur\u00eddica para el contador bidireccional no es el derecho de metrolog\u00eda (MessEG\/MessEV) en sentido estricto, sino el <strong>Ley de operaci\u00f3n de puntos de medida (MsbG)<\/strong>. Mientras que la MessEG\/MessEV regulan los requisitos de precisi\u00f3n del propio aparato de medida \u2014m\u00e1s sobre esto en el art\u00edculo sobre <a href=\"https:\/\/cubeconcepts.de\/strom-zwischenzaehler\/\" data-type=\"post\" data-id=\"34054\">Contador el\u00e9ctrico secundario<\/a> \u2013, establece la MsbG, <strong>\u00bfQui\u00e9n?<\/strong> un punto de medici\u00f3n <strong>como<\/strong> tiene que equipar.<\/p>\n\n\n\n<p class=\"wp-block-paragraph\">Central es <strong>\u00a7 29 MsbG<\/strong> (Equipamiento de puntos de medida con sistemas de medici\u00f3n inteligentes, dispositivos de control y equipos de medida modernos):<\/p>\n\n\n\n<ul class=\"wp-block-list\">\n<li><strong>Instalaci\u00f3n obligatoria de un sistema de medici\u00f3n inteligente (iMSys)<\/strong> p. ej. en instalaciones de generaci\u00f3n con una potencia instalada superior a 7 kW \u2014independientemente de la cantidad vertida a la red\u2014, as\u00ed como en consumidores finales con un consumo el\u00e9ctrico anual a partir de 6.000 kWh y en dispositivos de consumo controlables (lo que tambi\u00e9n incluye un sistema de almacenamiento por bater\u00eda).<\/li>\n\n\n\n<li>Si no existe la obligaci\u00f3n de contar con un sistema de medici\u00f3n inteligente (iMSys), los gestores de puntos de medida competentes por ley deben equipar el punto de medida, de conformidad con el art\u00edculo 29, apartado 3 de la Ley de Puntos de Medida (MsbG), al menos con un <strong>contador moderno<\/strong> equipar \u2013 a m\u00e1s tardar hasta finales de 2032.<\/li>\n\n\n\n<li>Para servicios adicionales (p. ej., instalaci\u00f3n anticipada a petici\u00f3n del cliente) se aplican l\u00edmites m\u00e1ximos de precios espec\u00edficos seg\u00fan el \u00a7 35 de la MsbG. Los l\u00edmites m\u00e1ximos generales de precios para la instalaci\u00f3n y el funcionamiento de los sistemas de medici\u00f3n inteligentes en s\u00ed se rigen por el \u00a7 30 de la MsbG en la versi\u00f3n vigente desde el 23 de diciembre de 2025; la Agencia Federal de Redes puede sustituir estos l\u00edmites legales m\u00e1ximos de precios seg\u00fan el \u00a7 33 de la MsbG mediante disposiciones propias.<\/li>\n<\/ul>\n\n\n\n<p class=\"wp-block-paragraph\"><\/p>\n\n\n\n<p class=\"wp-block-paragraph\"><strong>En la pr\u00e1ctica superan<\/strong> fotovoltaica comercial y BESS<strong>Proyecta siempre los umbrales de 7 kW y de consumo<\/strong>. Por lo tanto, el contador bidireccional se implementa pr\u00e1cticamente siempre como un sistema inteligente de medici\u00f3n (iMSys) en cuanto entra en juego un sistema de almacenamiento por bater\u00eda o una instalaci\u00f3n fotovoltaica de tama\u00f1o relevante; en el \u00e1mbito comercial ya casi no existen los contadores bidireccionales \u201csimples\u201d y separados sin funcionalidad de contador inteligente.<\/p>\n\n\n\n<h2 class=\"wp-block-heading\">Delimitaci\u00f3n con respecto a tipos de contadores afines<\/h2>\n\n\n\n<p class=\"wp-block-paragraph\">El t\u00e9rmino \u201ccontador bidireccional\u201d se utiliza a menudo en la pr\u00e1ctica como sin\u00f3nimo de \u201ccontador inteligente\u201d. Sin embargo, esto es inexacto y a menudo lleva a las empresas a tener falsas expectativas sobre los costes y el alcance de las funciones. En realidad, se trata de conceptos diferentes, en parte superpuestos.<\/p>\n\n\n\n<h3 class=\"wp-block-heading\">Dispositivo de medici\u00f3n moderno (mME) frente a sistema de medici\u00f3n inteligente (iMSys)<\/h3>\n\n\n\n<p class=\"wp-block-paragraph\">Ambos son contadores digitales que pueden medir de forma bidireccional; la diferencia radica en la <strong>Capacidad de comunicaci\u00f3n<\/strong>. El mME registra los valores de consumo y vertido a la red sin transmitirlos autom\u00e1ticamente. El iMSys (conocido coloquialmente como contador inteligente) complementa el dispositivo de medici\u00f3n con una pasarela de contador inteligente (Smart-Meter-Gateway), que transmite los valores de forma cifrada al operador de red, a los suministradores y, en su caso, a los comercializadores directos. Con el equipamiento adecuado, es incluso capaz de integrar un dispositivo de control para cargas flexibles, como el acumulador de energ\u00eda por bater\u00eda. Un contador bidireccional \u201csimple\u201d sin conexi\u00f3n de pasarela corresponde t\u00e9cnicamente al mME.<\/p>\n\n\n\n<h3 class=\"wp-block-heading\">Contador RLM (medici\u00f3n registradora de potencia)<\/h3>\n\n\n\n<p class=\"wp-block-paragraph\">Por encima de determinados tama\u00f1os de consumo o de instalaciones (consumidores finales a partir de 100.000 kWh de consumo anual), ya no solo se act\u00faa de forma bidireccional, sino <strong>registrando<\/strong> medido \u2013 con <strong>registro de carga de quince minutos<\/strong>. Estos contadores RLM son necesarios para la liquidaci\u00f3n de balances en el mercado y en la pr\u00e1ctica se implementan hoy en d\u00eda como iMSys. Los detalles al respecto los tenemos en el art\u00edculo <a href=\"https:\/\/cubeconcepts.de\/smart-meter-in-der-industrie-laengst-standard\/\" data-type=\"post\" data-id=\"9185\">Contadores inteligentes en la industria<\/a> tratados. Para los proyectos de energ\u00eda fotovoltaica y de sistemas de almacenamiento de energ\u00eda en bater\u00edas (BESS) por encima del umbral de medici\u00f3n con perfil de carga (RLM), la medici\u00f3n bidireccional es obligatoria de todos modos.<\/p>\n\n\n\n<h3 class=\"wp-block-heading\">Contador intermedio<\/h3>\n\n\n\n<p class=\"wp-block-paragraph\">Mientras que el contador bidireccional mide la interfaz con la red p\u00fablica (consumo\/vertido en el punto de conexi\u00f3n a la red), un contador intermedio registra el <strong>distribuci\u00f3n interna<\/strong> <em>en<\/em> de una propiedad. Estos pueden ser, por ejemplo, varios inquilinos, partes de edificios o grupos de consumo. Ambos tipos de contadores se complementan en un concepto de medici\u00f3n de energ\u00eda fotovoltaica y sistema de almacenamiento en bater\u00eda (PV\/BESS), pero cumplen diferentes prop\u00f3sitos. Los detalles sobre el dise\u00f1o de la medici\u00f3n interna los explicamos en el art\u00edculo sobre <a href=\"https:\/\/cubeconcepts.de\/strom-zwischenzaehler\/\">Contador el\u00e9ctrico secundario<\/a> descrito.<\/p>\n\n\n\n<h3 class=\"wp-block-heading\">Tabla general de tipos de contadores<\/h3>\n\n\n\n<figure class=\"wp-block-table\"><table class=\"has-fixed-layout\"><tbody><tr><td><strong>Tipo de contador<\/strong><\/td><td><strong>direcci\u00f3n de medici\u00f3n<\/strong><\/td><td><strong>Campo de aplicaci\u00f3n<\/strong><\/td><td><strong>Comunicaci\u00f3n<\/strong><\/td><td><strong>Salida obligatoria<\/strong><\/td><\/tr><tr><td>Contador monofase \/ contador Ferraris<\/td><td>Unilateral<\/td><td>Consumo neto sin inyecci\u00f3n<\/td><td>Ninguno<\/td><td>Ya no est\u00e1 permitido para nuevas instalaciones con inyecci\u00f3n a la red<\/td><\/tr><tr><td>Dispositivo de medici\u00f3n moderno<\/td><td>bidireccional<\/td><td>PV\/BESS sin obligaci\u00f3n de sistema inteligente de medici\u00f3n (iMSys)<\/td><td>Sin transferencia autom\u00e1tica<\/td><td>Est\u00e1ndar, cuando no existe la obligaci\u00f3n de contar con un sistema inteligente de medici\u00f3n (iMSys)<\/td><\/tr><tr><td>Sistema de medici\u00f3n inteligente (iMSys\/contador inteligente)<\/td><td>bidireccional<\/td><td>Instalaciones fotovoltaicas a partir de 7 kW, cargas controlables (entre ellas, sistemas de almacenamiento de energ\u00eda en bater\u00edas)<\/td><td>contador inteligente<\/td><td>Obligatorio desde 2025<\/td><\/tr><tr><td>Contador RLM<\/td><td>Bidireccional, con registro (\u00bc h)<\/td><td>Consumidores finales a partir de 100.000 kWh\/a\u00f1o<\/td><td>contador inteligente<\/td><td>Seg\u00fan los umbrales de la MsbG<\/td><\/tr><tr><td>Contador intermedio<\/td><td>Dependiendo del dise\u00f1o<\/td><td>Distribuci\u00f3n interna dentro de la propiedad<\/td><td>Opcional, normalmente conexi\u00f3n EMS<\/td><td>No es una obligaci\u00f3n legal, a menudo tiene sentido desde el punto de vista empresarial<\/td><\/tr><\/tbody><\/table><\/figure>\n\n\n\n<h2 class=\"wp-block-heading\">Instalaci\u00f3n, despliegue y responsabilidad<\/h2>\n\n\n\n<h3 class=\"wp-block-heading\">\u00bfQui\u00e9n es responsable del contador bidireccional?<\/h3>\n\n\n\n<p class=\"wp-block-paragraph\">B\u00e1sicamente el <strong>gestores de puntos de medida competentes<\/strong> \u2013 por lo general, el gestor de la red de distribuci\u00f3n local \u2013 es responsable de la instalaci\u00f3n, el funcionamiento y el mantenimiento del contador bidireccional. Sin embargo, los operadores de las instalaciones tienen el derecho legal de contratar en su lugar a un <strong>operador de punto de medida competitivo<\/strong> contratar, siempre y cuando este cumpla con los requisitos t\u00e9cnicos de la MsbG. Para empresas con m\u00faltiples ubicaciones o conceptos de medici\u00f3n m\u00e1s complejos (p. ej., con una estructura paralela de FV, BESS y contadores divisories), un cambio puede ser \u00fatil si el proveedor competitivo ofrece tiempos de instalaci\u00f3n m\u00e1s cortos o una mejor integraci\u00f3n en el sistema de gesti\u00f3n de energ\u00eda existente.<\/p>\n\n\n\n<h3 class=\"wp-block-heading\">obligaci\u00f3n de tolerar<\/h3>\n\n\n\n<p class=\"wp-block-paragraph\">El cambio de contador en s\u00ed es de tolerancia obligatoria seg\u00fan el art\u00edculo 3, apartado 3a de la ley alemana de medici\u00f3n y contadores (MsbG); ni el usuario de la conexi\u00f3n ni el titular de la misma pueden oponerse a la instalaci\u00f3n de un contador moderno (mME) o de un sistema inteligente de medici\u00f3n (iMSys) una vez que se den los requisitos legales.<\/p>\n\n\n\n<h3 class=\"wp-block-heading\">Instalaci\u00f3n de contadores bidireccionales en proyectos fotovoltaicos y de almacenamiento de energ\u00eda (BESS)<\/h3>\n\n\n\n<p class=\"wp-block-paragraph\">Tras el registro de las instalaciones en <a href=\"https:\/\/cubeconcepts.de\/das-marktstammdatenregister-mastr\/\" data-type=\"post\" data-id=\"27301\">Registro Maestro de Datos del Mercado (MaStR)<\/a> y el operador de red competente inicia de forma rutinaria el cambio a un contador bidireccional. En la pr\u00e1ctica, se recomienda comprobar si el armario de contadores dispone de suficientes paneles de contadores libres ya en la fase de planificaci\u00f3n. Esto se aplica especialmente si la fotovoltaica y el sistema de almacenamiento de energ\u00eda en bater\u00edas (BESS) entran en funcionamiento en momentos distintos o si se prev\u00e9 una ampliaci\u00f3n posterior. Si el cambio de contador se retrasa durante un per\u00edodo de tiempo indebido, se puede encargar a un tercero cualificado su instalaci\u00f3n bajo las condiciones de la Ley alemana de medici\u00f3n y contadores inteligentes (MsbG).<\/p>\n\n\n\n<h3 class=\"wp-block-heading\">Costos de un contador bidireccional<\/h3>\n\n\n\n<p class=\"wp-block-paragraph\">Los costes corrientes de instalaci\u00f3n y explotaci\u00f3n est\u00e1n sujetos a los l\u00edmites m\u00e1ximos de precios legales seg\u00fan el art\u00edculo 30 de la MsbG (o a las disposiciones de la Agencia Federal de Redes seg\u00fan el art\u00edculo 33 de la MsbG, en la medida en que estas sustituyan a los l\u00edmites m\u00e1ximos legales). Esto se aplica tambi\u00e9n, de conformidad con el art\u00edculo 35 de la MsbG, a los servicios adicionales. En el caso de instalaciones comerciales con obligaci\u00f3n de contar con un sistema inteligente de medici\u00f3n (iMSys), los l\u00edmites m\u00e1ximos de precios se escalonan seg\u00fan el tama\u00f1o de la instalaci\u00f3n. Por lo tanto, en la mayor\u00eda de los casos no es necesario un reembolso directo de los costes de instalaci\u00f3n por parte del operador de la instalaci\u00f3n, ya que el reemplazo se compensa con las tarifas de uso de red habituales.<\/p>\n\n\n\n<h2 class=\"wp-block-heading\">Contador bidireccional en el esquema de medici\u00f3n para FV + BESS<\/h2>\n\n\n\n<p class=\"wp-block-paragraph\">El contador bidireccional es el punto de partida de cualquier concepto de medici\u00f3n para instalaciones fotovoltaicas con acumulador de bater\u00edas. Marca el <a href=\"https:\/\/cubeconcepts.den-netzverknuepfungspunkt-besser-nutzen\/\" data-type=\"post\" data-id=\"16342\">Punto de conexi\u00f3n a la red (NVP)<\/a> y con ello el l\u00edmite jur\u00eddicamente relevante entre la propiedad y la red p\u00fablica. Todo lo que ocurre dentro de este l\u00edmite se representa a trav\u00e9s de contadores intermedios o del sistema de gesti\u00f3n de energ\u00eda; todo lo que cruza el l\u00edmite pasa por el contador bidireccional.<\/p>\n\n\n\n<h3 class=\"wp-block-heading\">La asignaci\u00f3n es crucial<\/h3>\n\n\n\n<p class=\"wp-block-paragraph\"><strong>Tasa de autoconsumo:<\/strong> Solo el consumo de la red medido en el contador bidireccional cuenta como \u201cno consumido por cuenta propia\u201d. Un punto de medici\u00f3n defectuoso o demasiado impreciso puede distorsionar la tasa real de autoconsumo. Esto tiene consecuencias para el c\u00e1lculo de la rentabilidad del BESS.<\/p>\n\n\n\n<p class=\"wp-block-paragraph\"><strong>Prima de mercado \/ Comercializaci\u00f3n directa:<\/strong> En el caso de las instalaciones fotovoltaicas con venta directa, la cantidad vertida a la red registrada en el contador bidireccional (o contador RLM) es la base de facturaci\u00f3n para el comercializador directo. Una asignaci\u00f3n inexacta o retrasada da lugar a diferencias de facturaci\u00f3n.<\/p>\n\n\n\n<p class=\"wp-block-paragraph\"><strong>Modos de operaci\u00f3n de sistemas de almacenamiento en bater\u00eda:<\/strong> Si el acumulador almacena predominantemente excedentes fotovoltaicos o tambi\u00e9n se carga desde la red (por ejemplo, para la reducci\u00f3n de picos de demanda o energ\u00eda de regulaci\u00f3n), solo se puede rastrear si el contador bidireccional separa claramente el consumo de la red del desplazamiento interno de la bater\u00eda fotovoltaica. Sin esta separaci\u00f3n, existe el riesgo de incentivos err\u00f3neos en la estrategia de operaci\u00f3n y, en el peor de los casos, la p\u00e9rdida de la elegibilidad para subvenciones.<\/p>\n\n\n\n<h3 class=\"wp-block-heading\">Sistema de gesti\u00f3n de energ\u00eda (EMS) y contador bidireccional<\/h3>\n\n\n\n<p class=\"wp-block-paragraph\">En la pr\u00e1ctica, el contador bidireccional proporciona la magnitud de referencia \u201coficial\u201d en la conexi\u00f3n a la red, mientras que el EMS (sistema de gesti\u00f3n de energ\u00eda) act\u00faa en tiempo real bas\u00e1ndose en los datos de los subcontadores y de la instalaci\u00f3n (decisi\u00f3n de carga, limitaci\u00f3n de inyecci\u00f3n, reducci\u00f3n de picos de carga). Por lo tanto, la coordinaci\u00f3n de ambas fuentes de datos es especialmente importante para el concepto de medici\u00f3n. Las correcciones posteriores suelen ser considerablemente m\u00e1s complejas que una planificaci\u00f3n adecuada antes de la puesta en marcha.<\/p>\n\n\n\n<figure class=\"wp-block-image size-large\"><img fetchpriority=\"high\" decoding=\"async\" width=\"1024\" height=\"623\" src=\"https:\/\/cubeconcepts.de\/wp-content\/uploads\/2026\/08\/Schema-Zweirichtungszaehler-1024x623.jpg\" alt=\"\" class=\"wp-image-34102\" srcset=\"https:\/\/cubeconcepts.de\/wp-content\/uploads\/2026\/08\/Schema-Zweirichtungszaehler-1024x623.jpg 1024w, https:\/\/cubeconcepts.de\/wp-content\/uploads\/2026\/08\/Schema-Zweirichtungszaehler-300x183.jpg 300w, https:\/\/cubeconcepts.de\/wp-content\/uploads\/2026\/08\/Schema-Zweirichtungszaehler-767x467.jpg 767w, https:\/\/cubeconcepts.de\/wp-content\/uploads\/2026\/08\/Schema-Zweirichtungszaehler-18x11.jpg 18w, https:\/\/cubeconcepts.de\/wp-content\/uploads\/2026\/08\/Schema-Zweirichtungszaehler.jpg 1106w\" sizes=\"(max-width: 1024px) 100vw, 1024px\" \/><\/figure>\n\n\n\n<h2 class=\"wp-block-heading\">Preguntas frecuentes<\/h2>\n\n\n\n<details class=\"wp-block-details is-layout-flow wp-block-details-is-layout-flow\"><summary>\u00bfQu\u00e9 es un contador bidireccional y para qu\u00e9 se necesita?<\/summary>\n<p class=\"wp-block-paragraph\">Un contador bidireccional mide por separado el consumo de electricidad de la red y el vertido de excedentes a la misma. Es necesario en cualquier instalaci\u00f3n que vierta electricidad, es decir, pr\u00e1cticamente en cualquier instalaci\u00f3n fotovoltaica y en cualquier sistema de almacenamiento de bater\u00edas conectado a la red.<\/p>\n<\/details>\n\n\n\n<p class=\"wp-block-paragraph\"><\/p>\n\n\n\n<details class=\"wp-block-details is-layout-flow wp-block-details-is-layout-flow\"><summary>\u00bfEs un contador bidireccional lo mismo que un contador inteligente?<\/summary>\n<p class=\"wp-block-paragraph\">No necesariamente. Un contador bidireccional puede configurarse como un dispositivo de medici\u00f3n moderno (mME) sin transmisi\u00f3n de datos a distancia o como un sistema de medici\u00f3n inteligente (iMSys\/Smart Meter) con conexi\u00f3n de pasarela. En el caso de las instalaciones fotovoltaicas con una potencia instalada a partir de 7 kW, el iMSys es, por regla general, obligatorio desde 2025.<\/p>\n<\/details>\n\n\n\n<p class=\"wp-block-paragraph\"><\/p>\n\n\n\n<details class=\"wp-block-details is-layout-flow wp-block-details-is-layout-flow\"><summary>\u00bfQui\u00e9n instala el contador bidireccional y cu\u00e1nto cuesta?<\/summary>\n<p class=\"wp-block-paragraph\">El responsable es el gestor del punto de medici\u00f3n competente por defecto, normalmente el gestor de la red de distribuci\u00f3n local; alternativamente, se puede contratar a un gestor de puntos de medici\u00f3n competitivo. Los costes corrientes est\u00e1n sujetos a los l\u00edmites m\u00e1ximos de precios legales seg\u00fan el art\u00edculo 30 de la Ley de Puntos de Medici\u00f3n (MsbG), escalonados seg\u00fan el tama\u00f1o de la instalaci\u00f3n y el tipo de equipamiento.<\/p>\n<\/details>\n\n\n\n<p class=\"wp-block-paragraph\"><\/p>\n\n\n\n<details class=\"wp-block-details is-layout-flow wp-block-details-is-layout-flow\"><summary>\u00bfTengo que dar mi consentimiento para la instalaci\u00f3n de un nuevo contador bidireccional?<\/summary>\n<p class=\"wp-block-paragraph\">No. El cambio de contador debe tolerarse conforme al \u00a7 3, apartado 3a de la Ley de Mediciones y Contadores Inteligentes (MsbG), tan pronto como se cumplan los requisitos legales para un contador moderno de medici\u00f3n (mME) o un sistema inteligente de medici\u00f3n (iMSys).<\/p>\n<\/details>\n\n\n\n<p class=\"wp-block-paragraph\"><\/p>\n\n\n\n<details class=\"wp-block-details is-layout-flow wp-block-details-is-layout-flow\"><summary>\u00bfC\u00f3mo se relaciona el contador bidireccional con un contador intermedio?<\/summary>\n<p class=\"wp-block-paragraph\">El contador bidireccional mide la interfaz con la red p\u00fablica en el punto de conexi\u00f3n a la red, mientras que un contador intermedio registra la distribuci\u00f3n interna dentro de la propiedad, por ejemplo, entre la instalaci\u00f3n fotovoltaica, el sistema de almacenamiento de bater\u00eda y los consumidores individuales. Ambos se complementan en un concepto de medici\u00f3n completo.<\/p>\n<\/details>","protected":false},"excerpt":{"rendered":"<p>Es mucho m\u00e1s que un simple contador de electricidad: en los sistemas fotovoltaicos y de almacenamiento en bater\u00eda, forma la interfaz decisiva con la red p\u00fablica. Pero, \u00bfqu\u00e9 tecnolog\u00eda de contadores es obligatoria y cu\u00e1ndo, qui\u00e9n es el responsable y por qu\u00e9 el concepto de medici\u00f3n juega un papel tan importante, especialmente en los proyectos de BESS?<\/p>","protected":false},"author":3,"featured_media":34105,"comment_status":"closed","ping_status":"open","sticky":false,"template":"","format":"standard","meta":{"_acf_changed":false,"footnotes":""},"categories":[61],"tags":[],"class_list":["post-34095","post","type-post","status-publish","format-standard","has-post-thumbnail","hentry","category-grundlagen-technik"],"acf":[],"yoast_head":"<!-- This site is optimized with the Yoast SEO plugin v28.4 - https:\/\/yoast.com\/product\/yoast-seo-wordpress\/ -->\n<title>Zweirichtungsz\u00e4hler f\u00fcr PV-Anlagen &amp; Batteriespeicher | CUBE CONCEPTS<\/title>\n<meta name=\"description\" content=\"Wann ist ein Zweirichtungsz\u00e4hler f\u00fcr PV-Anlage mit Batteriespeicher Pflicht? Rechtsgrundlage, Abgrenzungen, Kosten &amp; Einbau.\" \/>\n<meta name=\"robots\" content=\"index, follow, max-snippet:-1, max-image-preview:large, max-video-preview:-1\" \/>\n<link rel=\"canonical\" href=\"https:\/\/cubeconcepts.de\/es\/contador-bidireccional-para-instalaciones-fotovoltaicas-con-acumulador-de-bateria\/\" \/>\n<meta property=\"og:locale\" content=\"es_ES\" \/>\n<meta property=\"og:type\" content=\"article\" \/>\n<meta property=\"og:title\" content=\"Zweirichtungsz\u00e4hler f\u00fcr PV-Anlagen &amp; Batteriespeicher | CUBE CONCEPTS\" \/>\n<meta property=\"og:description\" content=\"Wann ist ein Zweirichtungsz\u00e4hler f\u00fcr PV-Anlage mit Batteriespeicher Pflicht? Rechtsgrundlage, Abgrenzungen, Kosten &amp; Einbau.\" \/>\n<meta property=\"og:url\" content=\"https:\/\/cubeconcepts.de\/es\/contador-bidireccional-para-instalaciones-fotovoltaicas-con-acumulador-de-bateria\/\" \/>\n<meta property=\"og:site_name\" content=\"CUBE CONCEPTS\" \/>\n<meta property=\"article:published_time\" content=\"2026-08-31T07:20:49+00:00\" \/>\n<meta property=\"article:modified_time\" content=\"2026-09-02T11:29:49+00:00\" \/>\n<meta property=\"og:image\" content=\"https:\/\/cubeconcepts.de\/wp-content\/uploads\/2026\/08\/Zweirichtungszaehler-Header-scaled.jpg\" \/>\n\t<meta property=\"og:image:width\" content=\"2560\" \/>\n\t<meta property=\"og:image:height\" content=\"1543\" \/>\n\t<meta property=\"og:image:type\" content=\"image\/jpeg\" \/>\n<meta name=\"author\" content=\"Guido Steenmans\" \/>\n<meta name=\"twitter:card\" content=\"summary_large_image\" \/>\n<meta name=\"twitter:label1\" content=\"Escrito por\" \/>\n\t<meta name=\"twitter:data1\" content=\"Guido Steenmans\" \/>\n\t<meta name=\"twitter:label2\" content=\"Tiempo de lectura\" \/>\n\t<meta name=\"twitter:data2\" content=\"9 minutos\" \/>\n<script type=\"application\/ld+json\" class=\"yoast-schema-graph\">{\"@context\":\"https:\\\/\\\/schema.org\",\"@graph\":[{\"@type\":\"Article\",\"@id\":\"https:\\\/\\\/cubeconcepts.de\\\/zweirichtungszaehler-fuer-pv-anlagen-batteriespeicher\\\/#article\",\"isPartOf\":{\"@id\":\"https:\\\/\\\/cubeconcepts.de\\\/zweirichtungszaehler-fuer-pv-anlagen-batteriespeicher\\\/\"},\"author\":{\"name\":\"Guido Steenmans\",\"@id\":\"https:\\\/\\\/cubeconcepts.de\\\/fr\\\/#\\\/schema\\\/person\\\/2c762e4ca1ea252f42f23ab33248856e\"},\"headline\":\"Zweirichtungsz\u00e4hler f\u00fcr PV-Anlagen &amp; Batteriespeicher\",\"datePublished\":\"2026-08-31T07:20:49+00:00\",\"dateModified\":\"2026-09-02T11:29:49+00:00\",\"mainEntityOfPage\":{\"@id\":\"https:\\\/\\\/cubeconcepts.de\\\/zweirichtungszaehler-fuer-pv-anlagen-batteriespeicher\\\/\"},\"wordCount\":1679,\"publisher\":{\"@id\":\"https:\\\/\\\/cubeconcepts.de\\\/fr\\\/#organization\"},\"image\":{\"@id\":\"https:\\\/\\\/cubeconcepts.de\\\/zweirichtungszaehler-fuer-pv-anlagen-batteriespeicher\\\/#primaryimage\"},\"thumbnailUrl\":\"https:\\\/\\\/cubeconcepts.de\\\/wp-content\\\/uploads\\\/2026\\\/08\\\/Zweirichtungszaehler-Header-scaled.jpg\",\"articleSection\":[\"Grundlagen &amp; Technik\"],\"inLanguage\":\"es\"},{\"@type\":\"WebPage\",\"@id\":\"https:\\\/\\\/cubeconcepts.de\\\/zweirichtungszaehler-fuer-pv-anlagen-batteriespeicher\\\/\",\"url\":\"https:\\\/\\\/cubeconcepts.de\\\/zweirichtungszaehler-fuer-pv-anlagen-batteriespeicher\\\/\",\"name\":\"Zweirichtungsz\u00e4hler f\u00fcr PV-Anlagen &amp; Batteriespeicher | CUBE CONCEPTS\",\"isPartOf\":{\"@id\":\"https:\\\/\\\/cubeconcepts.de\\\/fr\\\/#website\"},\"primaryImageOfPage\":{\"@id\":\"https:\\\/\\\/cubeconcepts.de\\\/zweirichtungszaehler-fuer-pv-anlagen-batteriespeicher\\\/#primaryimage\"},\"image\":{\"@id\":\"https:\\\/\\\/cubeconcepts.de\\\/zweirichtungszaehler-fuer-pv-anlagen-batteriespeicher\\\/#primaryimage\"},\"thumbnailUrl\":\"https:\\\/\\\/cubeconcepts.de\\\/wp-content\\\/uploads\\\/2026\\\/08\\\/Zweirichtungszaehler-Header-scaled.jpg\",\"datePublished\":\"2026-08-31T07:20:49+00:00\",\"dateModified\":\"2026-09-02T11:29:49+00:00\",\"description\":\"Wann ist ein Zweirichtungsz\u00e4hler f\u00fcr PV-Anlage mit Batteriespeicher Pflicht? Rechtsgrundlage, Abgrenzungen, Kosten & Einbau.\",\"breadcrumb\":{\"@id\":\"https:\\\/\\\/cubeconcepts.de\\\/zweirichtungszaehler-fuer-pv-anlagen-batteriespeicher\\\/#breadcrumb\"},\"inLanguage\":\"es\",\"potentialAction\":[{\"@type\":\"ReadAction\",\"target\":[\"https:\\\/\\\/cubeconcepts.de\\\/zweirichtungszaehler-fuer-pv-anlagen-batteriespeicher\\\/\"]}]},{\"@type\":\"ImageObject\",\"inLanguage\":\"es\",\"@id\":\"https:\\\/\\\/cubeconcepts.de\\\/zweirichtungszaehler-fuer-pv-anlagen-batteriespeicher\\\/#primaryimage\",\"url\":\"https:\\\/\\\/cubeconcepts.de\\\/wp-content\\\/uploads\\\/2026\\\/08\\\/Zweirichtungszaehler-Header-scaled.jpg\",\"contentUrl\":\"https:\\\/\\\/cubeconcepts.de\\\/wp-content\\\/uploads\\\/2026\\\/08\\\/Zweirichtungszaehler-Header-scaled.jpg\",\"width\":2560,\"height\":1543,\"caption\":\"Zweirichtungszaehler-Header\"},{\"@type\":\"BreadcrumbList\",\"@id\":\"https:\\\/\\\/cubeconcepts.de\\\/zweirichtungszaehler-fuer-pv-anlagen-batteriespeicher\\\/#breadcrumb\",\"itemListElement\":[{\"@type\":\"ListItem\",\"position\":1,\"name\":\"Startseite\",\"item\":\"https:\\\/\\\/cubeconcepts.de\\\/\"},{\"@type\":\"ListItem\",\"position\":2,\"name\":\"Zweirichtungsz\u00e4hler f\u00fcr PV-Anlagen &amp; Batteriespeicher\"}]},{\"@type\":\"WebSite\",\"@id\":\"https:\\\/\\\/cubeconcepts.de\\\/fr\\\/#website\",\"url\":\"https:\\\/\\\/cubeconcepts.de\\\/fr\\\/\",\"name\":\"CUBE CONCEPTS\",\"description\":\"Energiesysteme f\u00fcr Unternehmen\",\"publisher\":{\"@id\":\"https:\\\/\\\/cubeconcepts.de\\\/fr\\\/#organization\"},\"potentialAction\":[{\"@type\":\"SearchAction\",\"target\":{\"@type\":\"EntryPoint\",\"urlTemplate\":\"https:\\\/\\\/cubeconcepts.de\\\/fr\\\/?s={search_term_string}\"},\"query-input\":{\"@type\":\"PropertyValueSpecification\",\"valueRequired\":true,\"valueName\":\"search_term_string\"}}],\"inLanguage\":\"es\"},{\"@type\":\"Organization\",\"@id\":\"https:\\\/\\\/cubeconcepts.de\\\/fr\\\/#organization\",\"name\":\"CUBE CONCEPTS\",\"url\":\"https:\\\/\\\/cubeconcepts.de\\\/fr\\\/\",\"logo\":{\"@type\":\"ImageObject\",\"inLanguage\":\"es\",\"@id\":\"https:\\\/\\\/cubeconcepts.de\\\/fr\\\/#\\\/schema\\\/logo\\\/image\\\/\",\"url\":\"https:\\\/\\\/cubeconcepts.de\\\/wp-content\\\/uploads\\\/2023\\\/01\\\/CUBE_CONCEPT-Logo.png\",\"contentUrl\":\"https:\\\/\\\/cubeconcepts.de\\\/wp-content\\\/uploads\\\/2023\\\/01\\\/CUBE_CONCEPT-Logo.png\",\"width\":644,\"height\":207,\"caption\":\"CUBE CONCEPTS\"},\"image\":{\"@id\":\"https:\\\/\\\/cubeconcepts.de\\\/fr\\\/#\\\/schema\\\/logo\\\/image\\\/\"}},{\"@type\":\"Person\",\"@id\":\"https:\\\/\\\/cubeconcepts.de\\\/fr\\\/#\\\/schema\\\/person\\\/2c762e4ca1ea252f42f23ab33248856e\",\"name\":\"Guido Steenmans\",\"image\":{\"@type\":\"ImageObject\",\"inLanguage\":\"es\",\"@id\":\"https:\\\/\\\/cubeconcepts.de\\\/wp-content\\\/uploads\\\/2025\\\/11\\\/cropped-Guido-Steenmanns-hoch-scaled-1-96x96.jpg\",\"url\":\"https:\\\/\\\/cubeconcepts.de\\\/wp-content\\\/uploads\\\/2025\\\/11\\\/cropped-Guido-Steenmanns-hoch-scaled-1-96x96.jpg\",\"contentUrl\":\"https:\\\/\\\/cubeconcepts.de\\\/wp-content\\\/uploads\\\/2025\\\/11\\\/cropped-Guido-Steenmanns-hoch-scaled-1-96x96.jpg\",\"caption\":\"Guido Steenmans\"}}]}<\/script>\n<!-- \/ Yoast SEO plugin. -->","yoast_head_json":{"title":"Contador bidireccional para sistemas fotovoltaicos y acumuladores de bater\u00eda | CUBE CONCEPTS","description":"\u00bfCu\u00e1ndo es obligatorio un contador bidireccional para una instalaci\u00f3n fotovoltaica con acumulador de bater\u00eda? Base jur\u00eddica, delimitaciones, costes e instalaci\u00f3n.","robots":{"index":"index","follow":"follow","max-snippet":"max-snippet:-1","max-image-preview":"max-image-preview:large","max-video-preview":"max-video-preview:-1"},"canonical":"https:\/\/cubeconcepts.de\/es\/contador-bidireccional-para-instalaciones-fotovoltaicas-con-acumulador-de-bateria\/","og_locale":"es_ES","og_type":"article","og_title":"Zweirichtungsz\u00e4hler f\u00fcr PV-Anlagen &amp; Batteriespeicher | CUBE CONCEPTS","og_description":"Wann ist ein Zweirichtungsz\u00e4hler f\u00fcr PV-Anlage mit Batteriespeicher Pflicht? Rechtsgrundlage, Abgrenzungen, Kosten & Einbau.","og_url":"https:\/\/cubeconcepts.de\/es\/contador-bidireccional-para-instalaciones-fotovoltaicas-con-acumulador-de-bateria\/","og_site_name":"CUBE CONCEPTS","article_published_time":"2026-08-31T07:20:49+00:00","article_modified_time":"2026-09-02T11:29:49+00:00","og_image":[{"width":2560,"height":1543,"url":"https:\/\/cubeconcepts.de\/wp-content\/uploads\/2026\/08\/Zweirichtungszaehler-Header-scaled.jpg","type":"image\/jpeg"}],"author":"Guido Steenmans","twitter_card":"summary_large_image","twitter_misc":{"Escrito por":"Guido Steenmans","Tiempo de lectura":"9 minutos"},"schema":{"@context":"https:\/\/schema.org","@graph":[{"@type":"Article","@id":"https:\/\/cubeconcepts.de\/zweirichtungszaehler-fuer-pv-anlagen-batteriespeicher\/#article","isPartOf":{"@id":"https:\/\/cubeconcepts.de\/zweirichtungszaehler-fuer-pv-anlagen-batteriespeicher\/"},"author":{"name":"Guido Steenmans","@id":"https:\/\/cubeconcepts.de\/fr\/#\/schema\/person\/2c762e4ca1ea252f42f23ab33248856e"},"headline":"Zweirichtungsz\u00e4hler f\u00fcr PV-Anlagen &amp; Batteriespeicher","datePublished":"2026-08-31T07:20:49+00:00","dateModified":"2026-09-02T11:29:49+00:00","mainEntityOfPage":{"@id":"https:\/\/cubeconcepts.de\/zweirichtungszaehler-fuer-pv-anlagen-batteriespeicher\/"},"wordCount":1679,"publisher":{"@id":"https:\/\/cubeconcepts.de\/fr\/#organization"},"image":{"@id":"https:\/\/cubeconcepts.de\/zweirichtungszaehler-fuer-pv-anlagen-batteriespeicher\/#primaryimage"},"thumbnailUrl":"https:\/\/cubeconcepts.de\/wp-content\/uploads\/2026\/08\/Zweirichtungszaehler-Header-scaled.jpg","articleSection":["Grundlagen &amp; Technik"],"inLanguage":"es"},{"@type":"WebPage","@id":"https:\/\/cubeconcepts.de\/zweirichtungszaehler-fuer-pv-anlagen-batteriespeicher\/","url":"https:\/\/cubeconcepts.de\/zweirichtungszaehler-fuer-pv-anlagen-batteriespeicher\/","name":"Contador bidireccional para sistemas fotovoltaicos y acumuladores de bater\u00eda | CUBE CONCEPTS","isPartOf":{"@id":"https:\/\/cubeconcepts.de\/fr\/#website"},"primaryImageOfPage":{"@id":"https:\/\/cubeconcepts.de\/zweirichtungszaehler-fuer-pv-anlagen-batteriespeicher\/#primaryimage"},"image":{"@id":"https:\/\/cubeconcepts.de\/zweirichtungszaehler-fuer-pv-anlagen-batteriespeicher\/#primaryimage"},"thumbnailUrl":"https:\/\/cubeconcepts.de\/wp-content\/uploads\/2026\/08\/Zweirichtungszaehler-Header-scaled.jpg","datePublished":"2026-08-31T07:20:49+00:00","dateModified":"2026-09-02T11:29:49+00:00","description":"\u00bfCu\u00e1ndo es obligatorio un contador bidireccional para una instalaci\u00f3n fotovoltaica con acumulador de bater\u00eda? Base jur\u00eddica, delimitaciones, costes e instalaci\u00f3n.","breadcrumb":{"@id":"https:\/\/cubeconcepts.de\/zweirichtungszaehler-fuer-pv-anlagen-batteriespeicher\/#breadcrumb"},"inLanguage":"es","potentialAction":[{"@type":"ReadAction","target":["https:\/\/cubeconcepts.de\/zweirichtungszaehler-fuer-pv-anlagen-batteriespeicher\/"]}]},{"@type":"ImageObject","inLanguage":"es","@id":"https:\/\/cubeconcepts.de\/zweirichtungszaehler-fuer-pv-anlagen-batteriespeicher\/#primaryimage","url":"https:\/\/cubeconcepts.de\/wp-content\/uploads\/2026\/08\/Zweirichtungszaehler-Header-scaled.jpg","contentUrl":"https:\/\/cubeconcepts.de\/wp-content\/uploads\/2026\/08\/Zweirichtungszaehler-Header-scaled.jpg","width":2560,"height":1543,"caption":"Zweirichtungszaehler-Header"},{"@type":"BreadcrumbList","@id":"https:\/\/cubeconcepts.de\/zweirichtungszaehler-fuer-pv-anlagen-batteriespeicher\/#breadcrumb","itemListElement":[{"@type":"ListItem","position":1,"name":"Startseite","item":"https:\/\/cubeconcepts.de\/"},{"@type":"ListItem","position":2,"name":"Zweirichtungsz\u00e4hler f\u00fcr PV-Anlagen &amp; Batteriespeicher"}]},{"@type":"WebSite","@id":"https:\/\/cubeconcepts.de\/fr\/#website","url":"https:\/\/cubeconcepts.de\/fr\/","name":"CONCEPTOS DE CUBO","description":"Sistemas de energ\u00eda para empresas","publisher":{"@id":"https:\/\/cubeconcepts.de\/fr\/#organization"},"potentialAction":[{"@type":"SearchAction","target":{"@type":"EntryPoint","urlTemplate":"https:\/\/cubeconcepts.de\/fr\/?s={search_term_string}"},"query-input":{"@type":"PropertyValueSpecification","valueRequired":true,"valueName":"search_term_string"}}],"inLanguage":"es"},{"@type":"Organization","@id":"https:\/\/cubeconcepts.de\/fr\/#organization","name":"CONCEPTOS DE CUBO","url":"https:\/\/cubeconcepts.de\/fr\/","logo":{"@type":"ImageObject","inLanguage":"es","@id":"https:\/\/cubeconcepts.de\/fr\/#\/schema\/logo\/image\/","url":"https:\/\/cubeconcepts.de\/wp-content\/uploads\/2023\/01\/CUBE_CONCEPT-Logo.png","contentUrl":"https:\/\/cubeconcepts.de\/wp-content\/uploads\/2023\/01\/CUBE_CONCEPT-Logo.png","width":644,"height":207,"caption":"CUBE CONCEPTS"},"image":{"@id":"https:\/\/cubeconcepts.de\/fr\/#\/schema\/logo\/image\/"}},{"@type":"Person","@id":"https:\/\/cubeconcepts.de\/fr\/#\/schema\/person\/2c762e4ca1ea252f42f23ab33248856e","name":"Guido Steenmans","image":{"@type":"ImageObject","inLanguage":"es","@id":"https:\/\/cubeconcepts.de\/wp-content\/uploads\/2025\/11\/cropped-Guido-Steenmanns-hoch-scaled-1-96x96.jpg","url":"https:\/\/cubeconcepts.de\/wp-content\/uploads\/2025\/11\/cropped-Guido-Steenmanns-hoch-scaled-1-96x96.jpg","contentUrl":"https:\/\/cubeconcepts.de\/wp-content\/uploads\/2025\/11\/cropped-Guido-Steenmanns-hoch-scaled-1-96x96.jpg","caption":"Guido Steenmans"}}]}},"_links":{"self":[{"href":"https:\/\/cubeconcepts.de\/es\/wp-json\/wp\/v2\/posts\/34095","targetHints":{"allow":["GET"]}}],"collection":[{"href":"https:\/\/cubeconcepts.de\/es\/wp-json\/wp\/v2\/posts"}],"about":[{"href":"https:\/\/cubeconcepts.de\/es\/wp-json\/wp\/v2\/types\/post"}],"author":[{"embeddable":true,"href":"https:\/\/cubeconcepts.de\/es\/wp-json\/wp\/v2\/users\/3"}],"replies":[{"embeddable":true,"href":"https:\/\/cubeconcepts.de\/es\/wp-json\/wp\/v2\/comments?post=34095"}],"version-history":[{"count":0,"href":"https:\/\/cubeconcepts.de\/es\/wp-json\/wp\/v2\/posts\/34095\/revisions"}],"wp:featuredmedia":[{"embeddable":true,"href":"https:\/\/cubeconcepts.de\/es\/wp-json\/wp\/v2\/media\/34105"}],"wp:attachment":[{"href":"https:\/\/cubeconcepts.de\/es\/wp-json\/wp\/v2\/media?parent=34095"}],"wp:term":[{"taxonomy":"category","embeddable":true,"href":"https:\/\/cubeconcepts.de\/es\/wp-json\/wp\/v2\/categories?post=34095"},{"taxonomy":"post_tag","embeddable":true,"href":"https:\/\/cubeconcepts.de\/es\/wp-json\/wp\/v2\/tags?post=34095"}],"curies":[{"name":"wp","href":"https:\/\/api.w.org\/{rel}","templated":true}]}}