{"id":27356,"date":"2026-03-13T08:18:03","date_gmt":"2026-03-13T07:18:03","guid":{"rendered":"https:\/\/cubeconcepts.de\/?p=27356"},"modified":"2026-03-17T09:46:17","modified_gmt":"2026-03-17T08:46:17","slug":"eu-strommarktreform-deutschlands-umsetzung-von-cfd-ppa-eeg","status":"publish","type":"post","link":"https:\/\/cubeconcepts.de\/es\/eu-strommarktreform-deutschlands-umsetzung-von-cfd-ppa-eeg\/","title":{"rendered":"EU-Strommarktreform: Deutschlands Umsetzung von CfD, PPA &amp; EEG"},"content":{"rendered":"<p>Im Jahre 2023 haben sich EU-Parlament und -Rat auf einen Kompromiss zur Reform des Electricity Market Design (EMD) geeinigt. Die <strong>EU-Strommarktreform, <\/strong>die auch \u201eElektrizit\u00e4tsbinnenmarktrichtlinie\u201c genannt wird, ver\u00e4ndert die alte Verordnung EU 2019\/943 zum Strombinnenmarkt. Unterst\u00fctzend dazu traten Sommer 2024 die \u00c4nderungsrichtlinie EU 2024\/1711, eine \u00c4nderung der Verordnungen EU 2024\/1747 und EU 2019\/942 (ACER), neue REMIT Regeln zur Marktaufsicht in Kraft. Zus\u00e4tzlich ver\u00f6ffentlichte die EU-Kommission zeitgleich einen \u201eAktionsplan f\u00fcr erschwingliche Energie\u201c, der Verbraucher und Unternehmen bis 2040 um <strong>j\u00e4hrlich 260 Mrd. Euro entlasten<\/strong> soll. Darin enthalten sind drei Leitlinien f\u00fcr die EU-L\u00e4nder, wie die Energiekosten gesenkt werden sollen:<\/p>\n\n\n\n<ul class=\"wp-block-list\">\n<li><strong>Beschleunigter Einsatz innovativer erneuerbarer Technologien:<\/strong> Klare Regulierungs- und F\u00f6rderrahmen f\u00fcr neue Technologien und Anwendungen (z. B. Meeresenergie, Floating-Wind, Agri-PV oder Floating-PV) schaffen, um Markteinf\u00fchrung, Investitionen sowie Forschung und Innovation gezielt zu unterst\u00fctzen.<\/li>\n\n\n\n<li><strong>Schnellere Genehmigungen f\u00fcr Netze und Speicher:<\/strong> Ausbau von Stromnetzen und Speicherl\u00f6sungen beschleunigen, u. a. durch die Ausweisung spezieller Infrastrukturgebiete, in denen Planungs- und Genehmigungsverfahren vereinfacht werden k\u00f6nnen.<\/li>\n\n\n\n<li><strong>Zukunftsf\u00e4hige Netzentgelte f\u00fcr ein effizientes Energiesystem:<\/strong> Stromnetzentgelte so gestalten, dass sie Flexibilit\u00e4t f\u00f6rdern, die bestehende Infrastruktur optimal nutzen und Verbraucher zu netzdienlichem Stromverbrauch anreizen.<\/li>\n<\/ul>\n\n\n\n<h2 class=\"wp-block-heading\">Ziele der EU-Strommarktreform<\/h2>\n\n\n\n<p>Die zentralen Ziele der EU-Strommarktreform sind, den europ\u00e4ischen Strommarkt widerstandsf\u00e4higer zu machen, Preisvolatilit\u00e4t zu reduzieren und gleichzeitig Investitionen in erneuerbare Energien sowie Flexibilit\u00e4tsoptionen zu st\u00e4rken. Konkret sollen Strompreise k\u00fcnftig weniger stark von schwankenden Preisen fossiler Brennstoffe abh\u00e4ngen und dadurch langfristig an Stabilit\u00e4t gewinnen. Gleichzeitig sollen Verbraucher besser vor Preisspitzen gesch\u00fctzt und ihre Position im Markt gest\u00e4rkt werden, etwa durch gr\u00f6\u00dfere Wahlm\u00f6glichkeiten bei Stromvertr\u00e4gen und durch einen verbesserten Krisenmechanismus. Dar\u00fcber hinaus zielt die Reform darauf ab, den Ausbau erneuerbarer Stromerzeugung zu beschleunigen und Flexibilit\u00e4tsoptionen wie Demand Response und Energiespeicher st\u00e4rker in das Stromsystem zu integrieren.<\/p>\n\n\n\n<h2 class=\"wp-block-heading\">Erste umgesetzte Schritte der EU<\/h2>\n\n\n\n<p>Zu den bereits umgesetzten Ma\u00dfnahmen der EU-Strommarktreform geh\u00f6rt insbesondere die Weiterentwicklung der Stromhandelsmechanismen im Gro\u00dfhandelsmarkt. Ein zentraler Schritt war die Umstellung der europ\u00e4ischen <strong>Day-Ahead-M\u00e4rkte<\/strong> en<strong>15-min\u00fctige Handelsintervalle. <\/strong>Die feinere zeitliche Aufl\u00f6sung gilt seit September 2025 und erm\u00f6glicht eine deutlich pr\u00e4zisere Abbildung von Angebot und Nachfrage im Stromsystem. Die EU m\u00f6chte so kurzfristige Schwankungen \u2013 etwa durch wetterabh\u00e4ngige erneuerbare Energien \u2013 besser abfangen, den wachsenden Anteil variabler erneuerbarer Erzeugung einfacher integrieren und die Flexibilit\u00e4t sowie Zuverl\u00e4ssigkeit des europ\u00e4ischen Stromsystems steigern.<\/p>\n\n\n\n<p>Dar\u00fcber hinaus hat die EU den europ\u00e4ischen Gro\u00dfhandelsmarkt einheitlich auf ein <strong>Grenzpreissystem (\u201ePay-as-Clear\u201c)<\/strong> umgestellt. In diesem Marktdesign werden die Gebote der Stromerzeuger nach ihren Grenzkosten sortiert \u2013 von der g\u00fcnstigsten bis zur teuersten Erzeugungsquelle. Die Nachfrage wird dann schrittweise mit den g\u00fcnstigsten Angeboten gedeckt, bis der Bedarf vollst\u00e4ndig erf\u00fcllt ist. Der Preis des zuletzt ben\u00f6tigten Kraftwerks \u2013 also des teuersten noch eingesetzten Angebots \u2013 bestimmt dabei den Marktpreis. Alle Erzeuger, deren Gebote zum Zuge kommen, erhalten diesen <strong>einheitlichen Preis<\/strong> f\u00fcr die eingespeiste Strommenge.<\/p>\n\n\n\n<h2 class=\"wp-block-heading\">Zentrale Marktinstrumente: PPAs &amp; CfDs statt EEG-Marktpr\u00e4mie<\/h2>\n\n\n\n<p>Als erste zentrale Ma\u00dfnahme der EU-Strommarktreform st\u00e4rkt das Reformpaket langfristige Stromliefervertr\u00e4ge. <strong><a href=\"https:\/\/cubeconcepts.de\/es\/acuerdo-de-compra-de-energia-ppa\/\" type=\"post\" id=\"10902\">Power Purchase Agreements (PPAs)<\/a><\/strong> sollen erleichtert werden, etwa durch den Abbau regulatorischer H\u00fcrden sowie durch staatliche oder private Garantieinstrumente und m\u00f6gliche PPA-Pools. Parallel dazu werden zweiseitige <strong><a href=\"https:\/\/cubeconcepts.de\/es\/los-contratos-por-diferencias-de-la-ue-eliminan-las-primas-de-mercado\/\" type=\"post\" id=\"10459\">Differenzvertr\u00e4ge<\/a> <\/strong>(Contracts for Difference \u2013 CfDs) als zentrales F\u00f6rderinstrument f\u00fcr staatlich unterst\u00fctzte Investitionen in neue Erzeugungskapazit\u00e4ten etabliert. Einnahmen aus solchen Modellen sollen entweder an Endkunden weitergegeben oder zur Finanzierung von Preissicherungsma\u00dfnahmen genutzt werden. Den Mitgliedstaaten bleibt dabei Spielraum, ob sie st\u00e4rker auf privat finanzierte PPAs oder auf \u00f6ffentlich abgesicherte CfD-Modelle setzen.<\/p>\n\n\n\n<h2 class=\"wp-block-heading\">Mehr Auswahl f\u00fcr Verbraucher durch die EU-Strommarktreform<\/h2>\n\n\n\n<p>Auch der <strong>Verbraucherschutz<\/strong> wird gest\u00e4rkt. Endkunden erhalten mehr Wahlm\u00f6glichkeiten zwischen Festpreisvertr\u00e4gen und dynamischen Tarifen, w\u00e4hrend Lieferanten verpflichtet sind, die jeweiligen Risiken und Vorteile transparent darzustellen. Einseitige Vertrags\u00e4nderungen zulasten der Kunden werden eingeschr\u00e4nkt und schutzbed\u00fcrftige Verbraucher gest\u00e4rkt. Eine vor\u00fcbergehende <strong>Deckelung der Strompreise<\/strong> f\u00fcr KMU und energieintensive Industrien ist bei der EU-Strommarktreform ebenfalls vorgesehen. Der Mechanismus setzt ein, sobald ein Mitgliedstaat eine regionale Strompreiskrise feststellt oder die EU europaweit eingreift.<\/p>\n\n\n\n<h2 class=\"wp-block-heading\">Erleichterter Zugang zu kurzfristigen M\u00e4rkten<\/h2>\n\n\n\n<p>Um die Teilnahme kleinerer Anlagen und Aggregatoren an den kurzfristigen Stromm\u00e4rkten zu erleichtern, senkt die EU beispielsweise die <strong>Mindestgebotsgr\u00f6\u00dfe<\/strong> im Day-Ahead- und Intraday-Handel von 500 kW auf 100 kW. Zudem wird die <strong>Beteiligung von Demand Response<\/strong> y <strong>Energiespeichern <\/strong>gezielt gest\u00e4rkt. Sofern EU-Mitglieder Kapazit\u00e4tsmechanismen oder Flexibilit\u00e4tsinstrumente einsetzen m\u00f6chten, stellt die Kommission schnelle und einfache Pr\u00fcfungen und Genehmigungen in Aussicht.<\/p>\n\n\n\n<h2 class=\"wp-block-heading\">St\u00e4rkung der Instrumente &amp; Marktaufsicht f\u00fcr die EU-Strommarktreform<\/h2>\n\n\n\n<p>Die EU-Strommarktreform st\u00e4rkt auch die Instrumente, indem sie die <strong>REMIT-Verordnung<\/strong> versch\u00e4rft und die Befugnisse der <strong>ACER<\/strong> massiv ausbaut. Um Marktmanipulation und Insiderhandel wirksamer zu bek\u00e4mpfen, weitet die EU die \u00dcberwachungspflichten aus und fordert von den Marktteilnehmern deutlich mehr Transparenz. Eine verbesserte Datenerfassung hilft dabei, auff\u00e4llige Marktbewegungen sofort zu erkennen und Verst\u00f6\u00dfe direkt zu verfolgen.<\/p>\n\n\n\n<p>Parallel dazu \u00fcbernimmt die ACER eine zentrale F\u00fchrungsrolle. Sie koordiniert die nationalen Regulierungsbeh\u00f6rden, entwickelt einheitliche Marktregeln und trifft bei Unstimmigkeiten verbindliche Entscheidungen. Mit zus\u00e4tzlichen Ressourcen \u00fcberwacht die Agentur vor allem den grenz\u00fcberschreitenden Handel und ber\u00e4t die EU beim Ausbau der Infrastruktur. Gemeinsam sichern diese Ma\u00dfnahmen die Integrit\u00e4t und Stabilit\u00e4t des europ\u00e4ischen Energiebinnenmarktes.<\/p>\n\n\n\n<h2 class=\"wp-block-heading\">Deutschlands Umsetzungsrahmen der EU-Strommarktreform<\/h2>\n\n\n\n<p>Die Verordnung (EU) 2024\/1747, auch \u201e<strong>EU-Strommarkt-Verordnung<\/strong>\u201c genannt, gilt in Deutschland unmittelbar und bindend. Sie erfordert Anpassungen im Energierecht, den Marktregeln und Netzkodizes \u2013 etwa bei Mindestgebotsgr\u00f6\u00dfen, der Terminmarktausgestaltung und der Rolle der zentralen Vergabeplattform. Die parallel verabschiedete Richtlinie (EU) 2024\/1711, bekannt als \u201e<strong>Elektrizit\u00e4tsbinnenmarktrichtlinie (EMD)<\/strong>\u201c, muss hingegen <strong>bis 17. Juli 2026 in nationales Recht<\/strong> umgesetzt werden. Dies betrifft vor allem das EnWG, ggf. das EEG sowie nachgelagerte Verordnungen wie Stromgrundversorgungsverordnung (StromGVV) und Lieferverordnungen.<\/p>\n\n\n\n<h2 class=\"wp-block-heading\">Aktueller Stand der Umsetzung (M\u00e4rz 2026)<\/h2>\n\n\n\n<p>Juristische Fachkommentare und Branchenanalysen deuten darauf hin, dass das BMWK derzeit einen <strong>Referentenentwurf<\/strong> zur Umsetzung der novellierten EMD-Richtlinie <strong>vorbereitet<\/strong>, der wesentliche Teile direkt ins EnWG integriert. Deutschland nutzte bis Ende 2025 eine \u00dcbergangsregelungen bei grenz\u00fcberschreitenden Handelskapazit\u00e4ten (minRAM). Die Anpassung relevanter Netzkodizes wie \u201eForward Capacity Allocation\u201cerwarten Experten bis Mitte 2026. Parallel laufen <strong>Debatten zur Ausgestaltung zweiseitiger CfDs<\/strong>, zur <strong>F\u00f6rderung von Langfrist-PPAs<\/strong> und zur <strong>Anpassung der Kapazit\u00e4tsmechanismen<\/strong>, um die EU-Vorgaben vollst\u00e4ndig zu erf\u00fcllen.<\/p>\n\n\n\n<h2 class=\"wp-block-heading\">Deutsche EEG-Transformation: CfDs &amp; PPAs<\/h2>\n\n\n\n<p>Die bisherige <strong>Subvenci\u00f3n EEG<\/strong> como <strong>Prima de mercado m\u00f3vil<\/strong> (OPEX-Modell) soll bis sp\u00e4testens Juli 2027 in ein System zweiseitiger CfDs \u00fcberf\u00fchrt werden, da die EU-Strommarktreform dies faktisch vorschreibt. Parallel wird der PPA-Markt als zweite S\u00e4ule gest\u00e4rkt. Die Bundesregierung und die \u201eMarktoffensive Erneuerbare\u201c entwickeln klare Rahmenbedingungen, damit <strong>CfD-F\u00f6rderung<\/strong> y <strong>ungef\u00f6rderte PPAs<\/strong> komplement\u00e4r funktionieren und Kannibalisierungseffekte minimiert werden. Ein zentrales Streitthema bleibt die Wechseloption zwischen staatlicher CfD-F\u00f6rderung und Gr\u00fcnstrom-PPAs \u2013 Studien warnen, dass ein Wegfall dieser Flexibilit\u00e4t kurzfristige PPAs und die Marktorientierung von EE-Anlagen bremsen k\u00f6nnte.<\/p>\n\n\n\n<h2 class=\"wp-block-heading\">EnWG-Anpassungen: Dynamische Tarife &amp; Flexibilit\u00e4t<\/h2>\n\n\n\n<p>Das EnWG enth\u00e4lt bereits Vorgaben zu variablen und <strong>dynamischen Stromtarifen (\u00a7 41a EnWG)<\/strong>, wonach Versorger f\u00fcr Smart-Meter-Kunden variable Tarife anbieten m\u00fcssen \u2013 ein Vorlauf zu den EMD-Vorgaben f\u00fcr Vertragswahl und dynamische Preise. \u00a7 14a EnWG wurde k\u00fcrzlich so weiterentwickelt, dass Haushaltskunden mit steuerbaren Verbrauchseinrichtungen (z. B. W\u00e4rmepumpe, Wallbox, Speicher &gt;4,2 kW) <strong>zeitvariable Netzentgelte<\/strong> erhalten; diese dynamischen Netzentgelte werden 2026 fl\u00e4chendeckend eingef\u00fchrt und dienen als zentraler Flexibilit\u00e4tshebel. F\u00fcr die vollst\u00e4ndige Umsetzung der erweiterten Verbraucherrechte (Wahl zwischen Festpreis-, variablen und dynamischen Tarifen sowie Krisenmechanismen) sind weitere EnWG-Novellen und untergesetzliche Regelungen zu Endkundenvertr\u00e4gen vorgesehen.<\/p>\n\n\n\n<h2 class=\"wp-block-heading\">Kapazit\u00e4tsmechanismen &amp; Kraftwerksstrategie<\/h2>\n\n\n\n<p>Das BMWK legte bereits 2024 ein \u201eOptionenpapier Strommarktdesign der Zukunft\u201c vor, das u. a. einen dezentralen Kapazit\u00e4tsmarkt mit zentraler Komponente (KKM) empfiehlt, um Investitionssicherheit und Innovation zu verbinden. Auf Basis der Kraftwerksstrategie einigten sich Bundesregierung und EU-Kommission Anfang 2026 auf Ausschreibungen f\u00fcr <strong>rund 10 GW<\/strong> (geplant waren 20 GW) neue Kapazit\u00e4ten <strong>durch <a href=\"https:\/\/cubeconcepts.de\/es\/neue-studie-zu-gaskraftwerke-wie-teuer-ist-strom-aus-erdgas-wirklich\/\" type=\"post\" id=\"27359\">Gaskraftwerke<\/a><\/strong> sowie <strong>2 GW technologieoffen<\/strong> ohne Laufzeitkriterium, an denen sich auch <a href=\"https:\/\/cubeconcepts.de\/es\/productos\/gran-almacenamiento-en-bateria\/\" type=\"page\" id=\"19360\">Almacenamiento de bater\u00edas a gran escala<\/a> bewerben k\u00f6nnen. F\u00fcr 2027 und 2029 folgen vollst\u00e4ndig technologieoffene Ausschreibungen, bei denen Speicher, Demand Side Response und EE-Hybride teilnehmen k\u00f6nnen \u2013 passend zur erleichterten Zul\u00e4ssigkeit von Kapazit\u00e4tsmechanismen nach EMD.<\/p>\n\n\n\n<h2 class=\"wp-block-heading\">Zeitplan &amp; offene Fragen zur Umsetzung der EU-Strommarktreform<\/h2>\n\n\n\n<p>Die EU-Strommarkt-Verordnung gilt bereits; Deutschland passt schrittweise Netzkodizes, Auktionsdesigns und Marktregeln an (z. B. Flexibilit\u00e4tsziele, Forward-M\u00e4rkte). Die EMD-Richtlinie <strong>muss bis Juli 2026 umgesetzt werden<\/strong>, mit EnWG- und EEG-Novellen zu CfD-Pflicht, PPA-St\u00e4rkung und Verbraucherschutz. Offene Punkte: Genaue CfD-Designs, Wechselregeln PPA\/CfD und die finale Struktur des Kapazit\u00e4tsmarkts.<\/p>\n\n\n\n<div style=\"height:100px\" aria-hidden=\"true\" class=\"wp-block-spacer\"><\/div>\n\n\n\n<div class=\"wp-block-buttons is-layout-flex wp-block-buttons-is-layout-flex\">\n<div class=\"wp-block-button\"><a class=\"wp-block-button__link wp-element-button\" href=\"https:\/\/cubeconcepts.de\/es\/news\/uebersicht\/\">Volver a la vista general<\/a><\/div>\n<\/div>\n\n\n\n<p><\/p>","protected":false},"excerpt":{"rendered":"<p>Im Jahre 2023 haben sich EU-Parlament und -Rat auf einen Kompromiss zur Reform des Electricity Market Design (EMD) geeinigt. Die EU-Strommarktreform, die auch \u201eElektrizit\u00e4tsbinnenmarktrichtlinie\u201c genannt wird, ver\u00e4ndert die alte Verordnung EU 2019\/943 zum Strombinnenmarkt. Unterst\u00fctzend dazu traten Sommer 2024 die \u00c4nderungsrichtlinie EU 2024\/1711, eine \u00c4nderung der Verordnungen EU 2024\/1747 und EU 2019\/942 (ACER), neue REMIT [&hellip;]<\/p>\n","protected":false},"author":3,"featured_media":27358,"comment_status":"closed","ping_status":"open","sticky":false,"template":"","format":"standard","meta":{"_acf_changed":false,"footnotes":""},"categories":[7,25],"tags":[],"class_list":["post-27356","post","type-post","status-publish","format-standard","has-post-thumbnail","hentry","category-solar-news","category-photovoltaik-themen"],"acf":[],"yoast_head":"<!-- This site is optimized with the Yoast SEO plugin v27.4 - https:\/\/yoast.com\/product\/yoast-seo-wordpress\/ -->\n<title>EU-Strommarktreform | CUBE CONCEPTS<\/title>\n<meta name=\"description\" content=\"Die EU-Strommarktreform 2024 ver\u00e4ndert EEG, PPAs und CfDs \u2013 Umsetzung in Deutschland, Auswirkungen auf Speicher und Erneuerbare erkl\u00e4rt.\" \/>\n<meta name=\"robots\" content=\"index, follow, max-snippet:-1, max-image-preview:large, max-video-preview:-1\" \/>\n<link rel=\"canonical\" href=\"https:\/\/cubeconcepts.de\/es\/eu-strommarktreform-deutschlands-umsetzung-von-cfd-ppa-eeg\/\" \/>\n<meta property=\"og:locale\" content=\"es_ES\" \/>\n<meta property=\"og:type\" content=\"article\" \/>\n<meta property=\"og:title\" content=\"EU-Strommarktreform | CUBE CONCEPTS\" \/>\n<meta property=\"og:description\" content=\"Die EU-Strommarktreform 2024 ver\u00e4ndert EEG, PPAs und CfDs \u2013 Umsetzung in Deutschland, Auswirkungen auf Speicher und Erneuerbare erkl\u00e4rt.\" \/>\n<meta property=\"og:url\" content=\"https:\/\/cubeconcepts.de\/es\/eu-strommarktreform-deutschlands-umsetzung-von-cfd-ppa-eeg\/\" \/>\n<meta property=\"og:site_name\" content=\"CUBE CONCEPTS\" \/>\n<meta property=\"article:published_time\" content=\"2026-03-13T07:18:03+00:00\" \/>\n<meta property=\"article:modified_time\" content=\"2026-03-17T08:46:17+00:00\" \/>\n<meta property=\"og:image\" content=\"https:\/\/cubeconcepts.de\/wp-content\/uploads\/2026\/03\/EU-Strommarktreform.jpg\" \/>\n\t<meta property=\"og:image:width\" content=\"1600\" \/>\n\t<meta property=\"og:image:height\" content=\"1073\" \/>\n\t<meta property=\"og:image:type\" content=\"image\/jpeg\" \/>\n<meta name=\"author\" content=\"Guido Steenmans\" \/>\n<meta name=\"twitter:card\" content=\"summary_large_image\" \/>\n<meta name=\"twitter:label1\" content=\"Escrito por\" \/>\n\t<meta name=\"twitter:data1\" content=\"Guido Steenmans\" \/>\n\t<meta name=\"twitter:label2\" content=\"Tiempo de lectura\" \/>\n\t<meta name=\"twitter:data2\" content=\"8 minutos\" \/>\n<script type=\"application\/ld+json\" class=\"yoast-schema-graph\">{\"@context\":\"https:\\\/\\\/schema.org\",\"@graph\":[{\"@type\":\"Article\",\"@id\":\"https:\\\/\\\/cubeconcepts.de\\\/eu-strommarktreform-deutschlands-umsetzung-von-cfd-ppa-eeg\\\/#article\",\"isPartOf\":{\"@id\":\"https:\\\/\\\/cubeconcepts.de\\\/eu-strommarktreform-deutschlands-umsetzung-von-cfd-ppa-eeg\\\/\"},\"author\":{\"name\":\"Guido Steenmans\",\"@id\":\"https:\\\/\\\/cubeconcepts.de\\\/#\\\/schema\\\/person\\\/2c762e4ca1ea252f42f23ab33248856e\"},\"headline\":\"EU-Strommarktreform: Deutschlands Umsetzung von CfD, PPA &amp; EEG\",\"datePublished\":\"2026-03-13T07:18:03+00:00\",\"dateModified\":\"2026-03-17T08:46:17+00:00\",\"mainEntityOfPage\":{\"@id\":\"https:\\\/\\\/cubeconcepts.de\\\/eu-strommarktreform-deutschlands-umsetzung-von-cfd-ppa-eeg\\\/\"},\"wordCount\":1406,\"publisher\":{\"@id\":\"https:\\\/\\\/cubeconcepts.de\\\/#organization\"},\"image\":{\"@id\":\"https:\\\/\\\/cubeconcepts.de\\\/eu-strommarktreform-deutschlands-umsetzung-von-cfd-ppa-eeg\\\/#primaryimage\"},\"thumbnailUrl\":\"https:\\\/\\\/cubeconcepts.de\\\/wp-content\\\/uploads\\\/2026\\\/03\\\/EU-Strommarktreform.jpg\",\"articleSection\":[\"Energiemarkt News\",\"Photovoltaik Themen: Wissenswertes f\u00fcr Energieprojekte\"],\"inLanguage\":\"es\"},{\"@type\":\"WebPage\",\"@id\":\"https:\\\/\\\/cubeconcepts.de\\\/eu-strommarktreform-deutschlands-umsetzung-von-cfd-ppa-eeg\\\/\",\"url\":\"https:\\\/\\\/cubeconcepts.de\\\/eu-strommarktreform-deutschlands-umsetzung-von-cfd-ppa-eeg\\\/\",\"name\":\"EU-Strommarktreform | CUBE CONCEPTS\",\"isPartOf\":{\"@id\":\"https:\\\/\\\/cubeconcepts.de\\\/#website\"},\"primaryImageOfPage\":{\"@id\":\"https:\\\/\\\/cubeconcepts.de\\\/eu-strommarktreform-deutschlands-umsetzung-von-cfd-ppa-eeg\\\/#primaryimage\"},\"image\":{\"@id\":\"https:\\\/\\\/cubeconcepts.de\\\/eu-strommarktreform-deutschlands-umsetzung-von-cfd-ppa-eeg\\\/#primaryimage\"},\"thumbnailUrl\":\"https:\\\/\\\/cubeconcepts.de\\\/wp-content\\\/uploads\\\/2026\\\/03\\\/EU-Strommarktreform.jpg\",\"datePublished\":\"2026-03-13T07:18:03+00:00\",\"dateModified\":\"2026-03-17T08:46:17+00:00\",\"description\":\"Die EU-Strommarktreform 2024 ver\u00e4ndert EEG, PPAs und CfDs \u2013 Umsetzung in Deutschland, Auswirkungen auf Speicher und Erneuerbare erkl\u00e4rt.\",\"breadcrumb\":{\"@id\":\"https:\\\/\\\/cubeconcepts.de\\\/eu-strommarktreform-deutschlands-umsetzung-von-cfd-ppa-eeg\\\/#breadcrumb\"},\"inLanguage\":\"es\",\"potentialAction\":[{\"@type\":\"ReadAction\",\"target\":[\"https:\\\/\\\/cubeconcepts.de\\\/eu-strommarktreform-deutschlands-umsetzung-von-cfd-ppa-eeg\\\/\"]}]},{\"@type\":\"ImageObject\",\"inLanguage\":\"es\",\"@id\":\"https:\\\/\\\/cubeconcepts.de\\\/eu-strommarktreform-deutschlands-umsetzung-von-cfd-ppa-eeg\\\/#primaryimage\",\"url\":\"https:\\\/\\\/cubeconcepts.de\\\/wp-content\\\/uploads\\\/2026\\\/03\\\/EU-Strommarktreform.jpg\",\"contentUrl\":\"https:\\\/\\\/cubeconcepts.de\\\/wp-content\\\/uploads\\\/2026\\\/03\\\/EU-Strommarktreform.jpg\",\"width\":1600,\"height\":1073,\"caption\":\"EU-Strommarktreform\"},{\"@type\":\"BreadcrumbList\",\"@id\":\"https:\\\/\\\/cubeconcepts.de\\\/eu-strommarktreform-deutschlands-umsetzung-von-cfd-ppa-eeg\\\/#breadcrumb\",\"itemListElement\":[{\"@type\":\"ListItem\",\"position\":1,\"name\":\"Startseite\",\"item\":\"https:\\\/\\\/cubeconcepts.de\\\/\"},{\"@type\":\"ListItem\",\"position\":2,\"name\":\"EU-Strommarktreform: Deutschlands Umsetzung von CfD, PPA &amp; EEG\"}]},{\"@type\":\"WebSite\",\"@id\":\"https:\\\/\\\/cubeconcepts.de\\\/#website\",\"url\":\"https:\\\/\\\/cubeconcepts.de\\\/\",\"name\":\"CUBE CONCEPTS\",\"description\":\"Ihr PV-Architekt &amp; Full-Service-Partner f\u00fcr\",\"publisher\":{\"@id\":\"https:\\\/\\\/cubeconcepts.de\\\/#organization\"},\"potentialAction\":[{\"@type\":\"SearchAction\",\"target\":{\"@type\":\"EntryPoint\",\"urlTemplate\":\"https:\\\/\\\/cubeconcepts.de\\\/?s={search_term_string}\"},\"query-input\":{\"@type\":\"PropertyValueSpecification\",\"valueRequired\":true,\"valueName\":\"search_term_string\"}}],\"inLanguage\":\"es\"},{\"@type\":\"Organization\",\"@id\":\"https:\\\/\\\/cubeconcepts.de\\\/#organization\",\"name\":\"CUBE CONCEPTS\",\"url\":\"https:\\\/\\\/cubeconcepts.de\\\/\",\"logo\":{\"@type\":\"ImageObject\",\"inLanguage\":\"es\",\"@id\":\"https:\\\/\\\/cubeconcepts.de\\\/#\\\/schema\\\/logo\\\/image\\\/\",\"url\":\"https:\\\/\\\/cubeconcepts.de\\\/wp-content\\\/uploads\\\/2023\\\/01\\\/CUBE_CONCEPT-Logo.png\",\"contentUrl\":\"https:\\\/\\\/cubeconcepts.de\\\/wp-content\\\/uploads\\\/2023\\\/01\\\/CUBE_CONCEPT-Logo.png\",\"width\":644,\"height\":207,\"caption\":\"CUBE CONCEPTS\"},\"image\":{\"@id\":\"https:\\\/\\\/cubeconcepts.de\\\/#\\\/schema\\\/logo\\\/image\\\/\"}},{\"@type\":\"Person\",\"@id\":\"https:\\\/\\\/cubeconcepts.de\\\/#\\\/schema\\\/person\\\/2c762e4ca1ea252f42f23ab33248856e\",\"name\":\"Guido Steenmans\",\"image\":{\"@type\":\"ImageObject\",\"inLanguage\":\"es\",\"@id\":\"https:\\\/\\\/secure.gravatar.com\\\/avatar\\\/e2e7f154cb43615d2863003e03aa7b5d90c4ec5a78860dc5cf1d71cae0db283f?s=96&d=mm&r=g\",\"url\":\"https:\\\/\\\/secure.gravatar.com\\\/avatar\\\/e2e7f154cb43615d2863003e03aa7b5d90c4ec5a78860dc5cf1d71cae0db283f?s=96&d=mm&r=g\",\"contentUrl\":\"https:\\\/\\\/secure.gravatar.com\\\/avatar\\\/e2e7f154cb43615d2863003e03aa7b5d90c4ec5a78860dc5cf1d71cae0db283f?s=96&d=mm&r=g\",\"caption\":\"Guido Steenmans\"}}]}<\/script>\n<!-- \/ Yoast SEO plugin. -->","yoast_head_json":{"title":"EU-Strommarktreform | CUBE CONCEPTS","description":"Die EU-Strommarktreform 2024 ver\u00e4ndert EEG, PPAs und CfDs \u2013 Umsetzung in Deutschland, Auswirkungen auf Speicher und Erneuerbare erkl\u00e4rt.","robots":{"index":"index","follow":"follow","max-snippet":"max-snippet:-1","max-image-preview":"max-image-preview:large","max-video-preview":"max-video-preview:-1"},"canonical":"https:\/\/cubeconcepts.de\/es\/eu-strommarktreform-deutschlands-umsetzung-von-cfd-ppa-eeg\/","og_locale":"es_ES","og_type":"article","og_title":"EU-Strommarktreform | CUBE CONCEPTS","og_description":"Die EU-Strommarktreform 2024 ver\u00e4ndert EEG, PPAs und CfDs \u2013 Umsetzung in Deutschland, Auswirkungen auf Speicher und Erneuerbare erkl\u00e4rt.","og_url":"https:\/\/cubeconcepts.de\/es\/eu-strommarktreform-deutschlands-umsetzung-von-cfd-ppa-eeg\/","og_site_name":"CUBE CONCEPTS","article_published_time":"2026-03-13T07:18:03+00:00","article_modified_time":"2026-03-17T08:46:17+00:00","og_image":[{"width":1600,"height":1073,"url":"https:\/\/cubeconcepts.de\/wp-content\/uploads\/2026\/03\/EU-Strommarktreform.jpg","type":"image\/jpeg"}],"author":"Guido Steenmans","twitter_card":"summary_large_image","twitter_misc":{"Escrito por":"Guido Steenmans","Tiempo de lectura":"8 minutos"},"schema":{"@context":"https:\/\/schema.org","@graph":[{"@type":"Article","@id":"https:\/\/cubeconcepts.de\/eu-strommarktreform-deutschlands-umsetzung-von-cfd-ppa-eeg\/#article","isPartOf":{"@id":"https:\/\/cubeconcepts.de\/eu-strommarktreform-deutschlands-umsetzung-von-cfd-ppa-eeg\/"},"author":{"name":"Guido Steenmans","@id":"https:\/\/cubeconcepts.de\/#\/schema\/person\/2c762e4ca1ea252f42f23ab33248856e"},"headline":"EU-Strommarktreform: Deutschlands Umsetzung von CfD, PPA &amp; EEG","datePublished":"2026-03-13T07:18:03+00:00","dateModified":"2026-03-17T08:46:17+00:00","mainEntityOfPage":{"@id":"https:\/\/cubeconcepts.de\/eu-strommarktreform-deutschlands-umsetzung-von-cfd-ppa-eeg\/"},"wordCount":1406,"publisher":{"@id":"https:\/\/cubeconcepts.de\/#organization"},"image":{"@id":"https:\/\/cubeconcepts.de\/eu-strommarktreform-deutschlands-umsetzung-von-cfd-ppa-eeg\/#primaryimage"},"thumbnailUrl":"https:\/\/cubeconcepts.de\/wp-content\/uploads\/2026\/03\/EU-Strommarktreform.jpg","articleSection":["Energiemarkt News","Photovoltaik Themen: Wissenswertes f\u00fcr Energieprojekte"],"inLanguage":"es"},{"@type":"WebPage","@id":"https:\/\/cubeconcepts.de\/eu-strommarktreform-deutschlands-umsetzung-von-cfd-ppa-eeg\/","url":"https:\/\/cubeconcepts.de\/eu-strommarktreform-deutschlands-umsetzung-von-cfd-ppa-eeg\/","name":"EU-Strommarktreform | CUBE CONCEPTS","isPartOf":{"@id":"https:\/\/cubeconcepts.de\/#website"},"primaryImageOfPage":{"@id":"https:\/\/cubeconcepts.de\/eu-strommarktreform-deutschlands-umsetzung-von-cfd-ppa-eeg\/#primaryimage"},"image":{"@id":"https:\/\/cubeconcepts.de\/eu-strommarktreform-deutschlands-umsetzung-von-cfd-ppa-eeg\/#primaryimage"},"thumbnailUrl":"https:\/\/cubeconcepts.de\/wp-content\/uploads\/2026\/03\/EU-Strommarktreform.jpg","datePublished":"2026-03-13T07:18:03+00:00","dateModified":"2026-03-17T08:46:17+00:00","description":"Die EU-Strommarktreform 2024 ver\u00e4ndert EEG, PPAs und CfDs \u2013 Umsetzung in Deutschland, Auswirkungen auf Speicher und Erneuerbare erkl\u00e4rt.","breadcrumb":{"@id":"https:\/\/cubeconcepts.de\/eu-strommarktreform-deutschlands-umsetzung-von-cfd-ppa-eeg\/#breadcrumb"},"inLanguage":"es","potentialAction":[{"@type":"ReadAction","target":["https:\/\/cubeconcepts.de\/eu-strommarktreform-deutschlands-umsetzung-von-cfd-ppa-eeg\/"]}]},{"@type":"ImageObject","inLanguage":"es","@id":"https:\/\/cubeconcepts.de\/eu-strommarktreform-deutschlands-umsetzung-von-cfd-ppa-eeg\/#primaryimage","url":"https:\/\/cubeconcepts.de\/wp-content\/uploads\/2026\/03\/EU-Strommarktreform.jpg","contentUrl":"https:\/\/cubeconcepts.de\/wp-content\/uploads\/2026\/03\/EU-Strommarktreform.jpg","width":1600,"height":1073,"caption":"EU-Strommarktreform"},{"@type":"BreadcrumbList","@id":"https:\/\/cubeconcepts.de\/eu-strommarktreform-deutschlands-umsetzung-von-cfd-ppa-eeg\/#breadcrumb","itemListElement":[{"@type":"ListItem","position":1,"name":"Startseite","item":"https:\/\/cubeconcepts.de\/"},{"@type":"ListItem","position":2,"name":"EU-Strommarktreform: Deutschlands Umsetzung von CfD, PPA &amp; EEG"}]},{"@type":"WebSite","@id":"https:\/\/cubeconcepts.de\/#website","url":"https:\/\/cubeconcepts.de\/","name":"CONCEPTOS DE CUBO","description":"Su arquitecto fotovoltaico y socio de servicios integrales para","publisher":{"@id":"https:\/\/cubeconcepts.de\/#organization"},"potentialAction":[{"@type":"SearchAction","target":{"@type":"EntryPoint","urlTemplate":"https:\/\/cubeconcepts.de\/?s={search_term_string}"},"query-input":{"@type":"PropertyValueSpecification","valueRequired":true,"valueName":"search_term_string"}}],"inLanguage":"es"},{"@type":"Organization","@id":"https:\/\/cubeconcepts.de\/#organization","name":"CONCEPTOS DE CUBO","url":"https:\/\/cubeconcepts.de\/","logo":{"@type":"ImageObject","inLanguage":"es","@id":"https:\/\/cubeconcepts.de\/#\/schema\/logo\/image\/","url":"https:\/\/cubeconcepts.de\/wp-content\/uploads\/2023\/01\/CUBE_CONCEPT-Logo.png","contentUrl":"https:\/\/cubeconcepts.de\/wp-content\/uploads\/2023\/01\/CUBE_CONCEPT-Logo.png","width":644,"height":207,"caption":"CUBE CONCEPTS"},"image":{"@id":"https:\/\/cubeconcepts.de\/#\/schema\/logo\/image\/"}},{"@type":"Person","@id":"https:\/\/cubeconcepts.de\/#\/schema\/person\/2c762e4ca1ea252f42f23ab33248856e","name":"Guido Steenmans","image":{"@type":"ImageObject","inLanguage":"es","@id":"https:\/\/secure.gravatar.com\/avatar\/e2e7f154cb43615d2863003e03aa7b5d90c4ec5a78860dc5cf1d71cae0db283f?s=96&d=mm&r=g","url":"https:\/\/secure.gravatar.com\/avatar\/e2e7f154cb43615d2863003e03aa7b5d90c4ec5a78860dc5cf1d71cae0db283f?s=96&d=mm&r=g","contentUrl":"https:\/\/secure.gravatar.com\/avatar\/e2e7f154cb43615d2863003e03aa7b5d90c4ec5a78860dc5cf1d71cae0db283f?s=96&d=mm&r=g","caption":"Guido Steenmans"}}]}},"_links":{"self":[{"href":"https:\/\/cubeconcepts.de\/es\/wp-json\/wp\/v2\/posts\/27356","targetHints":{"allow":["GET"]}}],"collection":[{"href":"https:\/\/cubeconcepts.de\/es\/wp-json\/wp\/v2\/posts"}],"about":[{"href":"https:\/\/cubeconcepts.de\/es\/wp-json\/wp\/v2\/types\/post"}],"author":[{"embeddable":true,"href":"https:\/\/cubeconcepts.de\/es\/wp-json\/wp\/v2\/users\/3"}],"replies":[{"embeddable":true,"href":"https:\/\/cubeconcepts.de\/es\/wp-json\/wp\/v2\/comments?post=27356"}],"version-history":[{"count":0,"href":"https:\/\/cubeconcepts.de\/es\/wp-json\/wp\/v2\/posts\/27356\/revisions"}],"wp:featuredmedia":[{"embeddable":true,"href":"https:\/\/cubeconcepts.de\/es\/wp-json\/wp\/v2\/media\/27358"}],"wp:attachment":[{"href":"https:\/\/cubeconcepts.de\/es\/wp-json\/wp\/v2\/media?parent=27356"}],"wp:term":[{"taxonomy":"category","embeddable":true,"href":"https:\/\/cubeconcepts.de\/es\/wp-json\/wp\/v2\/categories?post=27356"},{"taxonomy":"post_tag","embeddable":true,"href":"https:\/\/cubeconcepts.de\/es\/wp-json\/wp\/v2\/tags?post=27356"}],"curies":[{"name":"wp","href":"https:\/\/api.w.org\/{rel}","templated":true}]}}