{"id":27348,"date":"2026-03-12T11:11:16","date_gmt":"2026-03-12T10:11:16","guid":{"rendered":"https:\/\/cubeconcepts.de\/?p=27348"},"modified":"2026-03-12T11:11:22","modified_gmt":"2026-03-12T10:11:22","slug":"globalstrahlung-2025-platz-vier-seit-messbeginn","status":"publish","type":"post","link":"https:\/\/cubeconcepts.de\/es\/globalstrahlung-2025-platz-vier-seit-messbeginn\/","title":{"rendered":"Globalstrahlung 2025: Platz vier seit Messbeginn"},"content":{"rendered":"<p>Der Deutsche Wetterdienst ver\u00f6ffentlichte Anfang 2026 die Klimadaten inklusive der <strong>Radiaci\u00f3n global <\/strong>f\u00fcr das Jahr <strong>2025<\/strong>. Die mittlere Jahressumme in Deutschland lag bei rund <strong>1.187 kWh\/m\u00b2<\/strong>. Damit geh\u00f6rt 2025 zu den strahlungsreichsten Jahren seit Beginn der systematischen Auswertungen im Jahr 1983 und belegt Platz vier im historischen Vergleich. Gleichzeitig liegt der Wert deutlich \u00fcber dem langj\u00e4hrigen Mittel der Referenzperiode 1991\u20132020.<\/p>\n\n\n\n<p>Besonders die <strong>erste Jahresh\u00e4lfte<\/strong> 2025 trug ma\u00dfgeblich zu diesem Ergebnis bei. Mehrere Monate wiesen \u00fcberdurchschnittliche Strahlungswerte auf und sorgten bereits fr\u00fch im Jahr f\u00fcr eine hohe kumulierte Globalstrahlung.<\/p>\n\n\n\n<figure class=\"wp-block-image size-large\"><img fetchpriority=\"high\" decoding=\"async\" width=\"1024\" height=\"509\" src=\"https:\/\/cubeconcepts.de\/wp-content\/uploads\/2026\/03\/Globalstrahlung-2025-Grafik-1024x509.jpg\" alt=\"\" class=\"wp-image-27349\" srcset=\"https:\/\/cubeconcepts.de\/wp-content\/uploads\/2026\/03\/Globalstrahlung-2025-Grafik-1024x509.jpg 1024w, https:\/\/cubeconcepts.de\/wp-content\/uploads\/2026\/03\/Globalstrahlung-2025-Grafik-300x149.jpg 300w, https:\/\/cubeconcepts.de\/wp-content\/uploads\/2026\/03\/Globalstrahlung-2025-Grafik-768x382.jpg 768w, https:\/\/cubeconcepts.de\/wp-content\/uploads\/2026\/03\/Globalstrahlung-2025-Grafik-18x9.jpg 18w, https:\/\/cubeconcepts.de\/wp-content\/uploads\/2026\/03\/Globalstrahlung-2025-Grafik.jpg 1504w\" sizes=\"(max-width: 1024px) 100vw, 1024px\" \/><\/figure>\n\n\n\n<h2 class=\"wp-block-heading\">Strahlungsreiche Monate im Jahresverlauf 2025<\/h2>\n\n\n\n<p>Das Fr\u00fchjahr 2025 war \u00fcberdurchschnittlich sonnig und besonders hohe Strahlungswerte erreichten <strong>Juni <\/strong>y<strong> August<\/strong>. Mit durchschnittlich 187 kWh\/m\u00b2 lag allein der Juni etwa 13 % \u00fcber dem gemittelten Durchschnitt seit Aufzeichnungsbeginn. Demgegen\u00fcber fielen einzelne Monate wie Mai, Juli und September sowie gegen Jahresende etwas schw\u00e4cher aus. Dennoch konnte die insgesamt sehr strahlungsreiche erste Jahresh\u00e4lfte diese Schwankungen mehr als ausgleichen, sodass die Jahressumme deutlich \u00fcber dem langj\u00e4hrigen Durchschnitt lag. \u00a0<\/p>\n\n\n\n<h2 class=\"wp-block-heading\">Regionale Verteilung der Globalstrahlung 2025<\/h2>\n\n\n\n<p>Die r\u00e4umliche Verteilung der Globalstrahlung folgte im Jahr 2025 weitgehend dem langj\u00e4hrigen klimatologischen Muster in Deutschland. Dabei zeigt sich typischerweise ein deutlicher Gradient mit zunehmenden Strahlungssummen von Nordwest nach S\u00fcdost.<\/p>\n\n\n\n<p>En <strong>geringsten Jahressummen<\/strong> wurden in den n\u00f6rdlichen Bundesl\u00e4ndern und den Mittelgebirgen registriert, insbesondere in Schleswig-Holstein, Mecklenburg-Vorpommern sowie in Teilen Niedersachsens. Dort bewegten sich die Jahreswerte zwischen 1.050 bis 1.150 kWh\/m\u00b2. Ursache hierf\u00fcr ist vor allem eine im Jahresmittel h\u00f6here Bew\u00f6lkung und eine geringere Sonnenscheindauer.<\/p>\n\n\n\n<p>En <strong>h\u00f6chsten Werte<\/strong> gab es in 2025 dagegen in s\u00fcddeutschen Regionen auf. Besonders im Saarland, der Region Rhein-Neckar, dem Breisgau bis zum Bodensee sowie im Bayerischen Wald. Dort erreichte die Globalstrahlung im Jahresschnitt sogar bis zu 1.350 kWh\/m\u00b2. Gerade diese Regionen z\u00e4hlen aufgrund ihrer klimatischen Bedingungen regelm\u00e4\u00dfig zu den strahlungsreichsten Gebieten Deutschlands.<\/p>\n\n\n\n<h2 class=\"wp-block-heading\">Vergleich der strahlungsreichsten Jahre seit Messbeginn<\/h2>\n\n\n\n<p>Mit einer mittleren Jahressumme von 1.187 kWh\/m\u00b2 reiht sich die Globalstrahlung 2025 unter die strahlungsreichsten Jahre seit Beginn der verl\u00e4sslichen Auswertungen ein. Die h\u00f6chsten Werte der letzten Jahrzehnte wurden immer in besonders sonnigen Jahren erreicht.<\/p>\n\n\n\n<figure class=\"wp-block-table\"><table class=\"has-fixed-layout\"><tbody><tr><td><strong>Jahr<\/strong><\/td><td><strong>\u00d8<\/strong> <strong>Globalstrahlung (kWh\/m\u00b2)<\/strong><\/td><td><strong>Einordnung<\/strong><\/td><\/tr><tr><td>2022<\/td><td>1.227<\/td><td>1. Rekordjahr bisher<\/td><\/tr><tr><td>2018<\/td><td>1.207<\/td><td>2. Platz &#8211; au\u00dfergew\u00f6hnlich hoch<\/td><\/tr><tr><td>2003<\/td><td>1.197<\/td><td>3. Platz &#8211; mit Rekordsommer &amp; sehr strahlungsreich<\/td><\/tr><tr><td><strong>2025<\/strong><\/td><td>1.187<\/td><td>4. Platz seit Messbeginn<\/td><\/tr><tr><td>2024<\/td><td>1.113<\/td><td>Im Vergleich zu den 90er Jahren hoch<\/td><\/tr><\/tbody><\/table><\/figure>\n\n\n\n<p>Im Vergleich zum langj\u00e4hrigen Mittel der Referenzperiode <strong>1991\u20132020<\/strong> lag die Globalstrahlung 2025 rund <strong>100 kWh\/m\u00b2 dar\u00fcber<\/strong>. Das best\u00e4tigt den seit mehreren Jahrzehnten beobachteten Trend steigender Strahlungswerte in Deutschland.<\/p>\n\n\n\n<h2 class=\"wp-block-heading\">Globalstrahlung 2025: Sehr gute Bedingungen f\u00fcr PV-Anlagen<\/h2>\n\n\n\n<p>Das Jahr 2025 z\u00e4hlt zu den strahlungsreichsten Jahren seit Beginn der systematischen Messungen und best\u00e4tigt den langfristigen Trend steigender Globalstrahlung in Deutschland. Die au\u00dfergew\u00f6hnlich sonnige erste Jahresh\u00e4lfte legte bereits fr\u00fch die Grundlage f\u00fcr die hohe Jahressumme.<\/p>\n\n\n\n<p>F\u00fcr die Nutzung der Solarenergie stellen solche Jahre besonders g\u00fcnstige Bedingungen dar. Eine hohe Globalstrahlung wirkt sich unmittelbar positiv auf die Stromertr\u00e4ge von Photovoltaikanlagen aus und unterstreicht die Bedeutung der solaren Einstrahlung als zentrale Kenngr\u00f6\u00dfe f\u00fcr die Bewertung des Photovoltaikpotenzials.<\/p>\n\n\n\n<p>Weiterf\u00fchrende Informationen finden Sie auch in unseren Beitr\u00e4gen zu <a href=\"https:\/\/cubeconcepts.de\/es\/globalstrahlung-2024-moderate-werte-trotz-aufwaertstrend\/\">Globalstrahlung 2024<\/a>, <a href=\"https:\/\/cubeconcepts.de\/es\/energy-weather-2023-principales-valores-de-las-energias-renovables\/\">El tiempo en la energ\u00eda 2023<\/a> y <a href=\"https:\/\/cubeconcepts.de\/es\/globalstrahlung-auf-rekordniveau\/\">Globalstrahlung 2022<\/a> sowie zu <a href=\"https:\/\/cubeconcepts.de\/es\/el-rendimiento-pv\/\">PV-Ertrag &amp; Wirtschaftlichkeit<\/a>. <\/p>\n\n\n\n<div style=\"height:100px\" aria-hidden=\"true\" class=\"wp-block-spacer\"><\/div>\n\n\n\n<div class=\"wp-block-buttons is-layout-flex wp-block-buttons-is-layout-flex\">\n<div class=\"wp-block-button\"><a class=\"wp-block-button__link wp-element-button\" href=\"https:\/\/cubeconcepts.de\/es\/news\/uebersicht\/\">Volver a la vista general<\/a><\/div>\n<\/div>\n\n\n\n<p><\/p>","protected":false},"excerpt":{"rendered":"<p>Der Deutsche Wetterdienst ver\u00f6ffentlichte Anfang 2026 die Klimadaten inklusive der Globalstrahlung f\u00fcr das Jahr 2025. Die mittlere Jahressumme in Deutschland lag bei rund 1.187 kWh\/m\u00b2. Damit geh\u00f6rt 2025 zu den strahlungsreichsten Jahren seit Beginn der systematischen Auswertungen im Jahr 1983 und belegt Platz vier im historischen Vergleich. Gleichzeitig liegt der Wert deutlich \u00fcber dem langj\u00e4hrigen [&hellip;]<\/p>\n","protected":false},"author":3,"featured_media":27354,"comment_status":"closed","ping_status":"open","sticky":false,"template":"","format":"standard","meta":{"_acf_changed":false,"footnotes":""},"categories":[7],"tags":[],"class_list":["post-27348","post","type-post","status-publish","format-standard","has-post-thumbnail","hentry","category-solar-news"],"acf":[],"yoast_head":"<!-- This site is optimized with the Yoast SEO plugin v27.4 - https:\/\/yoast.com\/product\/yoast-seo-wordpress\/ -->\n<title>Globalstrahlung 2025: Platz vier seit Messbeginn | CUBE CONCEPTS<\/title>\n<meta name=\"description\" content=\"Die Globalstrahlung 2025 brachte wieder sehr gute Bedingungen f\u00fcr PV-Anlagenbetreiber und hohe PV-Ertr\u00e4ge.\" \/>\n<meta name=\"robots\" content=\"index, follow, max-snippet:-1, max-image-preview:large, max-video-preview:-1\" \/>\n<link rel=\"canonical\" href=\"https:\/\/cubeconcepts.de\/es\/globalstrahlung-2025-platz-vier-seit-messbeginn\/\" \/>\n<meta property=\"og:locale\" content=\"es_ES\" \/>\n<meta property=\"og:type\" content=\"article\" \/>\n<meta property=\"og:title\" content=\"Globalstrahlung 2025: Platz vier seit Messbeginn | CUBE CONCEPTS\" \/>\n<meta property=\"og:description\" content=\"Die Globalstrahlung 2025 brachte wieder sehr gute Bedingungen f\u00fcr PV-Anlagenbetreiber und hohe PV-Ertr\u00e4ge.\" \/>\n<meta property=\"og:url\" content=\"https:\/\/cubeconcepts.de\/es\/globalstrahlung-2025-platz-vier-seit-messbeginn\/\" \/>\n<meta property=\"og:site_name\" content=\"CUBE CONCEPTS\" \/>\n<meta property=\"article:published_time\" content=\"2026-03-12T10:11:16+00:00\" \/>\n<meta property=\"article:modified_time\" content=\"2026-03-12T10:11:22+00:00\" \/>\n<meta property=\"og:image\" content=\"https:\/\/cubeconcepts.de\/wp-content\/uploads\/2026\/03\/Globalstrahlung-2025-Header-scaled.jpg\" \/>\n\t<meta property=\"og:image:width\" content=\"2560\" \/>\n\t<meta property=\"og:image:height\" content=\"1707\" \/>\n\t<meta property=\"og:image:type\" content=\"image\/jpeg\" \/>\n<meta name=\"author\" content=\"Guido Steenmans\" \/>\n<meta name=\"twitter:card\" content=\"summary_large_image\" \/>\n<meta name=\"twitter:label1\" content=\"Escrito por\" \/>\n\t<meta name=\"twitter:data1\" content=\"Guido Steenmans\" \/>\n\t<meta name=\"twitter:label2\" content=\"Tiempo de lectura\" \/>\n\t<meta name=\"twitter:data2\" content=\"4 minutos\" \/>\n<script type=\"application\/ld+json\" class=\"yoast-schema-graph\">{\"@context\":\"https:\\\/\\\/schema.org\",\"@graph\":[{\"@type\":\"Article\",\"@id\":\"https:\\\/\\\/cubeconcepts.de\\\/globalstrahlung-2025-platz-vier-seit-messbeginn\\\/#article\",\"isPartOf\":{\"@id\":\"https:\\\/\\\/cubeconcepts.de\\\/globalstrahlung-2025-platz-vier-seit-messbeginn\\\/\"},\"author\":{\"name\":\"Guido Steenmans\",\"@id\":\"https:\\\/\\\/cubeconcepts.de\\\/#\\\/schema\\\/person\\\/2c762e4ca1ea252f42f23ab33248856e\"},\"headline\":\"Globalstrahlung 2025: Platz vier seit Messbeginn\",\"datePublished\":\"2026-03-12T10:11:16+00:00\",\"dateModified\":\"2026-03-12T10:11:22+00:00\",\"mainEntityOfPage\":{\"@id\":\"https:\\\/\\\/cubeconcepts.de\\\/globalstrahlung-2025-platz-vier-seit-messbeginn\\\/\"},\"wordCount\":526,\"publisher\":{\"@id\":\"https:\\\/\\\/cubeconcepts.de\\\/#organization\"},\"image\":{\"@id\":\"https:\\\/\\\/cubeconcepts.de\\\/globalstrahlung-2025-platz-vier-seit-messbeginn\\\/#primaryimage\"},\"thumbnailUrl\":\"https:\\\/\\\/cubeconcepts.de\\\/wp-content\\\/uploads\\\/2026\\\/03\\\/Globalstrahlung-2025-Header-scaled.jpg\",\"articleSection\":[\"Energiemarkt News\"],\"inLanguage\":\"es\"},{\"@type\":\"WebPage\",\"@id\":\"https:\\\/\\\/cubeconcepts.de\\\/globalstrahlung-2025-platz-vier-seit-messbeginn\\\/\",\"url\":\"https:\\\/\\\/cubeconcepts.de\\\/globalstrahlung-2025-platz-vier-seit-messbeginn\\\/\",\"name\":\"Globalstrahlung 2025: Platz vier seit Messbeginn | CUBE CONCEPTS\",\"isPartOf\":{\"@id\":\"https:\\\/\\\/cubeconcepts.de\\\/#website\"},\"primaryImageOfPage\":{\"@id\":\"https:\\\/\\\/cubeconcepts.de\\\/globalstrahlung-2025-platz-vier-seit-messbeginn\\\/#primaryimage\"},\"image\":{\"@id\":\"https:\\\/\\\/cubeconcepts.de\\\/globalstrahlung-2025-platz-vier-seit-messbeginn\\\/#primaryimage\"},\"thumbnailUrl\":\"https:\\\/\\\/cubeconcepts.de\\\/wp-content\\\/uploads\\\/2026\\\/03\\\/Globalstrahlung-2025-Header-scaled.jpg\",\"datePublished\":\"2026-03-12T10:11:16+00:00\",\"dateModified\":\"2026-03-12T10:11:22+00:00\",\"description\":\"Die Globalstrahlung 2025 brachte wieder sehr gute Bedingungen f\u00fcr PV-Anlagenbetreiber und hohe PV-Ertr\u00e4ge.\",\"breadcrumb\":{\"@id\":\"https:\\\/\\\/cubeconcepts.de\\\/globalstrahlung-2025-platz-vier-seit-messbeginn\\\/#breadcrumb\"},\"inLanguage\":\"es\",\"potentialAction\":[{\"@type\":\"ReadAction\",\"target\":[\"https:\\\/\\\/cubeconcepts.de\\\/globalstrahlung-2025-platz-vier-seit-messbeginn\\\/\"]}]},{\"@type\":\"ImageObject\",\"inLanguage\":\"es\",\"@id\":\"https:\\\/\\\/cubeconcepts.de\\\/globalstrahlung-2025-platz-vier-seit-messbeginn\\\/#primaryimage\",\"url\":\"https:\\\/\\\/cubeconcepts.de\\\/wp-content\\\/uploads\\\/2026\\\/03\\\/Globalstrahlung-2025-Header-scaled.jpg\",\"contentUrl\":\"https:\\\/\\\/cubeconcepts.de\\\/wp-content\\\/uploads\\\/2026\\\/03\\\/Globalstrahlung-2025-Header-scaled.jpg\",\"width\":2560,\"height\":1707,\"caption\":\"Globalstrahlung-2025-Header\"},{\"@type\":\"BreadcrumbList\",\"@id\":\"https:\\\/\\\/cubeconcepts.de\\\/globalstrahlung-2025-platz-vier-seit-messbeginn\\\/#breadcrumb\",\"itemListElement\":[{\"@type\":\"ListItem\",\"position\":1,\"name\":\"Startseite\",\"item\":\"https:\\\/\\\/cubeconcepts.de\\\/\"},{\"@type\":\"ListItem\",\"position\":2,\"name\":\"Globalstrahlung 2025: Platz vier seit Messbeginn\"}]},{\"@type\":\"WebSite\",\"@id\":\"https:\\\/\\\/cubeconcepts.de\\\/#website\",\"url\":\"https:\\\/\\\/cubeconcepts.de\\\/\",\"name\":\"CUBE CONCEPTS\",\"description\":\"Ihr PV-Architekt &amp; Full-Service-Partner f\u00fcr\",\"publisher\":{\"@id\":\"https:\\\/\\\/cubeconcepts.de\\\/#organization\"},\"potentialAction\":[{\"@type\":\"SearchAction\",\"target\":{\"@type\":\"EntryPoint\",\"urlTemplate\":\"https:\\\/\\\/cubeconcepts.de\\\/?s={search_term_string}\"},\"query-input\":{\"@type\":\"PropertyValueSpecification\",\"valueRequired\":true,\"valueName\":\"search_term_string\"}}],\"inLanguage\":\"es\"},{\"@type\":\"Organization\",\"@id\":\"https:\\\/\\\/cubeconcepts.de\\\/#organization\",\"name\":\"CUBE CONCEPTS\",\"url\":\"https:\\\/\\\/cubeconcepts.de\\\/\",\"logo\":{\"@type\":\"ImageObject\",\"inLanguage\":\"es\",\"@id\":\"https:\\\/\\\/cubeconcepts.de\\\/#\\\/schema\\\/logo\\\/image\\\/\",\"url\":\"https:\\\/\\\/cubeconcepts.de\\\/wp-content\\\/uploads\\\/2023\\\/01\\\/CUBE_CONCEPT-Logo.png\",\"contentUrl\":\"https:\\\/\\\/cubeconcepts.de\\\/wp-content\\\/uploads\\\/2023\\\/01\\\/CUBE_CONCEPT-Logo.png\",\"width\":644,\"height\":207,\"caption\":\"CUBE CONCEPTS\"},\"image\":{\"@id\":\"https:\\\/\\\/cubeconcepts.de\\\/#\\\/schema\\\/logo\\\/image\\\/\"}},{\"@type\":\"Person\",\"@id\":\"https:\\\/\\\/cubeconcepts.de\\\/#\\\/schema\\\/person\\\/2c762e4ca1ea252f42f23ab33248856e\",\"name\":\"Guido Steenmans\",\"image\":{\"@type\":\"ImageObject\",\"inLanguage\":\"es\",\"@id\":\"https:\\\/\\\/secure.gravatar.com\\\/avatar\\\/e2e7f154cb43615d2863003e03aa7b5d90c4ec5a78860dc5cf1d71cae0db283f?s=96&d=mm&r=g\",\"url\":\"https:\\\/\\\/secure.gravatar.com\\\/avatar\\\/e2e7f154cb43615d2863003e03aa7b5d90c4ec5a78860dc5cf1d71cae0db283f?s=96&d=mm&r=g\",\"contentUrl\":\"https:\\\/\\\/secure.gravatar.com\\\/avatar\\\/e2e7f154cb43615d2863003e03aa7b5d90c4ec5a78860dc5cf1d71cae0db283f?s=96&d=mm&r=g\",\"caption\":\"Guido Steenmans\"}}]}<\/script>\n<!-- \/ Yoast SEO plugin. -->","yoast_head_json":{"title":"Globalstrahlung 2025: Platz vier seit Messbeginn | CUBE CONCEPTS","description":"Die Globalstrahlung 2025 brachte wieder sehr gute Bedingungen f\u00fcr PV-Anlagenbetreiber und hohe PV-Ertr\u00e4ge.","robots":{"index":"index","follow":"follow","max-snippet":"max-snippet:-1","max-image-preview":"max-image-preview:large","max-video-preview":"max-video-preview:-1"},"canonical":"https:\/\/cubeconcepts.de\/es\/globalstrahlung-2025-platz-vier-seit-messbeginn\/","og_locale":"es_ES","og_type":"article","og_title":"Globalstrahlung 2025: Platz vier seit Messbeginn | CUBE CONCEPTS","og_description":"Die Globalstrahlung 2025 brachte wieder sehr gute Bedingungen f\u00fcr PV-Anlagenbetreiber und hohe PV-Ertr\u00e4ge.","og_url":"https:\/\/cubeconcepts.de\/es\/globalstrahlung-2025-platz-vier-seit-messbeginn\/","og_site_name":"CUBE CONCEPTS","article_published_time":"2026-03-12T10:11:16+00:00","article_modified_time":"2026-03-12T10:11:22+00:00","og_image":[{"width":2560,"height":1707,"url":"https:\/\/cubeconcepts.de\/wp-content\/uploads\/2026\/03\/Globalstrahlung-2025-Header-scaled.jpg","type":"image\/jpeg"}],"author":"Guido Steenmans","twitter_card":"summary_large_image","twitter_misc":{"Escrito por":"Guido Steenmans","Tiempo de lectura":"4 minutos"},"schema":{"@context":"https:\/\/schema.org","@graph":[{"@type":"Article","@id":"https:\/\/cubeconcepts.de\/globalstrahlung-2025-platz-vier-seit-messbeginn\/#article","isPartOf":{"@id":"https:\/\/cubeconcepts.de\/globalstrahlung-2025-platz-vier-seit-messbeginn\/"},"author":{"name":"Guido Steenmans","@id":"https:\/\/cubeconcepts.de\/#\/schema\/person\/2c762e4ca1ea252f42f23ab33248856e"},"headline":"Globalstrahlung 2025: Platz vier seit Messbeginn","datePublished":"2026-03-12T10:11:16+00:00","dateModified":"2026-03-12T10:11:22+00:00","mainEntityOfPage":{"@id":"https:\/\/cubeconcepts.de\/globalstrahlung-2025-platz-vier-seit-messbeginn\/"},"wordCount":526,"publisher":{"@id":"https:\/\/cubeconcepts.de\/#organization"},"image":{"@id":"https:\/\/cubeconcepts.de\/globalstrahlung-2025-platz-vier-seit-messbeginn\/#primaryimage"},"thumbnailUrl":"https:\/\/cubeconcepts.de\/wp-content\/uploads\/2026\/03\/Globalstrahlung-2025-Header-scaled.jpg","articleSection":["Energiemarkt News"],"inLanguage":"es"},{"@type":"WebPage","@id":"https:\/\/cubeconcepts.de\/globalstrahlung-2025-platz-vier-seit-messbeginn\/","url":"https:\/\/cubeconcepts.de\/globalstrahlung-2025-platz-vier-seit-messbeginn\/","name":"Globalstrahlung 2025: Platz vier seit Messbeginn | CUBE CONCEPTS","isPartOf":{"@id":"https:\/\/cubeconcepts.de\/#website"},"primaryImageOfPage":{"@id":"https:\/\/cubeconcepts.de\/globalstrahlung-2025-platz-vier-seit-messbeginn\/#primaryimage"},"image":{"@id":"https:\/\/cubeconcepts.de\/globalstrahlung-2025-platz-vier-seit-messbeginn\/#primaryimage"},"thumbnailUrl":"https:\/\/cubeconcepts.de\/wp-content\/uploads\/2026\/03\/Globalstrahlung-2025-Header-scaled.jpg","datePublished":"2026-03-12T10:11:16+00:00","dateModified":"2026-03-12T10:11:22+00:00","description":"Die Globalstrahlung 2025 brachte wieder sehr gute Bedingungen f\u00fcr PV-Anlagenbetreiber und hohe PV-Ertr\u00e4ge.","breadcrumb":{"@id":"https:\/\/cubeconcepts.de\/globalstrahlung-2025-platz-vier-seit-messbeginn\/#breadcrumb"},"inLanguage":"es","potentialAction":[{"@type":"ReadAction","target":["https:\/\/cubeconcepts.de\/globalstrahlung-2025-platz-vier-seit-messbeginn\/"]}]},{"@type":"ImageObject","inLanguage":"es","@id":"https:\/\/cubeconcepts.de\/globalstrahlung-2025-platz-vier-seit-messbeginn\/#primaryimage","url":"https:\/\/cubeconcepts.de\/wp-content\/uploads\/2026\/03\/Globalstrahlung-2025-Header-scaled.jpg","contentUrl":"https:\/\/cubeconcepts.de\/wp-content\/uploads\/2026\/03\/Globalstrahlung-2025-Header-scaled.jpg","width":2560,"height":1707,"caption":"Globalstrahlung-2025-Header"},{"@type":"BreadcrumbList","@id":"https:\/\/cubeconcepts.de\/globalstrahlung-2025-platz-vier-seit-messbeginn\/#breadcrumb","itemListElement":[{"@type":"ListItem","position":1,"name":"Startseite","item":"https:\/\/cubeconcepts.de\/"},{"@type":"ListItem","position":2,"name":"Globalstrahlung 2025: Platz vier seit Messbeginn"}]},{"@type":"WebSite","@id":"https:\/\/cubeconcepts.de\/#website","url":"https:\/\/cubeconcepts.de\/","name":"CONCEPTOS DE CUBO","description":"Su arquitecto fotovoltaico y socio de servicios integrales para","publisher":{"@id":"https:\/\/cubeconcepts.de\/#organization"},"potentialAction":[{"@type":"SearchAction","target":{"@type":"EntryPoint","urlTemplate":"https:\/\/cubeconcepts.de\/?s={search_term_string}"},"query-input":{"@type":"PropertyValueSpecification","valueRequired":true,"valueName":"search_term_string"}}],"inLanguage":"es"},{"@type":"Organization","@id":"https:\/\/cubeconcepts.de\/#organization","name":"CONCEPTOS DE CUBO","url":"https:\/\/cubeconcepts.de\/","logo":{"@type":"ImageObject","inLanguage":"es","@id":"https:\/\/cubeconcepts.de\/#\/schema\/logo\/image\/","url":"https:\/\/cubeconcepts.de\/wp-content\/uploads\/2023\/01\/CUBE_CONCEPT-Logo.png","contentUrl":"https:\/\/cubeconcepts.de\/wp-content\/uploads\/2023\/01\/CUBE_CONCEPT-Logo.png","width":644,"height":207,"caption":"CUBE CONCEPTS"},"image":{"@id":"https:\/\/cubeconcepts.de\/#\/schema\/logo\/image\/"}},{"@type":"Person","@id":"https:\/\/cubeconcepts.de\/#\/schema\/person\/2c762e4ca1ea252f42f23ab33248856e","name":"Guido Steenmans","image":{"@type":"ImageObject","inLanguage":"es","@id":"https:\/\/secure.gravatar.com\/avatar\/e2e7f154cb43615d2863003e03aa7b5d90c4ec5a78860dc5cf1d71cae0db283f?s=96&d=mm&r=g","url":"https:\/\/secure.gravatar.com\/avatar\/e2e7f154cb43615d2863003e03aa7b5d90c4ec5a78860dc5cf1d71cae0db283f?s=96&d=mm&r=g","contentUrl":"https:\/\/secure.gravatar.com\/avatar\/e2e7f154cb43615d2863003e03aa7b5d90c4ec5a78860dc5cf1d71cae0db283f?s=96&d=mm&r=g","caption":"Guido Steenmans"}}]}},"_links":{"self":[{"href":"https:\/\/cubeconcepts.de\/es\/wp-json\/wp\/v2\/posts\/27348","targetHints":{"allow":["GET"]}}],"collection":[{"href":"https:\/\/cubeconcepts.de\/es\/wp-json\/wp\/v2\/posts"}],"about":[{"href":"https:\/\/cubeconcepts.de\/es\/wp-json\/wp\/v2\/types\/post"}],"author":[{"embeddable":true,"href":"https:\/\/cubeconcepts.de\/es\/wp-json\/wp\/v2\/users\/3"}],"replies":[{"embeddable":true,"href":"https:\/\/cubeconcepts.de\/es\/wp-json\/wp\/v2\/comments?post=27348"}],"version-history":[{"count":0,"href":"https:\/\/cubeconcepts.de\/es\/wp-json\/wp\/v2\/posts\/27348\/revisions"}],"wp:featuredmedia":[{"embeddable":true,"href":"https:\/\/cubeconcepts.de\/es\/wp-json\/wp\/v2\/media\/27354"}],"wp:attachment":[{"href":"https:\/\/cubeconcepts.de\/es\/wp-json\/wp\/v2\/media?parent=27348"}],"wp:term":[{"taxonomy":"category","embeddable":true,"href":"https:\/\/cubeconcepts.de\/es\/wp-json\/wp\/v2\/categories?post=27348"},{"taxonomy":"post_tag","embeddable":true,"href":"https:\/\/cubeconcepts.de\/es\/wp-json\/wp\/v2\/tags?post=27348"}],"curies":[{"name":"wp","href":"https:\/\/api.w.org\/{rel}","templated":true}]}}