{"id":27052,"date":"2026-01-27T09:52:49","date_gmt":"2026-01-27T08:52:49","guid":{"rendered":"https:\/\/cubeconcepts.de\/?p=27052"},"modified":"2026-01-27T09:52:52","modified_gmt":"2026-01-27T08:52:52","slug":"batteriespeicher-im-gewerbe-praxisbeispiel-vom-infoabend-energie-zukunft-2026","status":"publish","type":"post","link":"https:\/\/cubeconcepts.de\/es\/batteriespeicher-im-gewerbe-praxisbeispiel-vom-infoabend-energie-zukunft-2026\/","title":{"rendered":"Batteriespeicher im Gewerbe: Praxisbeispiel vom Infoabend \u201eEnergie &amp; Zukunft 2026\u201c in Coesfeld"},"content":{"rendered":"<p>Der Einsatz von <strong>Batteriespeichern im Gewerbe<\/strong> ist zwischenzeitlich unverzichtbar. Steigende Netzentgelte, neue Lastprofile durch Elektrifizierung und wachsende Anforderungen an Versorgungssicherheit stellen Unternehmen vor strategische Herausforderungen. Wie diese in der Praxis gel\u00f6st werden k\u00f6nnen, zeigte der Infoabend <strong>\u201eEnergie &amp; Zukunft 2026\u201c<\/strong>, der am <strong>22. Januar 2026<\/strong> in der Zentrale der <strong>COEBIZ GmbH<\/strong> in Coesfeld stattfand.<\/p>\n\n\n\n<p>Nach einem stark nachgefragten Termin f\u00fcr Privatkunden und landwirtschaftliche Betriebe richtete sich die zweite Veranstaltung gezielt an <strong>Gewerbe- und Industriekunden<\/strong>. Philipp Erkes und Luca Bermpohl von CUBE CONCEPTS waren als Gastreferenten eingeladen und pr\u00e4sentierte konkrete Anwendungsbeispiele rund um Batteriespeicher, Energiemanagement und integrierte Energiekonzepte.<\/p>\n\n\n\n<h2 class=\"wp-block-heading\">Warum Batteriespeicher im Gewerbe unverzichtbar sind<\/h2>\n\n\n\n<p>Die Diskussionen des Abends machten deutlich, dass sich der Fokus vieler Unternehmen verschiebt: Weg von einzelnen Erzeugungsanlagen, hin zu <strong>ganzheitlichen Energiesystemen<\/strong> con <a href=\"https:\/\/cubeconcepts.de\/es\/productos\/gran-almacenamiento-en-bateria\/\" type=\"page\" id=\"19360\">Almacenamiento en bater\u00eda<\/a> im Gewerbe als Schl\u00fcsselelement. Sie erm\u00f6glichen nicht nur die Zwischenspeicherung von selbst erzeugtem Solarstrom, sondern vor allem die gezielte <a href=\"https:\/\/cubeconcepts.de\/es\/productos\/asignaturas-complementarias\/ahorro-de-picos-de-consumo-cambio-de-carga\/\" type=\"page\" id=\"19502\">Senkung von Lastspitzen<\/a>, die Optimierung von Netzentgelten und die Erh\u00f6hung der betrieblichen Versorgungssicherheit. Gerade vor dem Hintergrund neuer regulatorischer Rahmenbedingungen und steigender Leistungspreise wird <strong>Flexibilit\u00e4t im Strombezug<\/strong> zu einem wirtschaftlichen Erfolgsfaktor.<\/p>\n\n\n\n<h2 class=\"wp-block-heading\">Praxisbeispiel aus der Logistik: Wenn E-Mobilit\u00e4t Lastprofile ver\u00e4ndert<\/h2>\n\n\n\n<p>Im Rahmen unseres Vortrags stellte Philipp Erkes einen realen Use Case aus der Logistikbranche vor. Ausgangspunkt war ein Betrieb mit klar definierten Ladefenstern f\u00fcr <strong>E-LKWs<\/strong> im Zwei-Schicht-Betrieb. Die Analyse zeigte, wie stark sich Lastprofile durch Elektrifizierung ver\u00e4ndern k\u00f6nnen. Die bisherige maximale Leistungsaufnahme von rund <strong>300 kW<\/strong> stieg durch den Ladebedarf auf \u00fcber <strong>1.000 kW<\/strong> an. Ohne Batteriespeicher h\u00e4tte dies erhebliche Auswirkungen auf Leistungspreise und Netzentgelte \u2013 mit potenziellen Mehrkosten im sechsstelligen Bereich pro Jahr. Dies zeigte eindrucksvoll, dass die Elektrifizierung im Gewerbe ein intelligentes Energiesystem erfordert.<\/p>\n\n\n\n<h2 class=\"wp-block-heading\">Contracting-Modelle als wirtschaftliche Alternative zur Eigeninvestition<\/h2>\n\n\n\n<p>Ein weiterer Schwerpunkt unseres Gastvortrages war die Frage nach geeigneten Umsetzungsmodellen. Luca Bermpohl stellte neben klassischen Investitionsl\u00f6sungen insbesondere das <strong><a href=\"https:\/\/cubeconcepts.de\/es\/servicios\/cubo-contratacion\/\" type=\"page\" id=\"168\">Contrataci\u00f3n<\/a>-Modell <\/strong>f\u00fcr Batteriespeicher im Gewerbe vor, was auf gro\u00dfes Interesse stie\u00df. Dadurch sind viele Unternehmen in der Lage, moderne Speicher- und PV-L\u00f6sungen zu nutzen, <strong>ohne eigenes Kapital<\/strong> zu binden. Planbare Energiekosten, reduzierte Risiken und die Auslagerung technischer und regulatorischer Komplexit\u00e4t machen Contracting zu einer strategisch attraktiven Option \u2013 insbesondere f\u00fcr energieintensive Betriebe.<\/p>\n\n\n\n<h2 class=\"wp-block-heading\">Fazit: Batteriespeicher im Gewerbe als strategischer Wettbewerbsfaktor<\/h2>\n\n\n\n<p>Der Infoabend \u201eEnergie &amp; Zukunft 2026\u201c hat deutlich gezeigt, dass Batteriespeicher im Gewerbe l\u00e4ngst mehr sind als eine erg\u00e4nzende Technologie. Sie sind ein zentraler Bestandteil moderner Energiestrategien, um steigende Energiekosten zu begrenzen, neue Lasten sicher zu integrieren und Unternehmen resilient gegen\u00fcber zuk\u00fcnftigen Markt- und Regulierungsentwicklungen aufzustellen.<\/p>\n\n\n\n<p>CUBE CONCEPTS bedankt sich bei der <strong><a href=\"https:\/\/coebiz.com\/\" target=\"_blank\" rel=\"noreferrer noopener\">COEBIZ GmbH<\/a><\/strong> f\u00fcr die Einladung und die vertrauensvolle Zusammenarbeit sowie bei allen Teilnehmenden f\u00fcr den intensiven Austausch und die praxisnahen Diskussionen.<\/p>\n\n\n\n<p><em>Foto v. links: Luca Bermpohl, Philipp Erkes (beide CUBE CONCEPTS), Martin Rosendahl (BESSr GmbH), Henrik Schemmer, Felix Lefering (beide COEBIZ GmbH)<\/em><\/p>\n\n\n\n<div style=\"height:100px\" aria-hidden=\"true\" class=\"wp-block-spacer\"><\/div>\n\n\n\n<div class=\"wp-block-buttons is-layout-flex wp-block-buttons-is-layout-flex\">\n<div class=\"wp-block-button\"><a class=\"wp-block-button__link wp-element-button\" href=\"https:\/\/cubeconcepts.de\/es\/categoria\/cube-concepts-news\/\">Volver a la vista general<\/a><\/div>\n<\/div>\n\n\n\n<p><\/p>","protected":false},"excerpt":{"rendered":"<p>Der Einsatz von Batteriespeichern im Gewerbe ist zwischenzeitlich unverzichtbar. Steigende Netzentgelte, neue Lastprofile durch Elektrifizierung und wachsende Anforderungen an Versorgungssicherheit stellen Unternehmen vor strategische Herausforderungen. Wie diese in der Praxis gel\u00f6st werden k\u00f6nnen, zeigte der Infoabend \u201eEnergie &amp; Zukunft 2026\u201c, der am 22. Januar 2026 in der Zentrale der COEBIZ GmbH in Coesfeld stattfand. Nach [&hellip;]<\/p>\n","protected":false},"author":3,"featured_media":27055,"comment_status":"closed","ping_status":"open","sticky":false,"template":"","format":"standard","meta":{"_acf_changed":false,"footnotes":""},"categories":[21,8],"tags":[],"class_list":["post-27052","post","type-post","status-publish","format-standard","has-post-thumbnail","hentry","category-cube-concepts-news","category-veranstaltungen"],"acf":[],"yoast_head":"<!-- This site is optimized with the Yoast SEO plugin v27.4 - https:\/\/yoast.com\/product\/yoast-seo-wordpress\/ -->\n<title>Batteriespeicher im Gewerbe - Infoabend bei COEBIZ | CUBE CONCEPTS<\/title>\n<meta name=\"description\" content=\"Unser Gastbeitrag Batteriespeicher im Gewerbe auf dem Infoabend \u201eEnergie &amp; Zukunft 2026\u201c bei der COEBIZ GmbH\" \/>\n<meta name=\"robots\" content=\"index, follow, max-snippet:-1, max-image-preview:large, max-video-preview:-1\" \/>\n<link rel=\"canonical\" href=\"https:\/\/cubeconcepts.de\/es\/batteriespeicher-im-gewerbe-praxisbeispiel-vom-infoabend-energie-zukunft-2026\/\" \/>\n<meta property=\"og:locale\" content=\"es_ES\" \/>\n<meta property=\"og:type\" content=\"article\" \/>\n<meta property=\"og:title\" content=\"Batteriespeicher im Gewerbe - Infoabend bei COEBIZ | CUBE CONCEPTS\" \/>\n<meta property=\"og:description\" content=\"Unser Gastbeitrag Batteriespeicher im Gewerbe auf dem Infoabend \u201eEnergie &amp; Zukunft 2026\u201c bei der COEBIZ GmbH\" \/>\n<meta property=\"og:url\" content=\"https:\/\/cubeconcepts.de\/es\/batteriespeicher-im-gewerbe-praxisbeispiel-vom-infoabend-energie-zukunft-2026\/\" \/>\n<meta property=\"og:site_name\" content=\"CUBE CONCEPTS\" \/>\n<meta property=\"article:published_time\" content=\"2026-01-27T08:52:49+00:00\" \/>\n<meta property=\"article:modified_time\" content=\"2026-01-27T08:52:52+00:00\" \/>\n<meta property=\"og:image\" content=\"https:\/\/cubeconcepts.de\/wp-content\/uploads\/2026\/01\/Screenshot-2026-01-27-092653.jpg\" \/>\n\t<meta property=\"og:image:width\" content=\"1712\" \/>\n\t<meta property=\"og:image:height\" content=\"933\" \/>\n\t<meta property=\"og:image:type\" content=\"image\/jpeg\" \/>\n<meta name=\"author\" content=\"Guido Steenmans\" \/>\n<meta name=\"twitter:card\" content=\"summary_large_image\" \/>\n<meta name=\"twitter:label1\" content=\"Escrito por\" \/>\n\t<meta name=\"twitter:data1\" content=\"Guido Steenmans\" \/>\n\t<meta name=\"twitter:label2\" content=\"Tiempo de lectura\" \/>\n\t<meta name=\"twitter:data2\" content=\"3 minutos\" \/>\n<script type=\"application\/ld+json\" class=\"yoast-schema-graph\">{\"@context\":\"https:\\\/\\\/schema.org\",\"@graph\":[{\"@type\":\"Article\",\"@id\":\"https:\\\/\\\/cubeconcepts.de\\\/batteriespeicher-im-gewerbe-praxisbeispiel-vom-infoabend-energie-zukunft-2026\\\/#article\",\"isPartOf\":{\"@id\":\"https:\\\/\\\/cubeconcepts.de\\\/batteriespeicher-im-gewerbe-praxisbeispiel-vom-infoabend-energie-zukunft-2026\\\/\"},\"author\":{\"name\":\"Guido Steenmans\",\"@id\":\"https:\\\/\\\/cubeconcepts.de\\\/#\\\/schema\\\/person\\\/2c762e4ca1ea252f42f23ab33248856e\"},\"headline\":\"Batteriespeicher im Gewerbe: Praxisbeispiel vom Infoabend \u201eEnergie &amp; Zukunft 2026\u201c in Coesfeld\",\"datePublished\":\"2026-01-27T08:52:49+00:00\",\"dateModified\":\"2026-01-27T08:52:52+00:00\",\"mainEntityOfPage\":{\"@id\":\"https:\\\/\\\/cubeconcepts.de\\\/batteriespeicher-im-gewerbe-praxisbeispiel-vom-infoabend-energie-zukunft-2026\\\/\"},\"wordCount\":481,\"publisher\":{\"@id\":\"https:\\\/\\\/cubeconcepts.de\\\/#organization\"},\"image\":{\"@id\":\"https:\\\/\\\/cubeconcepts.de\\\/batteriespeicher-im-gewerbe-praxisbeispiel-vom-infoabend-energie-zukunft-2026\\\/#primaryimage\"},\"thumbnailUrl\":\"https:\\\/\\\/cubeconcepts.de\\\/wp-content\\\/uploads\\\/2026\\\/01\\\/Screenshot-2026-01-27-092653.jpg\",\"articleSection\":[\"CUBE CONCEPTS News: Neueste Infos zum Unternehmen\",\"Veranstaltungen: Messen &amp; Seminare\"],\"inLanguage\":\"es\"},{\"@type\":\"WebPage\",\"@id\":\"https:\\\/\\\/cubeconcepts.de\\\/batteriespeicher-im-gewerbe-praxisbeispiel-vom-infoabend-energie-zukunft-2026\\\/\",\"url\":\"https:\\\/\\\/cubeconcepts.de\\\/batteriespeicher-im-gewerbe-praxisbeispiel-vom-infoabend-energie-zukunft-2026\\\/\",\"name\":\"Batteriespeicher im Gewerbe - Infoabend bei COEBIZ | CUBE CONCEPTS\",\"isPartOf\":{\"@id\":\"https:\\\/\\\/cubeconcepts.de\\\/#website\"},\"primaryImageOfPage\":{\"@id\":\"https:\\\/\\\/cubeconcepts.de\\\/batteriespeicher-im-gewerbe-praxisbeispiel-vom-infoabend-energie-zukunft-2026\\\/#primaryimage\"},\"image\":{\"@id\":\"https:\\\/\\\/cubeconcepts.de\\\/batteriespeicher-im-gewerbe-praxisbeispiel-vom-infoabend-energie-zukunft-2026\\\/#primaryimage\"},\"thumbnailUrl\":\"https:\\\/\\\/cubeconcepts.de\\\/wp-content\\\/uploads\\\/2026\\\/01\\\/Screenshot-2026-01-27-092653.jpg\",\"datePublished\":\"2026-01-27T08:52:49+00:00\",\"dateModified\":\"2026-01-27T08:52:52+00:00\",\"description\":\"Unser Gastbeitrag Batteriespeicher im Gewerbe auf dem Infoabend \u201eEnergie & Zukunft 2026\u201c bei der COEBIZ GmbH\",\"breadcrumb\":{\"@id\":\"https:\\\/\\\/cubeconcepts.de\\\/batteriespeicher-im-gewerbe-praxisbeispiel-vom-infoabend-energie-zukunft-2026\\\/#breadcrumb\"},\"inLanguage\":\"es\",\"potentialAction\":[{\"@type\":\"ReadAction\",\"target\":[\"https:\\\/\\\/cubeconcepts.de\\\/batteriespeicher-im-gewerbe-praxisbeispiel-vom-infoabend-energie-zukunft-2026\\\/\"]}]},{\"@type\":\"ImageObject\",\"inLanguage\":\"es\",\"@id\":\"https:\\\/\\\/cubeconcepts.de\\\/batteriespeicher-im-gewerbe-praxisbeispiel-vom-infoabend-energie-zukunft-2026\\\/#primaryimage\",\"url\":\"https:\\\/\\\/cubeconcepts.de\\\/wp-content\\\/uploads\\\/2026\\\/01\\\/Screenshot-2026-01-27-092653.jpg\",\"contentUrl\":\"https:\\\/\\\/cubeconcepts.de\\\/wp-content\\\/uploads\\\/2026\\\/01\\\/Screenshot-2026-01-27-092653.jpg\",\"width\":1712,\"height\":933,\"caption\":\"Batteriespeicher im Gewerbe - Infoabend COEBIZ\"},{\"@type\":\"BreadcrumbList\",\"@id\":\"https:\\\/\\\/cubeconcepts.de\\\/batteriespeicher-im-gewerbe-praxisbeispiel-vom-infoabend-energie-zukunft-2026\\\/#breadcrumb\",\"itemListElement\":[{\"@type\":\"ListItem\",\"position\":1,\"name\":\"Startseite\",\"item\":\"https:\\\/\\\/cubeconcepts.de\\\/\"},{\"@type\":\"ListItem\",\"position\":2,\"name\":\"Batteriespeicher im Gewerbe: Praxisbeispiel vom Infoabend \u201eEnergie &amp; Zukunft 2026\u201c in Coesfeld\"}]},{\"@type\":\"WebSite\",\"@id\":\"https:\\\/\\\/cubeconcepts.de\\\/#website\",\"url\":\"https:\\\/\\\/cubeconcepts.de\\\/\",\"name\":\"CUBE CONCEPTS\",\"description\":\"Ihr PV-Architekt &amp; Full-Service-Partner f\u00fcr\",\"publisher\":{\"@id\":\"https:\\\/\\\/cubeconcepts.de\\\/#organization\"},\"potentialAction\":[{\"@type\":\"SearchAction\",\"target\":{\"@type\":\"EntryPoint\",\"urlTemplate\":\"https:\\\/\\\/cubeconcepts.de\\\/?s={search_term_string}\"},\"query-input\":{\"@type\":\"PropertyValueSpecification\",\"valueRequired\":true,\"valueName\":\"search_term_string\"}}],\"inLanguage\":\"es\"},{\"@type\":\"Organization\",\"@id\":\"https:\\\/\\\/cubeconcepts.de\\\/#organization\",\"name\":\"CUBE CONCEPTS\",\"url\":\"https:\\\/\\\/cubeconcepts.de\\\/\",\"logo\":{\"@type\":\"ImageObject\",\"inLanguage\":\"es\",\"@id\":\"https:\\\/\\\/cubeconcepts.de\\\/#\\\/schema\\\/logo\\\/image\\\/\",\"url\":\"https:\\\/\\\/cubeconcepts.de\\\/wp-content\\\/uploads\\\/2023\\\/01\\\/CUBE_CONCEPT-Logo.png\",\"contentUrl\":\"https:\\\/\\\/cubeconcepts.de\\\/wp-content\\\/uploads\\\/2023\\\/01\\\/CUBE_CONCEPT-Logo.png\",\"width\":644,\"height\":207,\"caption\":\"CUBE CONCEPTS\"},\"image\":{\"@id\":\"https:\\\/\\\/cubeconcepts.de\\\/#\\\/schema\\\/logo\\\/image\\\/\"}},{\"@type\":\"Person\",\"@id\":\"https:\\\/\\\/cubeconcepts.de\\\/#\\\/schema\\\/person\\\/2c762e4ca1ea252f42f23ab33248856e\",\"name\":\"Guido Steenmans\",\"image\":{\"@type\":\"ImageObject\",\"inLanguage\":\"es\",\"@id\":\"https:\\\/\\\/secure.gravatar.com\\\/avatar\\\/e2e7f154cb43615d2863003e03aa7b5d90c4ec5a78860dc5cf1d71cae0db283f?s=96&d=mm&r=g\",\"url\":\"https:\\\/\\\/secure.gravatar.com\\\/avatar\\\/e2e7f154cb43615d2863003e03aa7b5d90c4ec5a78860dc5cf1d71cae0db283f?s=96&d=mm&r=g\",\"contentUrl\":\"https:\\\/\\\/secure.gravatar.com\\\/avatar\\\/e2e7f154cb43615d2863003e03aa7b5d90c4ec5a78860dc5cf1d71cae0db283f?s=96&d=mm&r=g\",\"caption\":\"Guido Steenmans\"}}]}<\/script>\n<!-- \/ Yoast SEO plugin. -->","yoast_head_json":{"title":"Batteriespeicher im Gewerbe - Infoabend bei COEBIZ | CUBE CONCEPTS","description":"Unser Gastbeitrag Batteriespeicher im Gewerbe auf dem Infoabend \u201eEnergie & Zukunft 2026\u201c bei der COEBIZ GmbH","robots":{"index":"index","follow":"follow","max-snippet":"max-snippet:-1","max-image-preview":"max-image-preview:large","max-video-preview":"max-video-preview:-1"},"canonical":"https:\/\/cubeconcepts.de\/es\/batteriespeicher-im-gewerbe-praxisbeispiel-vom-infoabend-energie-zukunft-2026\/","og_locale":"es_ES","og_type":"article","og_title":"Batteriespeicher im Gewerbe - Infoabend bei COEBIZ | CUBE CONCEPTS","og_description":"Unser Gastbeitrag Batteriespeicher im Gewerbe auf dem Infoabend \u201eEnergie & Zukunft 2026\u201c bei der COEBIZ GmbH","og_url":"https:\/\/cubeconcepts.de\/es\/batteriespeicher-im-gewerbe-praxisbeispiel-vom-infoabend-energie-zukunft-2026\/","og_site_name":"CUBE CONCEPTS","article_published_time":"2026-01-27T08:52:49+00:00","article_modified_time":"2026-01-27T08:52:52+00:00","og_image":[{"width":1712,"height":933,"url":"https:\/\/cubeconcepts.de\/wp-content\/uploads\/2026\/01\/Screenshot-2026-01-27-092653.jpg","type":"image\/jpeg"}],"author":"Guido Steenmans","twitter_card":"summary_large_image","twitter_misc":{"Escrito por":"Guido Steenmans","Tiempo de lectura":"3 minutos"},"schema":{"@context":"https:\/\/schema.org","@graph":[{"@type":"Article","@id":"https:\/\/cubeconcepts.de\/batteriespeicher-im-gewerbe-praxisbeispiel-vom-infoabend-energie-zukunft-2026\/#article","isPartOf":{"@id":"https:\/\/cubeconcepts.de\/batteriespeicher-im-gewerbe-praxisbeispiel-vom-infoabend-energie-zukunft-2026\/"},"author":{"name":"Guido Steenmans","@id":"https:\/\/cubeconcepts.de\/#\/schema\/person\/2c762e4ca1ea252f42f23ab33248856e"},"headline":"Batteriespeicher im Gewerbe: Praxisbeispiel vom Infoabend \u201eEnergie &amp; Zukunft 2026\u201c in Coesfeld","datePublished":"2026-01-27T08:52:49+00:00","dateModified":"2026-01-27T08:52:52+00:00","mainEntityOfPage":{"@id":"https:\/\/cubeconcepts.de\/batteriespeicher-im-gewerbe-praxisbeispiel-vom-infoabend-energie-zukunft-2026\/"},"wordCount":481,"publisher":{"@id":"https:\/\/cubeconcepts.de\/#organization"},"image":{"@id":"https:\/\/cubeconcepts.de\/batteriespeicher-im-gewerbe-praxisbeispiel-vom-infoabend-energie-zukunft-2026\/#primaryimage"},"thumbnailUrl":"https:\/\/cubeconcepts.de\/wp-content\/uploads\/2026\/01\/Screenshot-2026-01-27-092653.jpg","articleSection":["CUBE CONCEPTS News: Neueste Infos zum Unternehmen","Veranstaltungen: Messen &amp; Seminare"],"inLanguage":"es"},{"@type":"WebPage","@id":"https:\/\/cubeconcepts.de\/batteriespeicher-im-gewerbe-praxisbeispiel-vom-infoabend-energie-zukunft-2026\/","url":"https:\/\/cubeconcepts.de\/batteriespeicher-im-gewerbe-praxisbeispiel-vom-infoabend-energie-zukunft-2026\/","name":"Batteriespeicher im Gewerbe - Infoabend bei COEBIZ | CUBE CONCEPTS","isPartOf":{"@id":"https:\/\/cubeconcepts.de\/#website"},"primaryImageOfPage":{"@id":"https:\/\/cubeconcepts.de\/batteriespeicher-im-gewerbe-praxisbeispiel-vom-infoabend-energie-zukunft-2026\/#primaryimage"},"image":{"@id":"https:\/\/cubeconcepts.de\/batteriespeicher-im-gewerbe-praxisbeispiel-vom-infoabend-energie-zukunft-2026\/#primaryimage"},"thumbnailUrl":"https:\/\/cubeconcepts.de\/wp-content\/uploads\/2026\/01\/Screenshot-2026-01-27-092653.jpg","datePublished":"2026-01-27T08:52:49+00:00","dateModified":"2026-01-27T08:52:52+00:00","description":"Unser Gastbeitrag Batteriespeicher im Gewerbe auf dem Infoabend \u201eEnergie & Zukunft 2026\u201c bei der COEBIZ GmbH","breadcrumb":{"@id":"https:\/\/cubeconcepts.de\/batteriespeicher-im-gewerbe-praxisbeispiel-vom-infoabend-energie-zukunft-2026\/#breadcrumb"},"inLanguage":"es","potentialAction":[{"@type":"ReadAction","target":["https:\/\/cubeconcepts.de\/batteriespeicher-im-gewerbe-praxisbeispiel-vom-infoabend-energie-zukunft-2026\/"]}]},{"@type":"ImageObject","inLanguage":"es","@id":"https:\/\/cubeconcepts.de\/batteriespeicher-im-gewerbe-praxisbeispiel-vom-infoabend-energie-zukunft-2026\/#primaryimage","url":"https:\/\/cubeconcepts.de\/wp-content\/uploads\/2026\/01\/Screenshot-2026-01-27-092653.jpg","contentUrl":"https:\/\/cubeconcepts.de\/wp-content\/uploads\/2026\/01\/Screenshot-2026-01-27-092653.jpg","width":1712,"height":933,"caption":"Batteriespeicher im Gewerbe - Infoabend COEBIZ"},{"@type":"BreadcrumbList","@id":"https:\/\/cubeconcepts.de\/batteriespeicher-im-gewerbe-praxisbeispiel-vom-infoabend-energie-zukunft-2026\/#breadcrumb","itemListElement":[{"@type":"ListItem","position":1,"name":"Startseite","item":"https:\/\/cubeconcepts.de\/"},{"@type":"ListItem","position":2,"name":"Batteriespeicher im Gewerbe: Praxisbeispiel vom Infoabend \u201eEnergie &amp; Zukunft 2026\u201c in Coesfeld"}]},{"@type":"WebSite","@id":"https:\/\/cubeconcepts.de\/#website","url":"https:\/\/cubeconcepts.de\/","name":"CONCEPTOS DE CUBO","description":"Su arquitecto fotovoltaico y socio de servicios integrales para","publisher":{"@id":"https:\/\/cubeconcepts.de\/#organization"},"potentialAction":[{"@type":"SearchAction","target":{"@type":"EntryPoint","urlTemplate":"https:\/\/cubeconcepts.de\/?s={search_term_string}"},"query-input":{"@type":"PropertyValueSpecification","valueRequired":true,"valueName":"search_term_string"}}],"inLanguage":"es"},{"@type":"Organization","@id":"https:\/\/cubeconcepts.de\/#organization","name":"CONCEPTOS DE CUBO","url":"https:\/\/cubeconcepts.de\/","logo":{"@type":"ImageObject","inLanguage":"es","@id":"https:\/\/cubeconcepts.de\/#\/schema\/logo\/image\/","url":"https:\/\/cubeconcepts.de\/wp-content\/uploads\/2023\/01\/CUBE_CONCEPT-Logo.png","contentUrl":"https:\/\/cubeconcepts.de\/wp-content\/uploads\/2023\/01\/CUBE_CONCEPT-Logo.png","width":644,"height":207,"caption":"CUBE CONCEPTS"},"image":{"@id":"https:\/\/cubeconcepts.de\/#\/schema\/logo\/image\/"}},{"@type":"Person","@id":"https:\/\/cubeconcepts.de\/#\/schema\/person\/2c762e4ca1ea252f42f23ab33248856e","name":"Guido Steenmans","image":{"@type":"ImageObject","inLanguage":"es","@id":"https:\/\/secure.gravatar.com\/avatar\/e2e7f154cb43615d2863003e03aa7b5d90c4ec5a78860dc5cf1d71cae0db283f?s=96&d=mm&r=g","url":"https:\/\/secure.gravatar.com\/avatar\/e2e7f154cb43615d2863003e03aa7b5d90c4ec5a78860dc5cf1d71cae0db283f?s=96&d=mm&r=g","contentUrl":"https:\/\/secure.gravatar.com\/avatar\/e2e7f154cb43615d2863003e03aa7b5d90c4ec5a78860dc5cf1d71cae0db283f?s=96&d=mm&r=g","caption":"Guido Steenmans"}}]}},"_links":{"self":[{"href":"https:\/\/cubeconcepts.de\/es\/wp-json\/wp\/v2\/posts\/27052","targetHints":{"allow":["GET"]}}],"collection":[{"href":"https:\/\/cubeconcepts.de\/es\/wp-json\/wp\/v2\/posts"}],"about":[{"href":"https:\/\/cubeconcepts.de\/es\/wp-json\/wp\/v2\/types\/post"}],"author":[{"embeddable":true,"href":"https:\/\/cubeconcepts.de\/es\/wp-json\/wp\/v2\/users\/3"}],"replies":[{"embeddable":true,"href":"https:\/\/cubeconcepts.de\/es\/wp-json\/wp\/v2\/comments?post=27052"}],"version-history":[{"count":0,"href":"https:\/\/cubeconcepts.de\/es\/wp-json\/wp\/v2\/posts\/27052\/revisions"}],"wp:featuredmedia":[{"embeddable":true,"href":"https:\/\/cubeconcepts.de\/es\/wp-json\/wp\/v2\/media\/27055"}],"wp:attachment":[{"href":"https:\/\/cubeconcepts.de\/es\/wp-json\/wp\/v2\/media?parent=27052"}],"wp:term":[{"taxonomy":"category","embeddable":true,"href":"https:\/\/cubeconcepts.de\/es\/wp-json\/wp\/v2\/categories?post=27052"},{"taxonomy":"post_tag","embeddable":true,"href":"https:\/\/cubeconcepts.de\/es\/wp-json\/wp\/v2\/tags?post=27052"}],"curies":[{"name":"wp","href":"https:\/\/api.w.org\/{rel}","templated":true}]}}