{"id":24388,"date":"2025-08-25T15:54:01","date_gmt":"2025-08-25T13:54:01","guid":{"rendered":"https:\/\/cubeconcepts.de\/?p=24388"},"modified":"2026-06-12T07:07:22","modified_gmt":"2026-06-12T05:07:22","slug":"paquete-solar-en-puntos-criticos-continua-bloqueado","status":"publish","type":"post","link":"https:\/\/cubeconcepts.de\/es\/solarpaket-i-kritische-punkte-weiterhin-blockiert\/","title":{"rendered":"Paquete Solar I: Puntos cr\u00edticos a\u00fan bloqueados"},"content":{"rendered":"<p class=\"wp-block-paragraph\">Con el <strong><a href=\"https:\/\/cubeconcepts.de\/solarpaket-i-neue-impulse-fuer-die-energiewende\/\">Paquete solar I<\/a><\/strong> En mayo de 2024, la entonces coalici\u00f3n sem\u00e1foro en Alemania aprob\u00f3 una de las reformas m\u00e1s completas de la Ley de Energ\u00edas Renovables (EEG) hasta la fecha. El objetivo era acelerar significativamente el despliegue de la energ\u00eda fotovoltaica y eliminar los obst\u00e1culos existentes. La ley abord\u00f3 un amplio espectro: desde plantas de energ\u00eda solar de balc\u00f3n y electricidad para inquilinos, hasta instalaciones de tejado m\u00e1s grandes y proyectos de energ\u00eda a gran escala. Si bien algunas simplificaciones entraron en vigor de inmediato, otras <strong>Elementos de financiaci\u00f3n principales<\/strong> sujeto a la reserva de <strong>autorizaci\u00f3n de ayudas estatales<\/strong> por la Comisi\u00f3n Europea.<\/p>\n\n\n\n<h2 class=\"wp-block-heading\">Regulaciones y facilidades ya existentes seg\u00fan el Paquete Solar I<\/h2>\n\n\n\n<p class=\"wp-block-paragraph\">Las medidas individuales del paquete solar ya est\u00e1n en vigor desde mayo de 2024 y aportan principalmente para <strong>Peque\u00f1as plantas fotovoltaicas<\/strong> Alivios<\/p>\n\n\n\n<ul class=\"wp-block-list\">\n<li><strong>Plantas en balcones<\/strong> pueden funcionar ahora con hasta 800 W. Ya no es necesario registrarse ante el operador de la red; basta con registrarse en el registro de datos del mercado.<\/li>\n\n\n\n<li><strong>Solicitudes de conexi\u00f3n a la red<\/strong> fueron acelerados: para las instancias <strong>hasta 30 kWp<\/strong> se aplica un plazo de cuatro semanas, tras cuya expiraci\u00f3n la conexi\u00f3n se considerar\u00e1 aprobada.<\/li>\n\n\n\n<li><strong><a href=\"https:\/\/cubeconcepts.de\/repowering-von-pv-anlagen\/\">Repotenciaci\u00f3n<\/a> de instalaciones en el tejado<\/strong> fue fundamentalmente posible, siempre que no se produzca un aumento adicional de la remuneraci\u00f3n.<\/li>\n<\/ul>\n\n\n\n<h2 class=\"wp-block-heading\">La aprobaci\u00f3n pendiente de ayuda estatal por parte de la UE bloquea puntos cr\u00edticos<\/h2>\n\n\n\n<p class=\"wp-block-paragraph\">La Comisi\u00f3n de la UE hasta ahora <strong>sin permiso<\/strong> para los elementos de financiaci\u00f3n clave del paquete solar I. Los afectados son principalmente:<\/p>\n\n\n\n<ul class=\"wp-block-list\">\n<li>el <strong>Aumento de la tarifa de inyecci\u00f3n<\/strong> um 1,5 ct\/kWh para instalaciones a partir de 40 kW,<\/li>\n\n\n\n<li>el <strong>Expansi\u00f3n del tama\u00f1o m\u00e1ximo de la oferta<\/strong> en instalaciones fotovoltaicas de 20 MW a 50 MW,<\/li>\n\n\n\n<li>el <strong>tarifa de alimentaci\u00f3n elevada<\/strong> para agrovoltaicos, de aparcamiento, de pantanos y de tejado comercial,<\/li>\n\n\n\n<li>formulaciones exactas de las disposiciones para el <strong>Repotenciaci\u00f3n<\/strong> proyectos m\u00e1s grandes <strong>con aumento de sueldo<\/strong>,<\/li>\n\n\n\n<li>normativas simplificadas para <strong><a href=\"https:\/\/cubeconcepts.de\/kundenanlagen-mieterstrom-nach-eugh-und-bgh-urteil-unter-druck\/\">Instalaciones del cliente y corriente para inquilinos<\/a>. <\/strong>El privilegio de las instalaciones de clientes, seg\u00fan el \u00a7 3, n\u00famero 24a de la Ley de Energ\u00eda alemana (EnWG), sigue siendo un obst\u00e1culo para \u00e9l en Alemania.<\/li>\n<\/ul>\n\n\n\n<p class=\"wp-block-paragraph\"><\/p>\n\n\n\n<p class=\"wp-block-paragraph\">En muchos de estos puntos pendientes, la exigencia de la Comisi\u00f3n de introducir un mecanismo de recuperaci\u00f3n, por ejemplo, en forma de <strong>Contratos por Diferencia (CFD) <\/strong>en camino. Esto est\u00e1 dise\u00f1ado para absorber los ingresos inesperados en fases de precios altos. Dado que Alemania a\u00fan no ha implementado este mecanismo, la aprobaci\u00f3n se retrasa considerablemente.<\/p>\n\n\n\n<h2 class=\"wp-block-heading\">Impactos y reacci\u00f3n del mercado de los puntos bloqueados del Paquete Solar I<\/h2>\n\n\n\n<p class=\"wp-block-paragraph\">El bloqueo en la aprobaci\u00f3n de la UE genera una considerable incertidumbre en el sector, a pesar de que el procedimiento legislativo en curso de la EnWG ya incluye mejoras.<\/p>\n\n\n\n<ul class=\"wp-block-list\">\n<li>Los operadores e inversores no pueden acogerse a subsidios centrales, ya que la antigua regulaci\u00f3n de la EEG de 2023 sigue siendo v\u00e1lida hasta nuevo aviso.<\/li>\n\n\n\n<li>Muchos proyectos, especialmente en el \u00e1rea de Agri-PV, est\u00e1n paralizados o no est\u00e1n conectados a la red a pesar de estar terminados, ya que los c\u00e1lculos no son viables sin las nuevas tarifas de remuneraci\u00f3n.<\/li>\n\n\n\n<li>Los planificadores se enfrentan a un doble riesgo: retrasos en la implementaci\u00f3n y falta de claridad sobre si las mayores remuneraciones previstas se aplicar\u00e1n retroactivamente.<\/li>\n<\/ul>\n\n\n\n<p class=\"wp-block-paragraph\"><\/p>\n\n\n\n<p class=\"wp-block-paragraph\">En c\u00edrculos del sector ahora se habla de una \u201esituaci\u00f3n de limbo\u201c que podr\u00eda frenar masivamente la expansi\u00f3n fotovoltaica prevista.<\/p>\n\n\n\n<h2 class=\"wp-block-heading\">Perspectiva y Conclusi\u00f3n<\/h2>\n\n\n\n<p class=\"wp-block-paragraph\">No existe un calendario vinculante para la aprobaci\u00f3n de ayudas estatales por parte de la UE. Las conversaciones entre el gobierno federal y la Comisi\u00f3n est\u00e1n siendo lentas, y cada vez es m\u00e1s posible que fracasen. Si la UE insistiera en un mecanismo de Contrato por Diferencia (CfD), ser\u00eda necesaria una nueva modificaci\u00f3n legislativa.<\/p>\n\n\n\n<p class=\"wp-block-paragraph\">Con esto, el paquete solar I se encuentra entre la pretensi\u00f3n y la realidad: si bien ya se aplican algunas peque\u00f1as simplificaciones, el <strong>incentivos financieros centrales bloqueados<\/strong>. Esto significa incertidumbre en la planificaci\u00f3n, inversiones aplazadas y el riesgo de que proyectos muy necesarios no se puedan implementar a tiempo para el despliegue de la energ\u00eda fotovoltaica en Alemania.<\/p>\n\n\n\n<p class=\"wp-block-paragraph\"><\/p>","protected":false},"excerpt":{"rendered":"<p>Aunque el Paquete Solar I ofrece facilidades para las plantas fotovoltaicas de balc\u00f3n desde 2024, la Comisi\u00f3n Europea bloquea subsidios clave para la energ\u00eda solar comercial y agr\u00edcola. La raz\u00f3n es la disputa sobre los mecanismos de recuperaci\u00f3n (CfDs), sin los cuales las tarifas de remuneraci\u00f3n m\u00e1s altas y los tama\u00f1os de oferta (hasta 50 MW) no pueden entrar en vigor por el momento.<\/p>","protected":false},"author":3,"featured_media":24390,"comment_status":"closed","ping_status":"open","sticky":false,"template":"","format":"standard","meta":{"_acf_changed":false,"footnotes":""},"categories":[7,60],"tags":[],"class_list":["post-24388","post","type-post","status-publish","format-standard","has-post-thumbnail","hentry","category-solar-news","category-regulatorik-esg"],"acf":[],"yoast_head":"<!-- This site is optimized with the Yoast SEO plugin v28.4 - https:\/\/yoast.com\/product\/yoast-seo-wordpress\/ -->\n<title>Solarpaket I: Kritische Punkte weiterhin blockiert | CUBE CONCEPTS<\/title>\n<meta name=\"description\" content=\"Obwohl das Solarpaket I bereits 2024 verabschiedet wurde, blockiert die EU-Kommission einige kritischen Punkte.\" \/>\n<meta name=\"robots\" content=\"index, follow, max-snippet:-1, max-image-preview:large, max-video-preview:-1\" \/>\n<link rel=\"canonical\" href=\"https:\/\/cubeconcepts.de\/es\/paquete-solar-en-puntos-criticos-continua-bloqueado\/\" \/>\n<meta property=\"og:locale\" content=\"es_ES\" \/>\n<meta property=\"og:type\" content=\"article\" \/>\n<meta property=\"og:title\" content=\"Solarpaket I: Kritische Punkte weiterhin blockiert | CUBE CONCEPTS\" \/>\n<meta property=\"og:description\" content=\"Obwohl das Solarpaket I bereits 2024 verabschiedet wurde, blockiert die EU-Kommission einige kritischen Punkte.\" \/>\n<meta property=\"og:url\" content=\"https:\/\/cubeconcepts.de\/es\/paquete-solar-en-puntos-criticos-continua-bloqueado\/\" \/>\n<meta property=\"og:site_name\" content=\"CUBE CONCEPTS\" \/>\n<meta property=\"article:published_time\" content=\"2025-08-25T13:54:01+00:00\" \/>\n<meta property=\"article:modified_time\" content=\"2026-06-12T05:07:22+00:00\" \/>\n<meta property=\"og:image\" content=\"https:\/\/cubeconcepts.de\/wp-content\/uploads\/2025\/08\/Solarpaket-1-kritische-Punkte-blockiert.jpg\" \/>\n\t<meta property=\"og:image:width\" content=\"1920\" \/>\n\t<meta property=\"og:image:height\" content=\"1080\" \/>\n\t<meta property=\"og:image:type\" content=\"image\/jpeg\" \/>\n<meta name=\"author\" content=\"Guido Steenmans\" \/>\n<meta name=\"twitter:card\" content=\"summary_large_image\" \/>\n<meta name=\"twitter:label1\" content=\"Escrito por\" \/>\n\t<meta name=\"twitter:data1\" content=\"Guido Steenmans\" \/>\n\t<meta name=\"twitter:label2\" content=\"Tiempo de lectura\" \/>\n\t<meta name=\"twitter:data2\" content=\"3 minutos\" \/>\n<script type=\"application\/ld+json\" class=\"yoast-schema-graph\">{\"@context\":\"https:\\\/\\\/schema.org\",\"@graph\":[{\"@type\":\"Article\",\"@id\":\"https:\\\/\\\/cubeconcepts.de\\\/solarpaket-i-kritische-punkte-weiterhin-blockiert\\\/#article\",\"isPartOf\":{\"@id\":\"https:\\\/\\\/cubeconcepts.de\\\/solarpaket-i-kritische-punkte-weiterhin-blockiert\\\/\"},\"author\":{\"name\":\"Guido Steenmans\",\"@id\":\"https:\\\/\\\/cubeconcepts.de\\\/fr\\\/#\\\/schema\\\/person\\\/2c762e4ca1ea252f42f23ab33248856e\"},\"headline\":\"Solarpaket I: Kritische Punkte weiterhin blockiert\",\"datePublished\":\"2025-08-25T13:54:01+00:00\",\"dateModified\":\"2026-06-12T05:07:22+00:00\",\"mainEntityOfPage\":{\"@id\":\"https:\\\/\\\/cubeconcepts.de\\\/solarpaket-i-kritische-punkte-weiterhin-blockiert\\\/\"},\"wordCount\":551,\"publisher\":{\"@id\":\"https:\\\/\\\/cubeconcepts.de\\\/fr\\\/#organization\"},\"image\":{\"@id\":\"https:\\\/\\\/cubeconcepts.de\\\/solarpaket-i-kritische-punkte-weiterhin-blockiert\\\/#primaryimage\"},\"thumbnailUrl\":\"https:\\\/\\\/cubeconcepts.de\\\/wp-content\\\/uploads\\\/2025\\\/08\\\/Solarpaket-1-kritische-Punkte-blockiert.jpg\",\"articleSection\":[\"Energiemarkt News\",\"Regulatorik &amp; ESG\"],\"inLanguage\":\"es\"},{\"@type\":\"WebPage\",\"@id\":\"https:\\\/\\\/cubeconcepts.de\\\/solarpaket-i-kritische-punkte-weiterhin-blockiert\\\/\",\"url\":\"https:\\\/\\\/cubeconcepts.de\\\/solarpaket-i-kritische-punkte-weiterhin-blockiert\\\/\",\"name\":\"Solarpaket I: Kritische Punkte weiterhin blockiert | CUBE CONCEPTS\",\"isPartOf\":{\"@id\":\"https:\\\/\\\/cubeconcepts.de\\\/fr\\\/#website\"},\"primaryImageOfPage\":{\"@id\":\"https:\\\/\\\/cubeconcepts.de\\\/solarpaket-i-kritische-punkte-weiterhin-blockiert\\\/#primaryimage\"},\"image\":{\"@id\":\"https:\\\/\\\/cubeconcepts.de\\\/solarpaket-i-kritische-punkte-weiterhin-blockiert\\\/#primaryimage\"},\"thumbnailUrl\":\"https:\\\/\\\/cubeconcepts.de\\\/wp-content\\\/uploads\\\/2025\\\/08\\\/Solarpaket-1-kritische-Punkte-blockiert.jpg\",\"datePublished\":\"2025-08-25T13:54:01+00:00\",\"dateModified\":\"2026-06-12T05:07:22+00:00\",\"description\":\"Obwohl das Solarpaket I bereits 2024 verabschiedet wurde, blockiert die EU-Kommission einige kritischen Punkte.\",\"breadcrumb\":{\"@id\":\"https:\\\/\\\/cubeconcepts.de\\\/solarpaket-i-kritische-punkte-weiterhin-blockiert\\\/#breadcrumb\"},\"inLanguage\":\"es\",\"potentialAction\":[{\"@type\":\"ReadAction\",\"target\":[\"https:\\\/\\\/cubeconcepts.de\\\/solarpaket-i-kritische-punkte-weiterhin-blockiert\\\/\"]}]},{\"@type\":\"ImageObject\",\"inLanguage\":\"es\",\"@id\":\"https:\\\/\\\/cubeconcepts.de\\\/solarpaket-i-kritische-punkte-weiterhin-blockiert\\\/#primaryimage\",\"url\":\"https:\\\/\\\/cubeconcepts.de\\\/wp-content\\\/uploads\\\/2025\\\/08\\\/Solarpaket-1-kritische-Punkte-blockiert.jpg\",\"contentUrl\":\"https:\\\/\\\/cubeconcepts.de\\\/wp-content\\\/uploads\\\/2025\\\/08\\\/Solarpaket-1-kritische-Punkte-blockiert.jpg\",\"width\":1920,\"height\":1080,\"caption\":\"Solarpaket-1-kritische-Punkte-blockiert\"},{\"@type\":\"BreadcrumbList\",\"@id\":\"https:\\\/\\\/cubeconcepts.de\\\/solarpaket-i-kritische-punkte-weiterhin-blockiert\\\/#breadcrumb\",\"itemListElement\":[{\"@type\":\"ListItem\",\"position\":1,\"name\":\"Startseite\",\"item\":\"https:\\\/\\\/cubeconcepts.de\\\/\"},{\"@type\":\"ListItem\",\"position\":2,\"name\":\"Solarpaket I: Kritische Punkte weiterhin blockiert\"}]},{\"@type\":\"WebSite\",\"@id\":\"https:\\\/\\\/cubeconcepts.de\\\/fr\\\/#website\",\"url\":\"https:\\\/\\\/cubeconcepts.de\\\/fr\\\/\",\"name\":\"CUBE CONCEPTS\",\"description\":\"Energiesysteme f\u00fcr Unternehmen\",\"publisher\":{\"@id\":\"https:\\\/\\\/cubeconcepts.de\\\/fr\\\/#organization\"},\"potentialAction\":[{\"@type\":\"SearchAction\",\"target\":{\"@type\":\"EntryPoint\",\"urlTemplate\":\"https:\\\/\\\/cubeconcepts.de\\\/fr\\\/?s={search_term_string}\"},\"query-input\":{\"@type\":\"PropertyValueSpecification\",\"valueRequired\":true,\"valueName\":\"search_term_string\"}}],\"inLanguage\":\"es\"},{\"@type\":\"Organization\",\"@id\":\"https:\\\/\\\/cubeconcepts.de\\\/fr\\\/#organization\",\"name\":\"CUBE CONCEPTS\",\"url\":\"https:\\\/\\\/cubeconcepts.de\\\/fr\\\/\",\"logo\":{\"@type\":\"ImageObject\",\"inLanguage\":\"es\",\"@id\":\"https:\\\/\\\/cubeconcepts.de\\\/fr\\\/#\\\/schema\\\/logo\\\/image\\\/\",\"url\":\"https:\\\/\\\/cubeconcepts.de\\\/wp-content\\\/uploads\\\/2023\\\/01\\\/CUBE_CONCEPT-Logo.png\",\"contentUrl\":\"https:\\\/\\\/cubeconcepts.de\\\/wp-content\\\/uploads\\\/2023\\\/01\\\/CUBE_CONCEPT-Logo.png\",\"width\":644,\"height\":207,\"caption\":\"CUBE CONCEPTS\"},\"image\":{\"@id\":\"https:\\\/\\\/cubeconcepts.de\\\/fr\\\/#\\\/schema\\\/logo\\\/image\\\/\"}},{\"@type\":\"Person\",\"@id\":\"https:\\\/\\\/cubeconcepts.de\\\/fr\\\/#\\\/schema\\\/person\\\/2c762e4ca1ea252f42f23ab33248856e\",\"name\":\"Guido Steenmans\",\"image\":{\"@type\":\"ImageObject\",\"inLanguage\":\"es\",\"@id\":\"https:\\\/\\\/cubeconcepts.de\\\/wp-content\\\/uploads\\\/2025\\\/11\\\/cropped-Guido-Steenmanns-hoch-scaled-1-96x96.jpg\",\"url\":\"https:\\\/\\\/cubeconcepts.de\\\/wp-content\\\/uploads\\\/2025\\\/11\\\/cropped-Guido-Steenmanns-hoch-scaled-1-96x96.jpg\",\"contentUrl\":\"https:\\\/\\\/cubeconcepts.de\\\/wp-content\\\/uploads\\\/2025\\\/11\\\/cropped-Guido-Steenmanns-hoch-scaled-1-96x96.jpg\",\"caption\":\"Guido Steenmans\"}}]}<\/script>\n<!-- \/ Yoast SEO plugin. -->","yoast_head_json":{"title":"Paquete Solar I: Puntos cr\u00edticos siguen bloqueados | CUBE CONCEPTS","description":"Aunque el paquete solar I ya fue aprobado en 2024, la Comisi\u00f3n Europea bloquea algunos puntos cr\u00edticos.","robots":{"index":"index","follow":"follow","max-snippet":"max-snippet:-1","max-image-preview":"max-image-preview:large","max-video-preview":"max-video-preview:-1"},"canonical":"https:\/\/cubeconcepts.de\/es\/paquete-solar-en-puntos-criticos-continua-bloqueado\/","og_locale":"es_ES","og_type":"article","og_title":"Solarpaket I: Kritische Punkte weiterhin blockiert | CUBE CONCEPTS","og_description":"Obwohl das Solarpaket I bereits 2024 verabschiedet wurde, blockiert die EU-Kommission einige kritischen Punkte.","og_url":"https:\/\/cubeconcepts.de\/es\/paquete-solar-en-puntos-criticos-continua-bloqueado\/","og_site_name":"CUBE CONCEPTS","article_published_time":"2025-08-25T13:54:01+00:00","article_modified_time":"2026-06-12T05:07:22+00:00","og_image":[{"width":1920,"height":1080,"url":"https:\/\/cubeconcepts.de\/wp-content\/uploads\/2025\/08\/Solarpaket-1-kritische-Punkte-blockiert.jpg","type":"image\/jpeg"}],"author":"Guido Steenmans","twitter_card":"summary_large_image","twitter_misc":{"Escrito por":"Guido Steenmans","Tiempo de lectura":"3 minutos"},"schema":{"@context":"https:\/\/schema.org","@graph":[{"@type":"Article","@id":"https:\/\/cubeconcepts.de\/solarpaket-i-kritische-punkte-weiterhin-blockiert\/#article","isPartOf":{"@id":"https:\/\/cubeconcepts.de\/solarpaket-i-kritische-punkte-weiterhin-blockiert\/"},"author":{"name":"Guido Steenmans","@id":"https:\/\/cubeconcepts.de\/fr\/#\/schema\/person\/2c762e4ca1ea252f42f23ab33248856e"},"headline":"Solarpaket I: Kritische Punkte weiterhin blockiert","datePublished":"2025-08-25T13:54:01+00:00","dateModified":"2026-06-12T05:07:22+00:00","mainEntityOfPage":{"@id":"https:\/\/cubeconcepts.de\/solarpaket-i-kritische-punkte-weiterhin-blockiert\/"},"wordCount":551,"publisher":{"@id":"https:\/\/cubeconcepts.de\/fr\/#organization"},"image":{"@id":"https:\/\/cubeconcepts.de\/solarpaket-i-kritische-punkte-weiterhin-blockiert\/#primaryimage"},"thumbnailUrl":"https:\/\/cubeconcepts.de\/wp-content\/uploads\/2025\/08\/Solarpaket-1-kritische-Punkte-blockiert.jpg","articleSection":["Energiemarkt News","Regulatorik &amp; ESG"],"inLanguage":"es"},{"@type":"WebPage","@id":"https:\/\/cubeconcepts.de\/solarpaket-i-kritische-punkte-weiterhin-blockiert\/","url":"https:\/\/cubeconcepts.de\/solarpaket-i-kritische-punkte-weiterhin-blockiert\/","name":"Paquete Solar I: Puntos cr\u00edticos siguen bloqueados | CUBE CONCEPTS","isPartOf":{"@id":"https:\/\/cubeconcepts.de\/fr\/#website"},"primaryImageOfPage":{"@id":"https:\/\/cubeconcepts.de\/solarpaket-i-kritische-punkte-weiterhin-blockiert\/#primaryimage"},"image":{"@id":"https:\/\/cubeconcepts.de\/solarpaket-i-kritische-punkte-weiterhin-blockiert\/#primaryimage"},"thumbnailUrl":"https:\/\/cubeconcepts.de\/wp-content\/uploads\/2025\/08\/Solarpaket-1-kritische-Punkte-blockiert.jpg","datePublished":"2025-08-25T13:54:01+00:00","dateModified":"2026-06-12T05:07:22+00:00","description":"Aunque el paquete solar I ya fue aprobado en 2024, la Comisi\u00f3n Europea bloquea algunos puntos cr\u00edticos.","breadcrumb":{"@id":"https:\/\/cubeconcepts.de\/solarpaket-i-kritische-punkte-weiterhin-blockiert\/#breadcrumb"},"inLanguage":"es","potentialAction":[{"@type":"ReadAction","target":["https:\/\/cubeconcepts.de\/solarpaket-i-kritische-punkte-weiterhin-blockiert\/"]}]},{"@type":"ImageObject","inLanguage":"es","@id":"https:\/\/cubeconcepts.de\/solarpaket-i-kritische-punkte-weiterhin-blockiert\/#primaryimage","url":"https:\/\/cubeconcepts.de\/wp-content\/uploads\/2025\/08\/Solarpaket-1-kritische-Punkte-blockiert.jpg","contentUrl":"https:\/\/cubeconcepts.de\/wp-content\/uploads\/2025\/08\/Solarpaket-1-kritische-Punkte-blockiert.jpg","width":1920,"height":1080,"caption":"Solarpaket-1-kritische-Punkte-blockiert"},{"@type":"BreadcrumbList","@id":"https:\/\/cubeconcepts.de\/solarpaket-i-kritische-punkte-weiterhin-blockiert\/#breadcrumb","itemListElement":[{"@type":"ListItem","position":1,"name":"Startseite","item":"https:\/\/cubeconcepts.de\/"},{"@type":"ListItem","position":2,"name":"Solarpaket I: Kritische Punkte weiterhin blockiert"}]},{"@type":"WebSite","@id":"https:\/\/cubeconcepts.de\/fr\/#website","url":"https:\/\/cubeconcepts.de\/fr\/","name":"CONCEPTOS DE CUBO","description":"Sistemas de energ\u00eda para empresas","publisher":{"@id":"https:\/\/cubeconcepts.de\/fr\/#organization"},"potentialAction":[{"@type":"SearchAction","target":{"@type":"EntryPoint","urlTemplate":"https:\/\/cubeconcepts.de\/fr\/?s={search_term_string}"},"query-input":{"@type":"PropertyValueSpecification","valueRequired":true,"valueName":"search_term_string"}}],"inLanguage":"es"},{"@type":"Organization","@id":"https:\/\/cubeconcepts.de\/fr\/#organization","name":"CONCEPTOS DE CUBO","url":"https:\/\/cubeconcepts.de\/fr\/","logo":{"@type":"ImageObject","inLanguage":"es","@id":"https:\/\/cubeconcepts.de\/fr\/#\/schema\/logo\/image\/","url":"https:\/\/cubeconcepts.de\/wp-content\/uploads\/2023\/01\/CUBE_CONCEPT-Logo.png","contentUrl":"https:\/\/cubeconcepts.de\/wp-content\/uploads\/2023\/01\/CUBE_CONCEPT-Logo.png","width":644,"height":207,"caption":"CUBE CONCEPTS"},"image":{"@id":"https:\/\/cubeconcepts.de\/fr\/#\/schema\/logo\/image\/"}},{"@type":"Person","@id":"https:\/\/cubeconcepts.de\/fr\/#\/schema\/person\/2c762e4ca1ea252f42f23ab33248856e","name":"Guido Steenmans","image":{"@type":"ImageObject","inLanguage":"es","@id":"https:\/\/cubeconcepts.de\/wp-content\/uploads\/2025\/11\/cropped-Guido-Steenmanns-hoch-scaled-1-96x96.jpg","url":"https:\/\/cubeconcepts.de\/wp-content\/uploads\/2025\/11\/cropped-Guido-Steenmanns-hoch-scaled-1-96x96.jpg","contentUrl":"https:\/\/cubeconcepts.de\/wp-content\/uploads\/2025\/11\/cropped-Guido-Steenmanns-hoch-scaled-1-96x96.jpg","caption":"Guido Steenmans"}}]}},"_links":{"self":[{"href":"https:\/\/cubeconcepts.de\/es\/wp-json\/wp\/v2\/posts\/24388","targetHints":{"allow":["GET"]}}],"collection":[{"href":"https:\/\/cubeconcepts.de\/es\/wp-json\/wp\/v2\/posts"}],"about":[{"href":"https:\/\/cubeconcepts.de\/es\/wp-json\/wp\/v2\/types\/post"}],"author":[{"embeddable":true,"href":"https:\/\/cubeconcepts.de\/es\/wp-json\/wp\/v2\/users\/3"}],"replies":[{"embeddable":true,"href":"https:\/\/cubeconcepts.de\/es\/wp-json\/wp\/v2\/comments?post=24388"}],"version-history":[{"count":0,"href":"https:\/\/cubeconcepts.de\/es\/wp-json\/wp\/v2\/posts\/24388\/revisions"}],"wp:featuredmedia":[{"embeddable":true,"href":"https:\/\/cubeconcepts.de\/es\/wp-json\/wp\/v2\/media\/24390"}],"wp:attachment":[{"href":"https:\/\/cubeconcepts.de\/es\/wp-json\/wp\/v2\/media?parent=24388"}],"wp:term":[{"taxonomy":"category","embeddable":true,"href":"https:\/\/cubeconcepts.de\/es\/wp-json\/wp\/v2\/categories?post=24388"},{"taxonomy":"post_tag","embeddable":true,"href":"https:\/\/cubeconcepts.de\/es\/wp-json\/wp\/v2\/tags?post=24388"}],"curies":[{"name":"wp","href":"https:\/\/api.w.org\/{rel}","templated":true}]}}