{"id":23350,"date":"2025-06-11T14:32:25","date_gmt":"2025-06-11T12:32:25","guid":{"rendered":"https:\/\/cubeconcepts.de\/?p=23350"},"modified":"2026-06-11T12:14:59","modified_gmt":"2026-06-11T10:14:59","slug":"arranque-en-negro-a-traves-de-almacenamiento-de-baterias","status":"publish","type":"post","link":"https:\/\/cubeconcepts.de\/es\/schwarzstart-durch-batteriespeicher\/","title":{"rendered":"Arranque en negro por almacenamiento de bater\u00edas"},"content":{"rendered":"<p class=\"wp-block-paragraph\">A <strong>Arranque en negro por almacenamiento de bater\u00edas<\/strong> (BESS) se refiere a la capacidad de un sistema de almacenamiento de energ\u00eda en bater\u00edas para encender una red el\u00e9ctrica o una subred despu\u00e9s de un corte total de energ\u00eda, es decir <strong>sin fuente de alimentaci\u00f3n externa<\/strong> \u2013 para reiniciar de forma aut\u00f3noma. Esto es especialmente relevante para la reconstrucci\u00f3n del suministro de energ\u00eda tras un <strong>Apag\u00f3n<\/strong>. En el contexto de los sistemas de almacenamiento de bater\u00edas y las instalaciones fotovoltaicas, la capacidad de arranque en negro significa que el sistema puede iniciarse de forma independiente y restablecer el suministro el\u00e9ctrico despu\u00e9s de una descarga completa o una desconexi\u00f3n de la red, incluso si la red el\u00e9ctrica p\u00fablica sigue fallando.<\/p>\n\n\n\n<h2 class=\"wp-block-heading\">\u00bfQu\u00e9 es en general un \u201carranque en negro\u201d?<\/h2>\n\n\n\n<p class=\"wp-block-paragraph\">Despu\u00e9s de un corte de energ\u00eda, no todas las centrales el\u00e9ctricas o instalaciones de generaci\u00f3n de energ\u00eda pueden arrancar por s\u00ed mismas. Solo las llamadas. <strong>Instalaciones con capacidad de arranque en negro<\/strong>, que se comunican con todos los sistemas relevantes para la recuperaci\u00f3n. Solo la transmisi\u00f3n de comandos de control, solicitudes y medidas de emergencia debe garantizarse para el necesario <strong>Eficacia <a href=\"https:\/\/cubeconcepts.de\/es\/corriente-reactiva-para-sistemas-fotovoltaicos\/\">Corriente reactiva<\/a><\/strong> obtener de redes adyacentes o iniciar la reconstrucci\u00f3n local.<\/p>\n\n\n\n<p class=\"wp-block-paragraph\">La reconstrucci\u00f3n real suele comenzar en una empresa o en centrales el\u00e9ctricas a gran escala con el <strong>Funcionamiento en isla<\/strong>En este proceso, una subred es alimentada inicialmente por una fuente de energ\u00eda aut\u00f3noma y capaz de arrancar en negro, por ejemplo, una <a href=\"https:\/\/cubeconcepts.de\/es\/productos\/gran-almacenamiento-en-bateria\/\">Almacenamiento de bater\u00edas a gran escala<\/a>, una planta hidroel\u00e9ctrica o una planta di\u00e9sel. Esta fuente proporciona la corriente de arranque necesaria para una central el\u00e9ctrica conectada, que no puede arrancar sin un suministro de energ\u00eda externo en operaci\u00f3n normal.<\/p>\n\n\n\n<p class=\"wp-block-paragraph\">En particular, las centrales el\u00e9ctricas de carb\u00f3n, nucleares o de cogeneraci\u00f3n necesitan electricidad para numerosos equipos auxiliares (bombas, turbinas, transporte de combustible) antes de poder generar electricidad por s\u00ed mismas. Al conectar gradualmente m\u00e1s plantas y redes, el suministro el\u00e9ctrico a gran escala en la red p\u00fablica se restablece poco a poco.<\/p>\n\n\n\n<h2 class=\"wp-block-heading\">Fuente de arranque en negro de almacenamiento de bater\u00edas<\/h2>\n\n\n\n<p class=\"wp-block-paragraph\">Para un arranque en negro funcional con almacenamiento de bater\u00edas, son necesarios varios componentes t\u00e9cnicos y requisitos previos. El componente central en este proceso es un inversor capaz de arrancar en negro. <strong>Inversor<\/strong>, que a diferencia de los inversores cl\u00e1sicos conectados a la red puede generar de forma aut\u00f3noma una frecuencia de red estable. Detecta autom\u00e1ticamente un corte de red y cambia a operaci\u00f3n aislada. Dichos inversores formadores de red (<a href=\"https:\/\/cubeconcepts.de\/es\/red-que-forma-mit-mit-wechselrichtern-que-forman-red\/\" type=\"post\" id=\"24483\">Formaci\u00f3n de Red<\/a>) tambi\u00e9n permiten la participaci\u00f3n en el nuevo mercado de <a href=\"https:\/\/cubeconcepts.de\/es\/reserva-temporal-con-fuentes-de-ingresos-nuevas-en-operacion-ftm\/\" type=\"post\" id=\"27990\">Reserva moment\u00e1nea<\/a>. <\/p>\n\n\n\n<p class=\"wp-block-paragraph\">Lo importante tambi\u00e9n es un <strong>control e inteligente <a href=\"https:\/\/cubeconcepts.de\/es\/productos\/cube-efficiencyunit\/\">Sistema de gesti\u00f3n de la energ\u00eda<\/a><\/strong>, que monitorea continuamente el estado de la red y coordina el cambio entre el modo de red y el modo aislado, as\u00ed como la conexi\u00f3n gradual de consumidores o generadores adicionales. Todas las unidades de control deben ser capaces de arranque en fr\u00edo <strong>Almacenamiento en bater\u00eda<\/strong> ser alimentado. Tambi\u00e9n debe ser capaz de recargarse completamente, por ejemplo, por la ma\u00f1ana despu\u00e9s de una noche sin red, tan pronto como haya disponible una nueva producci\u00f3n fotovoltaica.<\/p>\n\n\n\n<h2 class=\"wp-block-heading\">Diversas \u00e1reas de aplicaci\u00f3n para sistemas de almacenamiento de bater\u00edas con capacidad de arranque aut\u00f3nomo<\/h2>\n\n\n\n<p class=\"wp-block-paragraph\">Los bancos de bater\u00edas para el arranque aut\u00f3nomo se utilizan en diversas \u00e1reas donde se requiere una restauraci\u00f3n r\u00e1pida y aut\u00f3noma del suministro de energ\u00eda. <strong>Empresas industriales<\/strong> aseguren as\u00ed su producci\u00f3n en caso de un apag\u00f3n, mientras <strong>Operador de red<\/strong> para construir deliberadamente islas de suministro. Tambi\u00e9n <strong>infraestructuras cr\u00edticas<\/strong> c\u00f3mo hospitales o centros de datos se benefician de la alta fiabilidad de estos sistemas. Tambi\u00e9n permiten un funcionamiento aut\u00f3nomo estable en regiones extremadamente remotas. Adem\u00e1s, las bater\u00edas a gran escala se utilizan cada vez m\u00e1s a escala industrial, por ejemplo, para la reactivaci\u00f3n de centrales el\u00e9ctricas o secciones enteras de la red, como una alternativa r\u00e1pida, flexible y sostenible a las centrales de arranque en negro cl\u00e1sicas.<\/p>\n\n\n\n<h2 class=\"wp-block-heading\">Ventajas del uso de almacenamiento de bater\u00edas para un arranque en negro<\/h2>\n\n\n\n<p class=\"wp-block-paragraph\">El uso de sistemas de almacenamiento de bater\u00edas para un arranque en negro ofrece una variedad de beneficios t\u00e9cnicos, econ\u00f3micos y ecol\u00f3gicos:<\/p>\n\n\n\n<ul class=\"wp-block-list\">\n<li>Tiempos de respuesta r\u00e1pidos: Responden en milisegundos a unos pocos segundos, lo que los hace listos para usar de inmediato.<\/li>\n\n\n\n<li>Libres de emisiones y compactos: a diferencia de los agregados di\u00e9sel, funcionan de manera silenciosa, sin emisiones de CO\u2082 y requieren significativamente menos espacio que las centrales el\u00e9ctricas convencionales.<\/li>\n\n\n\n<li>Reconstrucci\u00f3n independiente de la red: Los sistemas de almacenamiento de bater\u00edas pueden establecer una red aislada con una frecuencia estable y expandirse progresivamente con m\u00e1s generadores y consumidores.<\/li>\n\n\n\n<li>Integraci\u00f3n de energ\u00edas renovables: Permiten el acoplamiento directo con instalaciones fotovoltaicas y utilizan la energ\u00eda verde almacenada para el reinicio.<\/li>\n\n\n\n<li>Mayor seguridad de suministro: Especialmente en regiones con suministro el\u00e9ctrico inestable o para aplicaciones autosuficientes, la capacidad de arranque en negro ofrece una ventaja decisiva.<\/li>\n\n\n\n<li>Independencia y sostenibilidad: Incluso despu\u00e9s de apagones prolongados, el suministro el\u00e9ctrico est\u00e1 garantizado tan pronto como la energ\u00eda renovable est\u00e9 disponible.<\/li>\n\n\n\n<li>Ahorro de costes: El mayor autoconsumo y una menor dependencia de la red permiten reducir los costes de electricidad a largo plazo.<\/li>\n<\/ul>\n\n\n\n<h2 class=\"wp-block-heading\">Desaf\u00edos del arranque en negro con almacenamiento de bater\u00edas<\/h2>\n\n\n\n<p class=\"wp-block-paragraph\">El arranque en negro mediante sistemas de almacenamiento de bater\u00edas, a pesar de sus muchas ventajas, tambi\u00e9n presenta desaf\u00edos. El uso de inversores que forman red, capaces de generar y mantener estable la tensi\u00f3n y la frecuencia de forma independiente, es fundamental. Al mismo tiempo, la tecnolog\u00eda de control debe funcionar de manera fiable incluso sin suministro de la red, lo que requiere un suministro de energ\u00eda de emergencia seguro. La integraci\u00f3n del almacenamiento, el inversor y el control es t\u00e9cnicamente compleja y exige una planificaci\u00f3n cuidadosa. <\/p>\n\n\n\n<p class=\"wp-block-paragraph\">Adem\u00e1s vienen <strong>mayores costos de inversi\u00f3n<\/strong>, ya que los sistemas capaces de arrancar en fr\u00edo son m\u00e1s complejos y caros que las soluciones convencionales. Tambi\u00e9n el <strong>rendimiento de memoria limitado<\/strong> puede convertirse en un problema. Especialmente en cortes de energ\u00eda prolongados, donde un peque\u00f1o almacenamiento no puede mantener el suministro de forma permanente. Finalmente, la restauraci\u00f3n coordinada de la red requiere una cuidadosa coordinaci\u00f3n con otros productores y consumidores, as\u00ed como el cumplimiento de las normativas regulatorias.<\/p>\n\n\n\n<h2 class=\"wp-block-heading\">Conclusi\u00f3n<\/h2>\n\n\n\n<p class=\"wp-block-paragraph\">Los sistemas de almacenamiento de bater\u00edas capaces de arranque en negro (Schwarzstart) contribuyen de manera importante a la seguridad del suministro en un entorno de energ\u00edas renovables y cada vez m\u00e1s descentralizadas. Permiten restablecer r\u00e1pidamente las redes despu\u00e9s de un corte de electricidad, de forma libre de emisiones e independiente de la red p\u00fablica, desde microredes autosuficientes hasta la puesta en marcha de grandes centrales el\u00e9ctricas. <\/p>\n\n\n\n<p class=\"wp-block-paragraph\">Gracias a su r\u00e1pido tiempo de respuesta, su integraci\u00f3n con las energ\u00edas renovables y su dise\u00f1o compacto, representan una alternativa viable a las soluciones convencionales de arranque en negro. Al mismo tiempo, son un componente importante para infraestructuras resilientes, especialmente en la industria, instalaciones cr\u00edticas y regiones remotas. A pesar de la complejidad t\u00e9cnica y los mayores costes de inversi\u00f3n, las ventajas a largo plazo superan: los sistemas de almacenamiento de bater\u00edas aumentan la estabilidad de la red, permiten ahorrar costes mediante el autoconsumo y contribuyen activamente a la transici\u00f3n energ\u00e9tica.<\/p>\n\n\n\n<div style=\"height:100px\" aria-hidden=\"true\" class=\"wp-block-spacer\"><\/div>\n\n\n\t\t<div data-elementor-type=\"section\" data-elementor-id=\"23862\" class=\"elementor elementor-23862\" data-elementor-post-type=\"elementor_library\">\n\t\t\t\t\t<section class=\"elementor-section elementor-top-section elementor-element elementor-element-ea114bb elementor-section-boxed elementor-section-height-default elementor-section-height-default\" data-id=\"ea114bb\" data-element_type=\"section\" data-e-type=\"section\">\n\t\t\t\t\t\t<div class=\"elementor-container elementor-column-gap-no\">\n\t\t\t\t\t<div class=\"elementor-column elementor-col-50 elementor-top-column elementor-element elementor-element-e7a12f5\" data-id=\"e7a12f5\" data-element_type=\"column\" data-e-type=\"column\">\n\t\t\t<div class=\"elementor-widget-wrap elementor-element-populated\">\n\t\t\t\t\t\t<section class=\"elementor-section elementor-inner-section elementor-element elementor-element-df65c7a elementor-section-boxed elementor-section-height-default elementor-section-height-default\" data-id=\"df65c7a\" data-element_type=\"section\" data-e-type=\"section\">\n\t\t\t\t\t\t<div class=\"elementor-container elementor-column-gap-no\">\n\t\t\t\t\t<div class=\"elementor-column elementor-col-100 elementor-inner-column elementor-element elementor-element-bce6ff0\" data-id=\"bce6ff0\" data-element_type=\"column\" data-e-type=\"column\" data-settings=\"{&quot;background_background&quot;:&quot;classic&quot;}\">\n\t\t\t<div class=\"elementor-widget-wrap elementor-element-populated\">\n\t\t\t\t\t\t<div class=\"elementor-element elementor-element-5968a87 elementor-position-inline-start elementor-mobile-position-inline-start elementor-view-default elementor-widget elementor-widget-icon-box\" data-id=\"5968a87\" data-element_type=\"widget\" data-e-type=\"widget\" data-widget_type=\"icon-box.default\">\n\t\t\t\t<div class=\"elementor-widget-container\">\n\t\t\t\t\t\t\t<div class=\"elementor-icon-box-wrapper\">\n\n\t\t\t\t\t\t<div class=\"elementor-icon-box-icon\">\n\t\t\t\t<span  class=\"elementor-icon\">\n\t\t\t\t<i aria-hidden=\"true\" class=\"fas fa-book-reader\"><\/i>\t\t\t\t<\/span>\n\t\t\t<\/div>\n\t\t\t\n\t\t\t\t\t\t<div class=\"elementor-icon-box-content\">\n\n\t\t\t\t\t\t\t\t\t<span class=\"elementor-icon-box-title\">\n\t\t\t\t\t\t<span  >\n\t\t\t\t\t\t\tLibro Blanco\t\t\t\t\t\t<\/span>\n\t\t\t\t\t<\/span>\n\t\t\t\t\n\t\t\t\t\n\t\t\t<\/div>\n\t\t\t\n\t\t<\/div>\n\t\t\t\t\t\t<\/div>\n\t\t\t\t<\/div>\n\t\t\t\t<div class=\"elementor-element elementor-element-6580b10 elementor-widget__width-auto elementor-widget elementor-widget-heading\" data-id=\"6580b10\" data-element_type=\"widget\" data-e-type=\"widget\" data-widget_type=\"heading.default\">\n\t\t\t\t<div class=\"elementor-widget-container\">\n\t\t\t\t\t<span class=\"elementor-heading-title elementor-size-default\">Compendio: Sistemas de almacenamiento de energ\u00eda en bater\u00edas (BESS) en resumen<\/span>\t\t\t\t<\/div>\n\t\t\t\t<\/div>\n\t\t\t\t<div class=\"elementor-element elementor-element-78a5a28 elementor-widget elementor-widget-button\" data-id=\"78a5a28\" data-element_type=\"widget\" data-e-type=\"widget\" data-widget_type=\"button.default\">\n\t\t\t\t<div class=\"elementor-widget-container\">\n\t\t\t\t\t\t\t\t\t<div class=\"elementor-button-wrapper\">\n\t\t\t\t\t<a class=\"elementor-button elementor-button-link elementor-size-sm\" href=\"https:\/\/cubeconcepts.de\/es\/sistemas-de-almacenamiento-de-baterias-en-resumen\/\">\n\t\t\t\t\t\t<span class=\"elementor-button-content-wrapper\">\n\t\t\t\t\t\t\t\t\t<span class=\"elementor-button-text\">Solicitar ahora<\/span>\n\t\t\t\t\t<\/span>\n\t\t\t\t\t<\/a>\n\t\t\t\t<\/div>\n\t\t\t\t\t\t\t\t<\/div>\n\t\t\t\t<\/div>\n\t\t\t\t\t<\/div>\n\t\t<\/div>\n\t\t\t\t\t<\/div>\n\t\t<\/section>\n\t\t\t\t\t<\/div>\n\t\t<\/div>\n\t\t\t\t<div class=\"elementor-column elementor-col-50 elementor-top-column elementor-element elementor-element-adf7596\" data-id=\"adf7596\" data-element_type=\"column\" data-e-type=\"column\" data-settings=\"{&quot;background_background&quot;:&quot;classic&quot;}\">\n\t\t\t<div class=\"elementor-widget-wrap elementor-element-populated\">\n\t\t\t\t\t\t<div class=\"elementor-element elementor-element-6d42417 elementor-position-inline-start elementor-mobile-position-inline-start elementor-view-default elementor-widget elementor-widget-icon-box\" data-id=\"6d42417\" data-element_type=\"widget\" data-e-type=\"widget\" data-widget_type=\"icon-box.default\">\n\t\t\t\t<div class=\"elementor-widget-container\">\n\t\t\t\t\t\t\t<div class=\"elementor-icon-box-wrapper\">\n\n\t\t\t\t\t\t<div class=\"elementor-icon-box-icon\">\n\t\t\t\t<span  class=\"elementor-icon\">\n\t\t\t\t<i aria-hidden=\"true\" class=\"fas fa-download\"><\/i>\t\t\t\t<\/span>\n\t\t\t<\/div>\n\t\t\t\n\t\t\t\t\t\t<div class=\"elementor-icon-box-content\">\n\n\t\t\t\t\t\t\t\t\t<span class=\"elementor-icon-box-title\">\n\t\t\t\t\t\t<span  >\n\t\t\t\t\t\t\tCentro de descargas\t\t\t\t\t\t<\/span>\n\t\t\t\t\t<\/span>\n\t\t\t\t\n\t\t\t\t\n\t\t\t<\/div>\n\t\t\t\n\t\t<\/div>\n\t\t\t\t\t\t<\/div>\n\t\t\t\t<\/div>\n\t\t\t\t<div class=\"elementor-element elementor-element-cde6b01 elementor-widget__width-auto elementor-widget elementor-widget-heading\" data-id=\"cde6b01\" data-element_type=\"widget\" data-e-type=\"widget\" data-widget_type=\"heading.default\">\n\t\t\t\t<div class=\"elementor-widget-container\">\n\t\t\t\t\t<span class=\"elementor-heading-title elementor-size-default\">Acceso directo al centro de conocimiento para proyectos de energ\u00eda eficientes<\/span>\t\t\t\t<\/div>\n\t\t\t\t<\/div>\n\t\t\t\t<div class=\"elementor-element elementor-element-79c8edb elementor-widget elementor-widget-button\" data-id=\"79c8edb\" data-element_type=\"widget\" data-e-type=\"widget\" data-widget_type=\"button.default\">\n\t\t\t\t<div class=\"elementor-widget-container\">\n\t\t\t\t\t\t\t\t\t<div class=\"elementor-button-wrapper\">\n\t\t\t\t\t<a class=\"elementor-button elementor-button-link elementor-size-sm\" href=\"https:\/\/cubeconcepts.de\/es\/folletos\/\">\n\t\t\t\t\t\t<span class=\"elementor-button-content-wrapper\">\n\t\t\t\t\t\t\t\t\t<span class=\"elementor-button-text\">Reg\u00edstrese ahora<\/span>\n\t\t\t\t\t<\/span>\n\t\t\t\t\t<\/a>\n\t\t\t\t<\/div>\n\t\t\t\t\t\t\t\t<\/div>\n\t\t\t\t<\/div>\n\t\t\t\t\t<\/div>\n\t\t<\/div>\n\t\t\t\t\t<\/div>\n\t\t<\/section>\n\t\t\t\t<\/div>","protected":false},"excerpt":{"rendered":"<p>Los sistemas de almacenamiento de bater\u00edas capaces de arranque en negro pueden establecer una red aislada sin ayuda externa tras un apag\u00f3n. Gracias a los inversores formadores de red (Grid Forming), proporcionan la frecuencia y la tensi\u00f3n necesarias para arrancar de nuevo plantas de energ\u00eda o instalaciones industriales a gran escala de forma libre de emisiones y en milisegundos.<\/p>","protected":false},"author":3,"featured_media":23354,"comment_status":"closed","ping_status":"open","sticky":false,"template":"","format":"standard","meta":{"_acf_changed":false,"footnotes":""},"categories":[1,61],"tags":[],"class_list":["post-23350","post","type-post","status-publish","format-standard","has-post-thumbnail","hentry","category-batteriespeicher","category-grundlagen-technik"],"acf":[],"yoast_head":"<!-- This site is optimized with the Yoast SEO plugin v28.3 - https:\/\/yoast.com\/product\/yoast-seo-wordpress\/ -->\n<title>Schwarzstart durch Batteriespeicher | CUBE CONCEPTS<\/title>\n<meta name=\"description\" content=\"Ein Schwarzstart durch Batteriespeicher erm\u00f6glicht eine Wiederherstellung des Kraftwerkbetriebes zur Stromversorgung.\" \/>\n<meta name=\"robots\" content=\"index, follow, max-snippet:-1, max-image-preview:large, max-video-preview:-1\" \/>\n<link rel=\"canonical\" href=\"https:\/\/cubeconcepts.de\/es\/arranque-en-negro-a-traves-de-almacenamiento-de-baterias\/\" \/>\n<meta property=\"og:locale\" content=\"es_ES\" \/>\n<meta property=\"og:type\" content=\"article\" \/>\n<meta property=\"og:title\" content=\"Schwarzstart durch Batteriespeicher | CUBE CONCEPTS\" \/>\n<meta property=\"og:description\" content=\"Ein Schwarzstart durch Batteriespeicher erm\u00f6glicht eine Wiederherstellung des Kraftwerkbetriebes zur Stromversorgung.\" \/>\n<meta property=\"og:url\" content=\"https:\/\/cubeconcepts.de\/es\/arranque-en-negro-a-traves-de-almacenamiento-de-baterias\/\" \/>\n<meta property=\"og:site_name\" content=\"CUBE CONCEPTS\" \/>\n<meta property=\"article:published_time\" content=\"2025-06-11T12:32:25+00:00\" \/>\n<meta property=\"article:modified_time\" content=\"2026-06-11T10:14:59+00:00\" \/>\n<meta property=\"og:image\" content=\"https:\/\/cubeconcepts.de\/wp-content\/uploads\/2025\/06\/Schwarzstart-durch-Batteriespeicher-scaled.jpeg\" \/>\n\t<meta property=\"og:image:width\" content=\"2560\" \/>\n\t<meta property=\"og:image:height\" content=\"1435\" \/>\n\t<meta property=\"og:image:type\" content=\"image\/jpeg\" \/>\n<meta name=\"author\" content=\"Guido Steenmans\" \/>\n<meta name=\"twitter:card\" content=\"summary_large_image\" \/>\n<meta name=\"twitter:label1\" content=\"Escrito por\" \/>\n\t<meta name=\"twitter:data1\" content=\"Guido Steenmans\" \/>\n\t<meta name=\"twitter:label2\" content=\"Tiempo de lectura\" \/>\n\t<meta name=\"twitter:data2\" content=\"5 minutos\" \/>\n<script type=\"application\/ld+json\" class=\"yoast-schema-graph\">{\"@context\":\"https:\\\/\\\/schema.org\",\"@graph\":[{\"@type\":\"Article\",\"@id\":\"https:\\\/\\\/cubeconcepts.de\\\/schwarzstart-durch-batteriespeicher\\\/#article\",\"isPartOf\":{\"@id\":\"https:\\\/\\\/cubeconcepts.de\\\/schwarzstart-durch-batteriespeicher\\\/\"},\"author\":{\"name\":\"Guido Steenmans\",\"@id\":\"https:\\\/\\\/cubeconcepts.de\\\/fr\\\/#\\\/schema\\\/person\\\/2c762e4ca1ea252f42f23ab33248856e\"},\"headline\":\"Schwarzstart durch Batteriespeicher\",\"datePublished\":\"2025-06-11T12:32:25+00:00\",\"dateModified\":\"2026-06-11T10:14:59+00:00\",\"mainEntityOfPage\":{\"@id\":\"https:\\\/\\\/cubeconcepts.de\\\/schwarzstart-durch-batteriespeicher\\\/\"},\"wordCount\":893,\"publisher\":{\"@id\":\"https:\\\/\\\/cubeconcepts.de\\\/fr\\\/#organization\"},\"image\":{\"@id\":\"https:\\\/\\\/cubeconcepts.de\\\/schwarzstart-durch-batteriespeicher\\\/#primaryimage\"},\"thumbnailUrl\":\"https:\\\/\\\/cubeconcepts.de\\\/wp-content\\\/uploads\\\/2025\\\/06\\\/Schwarzstart-durch-Batteriespeicher-scaled.jpeg\",\"articleSection\":[\"Batteriespeicher\",\"Grundlagen &amp; Technik\"],\"inLanguage\":\"es\"},{\"@type\":\"WebPage\",\"@id\":\"https:\\\/\\\/cubeconcepts.de\\\/schwarzstart-durch-batteriespeicher\\\/\",\"url\":\"https:\\\/\\\/cubeconcepts.de\\\/schwarzstart-durch-batteriespeicher\\\/\",\"name\":\"Schwarzstart durch Batteriespeicher | CUBE CONCEPTS\",\"isPartOf\":{\"@id\":\"https:\\\/\\\/cubeconcepts.de\\\/fr\\\/#website\"},\"primaryImageOfPage\":{\"@id\":\"https:\\\/\\\/cubeconcepts.de\\\/schwarzstart-durch-batteriespeicher\\\/#primaryimage\"},\"image\":{\"@id\":\"https:\\\/\\\/cubeconcepts.de\\\/schwarzstart-durch-batteriespeicher\\\/#primaryimage\"},\"thumbnailUrl\":\"https:\\\/\\\/cubeconcepts.de\\\/wp-content\\\/uploads\\\/2025\\\/06\\\/Schwarzstart-durch-Batteriespeicher-scaled.jpeg\",\"datePublished\":\"2025-06-11T12:32:25+00:00\",\"dateModified\":\"2026-06-11T10:14:59+00:00\",\"description\":\"Ein Schwarzstart durch Batteriespeicher erm\u00f6glicht eine Wiederherstellung des Kraftwerkbetriebes zur Stromversorgung.\",\"breadcrumb\":{\"@id\":\"https:\\\/\\\/cubeconcepts.de\\\/schwarzstart-durch-batteriespeicher\\\/#breadcrumb\"},\"inLanguage\":\"es\",\"potentialAction\":[{\"@type\":\"ReadAction\",\"target\":[\"https:\\\/\\\/cubeconcepts.de\\\/schwarzstart-durch-batteriespeicher\\\/\"]}]},{\"@type\":\"ImageObject\",\"inLanguage\":\"es\",\"@id\":\"https:\\\/\\\/cubeconcepts.de\\\/schwarzstart-durch-batteriespeicher\\\/#primaryimage\",\"url\":\"https:\\\/\\\/cubeconcepts.de\\\/wp-content\\\/uploads\\\/2025\\\/06\\\/Schwarzstart-durch-Batteriespeicher-scaled.jpeg\",\"contentUrl\":\"https:\\\/\\\/cubeconcepts.de\\\/wp-content\\\/uploads\\\/2025\\\/06\\\/Schwarzstart-durch-Batteriespeicher-scaled.jpeg\",\"width\":2560,\"height\":1435,\"caption\":\"Schwarzstart durch Batteriespeicher\"},{\"@type\":\"BreadcrumbList\",\"@id\":\"https:\\\/\\\/cubeconcepts.de\\\/schwarzstart-durch-batteriespeicher\\\/#breadcrumb\",\"itemListElement\":[{\"@type\":\"ListItem\",\"position\":1,\"name\":\"Startseite\",\"item\":\"https:\\\/\\\/cubeconcepts.de\\\/\"},{\"@type\":\"ListItem\",\"position\":2,\"name\":\"Schwarzstart durch Batteriespeicher\"}]},{\"@type\":\"WebSite\",\"@id\":\"https:\\\/\\\/cubeconcepts.de\\\/fr\\\/#website\",\"url\":\"https:\\\/\\\/cubeconcepts.de\\\/fr\\\/\",\"name\":\"CUBE CONCEPTS\",\"description\":\"Energiesysteme f\u00fcr Unternehmen\",\"publisher\":{\"@id\":\"https:\\\/\\\/cubeconcepts.de\\\/fr\\\/#organization\"},\"potentialAction\":[{\"@type\":\"SearchAction\",\"target\":{\"@type\":\"EntryPoint\",\"urlTemplate\":\"https:\\\/\\\/cubeconcepts.de\\\/fr\\\/?s={search_term_string}\"},\"query-input\":{\"@type\":\"PropertyValueSpecification\",\"valueRequired\":true,\"valueName\":\"search_term_string\"}}],\"inLanguage\":\"es\"},{\"@type\":\"Organization\",\"@id\":\"https:\\\/\\\/cubeconcepts.de\\\/fr\\\/#organization\",\"name\":\"CUBE CONCEPTS\",\"url\":\"https:\\\/\\\/cubeconcepts.de\\\/fr\\\/\",\"logo\":{\"@type\":\"ImageObject\",\"inLanguage\":\"es\",\"@id\":\"https:\\\/\\\/cubeconcepts.de\\\/fr\\\/#\\\/schema\\\/logo\\\/image\\\/\",\"url\":\"https:\\\/\\\/cubeconcepts.de\\\/wp-content\\\/uploads\\\/2023\\\/01\\\/CUBE_CONCEPT-Logo.png\",\"contentUrl\":\"https:\\\/\\\/cubeconcepts.de\\\/wp-content\\\/uploads\\\/2023\\\/01\\\/CUBE_CONCEPT-Logo.png\",\"width\":644,\"height\":207,\"caption\":\"CUBE CONCEPTS\"},\"image\":{\"@id\":\"https:\\\/\\\/cubeconcepts.de\\\/fr\\\/#\\\/schema\\\/logo\\\/image\\\/\"}},{\"@type\":\"Person\",\"@id\":\"https:\\\/\\\/cubeconcepts.de\\\/fr\\\/#\\\/schema\\\/person\\\/2c762e4ca1ea252f42f23ab33248856e\",\"name\":\"Guido Steenmans\",\"image\":{\"@type\":\"ImageObject\",\"inLanguage\":\"es\",\"@id\":\"https:\\\/\\\/cubeconcepts.de\\\/wp-content\\\/uploads\\\/2025\\\/11\\\/cropped-Guido-Steenmanns-hoch-scaled-1-96x96.jpg\",\"url\":\"https:\\\/\\\/cubeconcepts.de\\\/wp-content\\\/uploads\\\/2025\\\/11\\\/cropped-Guido-Steenmanns-hoch-scaled-1-96x96.jpg\",\"contentUrl\":\"https:\\\/\\\/cubeconcepts.de\\\/wp-content\\\/uploads\\\/2025\\\/11\\\/cropped-Guido-Steenmanns-hoch-scaled-1-96x96.jpg\",\"caption\":\"Guido Steenmans\"}}]}<\/script>\n<!-- \/ Yoast SEO plugin. -->","yoast_head_json":{"title":"Arranque en negro mediante almacenamiento en bater\u00eda | CUBE CONCEPTS","description":"Un arranque en negro mediante almacenamiento en bater\u00edas permite la restauraci\u00f3n de la operaci\u00f3n de la central el\u00e9ctrica para el suministro de energ\u00eda.","robots":{"index":"index","follow":"follow","max-snippet":"max-snippet:-1","max-image-preview":"max-image-preview:large","max-video-preview":"max-video-preview:-1"},"canonical":"https:\/\/cubeconcepts.de\/es\/arranque-en-negro-a-traves-de-almacenamiento-de-baterias\/","og_locale":"es_ES","og_type":"article","og_title":"Schwarzstart durch Batteriespeicher | CUBE CONCEPTS","og_description":"Ein Schwarzstart durch Batteriespeicher erm\u00f6glicht eine Wiederherstellung des Kraftwerkbetriebes zur Stromversorgung.","og_url":"https:\/\/cubeconcepts.de\/es\/arranque-en-negro-a-traves-de-almacenamiento-de-baterias\/","og_site_name":"CUBE CONCEPTS","article_published_time":"2025-06-11T12:32:25+00:00","article_modified_time":"2026-06-11T10:14:59+00:00","og_image":[{"width":2560,"height":1435,"url":"https:\/\/cubeconcepts.de\/wp-content\/uploads\/2025\/06\/Schwarzstart-durch-Batteriespeicher-scaled.jpeg","type":"image\/jpeg"}],"author":"Guido Steenmans","twitter_card":"summary_large_image","twitter_misc":{"Escrito por":"Guido Steenmans","Tiempo de lectura":"5 minutos"},"schema":{"@context":"https:\/\/schema.org","@graph":[{"@type":"Article","@id":"https:\/\/cubeconcepts.de\/schwarzstart-durch-batteriespeicher\/#article","isPartOf":{"@id":"https:\/\/cubeconcepts.de\/schwarzstart-durch-batteriespeicher\/"},"author":{"name":"Guido Steenmans","@id":"https:\/\/cubeconcepts.de\/fr\/#\/schema\/person\/2c762e4ca1ea252f42f23ab33248856e"},"headline":"Schwarzstart durch Batteriespeicher","datePublished":"2025-06-11T12:32:25+00:00","dateModified":"2026-06-11T10:14:59+00:00","mainEntityOfPage":{"@id":"https:\/\/cubeconcepts.de\/schwarzstart-durch-batteriespeicher\/"},"wordCount":893,"publisher":{"@id":"https:\/\/cubeconcepts.de\/fr\/#organization"},"image":{"@id":"https:\/\/cubeconcepts.de\/schwarzstart-durch-batteriespeicher\/#primaryimage"},"thumbnailUrl":"https:\/\/cubeconcepts.de\/wp-content\/uploads\/2025\/06\/Schwarzstart-durch-Batteriespeicher-scaled.jpeg","articleSection":["Batteriespeicher","Grundlagen &amp; Technik"],"inLanguage":"es"},{"@type":"WebPage","@id":"https:\/\/cubeconcepts.de\/schwarzstart-durch-batteriespeicher\/","url":"https:\/\/cubeconcepts.de\/schwarzstart-durch-batteriespeicher\/","name":"Arranque en negro mediante almacenamiento en bater\u00eda | CUBE CONCEPTS","isPartOf":{"@id":"https:\/\/cubeconcepts.de\/fr\/#website"},"primaryImageOfPage":{"@id":"https:\/\/cubeconcepts.de\/schwarzstart-durch-batteriespeicher\/#primaryimage"},"image":{"@id":"https:\/\/cubeconcepts.de\/schwarzstart-durch-batteriespeicher\/#primaryimage"},"thumbnailUrl":"https:\/\/cubeconcepts.de\/wp-content\/uploads\/2025\/06\/Schwarzstart-durch-Batteriespeicher-scaled.jpeg","datePublished":"2025-06-11T12:32:25+00:00","dateModified":"2026-06-11T10:14:59+00:00","description":"Un arranque en negro mediante almacenamiento en bater\u00edas permite la restauraci\u00f3n de la operaci\u00f3n de la central el\u00e9ctrica para el suministro de energ\u00eda.","breadcrumb":{"@id":"https:\/\/cubeconcepts.de\/schwarzstart-durch-batteriespeicher\/#breadcrumb"},"inLanguage":"es","potentialAction":[{"@type":"ReadAction","target":["https:\/\/cubeconcepts.de\/schwarzstart-durch-batteriespeicher\/"]}]},{"@type":"ImageObject","inLanguage":"es","@id":"https:\/\/cubeconcepts.de\/schwarzstart-durch-batteriespeicher\/#primaryimage","url":"https:\/\/cubeconcepts.de\/wp-content\/uploads\/2025\/06\/Schwarzstart-durch-Batteriespeicher-scaled.jpeg","contentUrl":"https:\/\/cubeconcepts.de\/wp-content\/uploads\/2025\/06\/Schwarzstart-durch-Batteriespeicher-scaled.jpeg","width":2560,"height":1435,"caption":"Schwarzstart durch Batteriespeicher"},{"@type":"BreadcrumbList","@id":"https:\/\/cubeconcepts.de\/schwarzstart-durch-batteriespeicher\/#breadcrumb","itemListElement":[{"@type":"ListItem","position":1,"name":"Startseite","item":"https:\/\/cubeconcepts.de\/"},{"@type":"ListItem","position":2,"name":"Schwarzstart durch Batteriespeicher"}]},{"@type":"WebSite","@id":"https:\/\/cubeconcepts.de\/fr\/#website","url":"https:\/\/cubeconcepts.de\/fr\/","name":"CONCEPTOS DE CUBO","description":"Sistemas de energ\u00eda para empresas","publisher":{"@id":"https:\/\/cubeconcepts.de\/fr\/#organization"},"potentialAction":[{"@type":"SearchAction","target":{"@type":"EntryPoint","urlTemplate":"https:\/\/cubeconcepts.de\/fr\/?s={search_term_string}"},"query-input":{"@type":"PropertyValueSpecification","valueRequired":true,"valueName":"search_term_string"}}],"inLanguage":"es"},{"@type":"Organization","@id":"https:\/\/cubeconcepts.de\/fr\/#organization","name":"CONCEPTOS DE CUBO","url":"https:\/\/cubeconcepts.de\/fr\/","logo":{"@type":"ImageObject","inLanguage":"es","@id":"https:\/\/cubeconcepts.de\/fr\/#\/schema\/logo\/image\/","url":"https:\/\/cubeconcepts.de\/wp-content\/uploads\/2023\/01\/CUBE_CONCEPT-Logo.png","contentUrl":"https:\/\/cubeconcepts.de\/wp-content\/uploads\/2023\/01\/CUBE_CONCEPT-Logo.png","width":644,"height":207,"caption":"CUBE CONCEPTS"},"image":{"@id":"https:\/\/cubeconcepts.de\/fr\/#\/schema\/logo\/image\/"}},{"@type":"Person","@id":"https:\/\/cubeconcepts.de\/fr\/#\/schema\/person\/2c762e4ca1ea252f42f23ab33248856e","name":"Guido Steenmans","image":{"@type":"ImageObject","inLanguage":"es","@id":"https:\/\/cubeconcepts.de\/wp-content\/uploads\/2025\/11\/cropped-Guido-Steenmanns-hoch-scaled-1-96x96.jpg","url":"https:\/\/cubeconcepts.de\/wp-content\/uploads\/2025\/11\/cropped-Guido-Steenmanns-hoch-scaled-1-96x96.jpg","contentUrl":"https:\/\/cubeconcepts.de\/wp-content\/uploads\/2025\/11\/cropped-Guido-Steenmanns-hoch-scaled-1-96x96.jpg","caption":"Guido Steenmans"}}]}},"_links":{"self":[{"href":"https:\/\/cubeconcepts.de\/es\/wp-json\/wp\/v2\/posts\/23350","targetHints":{"allow":["GET"]}}],"collection":[{"href":"https:\/\/cubeconcepts.de\/es\/wp-json\/wp\/v2\/posts"}],"about":[{"href":"https:\/\/cubeconcepts.de\/es\/wp-json\/wp\/v2\/types\/post"}],"author":[{"embeddable":true,"href":"https:\/\/cubeconcepts.de\/es\/wp-json\/wp\/v2\/users\/3"}],"replies":[{"embeddable":true,"href":"https:\/\/cubeconcepts.de\/es\/wp-json\/wp\/v2\/comments?post=23350"}],"version-history":[{"count":0,"href":"https:\/\/cubeconcepts.de\/es\/wp-json\/wp\/v2\/posts\/23350\/revisions"}],"wp:featuredmedia":[{"embeddable":true,"href":"https:\/\/cubeconcepts.de\/es\/wp-json\/wp\/v2\/media\/23354"}],"wp:attachment":[{"href":"https:\/\/cubeconcepts.de\/es\/wp-json\/wp\/v2\/media?parent=23350"}],"wp:term":[{"taxonomy":"category","embeddable":true,"href":"https:\/\/cubeconcepts.de\/es\/wp-json\/wp\/v2\/categories?post=23350"},{"taxonomy":"post_tag","embeddable":true,"href":"https:\/\/cubeconcepts.de\/es\/wp-json\/wp\/v2\/tags?post=23350"}],"curies":[{"name":"wp","href":"https:\/\/api.w.org\/{rel}","templated":true}]}}