{"id":15013,"date":"2024-06-11T15:46:11","date_gmt":"2024-06-11T13:46:11","guid":{"rendered":"https:\/\/cubeconcepts.de\/?p=15013"},"modified":"2025-02-06T10:17:09","modified_gmt":"2025-02-06T09:17:09","slug":"foerderprogramm-fuer-batteriespeicher-schnelladepunkte","status":"publish","type":"post","link":"https:\/\/cubeconcepts.de\/es\/foerderprogramm-fuer-batteriespeicher-schnelladepunkte\/","title":{"rendered":"Programa de subvenciones para almacenamiento en bater\u00edas y puntos de recarga r\u00e1pida"},"content":{"rendered":"<p>Die \u201enationale Leitstelle Ladeinfrastruktur\u201c des Bundesministeriums f\u00fcr Digitales und Verkehr hat seit dem 6. Juni 2024 ein deutschlandweites <strong>Programa de subvenciones para almacenamiento en bater\u00edas y puntos de recarga r\u00e1pida<\/strong> initiiert.<\/p>\n\n\n\n<h2 class=\"wp-block-heading\">Antragsberechtigte und Differenzierung<\/h2>\n\n\n\n<p>Antragsberechtigt sind Unternehmen der gewerblichen Wirtschaft, kommunale Unternehmen, Einzelunternehmer und Freiberufler mit einem Firmensitz in Deutschland. Unterschieden wird dabei zwischen <strong>KMU<\/strong> (mit mind. 9 und max. 249 Mitarbeitenden und einem max. Jahresumsatz von 50 Mio. Euro) sowie <strong>GU<\/strong> (Gro\u00dfunternehmen).<\/p>\n\n\n\n<h2 class=\"wp-block-heading\">F\u00f6rderf\u00e4hige Batteriespeicher, Schnelladepunkte und Anschl\u00fcsse<\/h2>\n\n\n\n<p>Gef\u00f6rdert werden der Kauf und die Installation von station\u00e4ren <strong>Batteriepufferspeichern<\/strong> und von neuen <strong>Schnellladepunkten<\/strong> mit einer <strong>Nennladeleistung ab 50 kW<\/strong>. Dazu z\u00e4hlen auch die notwendigen Netzanschl\u00fcsse, deren Auslegung zur Integration von PV-Anlagen angepasst werden kann, sowie die Tiefbauarbeiten und Energie- bzw. Lademanagementsysteme. Ausgeschlossen sind jedoch Planungsleistungen Dritter, Eigenleistungen sowie Leasing- und Mietausgaben.<\/p>\n\n\n\n<h2 class=\"wp-block-heading\">Zuwendungen im F\u00f6rderprogramm f\u00fcr Batteriespeicher &amp; Schnelladepunkte<\/h2>\n\n\n\n<p>Jedes Unternehmen kann einen Antrag stellen und die Zuwendungen sind auf <strong>5 Mio. Euro begrenzt<\/strong>. Die F\u00f6rderung erfolgt als Zuwendung mit Anteilsfinanzierung: <strong>KMU mit 40 %<\/strong> y <strong>GU mit 20 %<\/strong>. Dabei sind die f\u00f6rderf\u00e4higen Ausgaben pro Ladepunkt auf einen H\u00f6chstbetrag begrenzt, der von der maximalen Ladeleistung dieses Ladepunktes abh\u00e4ngig ist. Ladepunkte von 50 bis 149 kW f\u00fcr KMUs werden mit <strong>max. 14.000 Euro<\/strong> und f\u00fcr GUs mit <strong>max. 7.000 Euro<\/strong> gef\u00f6rdert. Gr\u00f6\u00dfere Ladepunkte von mehr als 150 kW werden mit h\u00f6chstens <strong>30.000<\/strong> resp. <strong>15.000 Euro<\/strong> bezuschusst.<\/p>\n\n\n\n<h2 class=\"wp-block-heading\">Bedingungen und Umsetzungszeitraum des F\u00f6rderprogramms<\/h2>\n\n\n\n<p>Die Schnellladepunkte und Batteriespeicher m\u00fcssen in Deutschland installiert werden und mind. zwei Jahre im Besitz des Antragstellers verbleiben. Dar\u00fcber hinaus muss der Strom aus <strong>erneuerbaren Energiequellen <\/strong>stammen und es darf nur <strong>eine F\u00f6rderung<\/strong> f\u00fcr das Gesamtprojekt in Anspruch genommen werden. Zur Realisierung der Ma\u00dfnahmen stehen dem Unternehmen 18 Monate zur Verf\u00fcgung, nachdem der positive F\u00f6rderbescheid zugestellt wurde.<\/p>\n\n\n\n<h2 class=\"wp-block-heading\">Fazit zum F\u00f6rderprogramm f\u00fcr Batteriespeicher &amp; Schnelladepunkte<\/h2>\n\n\n\n<p>Das F\u00f6rderprogramm f\u00fcr Schnellladepunkte und Batteriespeicher bietet eine sehr gute Gelegenheit f\u00fcr Unternehmen, in nachhaltige und zukunftsorientierte Technologien zu investieren. Durch die finanzielle Unterst\u00fctzung k\u00f6nnen die hohen Anfangskosten erheblich reduziert werden. Unternehmen sollten diese Chance nutzen, um ihre <a href=\"https:\/\/cubeconcepts.de\/es\/productos\/asignaturas-complementarias\/infraestructura-de-recarga\/\">Infraestructura de recarga<\/a> auszubauen oder ihre Energiekosten mit <a href=\"https:\/\/cubeconcepts.de\/es\/productos\/gran-almacenamiento-en-bateria\/\">Almacenamiento en bater\u00eda<\/a> zu senken. In beiden F\u00e4llen leisten Sie einen wichtigen Beitrag zur Energiewende.<\/p>\n\n\n\n<p>Informieren Sie sich noch heute bei CUBE CONCEPTS \u00fcber die F\u00f6rderm\u00f6glichkeiten und stellen Sie Ihren Antrag, um den CO\u2082-Aussto\u00df und die Energiekosten zu reduzieren. <\/p>\n\n\n\n<div class=\"wp-block-buttons is-layout-flex wp-block-buttons-is-layout-flex\">\n<div class=\"wp-block-button\"><a class=\"wp-block-button__link wp-element-button\" href=\"https:\/\/cubeconcepts.de\/es\/empresa\/pongase-en-contacto-con\/\">P\u00f3ngase en contacto ahora<\/a><\/div>\n<\/div>\n\n\n\n<div style=\"height:100px\" aria-hidden=\"true\" class=\"wp-block-spacer\"><\/div>\n\n\n\n<div class=\"wp-block-buttons is-layout-flex wp-block-buttons-is-layout-flex\">\n<div class=\"wp-block-button\"><a class=\"wp-block-button__link wp-element-button\" href=\"https:\/\/cubeconcepts.de\/es\/categoria\/solar-news\/\">Volver a la vista general<\/a><\/div>\n<\/div>\n\n\n\n<div style=\"height:100px\" aria-hidden=\"true\" class=\"wp-block-spacer\"><\/div>\n\n\n\t\t<div data-elementor-type=\"section\" data-elementor-id=\"15300\" class=\"elementor elementor-15300\" data-elementor-post-type=\"elementor_library\">\n\t\t\t<div class=\"elementor-element elementor-element-7720627 e-flex e-con-boxed e-con e-parent\" data-id=\"7720627\" data-element_type=\"container\" data-e-type=\"container\">\n\t\t\t\t\t<div class=\"e-con-inner\">\n\t\t<div class=\"elementor-element elementor-element-e2d7cf1 e-con-full e-flex e-con e-child\" data-id=\"e2d7cf1\" data-element_type=\"container\" data-e-type=\"container\" data-settings=\"{&quot;background_background&quot;:&quot;classic&quot;}\">\n\t\t<div class=\"elementor-element elementor-element-7f42313 e-con-full e-flex e-con e-child\" data-id=\"7f42313\" data-element_type=\"container\" data-e-type=\"container\">\n\t\t\t\t<div class=\"elementor-element elementor-element-42660e6 elementor-widget elementor-widget-heading\" data-id=\"42660e6\" data-element_type=\"widget\" data-e-type=\"widget\" data-widget_type=\"heading.default\">\n\t\t\t\t<div class=\"elementor-widget-container\">\n\t\t\t\t\t<h2 class=\"elementor-heading-title elementor-size-default\">Bolet\u00edn de energ\u00eda<\/h2>\t\t\t\t<\/div>\n\t\t\t\t<\/div>\n\t\t\t\t<div class=\"elementor-element elementor-element-b495a97 elementor-widget elementor-widget-spacer\" data-id=\"b495a97\" data-element_type=\"widget\" data-e-type=\"widget\" data-widget_type=\"spacer.default\">\n\t\t\t\t<div class=\"elementor-widget-container\">\n\t\t\t\t\t\t\t<div class=\"elementor-spacer\">\n\t\t\t<div class=\"elementor-spacer-inner\"><\/div>\n\t\t<\/div>\n\t\t\t\t\t\t<\/div>\n\t\t\t\t<\/div>\n\t\t\t\t<div class=\"elementor-element elementor-element-916e623 elementor-widget elementor-widget-text-editor\" data-id=\"916e623\" data-element_type=\"widget\" data-e-type=\"widget\" data-widget_type=\"text-editor.default\">\n\t\t\t\t<div class=\"elementor-widget-container\">\n\t\t\t\t\t\t\t\t\t<p>Mant\u00e9ngase siempre al d\u00eda.<\/p><p><strong>Sus ventajas:<\/strong><\/p><p>\u2713 \u00daltimas noticias sobre energ\u00edas renovables<\/p><p>Actualizaciones sobre legislaci\u00f3n energ\u00e9tica y subvenciones<\/p><p>\u2713 Experiencia en temas de energ\u00eda fotovoltaica y sostenibilidad<\/p>\t\t\t\t\t\t\t\t<\/div>\n\t\t\t\t<\/div>\n\t\t\t\t<div class=\"elementor-element elementor-element-a28f7a5 elementor-widget elementor-widget-spacer\" data-id=\"a28f7a5\" data-element_type=\"widget\" data-e-type=\"widget\" data-widget_type=\"spacer.default\">\n\t\t\t\t<div class=\"elementor-widget-container\">\n\t\t\t\t\t\t\t<div class=\"elementor-spacer\">\n\t\t\t<div class=\"elementor-spacer-inner\"><\/div>\n\t\t<\/div>\n\t\t\t\t\t\t<\/div>\n\t\t\t\t<\/div>\n\t\t\t\t<div class=\"elementor-element elementor-element-397a653 elementor-widget elementor-widget-button\" data-id=\"397a653\" data-element_type=\"widget\" data-e-type=\"widget\" data-widget_type=\"button.default\">\n\t\t\t\t<div class=\"elementor-widget-container\">\n\t\t\t\t\t\t\t\t\t<div class=\"elementor-button-wrapper\">\n\t\t\t\t\t<a class=\"elementor-button elementor-button-link elementor-size-sm\" href=\"#elementor-action%3Aaction%3Dpopup%3Aopen%26settings%3DeyJpZCI6IjE1MDQ0IiwidG9nZ2xlIjpmYWxzZX0%3D\">\n\t\t\t\t\t\t<span class=\"elementor-button-content-wrapper\">\n\t\t\t\t\t\t\t\t\t<span class=\"elementor-button-text\">Reg\u00edstrese ahora<\/span>\n\t\t\t\t\t<\/span>\n\t\t\t\t\t<\/a>\n\t\t\t\t<\/div>\n\t\t\t\t\t\t\t\t<\/div>\n\t\t\t\t<\/div>\n\t\t\t\t<\/div>\n\t\t<div class=\"elementor-element elementor-element-0648968 e-con-full e-flex e-con e-child\" data-id=\"0648968\" data-element_type=\"container\" data-e-type=\"container\">\n\t\t\t\t<div class=\"elementor-element elementor-element-e4654f0 elementor-widget elementor-widget-image\" data-id=\"e4654f0\" data-element_type=\"widget\" data-e-type=\"widget\" data-widget_type=\"image.default\">\n\t\t\t\t<div class=\"elementor-widget-container\">\n\t\t\t\t\t\t\t\t\t\t\t\t\t\t\t<img fetchpriority=\"high\" decoding=\"async\" width=\"800\" height=\"600\" src=\"https:\/\/cubeconcepts.de\/wp-content\/uploads\/2024\/06\/Newsletter-Mockup-1024x768.png\" class=\"attachment-large size-large wp-image-15431\" alt=\"\" srcset=\"https:\/\/cubeconcepts.de\/wp-content\/uploads\/2024\/06\/Newsletter-Mockup-1024x768.png 1024w, https:\/\/cubeconcepts.de\/wp-content\/uploads\/2024\/06\/Newsletter-Mockup-300x225.png 300w, https:\/\/cubeconcepts.de\/wp-content\/uploads\/2024\/06\/Newsletter-Mockup-768x576.png 768w, https:\/\/cubeconcepts.de\/wp-content\/uploads\/2024\/06\/Newsletter-Mockup.png 1500w\" sizes=\"(max-width: 800px) 100vw, 800px\" \/>\t\t\t\t\t\t\t\t\t\t\t\t\t\t\t<\/div>\n\t\t\t\t<\/div>\n\t\t\t\t<\/div>\n\t\t\t\t<\/div>\n\t\t\t\t\t<\/div>\n\t\t\t\t<\/div>\n\t\t\t\t<\/div>\n\t\t\n\n\n\n<p><\/p>","protected":false},"excerpt":{"rendered":"<p>Die \u201enationale Leitstelle Ladeinfrastruktur\u201c des Bundesministeriums f\u00fcr Digitales und Verkehr hat seit dem 6. Juni 2024 ein deutschlandweites F\u00f6rderprogramm f\u00fcr Batteriespeicher &amp; Schnellladepunkte initiiert. Antragsberechtigte und Differenzierung Antragsberechtigt sind Unternehmen der gewerblichen Wirtschaft, kommunale Unternehmen, Einzelunternehmer und Freiberufler mit einem Firmensitz in Deutschland. Unterschieden wird dabei zwischen KMU (mit mind. 9 und max. 249 Mitarbeitenden [&hellip;]<\/p>\n","protected":false},"author":3,"featured_media":15015,"comment_status":"closed","ping_status":"open","sticky":false,"template":"","format":"standard","meta":{"_acf_changed":false,"footnotes":""},"categories":[7,1],"tags":[],"class_list":["post-15013","post","type-post","status-publish","format-standard","has-post-thumbnail","hentry","category-solar-news","category-news"],"acf":[],"yoast_head":"<!-- This site is optimized with the Yoast SEO plugin v27.4 - https:\/\/yoast.com\/product\/yoast-seo-wordpress\/ -->\n<title>F\u00f6rderung Speicher &amp; Ladepunkte | CUBE CONCEPTS<\/title>\n<meta name=\"description\" content=\"Jetzt durch das F\u00f6rderprogramm f\u00fcr Batteriespeicher &amp; Schnelladepunkte in nachhaltige und zukunftsorientierte Technologien investieren.\" \/>\n<meta name=\"robots\" content=\"index, follow, max-snippet:-1, max-image-preview:large, max-video-preview:-1\" \/>\n<link rel=\"canonical\" href=\"https:\/\/cubeconcepts.de\/es\/foerderprogramm-fuer-batteriespeicher-schnelladepunkte\/\" \/>\n<meta property=\"og:locale\" content=\"es_ES\" \/>\n<meta property=\"og:type\" content=\"article\" \/>\n<meta property=\"og:title\" content=\"F\u00f6rderung Speicher &amp; Ladepunkte | CUBE CONCEPTS\" \/>\n<meta property=\"og:description\" content=\"Jetzt durch das F\u00f6rderprogramm f\u00fcr Batteriespeicher &amp; Schnelladepunkte in nachhaltige und zukunftsorientierte Technologien investieren.\" \/>\n<meta property=\"og:url\" content=\"https:\/\/cubeconcepts.de\/es\/foerderprogramm-fuer-batteriespeicher-schnelladepunkte\/\" \/>\n<meta property=\"og:site_name\" content=\"CUBE CONCEPTS\" \/>\n<meta property=\"article:published_time\" content=\"2024-06-11T13:46:11+00:00\" \/>\n<meta property=\"article:modified_time\" content=\"2025-02-06T09:17:09+00:00\" \/>\n<meta property=\"og:image\" content=\"https:\/\/cubeconcepts.de\/wp-content\/uploads\/2024\/06\/Foerderprogramm-fuer-Batteriespeicher-und-Schnellladesaeulen.png\" \/>\n\t<meta property=\"og:image:width\" content=\"1329\" \/>\n\t<meta property=\"og:image:height\" content=\"748\" \/>\n\t<meta property=\"og:image:type\" content=\"image\/png\" \/>\n<meta name=\"author\" content=\"Guido Steenmans\" \/>\n<meta name=\"twitter:card\" content=\"summary_large_image\" \/>\n<meta name=\"twitter:label1\" content=\"Escrito por\" \/>\n\t<meta name=\"twitter:data1\" content=\"Guido Steenmans\" \/>\n\t<meta name=\"twitter:label2\" content=\"Tiempo de lectura\" \/>\n\t<meta name=\"twitter:data2\" content=\"3 minutos\" \/>\n<script type=\"application\/ld+json\" class=\"yoast-schema-graph\">{\"@context\":\"https:\\\/\\\/schema.org\",\"@graph\":[{\"@type\":\"Article\",\"@id\":\"https:\\\/\\\/cubeconcepts.de\\\/foerderprogramm-fuer-batteriespeicher-schnelladepunkte\\\/#article\",\"isPartOf\":{\"@id\":\"https:\\\/\\\/cubeconcepts.de\\\/foerderprogramm-fuer-batteriespeicher-schnelladepunkte\\\/\"},\"author\":{\"name\":\"Guido Steenmans\",\"@id\":\"https:\\\/\\\/cubeconcepts.de\\\/#\\\/schema\\\/person\\\/2c762e4ca1ea252f42f23ab33248856e\"},\"headline\":\"F\u00f6rderprogramm f\u00fcr Batteriespeicher &amp; Schnellladepunkte\",\"datePublished\":\"2024-06-11T13:46:11+00:00\",\"dateModified\":\"2025-02-06T09:17:09+00:00\",\"mainEntityOfPage\":{\"@id\":\"https:\\\/\\\/cubeconcepts.de\\\/foerderprogramm-fuer-batteriespeicher-schnelladepunkte\\\/\"},\"wordCount\":406,\"publisher\":{\"@id\":\"https:\\\/\\\/cubeconcepts.de\\\/#organization\"},\"image\":{\"@id\":\"https:\\\/\\\/cubeconcepts.de\\\/foerderprogramm-fuer-batteriespeicher-schnelladepunkte\\\/#primaryimage\"},\"thumbnailUrl\":\"https:\\\/\\\/cubeconcepts.de\\\/wp-content\\\/uploads\\\/2024\\\/06\\\/Foerderprogramm-fuer-Batteriespeicher-und-Schnellladesaeulen.png\",\"articleSection\":[\"Energiemarkt News\",\"News Archive\"],\"inLanguage\":\"es\"},{\"@type\":\"WebPage\",\"@id\":\"https:\\\/\\\/cubeconcepts.de\\\/foerderprogramm-fuer-batteriespeicher-schnelladepunkte\\\/\",\"url\":\"https:\\\/\\\/cubeconcepts.de\\\/foerderprogramm-fuer-batteriespeicher-schnelladepunkte\\\/\",\"name\":\"F\u00f6rderung Speicher & Ladepunkte | CUBE CONCEPTS\",\"isPartOf\":{\"@id\":\"https:\\\/\\\/cubeconcepts.de\\\/#website\"},\"primaryImageOfPage\":{\"@id\":\"https:\\\/\\\/cubeconcepts.de\\\/foerderprogramm-fuer-batteriespeicher-schnelladepunkte\\\/#primaryimage\"},\"image\":{\"@id\":\"https:\\\/\\\/cubeconcepts.de\\\/foerderprogramm-fuer-batteriespeicher-schnelladepunkte\\\/#primaryimage\"},\"thumbnailUrl\":\"https:\\\/\\\/cubeconcepts.de\\\/wp-content\\\/uploads\\\/2024\\\/06\\\/Foerderprogramm-fuer-Batteriespeicher-und-Schnellladesaeulen.png\",\"datePublished\":\"2024-06-11T13:46:11+00:00\",\"dateModified\":\"2025-02-06T09:17:09+00:00\",\"description\":\"Jetzt durch das F\u00f6rderprogramm f\u00fcr Batteriespeicher & Schnelladepunkte in nachhaltige und zukunftsorientierte Technologien investieren.\",\"breadcrumb\":{\"@id\":\"https:\\\/\\\/cubeconcepts.de\\\/foerderprogramm-fuer-batteriespeicher-schnelladepunkte\\\/#breadcrumb\"},\"inLanguage\":\"es\",\"potentialAction\":[{\"@type\":\"ReadAction\",\"target\":[\"https:\\\/\\\/cubeconcepts.de\\\/foerderprogramm-fuer-batteriespeicher-schnelladepunkte\\\/\"]}]},{\"@type\":\"ImageObject\",\"inLanguage\":\"es\",\"@id\":\"https:\\\/\\\/cubeconcepts.de\\\/foerderprogramm-fuer-batteriespeicher-schnelladepunkte\\\/#primaryimage\",\"url\":\"https:\\\/\\\/cubeconcepts.de\\\/wp-content\\\/uploads\\\/2024\\\/06\\\/Foerderprogramm-fuer-Batteriespeicher-und-Schnellladesaeulen.png\",\"contentUrl\":\"https:\\\/\\\/cubeconcepts.de\\\/wp-content\\\/uploads\\\/2024\\\/06\\\/Foerderprogramm-fuer-Batteriespeicher-und-Schnellladesaeulen.png\",\"width\":1329,\"height\":748,\"caption\":\"F\u00f6rderprogramm f\u00fcr Batteriespeicher und Schnelllades\u00e4ulen\"},{\"@type\":\"BreadcrumbList\",\"@id\":\"https:\\\/\\\/cubeconcepts.de\\\/foerderprogramm-fuer-batteriespeicher-schnelladepunkte\\\/#breadcrumb\",\"itemListElement\":[{\"@type\":\"ListItem\",\"position\":1,\"name\":\"Startseite\",\"item\":\"https:\\\/\\\/cubeconcepts.de\\\/\"},{\"@type\":\"ListItem\",\"position\":2,\"name\":\"F\u00f6rderprogramm f\u00fcr Batteriespeicher &amp; Schnellladepunkte\"}]},{\"@type\":\"WebSite\",\"@id\":\"https:\\\/\\\/cubeconcepts.de\\\/#website\",\"url\":\"https:\\\/\\\/cubeconcepts.de\\\/\",\"name\":\"CUBE CONCEPTS\",\"description\":\"Ihr PV-Architekt &amp; Full-Service-Partner f\u00fcr\",\"publisher\":{\"@id\":\"https:\\\/\\\/cubeconcepts.de\\\/#organization\"},\"potentialAction\":[{\"@type\":\"SearchAction\",\"target\":{\"@type\":\"EntryPoint\",\"urlTemplate\":\"https:\\\/\\\/cubeconcepts.de\\\/?s={search_term_string}\"},\"query-input\":{\"@type\":\"PropertyValueSpecification\",\"valueRequired\":true,\"valueName\":\"search_term_string\"}}],\"inLanguage\":\"es\"},{\"@type\":\"Organization\",\"@id\":\"https:\\\/\\\/cubeconcepts.de\\\/#organization\",\"name\":\"CUBE CONCEPTS\",\"url\":\"https:\\\/\\\/cubeconcepts.de\\\/\",\"logo\":{\"@type\":\"ImageObject\",\"inLanguage\":\"es\",\"@id\":\"https:\\\/\\\/cubeconcepts.de\\\/#\\\/schema\\\/logo\\\/image\\\/\",\"url\":\"https:\\\/\\\/cubeconcepts.de\\\/wp-content\\\/uploads\\\/2023\\\/01\\\/CUBE_CONCEPT-Logo.png\",\"contentUrl\":\"https:\\\/\\\/cubeconcepts.de\\\/wp-content\\\/uploads\\\/2023\\\/01\\\/CUBE_CONCEPT-Logo.png\",\"width\":644,\"height\":207,\"caption\":\"CUBE CONCEPTS\"},\"image\":{\"@id\":\"https:\\\/\\\/cubeconcepts.de\\\/#\\\/schema\\\/logo\\\/image\\\/\"}},{\"@type\":\"Person\",\"@id\":\"https:\\\/\\\/cubeconcepts.de\\\/#\\\/schema\\\/person\\\/2c762e4ca1ea252f42f23ab33248856e\",\"name\":\"Guido Steenmans\",\"image\":{\"@type\":\"ImageObject\",\"inLanguage\":\"es\",\"@id\":\"https:\\\/\\\/secure.gravatar.com\\\/avatar\\\/e2e7f154cb43615d2863003e03aa7b5d90c4ec5a78860dc5cf1d71cae0db283f?s=96&d=mm&r=g\",\"url\":\"https:\\\/\\\/secure.gravatar.com\\\/avatar\\\/e2e7f154cb43615d2863003e03aa7b5d90c4ec5a78860dc5cf1d71cae0db283f?s=96&d=mm&r=g\",\"contentUrl\":\"https:\\\/\\\/secure.gravatar.com\\\/avatar\\\/e2e7f154cb43615d2863003e03aa7b5d90c4ec5a78860dc5cf1d71cae0db283f?s=96&d=mm&r=g\",\"caption\":\"Guido Steenmans\"}}]}<\/script>\n<!-- \/ Yoast SEO plugin. -->","yoast_head_json":{"title":"F\u00f6rderung Speicher & Ladepunkte | CUBE CONCEPTS","description":"Jetzt durch das F\u00f6rderprogramm f\u00fcr Batteriespeicher & Schnelladepunkte in nachhaltige und zukunftsorientierte Technologien investieren.","robots":{"index":"index","follow":"follow","max-snippet":"max-snippet:-1","max-image-preview":"max-image-preview:large","max-video-preview":"max-video-preview:-1"},"canonical":"https:\/\/cubeconcepts.de\/es\/foerderprogramm-fuer-batteriespeicher-schnelladepunkte\/","og_locale":"es_ES","og_type":"article","og_title":"F\u00f6rderung Speicher & Ladepunkte | CUBE CONCEPTS","og_description":"Jetzt durch das F\u00f6rderprogramm f\u00fcr Batteriespeicher & Schnelladepunkte in nachhaltige und zukunftsorientierte Technologien investieren.","og_url":"https:\/\/cubeconcepts.de\/es\/foerderprogramm-fuer-batteriespeicher-schnelladepunkte\/","og_site_name":"CUBE CONCEPTS","article_published_time":"2024-06-11T13:46:11+00:00","article_modified_time":"2025-02-06T09:17:09+00:00","og_image":[{"width":1329,"height":748,"url":"https:\/\/cubeconcepts.de\/wp-content\/uploads\/2024\/06\/Foerderprogramm-fuer-Batteriespeicher-und-Schnellladesaeulen.png","type":"image\/png"}],"author":"Guido Steenmans","twitter_card":"summary_large_image","twitter_misc":{"Escrito por":"Guido Steenmans","Tiempo de lectura":"3 minutos"},"schema":{"@context":"https:\/\/schema.org","@graph":[{"@type":"Article","@id":"https:\/\/cubeconcepts.de\/foerderprogramm-fuer-batteriespeicher-schnelladepunkte\/#article","isPartOf":{"@id":"https:\/\/cubeconcepts.de\/foerderprogramm-fuer-batteriespeicher-schnelladepunkte\/"},"author":{"name":"Guido Steenmans","@id":"https:\/\/cubeconcepts.de\/#\/schema\/person\/2c762e4ca1ea252f42f23ab33248856e"},"headline":"F\u00f6rderprogramm f\u00fcr Batteriespeicher &amp; Schnellladepunkte","datePublished":"2024-06-11T13:46:11+00:00","dateModified":"2025-02-06T09:17:09+00:00","mainEntityOfPage":{"@id":"https:\/\/cubeconcepts.de\/foerderprogramm-fuer-batteriespeicher-schnelladepunkte\/"},"wordCount":406,"publisher":{"@id":"https:\/\/cubeconcepts.de\/#organization"},"image":{"@id":"https:\/\/cubeconcepts.de\/foerderprogramm-fuer-batteriespeicher-schnelladepunkte\/#primaryimage"},"thumbnailUrl":"https:\/\/cubeconcepts.de\/wp-content\/uploads\/2024\/06\/Foerderprogramm-fuer-Batteriespeicher-und-Schnellladesaeulen.png","articleSection":["Energiemarkt News","News Archive"],"inLanguage":"es"},{"@type":"WebPage","@id":"https:\/\/cubeconcepts.de\/foerderprogramm-fuer-batteriespeicher-schnelladepunkte\/","url":"https:\/\/cubeconcepts.de\/foerderprogramm-fuer-batteriespeicher-schnelladepunkte\/","name":"F\u00f6rderung Speicher & Ladepunkte | CUBE CONCEPTS","isPartOf":{"@id":"https:\/\/cubeconcepts.de\/#website"},"primaryImageOfPage":{"@id":"https:\/\/cubeconcepts.de\/foerderprogramm-fuer-batteriespeicher-schnelladepunkte\/#primaryimage"},"image":{"@id":"https:\/\/cubeconcepts.de\/foerderprogramm-fuer-batteriespeicher-schnelladepunkte\/#primaryimage"},"thumbnailUrl":"https:\/\/cubeconcepts.de\/wp-content\/uploads\/2024\/06\/Foerderprogramm-fuer-Batteriespeicher-und-Schnellladesaeulen.png","datePublished":"2024-06-11T13:46:11+00:00","dateModified":"2025-02-06T09:17:09+00:00","description":"Jetzt durch das F\u00f6rderprogramm f\u00fcr Batteriespeicher & Schnelladepunkte in nachhaltige und zukunftsorientierte Technologien investieren.","breadcrumb":{"@id":"https:\/\/cubeconcepts.de\/foerderprogramm-fuer-batteriespeicher-schnelladepunkte\/#breadcrumb"},"inLanguage":"es","potentialAction":[{"@type":"ReadAction","target":["https:\/\/cubeconcepts.de\/foerderprogramm-fuer-batteriespeicher-schnelladepunkte\/"]}]},{"@type":"ImageObject","inLanguage":"es","@id":"https:\/\/cubeconcepts.de\/foerderprogramm-fuer-batteriespeicher-schnelladepunkte\/#primaryimage","url":"https:\/\/cubeconcepts.de\/wp-content\/uploads\/2024\/06\/Foerderprogramm-fuer-Batteriespeicher-und-Schnellladesaeulen.png","contentUrl":"https:\/\/cubeconcepts.de\/wp-content\/uploads\/2024\/06\/Foerderprogramm-fuer-Batteriespeicher-und-Schnellladesaeulen.png","width":1329,"height":748,"caption":"F\u00f6rderprogramm f\u00fcr Batteriespeicher und Schnelllades\u00e4ulen"},{"@type":"BreadcrumbList","@id":"https:\/\/cubeconcepts.de\/foerderprogramm-fuer-batteriespeicher-schnelladepunkte\/#breadcrumb","itemListElement":[{"@type":"ListItem","position":1,"name":"Startseite","item":"https:\/\/cubeconcepts.de\/"},{"@type":"ListItem","position":2,"name":"F\u00f6rderprogramm f\u00fcr Batteriespeicher &amp; Schnellladepunkte"}]},{"@type":"WebSite","@id":"https:\/\/cubeconcepts.de\/#website","url":"https:\/\/cubeconcepts.de\/","name":"CONCEPTOS DE CUBO","description":"Su arquitecto fotovoltaico y socio de servicios integrales para","publisher":{"@id":"https:\/\/cubeconcepts.de\/#organization"},"potentialAction":[{"@type":"SearchAction","target":{"@type":"EntryPoint","urlTemplate":"https:\/\/cubeconcepts.de\/?s={search_term_string}"},"query-input":{"@type":"PropertyValueSpecification","valueRequired":true,"valueName":"search_term_string"}}],"inLanguage":"es"},{"@type":"Organization","@id":"https:\/\/cubeconcepts.de\/#organization","name":"CONCEPTOS DE CUBO","url":"https:\/\/cubeconcepts.de\/","logo":{"@type":"ImageObject","inLanguage":"es","@id":"https:\/\/cubeconcepts.de\/#\/schema\/logo\/image\/","url":"https:\/\/cubeconcepts.de\/wp-content\/uploads\/2023\/01\/CUBE_CONCEPT-Logo.png","contentUrl":"https:\/\/cubeconcepts.de\/wp-content\/uploads\/2023\/01\/CUBE_CONCEPT-Logo.png","width":644,"height":207,"caption":"CUBE CONCEPTS"},"image":{"@id":"https:\/\/cubeconcepts.de\/#\/schema\/logo\/image\/"}},{"@type":"Person","@id":"https:\/\/cubeconcepts.de\/#\/schema\/person\/2c762e4ca1ea252f42f23ab33248856e","name":"Guido Steenmans","image":{"@type":"ImageObject","inLanguage":"es","@id":"https:\/\/secure.gravatar.com\/avatar\/e2e7f154cb43615d2863003e03aa7b5d90c4ec5a78860dc5cf1d71cae0db283f?s=96&d=mm&r=g","url":"https:\/\/secure.gravatar.com\/avatar\/e2e7f154cb43615d2863003e03aa7b5d90c4ec5a78860dc5cf1d71cae0db283f?s=96&d=mm&r=g","contentUrl":"https:\/\/secure.gravatar.com\/avatar\/e2e7f154cb43615d2863003e03aa7b5d90c4ec5a78860dc5cf1d71cae0db283f?s=96&d=mm&r=g","caption":"Guido Steenmans"}}]}},"_links":{"self":[{"href":"https:\/\/cubeconcepts.de\/es\/wp-json\/wp\/v2\/posts\/15013","targetHints":{"allow":["GET"]}}],"collection":[{"href":"https:\/\/cubeconcepts.de\/es\/wp-json\/wp\/v2\/posts"}],"about":[{"href":"https:\/\/cubeconcepts.de\/es\/wp-json\/wp\/v2\/types\/post"}],"author":[{"embeddable":true,"href":"https:\/\/cubeconcepts.de\/es\/wp-json\/wp\/v2\/users\/3"}],"replies":[{"embeddable":true,"href":"https:\/\/cubeconcepts.de\/es\/wp-json\/wp\/v2\/comments?post=15013"}],"version-history":[{"count":0,"href":"https:\/\/cubeconcepts.de\/es\/wp-json\/wp\/v2\/posts\/15013\/revisions"}],"wp:featuredmedia":[{"embeddable":true,"href":"https:\/\/cubeconcepts.de\/es\/wp-json\/wp\/v2\/media\/15015"}],"wp:attachment":[{"href":"https:\/\/cubeconcepts.de\/es\/wp-json\/wp\/v2\/media?parent=15013"}],"wp:term":[{"taxonomy":"category","embeddable":true,"href":"https:\/\/cubeconcepts.de\/es\/wp-json\/wp\/v2\/categories?post=15013"},{"taxonomy":"post_tag","embeddable":true,"href":"https:\/\/cubeconcepts.de\/es\/wp-json\/wp\/v2\/tags?post=15013"}],"curies":[{"name":"wp","href":"https:\/\/api.w.org\/{rel}","templated":true}]}}