{"id":34206,"date":"2026-09-01T16:16:38","date_gmt":"2026-09-01T14:16:38","guid":{"rendered":"https:\/\/cubeconcepts.de\/?p=34206"},"modified":"2026-09-01T16:16:39","modified_gmt":"2026-09-01T14:16:39","slug":"cube-concepts-is-growing-five-new-employees-are-joining-the-team-in-kaarst","status":"publish","type":"post","link":"https:\/\/cubeconcepts.de\/en\/cube-concepts-waechst-fuenf-neue-mitarbeiter-verstaerken-das-team-in-kaarst\/","title":{"rendered":"CUBE CONCEPTS is growing: Five new employees strengthen the team in Kaarst"},"content":{"rendered":"<h2 class=\"wp-block-heading\">Five new employees are starting at CUBE CONCEPTS<\/h2>\n\n\n\n<p class=\"wp-block-paragraph\">With five new colleagues, September begins at CUBE CONCEPTS with a significant personnel reinforcement. The new employees bring various professional focuses and experiences and will support important areas of the company in the future.<\/p>\n\n\n\n<p class=\"wp-block-paragraph\">New to the team are:<\/p>\n\n\n\n<ul class=\"wp-block-list\">\n<li><strong>Amir Zaheri<\/strong> as a Technical System Planner<\/li>\n\n\n\n<li><strong>Kai R\u00f6pe<\/strong> as Chief Financial Officer<\/li>\n\n\n\n<li><strong>Stephan S\u00f6hngen<\/strong> as corporate counsel<\/li>\n\n\n\n<li><strong>Stefan Birkle<\/strong> as corporate counsel<\/li>\n\n\n\n<li><strong>Xi Xie<\/strong> as corporate counsel<\/li>\n<\/ul>\n\n\n\n<p class=\"wp-block-paragraph\"><\/p>\n\n\n\n<p class=\"wp-block-paragraph\">With the new hires, CUBE CONCEPTS is strengthening its technical and commercial structures as well as the legal and regulatory departments. In doing so, the company is creating additional capacity for the further development of its projects and business areas.<\/p>\n\n\n\n<figure class=\"wp-block-image size-large\"><img fetchpriority=\"high\" decoding=\"async\" width=\"1024\" height=\"768\" src=\"https:\/\/cubeconcepts.de\/wp-content\/uploads\/2026\/09\/2026-09-01_Neue_Mitarbeiter-1-1024x768.jpg\" alt=\"\" class=\"wp-image-34207\" srcset=\"https:\/\/cubeconcepts.de\/wp-content\/uploads\/2026\/09\/2026-09-01_Neue_Mitarbeiter-1-1024x768.jpg 1024w, https:\/\/cubeconcepts.de\/wp-content\/uploads\/2026\/09\/2026-09-01_Neue_Mitarbeiter-1-300x225.jpg 300w, https:\/\/cubeconcepts.de\/wp-content\/uploads\/2026\/09\/2026-09-01_Neue_Mitarbeiter-1-768x576.jpg 768w, https:\/\/cubeconcepts.de\/wp-content\/uploads\/2026\/09\/2026-09-01_Neue_Mitarbeiter-1-1536x1152.jpg 1536w, https:\/\/cubeconcepts.de\/wp-content\/uploads\/2026\/09\/2026-09-01_Neue_Mitarbeiter-1-2048x1536.jpg 2048w, https:\/\/cubeconcepts.de\/wp-content\/uploads\/2026\/09\/2026-09-01_Neue_Mitarbeiter-1-16x12.jpg 16w\" sizes=\"(max-width: 1024px) 100vw, 1024px\" \/><figcaption class=\"wp-element-caption\"><em>from left: Kai R\u00f6pe, Xi Xie, Amir Zaheri, Stefan Birkle and Stephan S\u00f6hngen<\/em><\/figcaption><\/figure>\n\n\n\n<h2 class=\"wp-block-heading\">Legal department is being restructured with three in-house counsel<\/h2>\n\n\n\n<p class=\"wp-block-paragraph\">A particular focus of the personnel reinforcement is on <strong>Legal Department of CUBE CONCEPTS<\/strong>. With Stephan S\u00f6hngen, Stefan Birkle, and Xi Xie, no fewer than three in-house counsel are joining the company on September 1.<\/p>\n\n\n\n<p class=\"wp-block-paragraph\">The expansion is a logical response to the growing importance of legal and regulatory issues in the energy sector. The development and implementation of large-scale energy projects are increasingly shaped by complex legal regulations, energy law requirements, and extensive contractual frameworks.<\/p>\n\n\n\n<p class=\"wp-block-paragraph\">Ob <a href=\"https:\/\/cubeconcepts.de\/en\/photovoltaics\/\" data-type=\"page\" data-id=\"28902\">Photovoltaics<\/a>, <a href=\"https:\/\/cubeconcepts.de\/en\/battery-storage\/\" data-type=\"page\" data-id=\"28816\">Battery storage<\/a>, Whether grid connection, power marketing, or new regulatory frameworks: legal issues today are closely intertwined with technical and economic project development.<\/p>\n\n\n\n<p class=\"wp-block-paragraph\">By building its own significantly expanded legal team, CUBE CONCEPTS will be able to handle these matters even more internally in the future. Legal expertise will thus be integrated into projects and business decisions at an early stage.<\/p>\n\n\n\n<h2 class=\"wp-block-heading\">Technical and commercial expertise is also being expanded<\/h2>\n\n\n\n<p class=\"wp-block-paragraph\">In addition to the legal department, CUBE CONCEPTS is also strengthening its technical and commercial structures.<\/p>\n\n\n\n<p class=\"wp-block-paragraph\">As <strong>Technical System Planner<\/strong> Amir Zaheri will support the technical planning and implementation of the energy projects in the future. Especially in the case of larger photovoltaic and energy projects, precise technical planning is an important basis for efficient project development and execution.<\/p>\n\n\n\n<p class=\"wp-block-paragraph\">With <strong>Kai R\u00f6pe as Commercial Director<\/strong> the commercial organization is also being further developed. The position creates additional capacity for managing and further developing the commercial processes and structures within the company.<\/p>\n\n\n\n<p class=\"wp-block-paragraph\">With this, CUBE CONCEPTS is not relying solely on further personnel growth, but is specifically strengthening its expertise in areas that are of central importance to the company's further development.<\/p>\n\n\n\n<h2 class=\"wp-block-heading\">Growth in the energy sector requires new structures<\/h2>\n\n\n\n<p class=\"wp-block-paragraph\">The energy market is undergoing dynamic transformation. New regulatory requirements, increasing demands on energy projects, and the growing importance of photovoltaics, battery storage systems, and intelligent energy management are also changing the requirements for project developers and energy service providers.<\/p>\n\n\n\n<p class=\"wp-block-paragraph\">For CUBE CONCEPTS, therefore, growth means not only more projects, but also the continuous expansion of its own organization. Technical planning, commercial management, as well as legal and regulatory expertise must work closely together in the process.<\/p>\n\n\n\n<p class=\"wp-block-paragraph\">With the five new hires effective September 1, 2026, CUBE CONCEPTS is expanding its internal expertise in precisely these areas.<\/p>\n\n\n\n<h2 class=\"wp-block-heading\">CUBE CONCEPTS is expanding its competencies for the future<\/h2>\n\n\n\n<p class=\"wp-block-paragraph\">The new employees are thus another building block in the strategic development of CUBE CONCEPTS. In particular, the expansion of the legal department creates additional expertise for the increasing complexity of the energy market.<\/p>\n\n\n\n<p class=\"wp-block-paragraph\">We are pleased to welcome Amir Zaheri, Kai R\u00f6pe, Stephan S\u00f6hngen, Stefan Birkle, and Xi Xie to the CUBE CONCEPTS team and to take the next steps in our company's development together.<\/p>\n\n\n\n<p class=\"wp-block-paragraph\">Welcome to Kaarst!<\/p>\n\n\n\n<p class=\"wp-block-paragraph\"><\/p>","protected":false},"excerpt":{"rendered":"<p>We are continuing our growth trajectory and selectively expanding our capabilities. As of September 1, 2026, five new employees started at the headquarters in Kaarst \u2013 including three in-house legal counsels who are restructuring and significantly strengthening the energy company's legal department.<\/p>","protected":false},"author":3,"featured_media":34207,"comment_status":"closed","ping_status":"open","sticky":false,"template":"","format":"standard","meta":{"_acf_changed":false,"footnotes":""},"categories":[21],"tags":[],"class_list":["post-34206","post","type-post","status-publish","format-standard","has-post-thumbnail","hentry","category-cube-concepts-news"],"acf":[],"yoast_head":"<!-- This site is optimized with the Yoast SEO plugin v28.4 - https:\/\/yoast.com\/product\/yoast-seo-wordpress\/ -->\n<title>CUBE CONCEPTS w\u00e4chst: 5 neue Mitarbeiter in Kaarst | CUBE CONCEPTS<\/title>\n<meta name=\"description\" content=\"CUBE CONCEPTS w\u00e4chst weiter: 5 neue Mitarbeiter verst\u00e4rken seit September 2026 das Team in Kaarst. Die Legal-Abteilung wird neu aufgestellt.\" \/>\n<meta name=\"robots\" content=\"index, follow, max-snippet:-1, max-image-preview:large, max-video-preview:-1\" \/>\n<link rel=\"canonical\" href=\"https:\/\/cubeconcepts.de\/en\/cube-concepts-is-growing-five-new-employees-are-joining-the-team-in-kaarst\/\" \/>\n<meta property=\"og:locale\" content=\"en_US\" \/>\n<meta property=\"og:type\" content=\"article\" \/>\n<meta property=\"og:title\" content=\"CUBE CONCEPTS w\u00e4chst: 5 neue Mitarbeiter in Kaarst | CUBE CONCEPTS\" \/>\n<meta property=\"og:description\" content=\"CUBE CONCEPTS w\u00e4chst weiter: 5 neue Mitarbeiter verst\u00e4rken seit September 2026 das Team in Kaarst. Die Legal-Abteilung wird neu aufgestellt.\" \/>\n<meta property=\"og:url\" content=\"https:\/\/cubeconcepts.de\/en\/cube-concepts-is-growing-five-new-employees-are-joining-the-team-in-kaarst\/\" \/>\n<meta property=\"og:site_name\" content=\"CUBE CONCEPTS\" \/>\n<meta property=\"article:published_time\" content=\"2026-09-01T14:16:38+00:00\" \/>\n<meta property=\"article:modified_time\" content=\"2026-09-01T14:16:39+00:00\" \/>\n<meta property=\"og:image\" content=\"https:\/\/cubeconcepts.de\/wp-content\/uploads\/2026\/09\/2026-09-01_Neue_Mitarbeiter-1-scaled.jpg\" \/>\n\t<meta property=\"og:image:width\" content=\"2560\" \/>\n\t<meta property=\"og:image:height\" content=\"1920\" \/>\n\t<meta property=\"og:image:type\" content=\"image\/jpeg\" \/>\n<meta name=\"author\" content=\"Guido Steenmans\" \/>\n<meta name=\"twitter:card\" content=\"summary_large_image\" \/>\n<meta name=\"twitter:label1\" content=\"Written by\" \/>\n\t<meta name=\"twitter:data1\" content=\"Guido Steenmans\" \/>\n\t<meta name=\"twitter:label2\" content=\"Est. reading time\" \/>\n\t<meta name=\"twitter:data2\" content=\"4 minutes\" \/>\n<script type=\"application\/ld+json\" class=\"yoast-schema-graph\">{\"@context\":\"https:\\\/\\\/schema.org\",\"@graph\":[{\"@type\":\"Article\",\"@id\":\"https:\\\/\\\/cubeconcepts.de\\\/cube-concepts-waechst-fuenf-neue-mitarbeiter-verstaerken-das-team-in-kaarst\\\/#article\",\"isPartOf\":{\"@id\":\"https:\\\/\\\/cubeconcepts.de\\\/cube-concepts-waechst-fuenf-neue-mitarbeiter-verstaerken-das-team-in-kaarst\\\/\"},\"author\":{\"name\":\"Guido Steenmans\",\"@id\":\"https:\\\/\\\/cubeconcepts.de\\\/fr\\\/#\\\/schema\\\/person\\\/2c762e4ca1ea252f42f23ab33248856e\"},\"headline\":\"CUBE CONCEPTS w\u00e4chst: F\u00fcnf neue Mitarbeiter verst\u00e4rken das Team in Kaarst\",\"datePublished\":\"2026-09-01T14:16:38+00:00\",\"dateModified\":\"2026-09-01T14:16:39+00:00\",\"mainEntityOfPage\":{\"@id\":\"https:\\\/\\\/cubeconcepts.de\\\/cube-concepts-waechst-fuenf-neue-mitarbeiter-verstaerken-das-team-in-kaarst\\\/\"},\"wordCount\":568,\"publisher\":{\"@id\":\"https:\\\/\\\/cubeconcepts.de\\\/fr\\\/#organization\"},\"image\":{\"@id\":\"https:\\\/\\\/cubeconcepts.de\\\/cube-concepts-waechst-fuenf-neue-mitarbeiter-verstaerken-das-team-in-kaarst\\\/#primaryimage\"},\"thumbnailUrl\":\"https:\\\/\\\/cubeconcepts.de\\\/wp-content\\\/uploads\\\/2026\\\/09\\\/2026-09-01_Neue_Mitarbeiter-1-scaled.jpg\",\"articleSection\":[\"CUBE CONCEPTS News: Neueste Infos zum Unternehmen\"],\"inLanguage\":\"en-US\"},{\"@type\":\"WebPage\",\"@id\":\"https:\\\/\\\/cubeconcepts.de\\\/cube-concepts-waechst-fuenf-neue-mitarbeiter-verstaerken-das-team-in-kaarst\\\/\",\"url\":\"https:\\\/\\\/cubeconcepts.de\\\/cube-concepts-waechst-fuenf-neue-mitarbeiter-verstaerken-das-team-in-kaarst\\\/\",\"name\":\"CUBE CONCEPTS w\u00e4chst: 5 neue Mitarbeiter in Kaarst | CUBE CONCEPTS\",\"isPartOf\":{\"@id\":\"https:\\\/\\\/cubeconcepts.de\\\/fr\\\/#website\"},\"primaryImageOfPage\":{\"@id\":\"https:\\\/\\\/cubeconcepts.de\\\/cube-concepts-waechst-fuenf-neue-mitarbeiter-verstaerken-das-team-in-kaarst\\\/#primaryimage\"},\"image\":{\"@id\":\"https:\\\/\\\/cubeconcepts.de\\\/cube-concepts-waechst-fuenf-neue-mitarbeiter-verstaerken-das-team-in-kaarst\\\/#primaryimage\"},\"thumbnailUrl\":\"https:\\\/\\\/cubeconcepts.de\\\/wp-content\\\/uploads\\\/2026\\\/09\\\/2026-09-01_Neue_Mitarbeiter-1-scaled.jpg\",\"datePublished\":\"2026-09-01T14:16:38+00:00\",\"dateModified\":\"2026-09-01T14:16:39+00:00\",\"description\":\"CUBE CONCEPTS w\u00e4chst weiter: 5 neue Mitarbeiter verst\u00e4rken seit September 2026 das Team in Kaarst. Die Legal-Abteilung wird neu aufgestellt.\",\"breadcrumb\":{\"@id\":\"https:\\\/\\\/cubeconcepts.de\\\/cube-concepts-waechst-fuenf-neue-mitarbeiter-verstaerken-das-team-in-kaarst\\\/#breadcrumb\"},\"inLanguage\":\"en-US\",\"potentialAction\":[{\"@type\":\"ReadAction\",\"target\":[\"https:\\\/\\\/cubeconcepts.de\\\/cube-concepts-waechst-fuenf-neue-mitarbeiter-verstaerken-das-team-in-kaarst\\\/\"]}]},{\"@type\":\"ImageObject\",\"inLanguage\":\"en-US\",\"@id\":\"https:\\\/\\\/cubeconcepts.de\\\/cube-concepts-waechst-fuenf-neue-mitarbeiter-verstaerken-das-team-in-kaarst\\\/#primaryimage\",\"url\":\"https:\\\/\\\/cubeconcepts.de\\\/wp-content\\\/uploads\\\/2026\\\/09\\\/2026-09-01_Neue_Mitarbeiter-1-scaled.jpg\",\"contentUrl\":\"https:\\\/\\\/cubeconcepts.de\\\/wp-content\\\/uploads\\\/2026\\\/09\\\/2026-09-01_Neue_Mitarbeiter-1-scaled.jpg\",\"width\":2560,\"height\":1920,\"caption\":\"CUBE CONCEPTS w\u00e4chst weiter ab September 2026\"},{\"@type\":\"BreadcrumbList\",\"@id\":\"https:\\\/\\\/cubeconcepts.de\\\/cube-concepts-waechst-fuenf-neue-mitarbeiter-verstaerken-das-team-in-kaarst\\\/#breadcrumb\",\"itemListElement\":[{\"@type\":\"ListItem\",\"position\":1,\"name\":\"Startseite\",\"item\":\"https:\\\/\\\/cubeconcepts.de\\\/\"},{\"@type\":\"ListItem\",\"position\":2,\"name\":\"CUBE CONCEPTS w\u00e4chst: F\u00fcnf neue Mitarbeiter verst\u00e4rken das Team in Kaarst\"}]},{\"@type\":\"WebSite\",\"@id\":\"https:\\\/\\\/cubeconcepts.de\\\/fr\\\/#website\",\"url\":\"https:\\\/\\\/cubeconcepts.de\\\/fr\\\/\",\"name\":\"CUBE CONCEPTS\",\"description\":\"Energiesysteme f\u00fcr Unternehmen\",\"publisher\":{\"@id\":\"https:\\\/\\\/cubeconcepts.de\\\/fr\\\/#organization\"},\"potentialAction\":[{\"@type\":\"SearchAction\",\"target\":{\"@type\":\"EntryPoint\",\"urlTemplate\":\"https:\\\/\\\/cubeconcepts.de\\\/fr\\\/?s={search_term_string}\"},\"query-input\":{\"@type\":\"PropertyValueSpecification\",\"valueRequired\":true,\"valueName\":\"search_term_string\"}}],\"inLanguage\":\"en-US\"},{\"@type\":\"Organization\",\"@id\":\"https:\\\/\\\/cubeconcepts.de\\\/fr\\\/#organization\",\"name\":\"CUBE CONCEPTS\",\"url\":\"https:\\\/\\\/cubeconcepts.de\\\/fr\\\/\",\"logo\":{\"@type\":\"ImageObject\",\"inLanguage\":\"en-US\",\"@id\":\"https:\\\/\\\/cubeconcepts.de\\\/fr\\\/#\\\/schema\\\/logo\\\/image\\\/\",\"url\":\"https:\\\/\\\/cubeconcepts.de\\\/wp-content\\\/uploads\\\/2023\\\/01\\\/CUBE_CONCEPT-Logo.png\",\"contentUrl\":\"https:\\\/\\\/cubeconcepts.de\\\/wp-content\\\/uploads\\\/2023\\\/01\\\/CUBE_CONCEPT-Logo.png\",\"width\":644,\"height\":207,\"caption\":\"CUBE CONCEPTS\"},\"image\":{\"@id\":\"https:\\\/\\\/cubeconcepts.de\\\/fr\\\/#\\\/schema\\\/logo\\\/image\\\/\"}},{\"@type\":\"Person\",\"@id\":\"https:\\\/\\\/cubeconcepts.de\\\/fr\\\/#\\\/schema\\\/person\\\/2c762e4ca1ea252f42f23ab33248856e\",\"name\":\"Guido Steenmans\",\"image\":{\"@type\":\"ImageObject\",\"inLanguage\":\"en-US\",\"@id\":\"https:\\\/\\\/cubeconcepts.de\\\/wp-content\\\/uploads\\\/2025\\\/11\\\/cropped-Guido-Steenmanns-hoch-scaled-1-96x96.jpg\",\"url\":\"https:\\\/\\\/cubeconcepts.de\\\/wp-content\\\/uploads\\\/2025\\\/11\\\/cropped-Guido-Steenmanns-hoch-scaled-1-96x96.jpg\",\"contentUrl\":\"https:\\\/\\\/cubeconcepts.de\\\/wp-content\\\/uploads\\\/2025\\\/11\\\/cropped-Guido-Steenmanns-hoch-scaled-1-96x96.jpg\",\"caption\":\"Guido Steenmans\"}}]}<\/script>\n<!-- \/ Yoast SEO plugin. -->","yoast_head_json":{"title":"CUBE CONCEPTS is growing: 5 new employees in Kaarst | CUBE CONCEPTS","description":"CUBE CONCEPTS continues to grow: 5 new employees have joined the team in Kaarst since September 2026. The legal department is being restructured.","robots":{"index":"index","follow":"follow","max-snippet":"max-snippet:-1","max-image-preview":"max-image-preview:large","max-video-preview":"max-video-preview:-1"},"canonical":"https:\/\/cubeconcepts.de\/en\/cube-concepts-is-growing-five-new-employees-are-joining-the-team-in-kaarst\/","og_locale":"en_US","og_type":"article","og_title":"CUBE CONCEPTS w\u00e4chst: 5 neue Mitarbeiter in Kaarst | CUBE CONCEPTS","og_description":"CUBE CONCEPTS w\u00e4chst weiter: 5 neue Mitarbeiter verst\u00e4rken seit September 2026 das Team in Kaarst. Die Legal-Abteilung wird neu aufgestellt.","og_url":"https:\/\/cubeconcepts.de\/en\/cube-concepts-is-growing-five-new-employees-are-joining-the-team-in-kaarst\/","og_site_name":"CUBE CONCEPTS","article_published_time":"2026-09-01T14:16:38+00:00","article_modified_time":"2026-09-01T14:16:39+00:00","og_image":[{"width":2560,"height":1920,"url":"https:\/\/cubeconcepts.de\/wp-content\/uploads\/2026\/09\/2026-09-01_Neue_Mitarbeiter-1-scaled.jpg","type":"image\/jpeg"}],"author":"Guido Steenmans","twitter_card":"summary_large_image","twitter_misc":{"Written by":"Guido Steenmans","Est. reading time":"4 minutes"},"schema":{"@context":"https:\/\/schema.org","@graph":[{"@type":"Article","@id":"https:\/\/cubeconcepts.de\/cube-concepts-waechst-fuenf-neue-mitarbeiter-verstaerken-das-team-in-kaarst\/#article","isPartOf":{"@id":"https:\/\/cubeconcepts.de\/cube-concepts-waechst-fuenf-neue-mitarbeiter-verstaerken-das-team-in-kaarst\/"},"author":{"name":"Guido Steenmans","@id":"https:\/\/cubeconcepts.de\/fr\/#\/schema\/person\/2c762e4ca1ea252f42f23ab33248856e"},"headline":"CUBE CONCEPTS w\u00e4chst: F\u00fcnf neue Mitarbeiter verst\u00e4rken das Team in Kaarst","datePublished":"2026-09-01T14:16:38+00:00","dateModified":"2026-09-01T14:16:39+00:00","mainEntityOfPage":{"@id":"https:\/\/cubeconcepts.de\/cube-concepts-waechst-fuenf-neue-mitarbeiter-verstaerken-das-team-in-kaarst\/"},"wordCount":568,"publisher":{"@id":"https:\/\/cubeconcepts.de\/fr\/#organization"},"image":{"@id":"https:\/\/cubeconcepts.de\/cube-concepts-waechst-fuenf-neue-mitarbeiter-verstaerken-das-team-in-kaarst\/#primaryimage"},"thumbnailUrl":"https:\/\/cubeconcepts.de\/wp-content\/uploads\/2026\/09\/2026-09-01_Neue_Mitarbeiter-1-scaled.jpg","articleSection":["CUBE CONCEPTS News: Neueste Infos zum Unternehmen"],"inLanguage":"en-US"},{"@type":"WebPage","@id":"https:\/\/cubeconcepts.de\/cube-concepts-waechst-fuenf-neue-mitarbeiter-verstaerken-das-team-in-kaarst\/","url":"https:\/\/cubeconcepts.de\/cube-concepts-waechst-fuenf-neue-mitarbeiter-verstaerken-das-team-in-kaarst\/","name":"CUBE CONCEPTS is growing: 5 new employees in Kaarst | CUBE CONCEPTS","isPartOf":{"@id":"https:\/\/cubeconcepts.de\/fr\/#website"},"primaryImageOfPage":{"@id":"https:\/\/cubeconcepts.de\/cube-concepts-waechst-fuenf-neue-mitarbeiter-verstaerken-das-team-in-kaarst\/#primaryimage"},"image":{"@id":"https:\/\/cubeconcepts.de\/cube-concepts-waechst-fuenf-neue-mitarbeiter-verstaerken-das-team-in-kaarst\/#primaryimage"},"thumbnailUrl":"https:\/\/cubeconcepts.de\/wp-content\/uploads\/2026\/09\/2026-09-01_Neue_Mitarbeiter-1-scaled.jpg","datePublished":"2026-09-01T14:16:38+00:00","dateModified":"2026-09-01T14:16:39+00:00","description":"CUBE CONCEPTS continues to grow: 5 new employees have joined the team in Kaarst since September 2026. The legal department is being restructured.","breadcrumb":{"@id":"https:\/\/cubeconcepts.de\/cube-concepts-waechst-fuenf-neue-mitarbeiter-verstaerken-das-team-in-kaarst\/#breadcrumb"},"inLanguage":"en-US","potentialAction":[{"@type":"ReadAction","target":["https:\/\/cubeconcepts.de\/cube-concepts-waechst-fuenf-neue-mitarbeiter-verstaerken-das-team-in-kaarst\/"]}]},{"@type":"ImageObject","inLanguage":"en-US","@id":"https:\/\/cubeconcepts.de\/cube-concepts-waechst-fuenf-neue-mitarbeiter-verstaerken-das-team-in-kaarst\/#primaryimage","url":"https:\/\/cubeconcepts.de\/wp-content\/uploads\/2026\/09\/2026-09-01_Neue_Mitarbeiter-1-scaled.jpg","contentUrl":"https:\/\/cubeconcepts.de\/wp-content\/uploads\/2026\/09\/2026-09-01_Neue_Mitarbeiter-1-scaled.jpg","width":2560,"height":1920,"caption":"CUBE CONCEPTS w\u00e4chst weiter ab September 2026"},{"@type":"BreadcrumbList","@id":"https:\/\/cubeconcepts.de\/cube-concepts-waechst-fuenf-neue-mitarbeiter-verstaerken-das-team-in-kaarst\/#breadcrumb","itemListElement":[{"@type":"ListItem","position":1,"name":"Startseite","item":"https:\/\/cubeconcepts.de\/"},{"@type":"ListItem","position":2,"name":"CUBE CONCEPTS w\u00e4chst: F\u00fcnf neue Mitarbeiter verst\u00e4rken das Team in Kaarst"}]},{"@type":"WebSite","@id":"https:\/\/cubeconcepts.de\/fr\/#website","url":"https:\/\/cubeconcepts.de\/fr\/","name":"CUBE CONCEPTS","description":"Energy systems for businesses","publisher":{"@id":"https:\/\/cubeconcepts.de\/fr\/#organization"},"potentialAction":[{"@type":"SearchAction","target":{"@type":"EntryPoint","urlTemplate":"https:\/\/cubeconcepts.de\/fr\/?s={search_term_string}"},"query-input":{"@type":"PropertyValueSpecification","valueRequired":true,"valueName":"search_term_string"}}],"inLanguage":"en-US"},{"@type":"Organization","@id":"https:\/\/cubeconcepts.de\/fr\/#organization","name":"CUBE CONCEPTS","url":"https:\/\/cubeconcepts.de\/fr\/","logo":{"@type":"ImageObject","inLanguage":"en-US","@id":"https:\/\/cubeconcepts.de\/fr\/#\/schema\/logo\/image\/","url":"https:\/\/cubeconcepts.de\/wp-content\/uploads\/2023\/01\/CUBE_CONCEPT-Logo.png","contentUrl":"https:\/\/cubeconcepts.de\/wp-content\/uploads\/2023\/01\/CUBE_CONCEPT-Logo.png","width":644,"height":207,"caption":"CUBE CONCEPTS"},"image":{"@id":"https:\/\/cubeconcepts.de\/fr\/#\/schema\/logo\/image\/"}},{"@type":"Person","@id":"https:\/\/cubeconcepts.de\/fr\/#\/schema\/person\/2c762e4ca1ea252f42f23ab33248856e","name":"Guido Steenmans","image":{"@type":"ImageObject","inLanguage":"en-US","@id":"https:\/\/cubeconcepts.de\/wp-content\/uploads\/2025\/11\/cropped-Guido-Steenmanns-hoch-scaled-1-96x96.jpg","url":"https:\/\/cubeconcepts.de\/wp-content\/uploads\/2025\/11\/cropped-Guido-Steenmanns-hoch-scaled-1-96x96.jpg","contentUrl":"https:\/\/cubeconcepts.de\/wp-content\/uploads\/2025\/11\/cropped-Guido-Steenmanns-hoch-scaled-1-96x96.jpg","caption":"Guido Steenmans"}}]}},"_links":{"self":[{"href":"https:\/\/cubeconcepts.de\/en\/wp-json\/wp\/v2\/posts\/34206","targetHints":{"allow":["GET"]}}],"collection":[{"href":"https:\/\/cubeconcepts.de\/en\/wp-json\/wp\/v2\/posts"}],"about":[{"href":"https:\/\/cubeconcepts.de\/en\/wp-json\/wp\/v2\/types\/post"}],"author":[{"embeddable":true,"href":"https:\/\/cubeconcepts.de\/en\/wp-json\/wp\/v2\/users\/3"}],"replies":[{"embeddable":true,"href":"https:\/\/cubeconcepts.de\/en\/wp-json\/wp\/v2\/comments?post=34206"}],"version-history":[{"count":0,"href":"https:\/\/cubeconcepts.de\/en\/wp-json\/wp\/v2\/posts\/34206\/revisions"}],"wp:featuredmedia":[{"embeddable":true,"href":"https:\/\/cubeconcepts.de\/en\/wp-json\/wp\/v2\/media\/34207"}],"wp:attachment":[{"href":"https:\/\/cubeconcepts.de\/en\/wp-json\/wp\/v2\/media?parent=34206"}],"wp:term":[{"taxonomy":"category","embeddable":true,"href":"https:\/\/cubeconcepts.de\/en\/wp-json\/wp\/v2\/categories?post=34206"},{"taxonomy":"post_tag","embeddable":true,"href":"https:\/\/cubeconcepts.de\/en\/wp-json\/wp\/v2\/tags?post=34206"}],"curies":[{"name":"WP","href":"https:\/\/api.w.org\/{rel}","templated":true}]}}