{"id":9502,"date":"2023-08-14T14:59:21","date_gmt":"2023-08-14T12:59:21","guid":{"rendered":"https:\/\/cubeconcepts.de\/?p=9502"},"modified":"2025-05-14T17:02:37","modified_gmt":"2025-05-14T15:02:37","slug":"plosna-ucinnost-fotovoltaickych-systemu-ve-srovnani","status":"publish","type":"post","link":"https:\/\/cubeconcepts.de\/cz\/flaecheneffizienz-von-pv-anlagen-im-vergleich\/","title":{"rendered":"Srovn\u00e1n\u00ed plo\u0161n\u00e9 \u00fa\u010dinnosti fotovoltaick\u00fdch syst\u00e9m\u016f"},"content":{"rendered":"<p>Na cest\u011b ke klimatick\u00e9 neutralit\u011b do roku 2050 je t\u0159eba urychlit roz\u0161i\u0159ov\u00e1n\u00ed obnoviteln\u00fdch zdroj\u016f energie. Na str\u00e1nk\u00e1ch <strong>Efektivita vyu\u017eit\u00ed prostoru<\/strong> hraj\u00ed d\u016fle\u017eitou roli p\u0159i v\u00fdrob\u011b obnoviteln\u00e9 energie. Th\u00fcnen\u016fv institut zve\u0159ejnil zaj\u00edmavou <a href=\"https:\/\/www.thuenen.de\/de\/newsroom\/mediathek\/faktencheck\/energie-vom-acker-lohnt-sich-das\" target=\"_blank\" rel=\"noreferrer noopener\">Srovn\u00e1n\u00ed<\/a> mezi <strong>fotovoltaick\u00e9 syst\u00e9my, v\u011btrn\u00e1 energie a biomasa<\/strong> a vypo\u010d\u00edt\u00e1 se p\u0159\u00edslu\u0161n\u00fd energetick\u00fd v\u00fdnos na hektar.<\/p>\n\n\n\n<h2 class=\"wp-block-heading\">Srovn\u00e1n\u00ed prostorov\u00e9 \u00fa\u010dinnosti obnoviteln\u00fdch zdroj\u016f energie<\/h2>\n\n\n\n<p>Na jednom hektaru zem\u011bd\u011blsk\u00e9 p\u016fdy <strong>P\u011bstov\u00e1n\u00ed kuku\u0159ice nebo \u0159epky<\/strong> a n\u00e1sledn\u00e1 v\u00fdroba elekt\u0159iny <strong>23 000 kWh<\/strong> ro\u010dn\u011b. To zahrnuje ztr\u00e1ty p\u0159i skladov\u00e1n\u00ed a mohlo by <strong>sedm dom\u00e1cnost\u00ed<\/strong> s elekt\u0159inou po dobu jednoho roku. Po p\u0159epo\u010dtu na v\u00fdrobu bionafty a kompletn\u00ed vyu\u017eit\u00ed vedlej\u0161\u00edch produkt\u016f jako krmiva pro zv\u00ed\u0159ata by s n\u00ed mohl automobil ujet a\u017e 66 000 kilometr\u016f. \u00a0<\/p>\n\n\n\n<p>Na plo\u0161e 100 x 100 metr\u016f je tak\u00e9 um\u00edst\u011bna elektr\u00e1rna o v\u00fdkonu p\u0159ibli\u017en\u011b 800-900 kWp. <strong>Fotovoltaick\u00fd syst\u00e9m<\/strong> m\u00edsto. P\u0159in\u00e1\u0161\u00ed nejm\u00e9n\u011b <strong>700 000 kWh <\/strong>ro\u010dn\u011b a m\u016f\u017ee <strong>230 dom\u00e1cnost\u00ed<\/strong> s elekt\u0159inou. Na toto mno\u017estv\u00ed energie by elektromobil mohl ujet p\u0159ibli\u017en\u011b 4 miliony kilometr\u016f.<\/p>\n\n\n\n<p>V p\u0159\u00edpad\u011b sol\u00e1rn\u00ed energie a biomasy se v\u00fdpo\u010dty ve studii vztahuj\u00ed na \u00fapln\u00e9 vyu\u017eit\u00ed jednoho p\u0159ilehl\u00e9ho hektaru. P\u0159i v\u00fdpo\u010dtu \u00fa\u010dinnosti v\u011btrn\u00e9 energie bylo odhadnuto pot\u0159ebn\u00e9 ut\u011bsn\u011bn\u00ed p\u016fdy pro v\u011btrnou turb\u00ednu a extrapolov\u00e1no na 100 x 100 metr\u016f, tak\u017ee vypo\u010d\u00edtan\u00e9 hodnoty p\u0159edstavuj\u00ed <strong>cel\u00e1 v\u011btrn\u00e1 farma<\/strong> reprezentovat: To tedy vytv\u00e1\u0159\u00ed <strong>18 000 000 kWh<\/strong> ro\u010dn\u011b, \u010d\u00edm\u017e se zajist\u00ed <strong>6 000 dom\u00e1cnost\u00ed<\/strong> a elektromobil by s n\u00edm mohl ujet 100 000 000 km.<\/p>\n\n\n\n<h2 class=\"wp-block-heading\">Plo\u0161n\u00e1 \u00fa\u010dinnost fotovoltaick\u00fdch syst\u00e9m\u016f je 30kr\u00e1t vy\u0161\u0161\u00ed ne\u017e \u00fa\u010dinnost biomasy.<\/h2>\n\n\n\n<p>Zem\u011bd\u011blci v sou\u010dasnosti vyu\u017e\u00edvaj\u00ed k p\u011bstov\u00e1n\u00ed energetick\u00fdch plodin p\u0159ibli\u017en\u011b 14 % celkov\u00e9 plochy N\u011bmecka. To odpov\u00edd\u00e1 p\u0159ibli\u017en\u011b jednomu milionu hektar\u016f zem\u011bd\u011blsk\u00e9 p\u016fdy, na kter\u00e9 p\u011bstuj\u00ed kuku\u0159ici nebo \u0159epku k v\u00fdrob\u011b bioplynu, bionafty, rostlinn\u00e9ho oleje a bioetanolu. Odborn\u00edci z Fraunhofer ISE odhaduj\u00ed, \u017ee p\u0159echod na \u00fa\u010dinn\u011bj\u0161\u00ed fotovoltaick\u00e9 syst\u00e9my ne\u017e <strong>Sol\u00e1rn\u00ed parky nebo zem\u011bd\u011blsk\u00e1 fotovoltaika cca 600 GWp<\/strong> nomin\u00e1ln\u00ed v\u00fdkon by mohl b\u00fdt realizov\u00e1n. To by bylo dvakr\u00e1t v\u00edce elekt\u0159iny, ne\u017e N\u011bmecko pot\u0159ebuje k dosa\u017een\u00ed sv\u00e9ho klimatick\u00e9ho c\u00edle. Vysok\u00e1 plo\u0161n\u00e1 \u00fa\u010dinnost fotovoltaick\u00fdch syst\u00e9m\u016f v porovn\u00e1n\u00ed s biomasou jasn\u011b hovo\u0159\u00ed pro urychlen\u00e9 roz\u0161\u00ed\u0159en\u00ed fotovoltaiky i na voln\u00fdch ploch\u00e1ch. C\u00edl stanoven\u00fd EU a N\u011bmeckem pro rok 2030 <a href=\"https:\/\/cubeconcepts.de\/cz\/jaehrlicher-zuwachs-von-22-gigawatt-solarleistung-in-planung\/\">fotovoltaick\u00e1 kapacita 215 gigawatt\u016f<\/a> lze realizovat i jin\u00fdmi zp\u016fsoby: Stejn\u00e1 studie Fraunhoferova institutu odhaduje, \u017ee nevyu\u017eit\u00fd potenci\u00e1l st\u0159ech je p\u0159ibli\u017en\u011b 1 000 GWp.<\/p>\n\n\n\n<div style=\"height:100px\" aria-hidden=\"true\" class=\"wp-block-spacer\"><\/div>\n\n\n\n<div class=\"wp-block-buttons is-layout-flex wp-block-buttons-is-layout-flex\">\n<div class=\"wp-block-button\"><a class=\"wp-block-button__link wp-element-button\" href=\"https:\/\/cubeconcepts.de\/cz\/kategorie\/fotovoltaicka-temata\/\">Zp\u011bt na p\u0159ehled<\/a><\/div>\n<\/div>","protected":false},"excerpt":{"rendered":"<p>Auf dem Weg zur Klimaneutralit\u00e4t bis zum Jahre 2050 muss der Ausbau der erneuerbaren Energien forciert werden. Dabei spielt die Fl\u00e4cheneffizienz bei der Energieerzeugung der Regenerativen eine wichtige Rolle. Das Th\u00fcnen-Institut hat hierzu einen interessanten Vergleich zwischen PV-Anlagen, Windenergie und Biomasse gezogen und die jeweilige Energieausbeute auf einem Hektar errechnet. Die Fl\u00e4cheneffizienz von erneuerbaren Energien [&hellip;]<\/p>\n","protected":false},"author":3,"featured_media":9507,"comment_status":"closed","ping_status":"open","sticky":false,"template":"","format":"standard","meta":{"_acf_changed":false,"footnotes":""},"categories":[50,25],"tags":[],"class_list":["post-9502","post","type-post","status-publish","format-standard","has-post-thumbnail","hentry","category-photovoltaik-themen-in-deutschland-wissenswertes-fuer-energieprojekte","category-photovoltaik-themen"],"acf":[],"yoast_head":"<!-- This site is optimized with the Yoast SEO plugin v27.4 - https:\/\/yoast.com\/product\/yoast-seo-wordpress\/ -->\n<title>Fl\u00e4cheneffizienz: PV-Anlagen im Vergleich | CUBE CONCEPTS<\/title>\n<meta name=\"description\" content=\"Die Fl\u00e4cheneffizienz von PV-Anlagen im Vergleich zu Energiepflanzen ist 30-mal besser. Potenziale gibt es aber auch auf deutschen D\u00e4chern.\" \/>\n<meta name=\"robots\" content=\"index, follow, max-snippet:-1, max-image-preview:large, max-video-preview:-1\" \/>\n<link rel=\"canonical\" href=\"https:\/\/cubeconcepts.de\/cz\/plosna-ucinnost-fotovoltaickych-systemu-ve-srovnani\/\" \/>\n<meta property=\"og:locale\" content=\"cs_CZ\" \/>\n<meta property=\"og:type\" content=\"article\" \/>\n<meta property=\"og:title\" content=\"Fl\u00e4cheneffizienz: PV-Anlagen im Vergleich | CUBE CONCEPTS\" \/>\n<meta property=\"og:description\" content=\"Die Fl\u00e4cheneffizienz von PV-Anlagen im Vergleich zu Energiepflanzen ist 30-mal besser. Potenziale gibt es aber auch auf deutschen D\u00e4chern.\" \/>\n<meta property=\"og:url\" content=\"https:\/\/cubeconcepts.de\/cz\/plosna-ucinnost-fotovoltaickych-systemu-ve-srovnani\/\" \/>\n<meta property=\"og:site_name\" content=\"CUBE CONCEPTS\" \/>\n<meta property=\"article:published_time\" content=\"2023-08-14T12:59:21+00:00\" \/>\n<meta property=\"article:modified_time\" content=\"2025-05-14T15:02:37+00:00\" \/>\n<meta property=\"og:image\" content=\"https:\/\/cubeconcepts.de\/wp-content\/uploads\/2023\/08\/Flaecheneffizienz-PV-Anlagen-Vergleich-Header-scaled.jpg\" \/>\n\t<meta property=\"og:image:width\" content=\"2560\" \/>\n\t<meta property=\"og:image:height\" content=\"1562\" \/>\n\t<meta property=\"og:image:type\" content=\"image\/jpeg\" \/>\n<meta name=\"author\" content=\"Guido Steenmans\" \/>\n<meta name=\"twitter:card\" content=\"summary_large_image\" \/>\n<meta name=\"twitter:label1\" content=\"Napsal(a)\" \/>\n\t<meta name=\"twitter:data1\" content=\"Guido Steenmans\" \/>\n\t<meta name=\"twitter:label2\" content=\"Odhadovan\u00e1 doba \u010dten\u00ed\" \/>\n\t<meta name=\"twitter:data2\" content=\"3 minuty\" \/>\n<script type=\"application\/ld+json\" class=\"yoast-schema-graph\">{\"@context\":\"https:\\\/\\\/schema.org\",\"@graph\":[{\"@type\":\"Article\",\"@id\":\"https:\\\/\\\/cubeconcepts.de\\\/flaecheneffizienz-von-pv-anlagen-im-vergleich\\\/#article\",\"isPartOf\":{\"@id\":\"https:\\\/\\\/cubeconcepts.de\\\/flaecheneffizienz-von-pv-anlagen-im-vergleich\\\/\"},\"author\":{\"name\":\"Guido Steenmans\",\"@id\":\"https:\\\/\\\/cubeconcepts.de\\\/#\\\/schema\\\/person\\\/2c762e4ca1ea252f42f23ab33248856e\"},\"headline\":\"Fl\u00e4cheneffizienz von PV-Anlagen im Vergleich\",\"datePublished\":\"2023-08-14T12:59:21+00:00\",\"dateModified\":\"2025-05-14T15:02:37+00:00\",\"mainEntityOfPage\":{\"@id\":\"https:\\\/\\\/cubeconcepts.de\\\/flaecheneffizienz-von-pv-anlagen-im-vergleich\\\/\"},\"wordCount\":403,\"publisher\":{\"@id\":\"https:\\\/\\\/cubeconcepts.de\\\/#organization\"},\"image\":{\"@id\":\"https:\\\/\\\/cubeconcepts.de\\\/flaecheneffizienz-von-pv-anlagen-im-vergleich\\\/#primaryimage\"},\"thumbnailUrl\":\"https:\\\/\\\/cubeconcepts.de\\\/wp-content\\\/uploads\\\/2023\\\/08\\\/Flaecheneffizienz-PV-Anlagen-Vergleich-Header-scaled.jpg\",\"articleSection\":[\"Photovoltaik Themen in Deutschland: Wissenswertes f\u00fcr Energieprojekte\",\"Photovoltaik Themen: Wissenswertes f\u00fcr Energieprojekte\"],\"inLanguage\":\"cs\"},{\"@type\":\"WebPage\",\"@id\":\"https:\\\/\\\/cubeconcepts.de\\\/flaecheneffizienz-von-pv-anlagen-im-vergleich\\\/\",\"url\":\"https:\\\/\\\/cubeconcepts.de\\\/flaecheneffizienz-von-pv-anlagen-im-vergleich\\\/\",\"name\":\"Fl\u00e4cheneffizienz: PV-Anlagen im Vergleich | CUBE CONCEPTS\",\"isPartOf\":{\"@id\":\"https:\\\/\\\/cubeconcepts.de\\\/#website\"},\"primaryImageOfPage\":{\"@id\":\"https:\\\/\\\/cubeconcepts.de\\\/flaecheneffizienz-von-pv-anlagen-im-vergleich\\\/#primaryimage\"},\"image\":{\"@id\":\"https:\\\/\\\/cubeconcepts.de\\\/flaecheneffizienz-von-pv-anlagen-im-vergleich\\\/#primaryimage\"},\"thumbnailUrl\":\"https:\\\/\\\/cubeconcepts.de\\\/wp-content\\\/uploads\\\/2023\\\/08\\\/Flaecheneffizienz-PV-Anlagen-Vergleich-Header-scaled.jpg\",\"datePublished\":\"2023-08-14T12:59:21+00:00\",\"dateModified\":\"2025-05-14T15:02:37+00:00\",\"description\":\"Die Fl\u00e4cheneffizienz von PV-Anlagen im Vergleich zu Energiepflanzen ist 30-mal besser. Potenziale gibt es aber auch auf deutschen D\u00e4chern.\",\"breadcrumb\":{\"@id\":\"https:\\\/\\\/cubeconcepts.de\\\/flaecheneffizienz-von-pv-anlagen-im-vergleich\\\/#breadcrumb\"},\"inLanguage\":\"cs\",\"potentialAction\":[{\"@type\":\"ReadAction\",\"target\":[\"https:\\\/\\\/cubeconcepts.de\\\/flaecheneffizienz-von-pv-anlagen-im-vergleich\\\/\"]}]},{\"@type\":\"ImageObject\",\"inLanguage\":\"cs\",\"@id\":\"https:\\\/\\\/cubeconcepts.de\\\/flaecheneffizienz-von-pv-anlagen-im-vergleich\\\/#primaryimage\",\"url\":\"https:\\\/\\\/cubeconcepts.de\\\/wp-content\\\/uploads\\\/2023\\\/08\\\/Flaecheneffizienz-PV-Anlagen-Vergleich-Header-scaled.jpg\",\"contentUrl\":\"https:\\\/\\\/cubeconcepts.de\\\/wp-content\\\/uploads\\\/2023\\\/08\\\/Flaecheneffizienz-PV-Anlagen-Vergleich-Header-scaled.jpg\",\"width\":2560,\"height\":1562,\"caption\":\"Fl\u00e4cheneffizienz-PV-Anlagen-Vergleich-Header\"},{\"@type\":\"BreadcrumbList\",\"@id\":\"https:\\\/\\\/cubeconcepts.de\\\/flaecheneffizienz-von-pv-anlagen-im-vergleich\\\/#breadcrumb\",\"itemListElement\":[{\"@type\":\"ListItem\",\"position\":1,\"name\":\"Startseite\",\"item\":\"https:\\\/\\\/cubeconcepts.de\\\/\"},{\"@type\":\"ListItem\",\"position\":2,\"name\":\"Fl\u00e4cheneffizienz von PV-Anlagen im Vergleich\"}]},{\"@type\":\"WebSite\",\"@id\":\"https:\\\/\\\/cubeconcepts.de\\\/#website\",\"url\":\"https:\\\/\\\/cubeconcepts.de\\\/\",\"name\":\"CUBE CONCEPTS\",\"description\":\"Ihr PV-Architekt &amp; Full-Service-Partner f\u00fcr\",\"publisher\":{\"@id\":\"https:\\\/\\\/cubeconcepts.de\\\/#organization\"},\"potentialAction\":[{\"@type\":\"SearchAction\",\"target\":{\"@type\":\"EntryPoint\",\"urlTemplate\":\"https:\\\/\\\/cubeconcepts.de\\\/?s={search_term_string}\"},\"query-input\":{\"@type\":\"PropertyValueSpecification\",\"valueRequired\":true,\"valueName\":\"search_term_string\"}}],\"inLanguage\":\"cs\"},{\"@type\":\"Organization\",\"@id\":\"https:\\\/\\\/cubeconcepts.de\\\/#organization\",\"name\":\"CUBE CONCEPTS\",\"url\":\"https:\\\/\\\/cubeconcepts.de\\\/\",\"logo\":{\"@type\":\"ImageObject\",\"inLanguage\":\"cs\",\"@id\":\"https:\\\/\\\/cubeconcepts.de\\\/#\\\/schema\\\/logo\\\/image\\\/\",\"url\":\"https:\\\/\\\/cubeconcepts.de\\\/wp-content\\\/uploads\\\/2023\\\/01\\\/CUBE_CONCEPT-Logo.png\",\"contentUrl\":\"https:\\\/\\\/cubeconcepts.de\\\/wp-content\\\/uploads\\\/2023\\\/01\\\/CUBE_CONCEPT-Logo.png\",\"width\":644,\"height\":207,\"caption\":\"CUBE CONCEPTS\"},\"image\":{\"@id\":\"https:\\\/\\\/cubeconcepts.de\\\/#\\\/schema\\\/logo\\\/image\\\/\"}},{\"@type\":\"Person\",\"@id\":\"https:\\\/\\\/cubeconcepts.de\\\/#\\\/schema\\\/person\\\/2c762e4ca1ea252f42f23ab33248856e\",\"name\":\"Guido Steenmans\",\"image\":{\"@type\":\"ImageObject\",\"inLanguage\":\"cs\",\"@id\":\"https:\\\/\\\/secure.gravatar.com\\\/avatar\\\/e2e7f154cb43615d2863003e03aa7b5d90c4ec5a78860dc5cf1d71cae0db283f?s=96&d=mm&r=g\",\"url\":\"https:\\\/\\\/secure.gravatar.com\\\/avatar\\\/e2e7f154cb43615d2863003e03aa7b5d90c4ec5a78860dc5cf1d71cae0db283f?s=96&d=mm&r=g\",\"contentUrl\":\"https:\\\/\\\/secure.gravatar.com\\\/avatar\\\/e2e7f154cb43615d2863003e03aa7b5d90c4ec5a78860dc5cf1d71cae0db283f?s=96&d=mm&r=g\",\"caption\":\"Guido Steenmans\"}}]}<\/script>\n<!-- \/ Yoast SEO plugin. -->","yoast_head_json":{"title":"Plo\u0161n\u00e1 \u00fa\u010dinnost: fotovoltaick\u00e9 syst\u00e9my ve srovn\u00e1n\u00ed | CUBE CONCEPTS","description":"Plo\u0161n\u00e1 \u00fa\u010dinnost fotovoltaick\u00fdch syst\u00e9m\u016f je 30kr\u00e1t lep\u0161\u00ed ne\u017e \u00fa\u010dinnost energetick\u00fdch plodin. Potenci\u00e1l v\u0161ak maj\u00ed i n\u011bmeck\u00e9 st\u0159echy.","robots":{"index":"index","follow":"follow","max-snippet":"max-snippet:-1","max-image-preview":"max-image-preview:large","max-video-preview":"max-video-preview:-1"},"canonical":"https:\/\/cubeconcepts.de\/cz\/plosna-ucinnost-fotovoltaickych-systemu-ve-srovnani\/","og_locale":"cs_CZ","og_type":"article","og_title":"Fl\u00e4cheneffizienz: PV-Anlagen im Vergleich | CUBE CONCEPTS","og_description":"Die Fl\u00e4cheneffizienz von PV-Anlagen im Vergleich zu Energiepflanzen ist 30-mal besser. Potenziale gibt es aber auch auf deutschen D\u00e4chern.","og_url":"https:\/\/cubeconcepts.de\/cz\/plosna-ucinnost-fotovoltaickych-systemu-ve-srovnani\/","og_site_name":"CUBE CONCEPTS","article_published_time":"2023-08-14T12:59:21+00:00","article_modified_time":"2025-05-14T15:02:37+00:00","og_image":[{"width":2560,"height":1562,"url":"https:\/\/cubeconcepts.de\/wp-content\/uploads\/2023\/08\/Flaecheneffizienz-PV-Anlagen-Vergleich-Header-scaled.jpg","type":"image\/jpeg"}],"author":"Guido Steenmans","twitter_card":"summary_large_image","twitter_misc":{"Napsal(a)":"Guido Steenmans","Odhadovan\u00e1 doba \u010dten\u00ed":"3 minuty"},"schema":{"@context":"https:\/\/schema.org","@graph":[{"@type":"Article","@id":"https:\/\/cubeconcepts.de\/flaecheneffizienz-von-pv-anlagen-im-vergleich\/#article","isPartOf":{"@id":"https:\/\/cubeconcepts.de\/flaecheneffizienz-von-pv-anlagen-im-vergleich\/"},"author":{"name":"Guido Steenmans","@id":"https:\/\/cubeconcepts.de\/#\/schema\/person\/2c762e4ca1ea252f42f23ab33248856e"},"headline":"Fl\u00e4cheneffizienz von PV-Anlagen im Vergleich","datePublished":"2023-08-14T12:59:21+00:00","dateModified":"2025-05-14T15:02:37+00:00","mainEntityOfPage":{"@id":"https:\/\/cubeconcepts.de\/flaecheneffizienz-von-pv-anlagen-im-vergleich\/"},"wordCount":403,"publisher":{"@id":"https:\/\/cubeconcepts.de\/#organization"},"image":{"@id":"https:\/\/cubeconcepts.de\/flaecheneffizienz-von-pv-anlagen-im-vergleich\/#primaryimage"},"thumbnailUrl":"https:\/\/cubeconcepts.de\/wp-content\/uploads\/2023\/08\/Flaecheneffizienz-PV-Anlagen-Vergleich-Header-scaled.jpg","articleSection":["Photovoltaik Themen in Deutschland: Wissenswertes f\u00fcr Energieprojekte","Photovoltaik Themen: Wissenswertes f\u00fcr Energieprojekte"],"inLanguage":"cs"},{"@type":"WebPage","@id":"https:\/\/cubeconcepts.de\/flaecheneffizienz-von-pv-anlagen-im-vergleich\/","url":"https:\/\/cubeconcepts.de\/flaecheneffizienz-von-pv-anlagen-im-vergleich\/","name":"Plo\u0161n\u00e1 \u00fa\u010dinnost: fotovoltaick\u00e9 syst\u00e9my ve srovn\u00e1n\u00ed | CUBE CONCEPTS","isPartOf":{"@id":"https:\/\/cubeconcepts.de\/#website"},"primaryImageOfPage":{"@id":"https:\/\/cubeconcepts.de\/flaecheneffizienz-von-pv-anlagen-im-vergleich\/#primaryimage"},"image":{"@id":"https:\/\/cubeconcepts.de\/flaecheneffizienz-von-pv-anlagen-im-vergleich\/#primaryimage"},"thumbnailUrl":"https:\/\/cubeconcepts.de\/wp-content\/uploads\/2023\/08\/Flaecheneffizienz-PV-Anlagen-Vergleich-Header-scaled.jpg","datePublished":"2023-08-14T12:59:21+00:00","dateModified":"2025-05-14T15:02:37+00:00","description":"Plo\u0161n\u00e1 \u00fa\u010dinnost fotovoltaick\u00fdch syst\u00e9m\u016f je 30kr\u00e1t lep\u0161\u00ed ne\u017e \u00fa\u010dinnost energetick\u00fdch plodin. Potenci\u00e1l v\u0161ak maj\u00ed i n\u011bmeck\u00e9 st\u0159echy.","breadcrumb":{"@id":"https:\/\/cubeconcepts.de\/flaecheneffizienz-von-pv-anlagen-im-vergleich\/#breadcrumb"},"inLanguage":"cs","potentialAction":[{"@type":"ReadAction","target":["https:\/\/cubeconcepts.de\/flaecheneffizienz-von-pv-anlagen-im-vergleich\/"]}]},{"@type":"ImageObject","inLanguage":"cs","@id":"https:\/\/cubeconcepts.de\/flaecheneffizienz-von-pv-anlagen-im-vergleich\/#primaryimage","url":"https:\/\/cubeconcepts.de\/wp-content\/uploads\/2023\/08\/Flaecheneffizienz-PV-Anlagen-Vergleich-Header-scaled.jpg","contentUrl":"https:\/\/cubeconcepts.de\/wp-content\/uploads\/2023\/08\/Flaecheneffizienz-PV-Anlagen-Vergleich-Header-scaled.jpg","width":2560,"height":1562,"caption":"Fl\u00e4cheneffizienz-PV-Anlagen-Vergleich-Header"},{"@type":"BreadcrumbList","@id":"https:\/\/cubeconcepts.de\/flaecheneffizienz-von-pv-anlagen-im-vergleich\/#breadcrumb","itemListElement":[{"@type":"ListItem","position":1,"name":"Startseite","item":"https:\/\/cubeconcepts.de\/"},{"@type":"ListItem","position":2,"name":"Fl\u00e4cheneffizienz von PV-Anlagen im Vergleich"}]},{"@type":"WebSite","@id":"https:\/\/cubeconcepts.de\/#website","url":"https:\/\/cubeconcepts.de\/","name":"KONCEPTY KOSTKY","description":"V\u00e1\u0161 fotovoltaick\u00fd architekt a partner pro komplexn\u00ed slu\u017eby v oblasti","publisher":{"@id":"https:\/\/cubeconcepts.de\/#organization"},"potentialAction":[{"@type":"SearchAction","target":{"@type":"EntryPoint","urlTemplate":"https:\/\/cubeconcepts.de\/?s={search_term_string}"},"query-input":{"@type":"PropertyValueSpecification","valueRequired":true,"valueName":"search_term_string"}}],"inLanguage":"cs"},{"@type":"Organization","@id":"https:\/\/cubeconcepts.de\/#organization","name":"KONCEPTY KOSTKY","url":"https:\/\/cubeconcepts.de\/","logo":{"@type":"ImageObject","inLanguage":"cs","@id":"https:\/\/cubeconcepts.de\/#\/schema\/logo\/image\/","url":"https:\/\/cubeconcepts.de\/wp-content\/uploads\/2023\/01\/CUBE_CONCEPT-Logo.png","contentUrl":"https:\/\/cubeconcepts.de\/wp-content\/uploads\/2023\/01\/CUBE_CONCEPT-Logo.png","width":644,"height":207,"caption":"CUBE CONCEPTS"},"image":{"@id":"https:\/\/cubeconcepts.de\/#\/schema\/logo\/image\/"}},{"@type":"Person","@id":"https:\/\/cubeconcepts.de\/#\/schema\/person\/2c762e4ca1ea252f42f23ab33248856e","name":"Guido Steenmans","image":{"@type":"ImageObject","inLanguage":"cs","@id":"https:\/\/secure.gravatar.com\/avatar\/e2e7f154cb43615d2863003e03aa7b5d90c4ec5a78860dc5cf1d71cae0db283f?s=96&d=mm&r=g","url":"https:\/\/secure.gravatar.com\/avatar\/e2e7f154cb43615d2863003e03aa7b5d90c4ec5a78860dc5cf1d71cae0db283f?s=96&d=mm&r=g","contentUrl":"https:\/\/secure.gravatar.com\/avatar\/e2e7f154cb43615d2863003e03aa7b5d90c4ec5a78860dc5cf1d71cae0db283f?s=96&d=mm&r=g","caption":"Guido Steenmans"}}]}},"_links":{"self":[{"href":"https:\/\/cubeconcepts.de\/cz\/wp-json\/wp\/v2\/posts\/9502","targetHints":{"allow":["GET"]}}],"collection":[{"href":"https:\/\/cubeconcepts.de\/cz\/wp-json\/wp\/v2\/posts"}],"about":[{"href":"https:\/\/cubeconcepts.de\/cz\/wp-json\/wp\/v2\/types\/post"}],"author":[{"embeddable":true,"href":"https:\/\/cubeconcepts.de\/cz\/wp-json\/wp\/v2\/users\/3"}],"replies":[{"embeddable":true,"href":"https:\/\/cubeconcepts.de\/cz\/wp-json\/wp\/v2\/comments?post=9502"}],"version-history":[{"count":0,"href":"https:\/\/cubeconcepts.de\/cz\/wp-json\/wp\/v2\/posts\/9502\/revisions"}],"wp:featuredmedia":[{"embeddable":true,"href":"https:\/\/cubeconcepts.de\/cz\/wp-json\/wp\/v2\/media\/9507"}],"wp:attachment":[{"href":"https:\/\/cubeconcepts.de\/cz\/wp-json\/wp\/v2\/media?parent=9502"}],"wp:term":[{"taxonomy":"category","embeddable":true,"href":"https:\/\/cubeconcepts.de\/cz\/wp-json\/wp\/v2\/categories?post=9502"},{"taxonomy":"post_tag","embeddable":true,"href":"https:\/\/cubeconcepts.de\/cz\/wp-json\/wp\/v2\/tags?post=9502"}],"curies":[{"name":"wp","href":"https:\/\/api.w.org\/{rel}","templated":true}]}}