{"id":5324,"date":"2022-10-01T13:35:00","date_gmt":"2022-10-01T11:35:00","guid":{"rendered":"https:\/\/cubeconcepts.de\/?p=5324"},"modified":"2025-04-24T08:39:04","modified_gmt":"2025-04-24T06:39:04","slug":"pfefferkorn-uvadi-do-provozu-zarizeni-o-vykonu-749-kwp","status":"publish","type":"post","link":"https:\/\/cubeconcepts.de\/cz\/pfefferkorn-nimmt-749-kwp-anlage-in-betrieb\/","title":{"rendered":"Pfefferkorn uv\u00e1d\u00ed do provozu syst\u00e9m o v\u00fdkonu 749 kWp"},"content":{"rendered":"<p>Od konce z\u00e1\u0159\u00ed 2022 proud\u00ed ze st\u0159ech Pfefferkornu v Simmernu \u010dist\u00e1 energie. Nov\u00fd fotovoltaick\u00fd syst\u00e9m o v\u00fdkonu 749 kWp byl realizov\u00e1n spole\u010dn\u011b se spole\u010dnost\u00ed CUBE CONCEPTS a od t\u00e9 doby spolehliv\u011b dod\u00e1v\u00e1 levnou sol\u00e1rn\u00ed energii. V p\u0159edchoz\u00edch t\u00fddnech bylo na v\u00fdrobn\u00edch hal\u00e1ch instalov\u00e1no dobr\u00fdch 3 700 metr\u016f \u010dtvere\u010dn\u00edch 2 204 sol\u00e1rn\u00edch modul\u016f.<\/p>\n\n\n\n<h2 class=\"wp-block-heading\">V\u00fdznamn\u00fd p\u0159\u00edsp\u011bvek k ochran\u011b \u017eivotn\u00edho prost\u0159ed\u00ed<\/h2>\n\n\n\n<p>\"Pro na\u0161e prost\u0159ed\u00ed je to dal\u0161\u00ed logick\u00fd krok,\" \u0159\u00edk\u00e1 pot\u011b\u0161en\u00fd Ralf Gabler, jednatel spole\u010dnosti Pfefferkorn. \"P\u0159\u00edmo v na\u0161ich budov\u00e1ch m\u016f\u017eeme vyu\u017e\u00edt p\u0159ibli\u017en\u011b 450 000 kWh a z\u00e1rove\u0148 dod\u00e1vat p\u0159ibli\u017en\u011b 210 000 kWh do ve\u0159ejn\u00e9 s\u00edt\u011b. V\u00fdznamn\u011b tak p\u0159isp\u00edv\u00e1me k ochran\u011b \u017eivotn\u00edho prost\u0159ed\u00ed,\" dod\u00e1v\u00e1 Gabler. Samotn\u00fd fotovoltaick\u00fd syst\u00e9m nyn\u00ed firm\u011b u\u0161et\u0159\u00ed 350 000 kg CO\u2082 ro\u010dn\u011b.<\/p>\n\n\n\n<figure class=\"wp-block-image alignright size-large is-resized\"><img fetchpriority=\"high\" decoding=\"async\" src=\"https:\/\/cubeconcepts.de\/wp-content\/uploads\/2023\/02\/DJI_0015-1024x575.jpg\" alt=\"\" class=\"wp-image-5325\" width=\"421\" height=\"236\" srcset=\"https:\/\/cubeconcepts.de\/wp-content\/uploads\/2023\/02\/DJI_0015-1024x575.jpg 1024w, https:\/\/cubeconcepts.de\/wp-content\/uploads\/2023\/02\/DJI_0015-300x169.jpg 300w, https:\/\/cubeconcepts.de\/wp-content\/uploads\/2023\/02\/DJI_0015-768x432.jpg 768w, https:\/\/cubeconcepts.de\/wp-content\/uploads\/2023\/02\/DJI_0015-1536x863.jpg 1536w, https:\/\/cubeconcepts.de\/wp-content\/uploads\/2023\/02\/DJI_0015-2048x1151.jpg 2048w\" sizes=\"(max-width: 421px) 100vw, 421px\" \/><\/figure>\n\n\n\n<h2 class=\"wp-block-heading\">Pfefferkorn s\u00e1z\u00ed na nejnov\u011bj\u0161\u00ed technologie<\/h2>\n\n\n\n<p>Pr\u016fmyslov\u00e1 spole\u010dnost se s\u00eddlem v Hunsr\u00fccku si je v\u011bdoma sv\u00e9 odpov\u011bdnosti v\u016f\u010di \u017eivotn\u00edmu prost\u0159ed\u00ed a \u010d\u00e1st sv\u00e9ho vozov\u00e9ho parku ji\u017e p\u0159estav\u011bla na e-automobily. <a href=\"https:\/\/cubeconcepts.de\/cz\/produkty\/nabijeci-infrastruktura\/\">Elektronick\u00e9 dob\u00edjec\u00ed stanice<\/a> instalovan\u00e9 v prostor\u00e1ch spole\u010dnosti. S c\u00edlem d\u00e1le sn\u00ed\u017eit emise CO\u2082 a spot\u0159ebu energie a zdroj\u016f. <a href=\"https:\/\/verschluss.de\/pfefferkorn\/\" target=\"_blank\" rel=\"noreferrer noopener\">Peppercorn<\/a> tak\u00e9 vyu\u017e\u00edv\u00e1 nejmodern\u011bj\u0161\u00ed technologie a d\u016fsledn\u011b nahrazuje star\u00e9 stroje nov\u00fdmi, efektivn\u00edmi syst\u00e9my.<\/p>\n\n\n\n<h2 class=\"wp-block-heading\">V\u00fdroba energie \u0161etrn\u00e1 k \u017eivotn\u00edmu prost\u0159ed\u00ed pro budoucnost<\/h2>\n\n\n\n<p>\"Fotovoltaick\u00fd syst\u00e9m je logick\u00fdm vy\u00fast\u011bn\u00edm na\u0161\u00ed snahy p\u0159isp\u00edvat k ochran\u011b \u017eivotn\u00edho prost\u0159ed\u00ed a jsme r\u00e1di, \u017ee se m\u016f\u017eeme pod\u00edlet na v\u00fdrob\u011b energie \u0161etrn\u00e9 k \u017eivotn\u00edmu prost\u0159ed\u00ed,\" vysv\u011btlilo veden\u00ed spole\u010dnosti Pfefferkorn p\u0159i uveden\u00ed st\u0159e\u0161n\u00edho fotovoltaick\u00e9ho syst\u00e9mu do provozu.<\/p>\n\n\n\n<div class=\"wp-block-buttons is-layout-flex wp-block-buttons-is-layout-flex\">\n<div class=\"wp-block-button\"><a class=\"wp-block-button__link wp-element-button\" href=\"https:\/\/cubeconcepts.de\/cz\/odkazy\/reference-efektivni-pv-systemy\/\">Zp\u011bt<\/a><\/div>\n<\/div>","protected":false},"excerpt":{"rendered":"<p>Seit Ende September 2022 flie\u00dft saubere Energie von den D\u00e4chern Pfefferkorns in Simmern. Die neue 749-kWp-PV-Anlage wurde gemeinsam mit CUBE CONCEPTS realisiert und liefert seit dem zuverl\u00e4ssig g\u00fcnstigen Solarstrom. Auf gut 3.700 Quadratmetern wurden in den Wochen vorher 2.204 Solarmodule auf die Produktionshallen installiert. Ein wichtiger Beitrag zum Umweltschutz \u201eDas ist der n\u00e4chste konsequente Schritt [&hellip;]<\/p>\n","protected":false},"author":3,"featured_media":5075,"comment_status":"closed","ping_status":"open","sticky":false,"template":"","format":"standard","meta":{"_acf_changed":false,"footnotes":""},"categories":[9,1,11],"tags":[],"class_list":["post-5324","post","type-post","status-publish","format-standard","has-post-thumbnail","hentry","category-case-studies","category-news","category-pv-anlagen-auf-dachflaechen"],"acf":[],"yoast_head":"<!-- This site is optimized with the Yoast SEO plugin v27.4 - https:\/\/yoast.com\/product\/yoast-seo-wordpress\/ -->\n<title>Pfefferkorn: neue 749-kWp-PV-Anlage | CUBE CONCEPTS<\/title>\n<meta name=\"description\" content=\"Seit Ende September 2022 flie\u00dft saubere Energie von den D\u00e4chern Pfefferkorns in Simmern. Anlage wurde gemeinsam mit CUBE CONCEPTS realisiert.\" \/>\n<meta name=\"robots\" content=\"index, follow, max-snippet:-1, max-image-preview:large, max-video-preview:-1\" \/>\n<link rel=\"canonical\" href=\"https:\/\/cubeconcepts.de\/cz\/pfefferkorn-uvadi-do-provozu-zarizeni-o-vykonu-749-kwp\/\" \/>\n<meta property=\"og:locale\" content=\"cs_CZ\" \/>\n<meta property=\"og:type\" content=\"article\" \/>\n<meta property=\"og:title\" content=\"Pfefferkorn: neue 749-kWp-PV-Anlage | CUBE CONCEPTS\" \/>\n<meta property=\"og:description\" content=\"Seit Ende September 2022 flie\u00dft saubere Energie von den D\u00e4chern Pfefferkorns in Simmern. Anlage wurde gemeinsam mit CUBE CONCEPTS realisiert.\" \/>\n<meta property=\"og:url\" content=\"https:\/\/cubeconcepts.de\/cz\/pfefferkorn-uvadi-do-provozu-zarizeni-o-vykonu-749-kwp\/\" \/>\n<meta property=\"og:site_name\" content=\"CUBE CONCEPTS\" \/>\n<meta property=\"article:published_time\" content=\"2022-10-01T11:35:00+00:00\" \/>\n<meta property=\"article:modified_time\" content=\"2025-04-24T06:39:04+00:00\" \/>\n<meta property=\"og:image\" content=\"https:\/\/cubeconcepts.de\/wp-content\/uploads\/2023\/02\/DJI_0037-scaled.jpg\" \/>\n\t<meta property=\"og:image:width\" content=\"2560\" \/>\n\t<meta property=\"og:image:height\" content=\"1438\" \/>\n\t<meta property=\"og:image:type\" content=\"image\/jpeg\" \/>\n<meta name=\"author\" content=\"Guido Steenmans\" \/>\n<meta name=\"twitter:card\" content=\"summary_large_image\" \/>\n<meta name=\"twitter:label1\" content=\"Napsal(a)\" \/>\n\t<meta name=\"twitter:data1\" content=\"Guido Steenmans\" \/>\n\t<meta name=\"twitter:label2\" content=\"Odhadovan\u00e1 doba \u010dten\u00ed\" \/>\n\t<meta name=\"twitter:data2\" content=\"2 minuty\" \/>\n<script type=\"application\/ld+json\" class=\"yoast-schema-graph\">{\"@context\":\"https:\\\/\\\/schema.org\",\"@graph\":[{\"@type\":\"Article\",\"@id\":\"https:\\\/\\\/cubeconcepts.de\\\/pfefferkorn-nimmt-749-kwp-anlage-in-betrieb\\\/#article\",\"isPartOf\":{\"@id\":\"https:\\\/\\\/cubeconcepts.de\\\/pfefferkorn-nimmt-749-kwp-anlage-in-betrieb\\\/\"},\"author\":{\"name\":\"Guido Steenmans\",\"@id\":\"https:\\\/\\\/cubeconcepts.de\\\/#\\\/schema\\\/person\\\/2c762e4ca1ea252f42f23ab33248856e\"},\"headline\":\"Pfefferkorn nimmt 749-kWp-Anlage in Betrieb\",\"datePublished\":\"2022-10-01T11:35:00+00:00\",\"dateModified\":\"2025-04-24T06:39:04+00:00\",\"mainEntityOfPage\":{\"@id\":\"https:\\\/\\\/cubeconcepts.de\\\/pfefferkorn-nimmt-749-kwp-anlage-in-betrieb\\\/\"},\"wordCount\":227,\"publisher\":{\"@id\":\"https:\\\/\\\/cubeconcepts.de\\\/#organization\"},\"image\":{\"@id\":\"https:\\\/\\\/cubeconcepts.de\\\/pfefferkorn-nimmt-749-kwp-anlage-in-betrieb\\\/#primaryimage\"},\"thumbnailUrl\":\"https:\\\/\\\/cubeconcepts.de\\\/wp-content\\\/uploads\\\/2023\\\/02\\\/DJI_0037-scaled.jpg\",\"articleSection\":[\"Case Studies - wie Unternehmen profitieren\",\"News Archive\",\"PV-Anlagen auf Dachfl\u00e4chen\"],\"inLanguage\":\"cs\"},{\"@type\":\"WebPage\",\"@id\":\"https:\\\/\\\/cubeconcepts.de\\\/pfefferkorn-nimmt-749-kwp-anlage-in-betrieb\\\/\",\"url\":\"https:\\\/\\\/cubeconcepts.de\\\/pfefferkorn-nimmt-749-kwp-anlage-in-betrieb\\\/\",\"name\":\"Pfefferkorn: neue 749-kWp-PV-Anlage | CUBE CONCEPTS\",\"isPartOf\":{\"@id\":\"https:\\\/\\\/cubeconcepts.de\\\/#website\"},\"primaryImageOfPage\":{\"@id\":\"https:\\\/\\\/cubeconcepts.de\\\/pfefferkorn-nimmt-749-kwp-anlage-in-betrieb\\\/#primaryimage\"},\"image\":{\"@id\":\"https:\\\/\\\/cubeconcepts.de\\\/pfefferkorn-nimmt-749-kwp-anlage-in-betrieb\\\/#primaryimage\"},\"thumbnailUrl\":\"https:\\\/\\\/cubeconcepts.de\\\/wp-content\\\/uploads\\\/2023\\\/02\\\/DJI_0037-scaled.jpg\",\"datePublished\":\"2022-10-01T11:35:00+00:00\",\"dateModified\":\"2025-04-24T06:39:04+00:00\",\"description\":\"Seit Ende September 2022 flie\u00dft saubere Energie von den D\u00e4chern Pfefferkorns in Simmern. Anlage wurde gemeinsam mit CUBE CONCEPTS realisiert.\",\"breadcrumb\":{\"@id\":\"https:\\\/\\\/cubeconcepts.de\\\/pfefferkorn-nimmt-749-kwp-anlage-in-betrieb\\\/#breadcrumb\"},\"inLanguage\":\"cs\",\"potentialAction\":[{\"@type\":\"ReadAction\",\"target\":[\"https:\\\/\\\/cubeconcepts.de\\\/pfefferkorn-nimmt-749-kwp-anlage-in-betrieb\\\/\"]}]},{\"@type\":\"ImageObject\",\"inLanguage\":\"cs\",\"@id\":\"https:\\\/\\\/cubeconcepts.de\\\/pfefferkorn-nimmt-749-kwp-anlage-in-betrieb\\\/#primaryimage\",\"url\":\"https:\\\/\\\/cubeconcepts.de\\\/wp-content\\\/uploads\\\/2023\\\/02\\\/DJI_0037-scaled.jpg\",\"contentUrl\":\"https:\\\/\\\/cubeconcepts.de\\\/wp-content\\\/uploads\\\/2023\\\/02\\\/DJI_0037-scaled.jpg\",\"width\":2560,\"height\":1438,\"caption\":\"Referenz Pfefferkorn - Schr\u00e4gansicht Dach-PV-Anlage\"},{\"@type\":\"BreadcrumbList\",\"@id\":\"https:\\\/\\\/cubeconcepts.de\\\/pfefferkorn-nimmt-749-kwp-anlage-in-betrieb\\\/#breadcrumb\",\"itemListElement\":[{\"@type\":\"ListItem\",\"position\":1,\"name\":\"Startseite\",\"item\":\"https:\\\/\\\/cubeconcepts.de\\\/\"},{\"@type\":\"ListItem\",\"position\":2,\"name\":\"Pfefferkorn nimmt 749-kWp-Anlage in Betrieb\"}]},{\"@type\":\"WebSite\",\"@id\":\"https:\\\/\\\/cubeconcepts.de\\\/#website\",\"url\":\"https:\\\/\\\/cubeconcepts.de\\\/\",\"name\":\"CUBE CONCEPTS\",\"description\":\"Ihr PV-Architekt &amp; Full-Service-Partner f\u00fcr\",\"publisher\":{\"@id\":\"https:\\\/\\\/cubeconcepts.de\\\/#organization\"},\"potentialAction\":[{\"@type\":\"SearchAction\",\"target\":{\"@type\":\"EntryPoint\",\"urlTemplate\":\"https:\\\/\\\/cubeconcepts.de\\\/?s={search_term_string}\"},\"query-input\":{\"@type\":\"PropertyValueSpecification\",\"valueRequired\":true,\"valueName\":\"search_term_string\"}}],\"inLanguage\":\"cs\"},{\"@type\":\"Organization\",\"@id\":\"https:\\\/\\\/cubeconcepts.de\\\/#organization\",\"name\":\"CUBE CONCEPTS\",\"url\":\"https:\\\/\\\/cubeconcepts.de\\\/\",\"logo\":{\"@type\":\"ImageObject\",\"inLanguage\":\"cs\",\"@id\":\"https:\\\/\\\/cubeconcepts.de\\\/#\\\/schema\\\/logo\\\/image\\\/\",\"url\":\"https:\\\/\\\/cubeconcepts.de\\\/wp-content\\\/uploads\\\/2023\\\/01\\\/CUBE_CONCEPT-Logo.png\",\"contentUrl\":\"https:\\\/\\\/cubeconcepts.de\\\/wp-content\\\/uploads\\\/2023\\\/01\\\/CUBE_CONCEPT-Logo.png\",\"width\":644,\"height\":207,\"caption\":\"CUBE CONCEPTS\"},\"image\":{\"@id\":\"https:\\\/\\\/cubeconcepts.de\\\/#\\\/schema\\\/logo\\\/image\\\/\"}},{\"@type\":\"Person\",\"@id\":\"https:\\\/\\\/cubeconcepts.de\\\/#\\\/schema\\\/person\\\/2c762e4ca1ea252f42f23ab33248856e\",\"name\":\"Guido Steenmans\",\"image\":{\"@type\":\"ImageObject\",\"inLanguage\":\"cs\",\"@id\":\"https:\\\/\\\/secure.gravatar.com\\\/avatar\\\/e2e7f154cb43615d2863003e03aa7b5d90c4ec5a78860dc5cf1d71cae0db283f?s=96&d=mm&r=g\",\"url\":\"https:\\\/\\\/secure.gravatar.com\\\/avatar\\\/e2e7f154cb43615d2863003e03aa7b5d90c4ec5a78860dc5cf1d71cae0db283f?s=96&d=mm&r=g\",\"contentUrl\":\"https:\\\/\\\/secure.gravatar.com\\\/avatar\\\/e2e7f154cb43615d2863003e03aa7b5d90c4ec5a78860dc5cf1d71cae0db283f?s=96&d=mm&r=g\",\"caption\":\"Guido Steenmans\"}}]}<\/script>\n<!-- \/ Yoast SEO plugin. -->","yoast_head_json":{"title":"Pfefferkorn: nov\u00fd fotovoltaick\u00fd syst\u00e9m o v\u00fdkonu 749 kWp | CUBE CONCEPTS","description":"Od konce z\u00e1\u0159\u00ed 2022 proud\u00ed ze st\u0159ech Pfefferkornu v Simmernu \u010dist\u00e1 energie. Elektr\u00e1rna byla realizov\u00e1na spole\u010dn\u011b se spole\u010dnost\u00ed CUBE CONCEPTS.","robots":{"index":"index","follow":"follow","max-snippet":"max-snippet:-1","max-image-preview":"max-image-preview:large","max-video-preview":"max-video-preview:-1"},"canonical":"https:\/\/cubeconcepts.de\/cz\/pfefferkorn-uvadi-do-provozu-zarizeni-o-vykonu-749-kwp\/","og_locale":"cs_CZ","og_type":"article","og_title":"Pfefferkorn: neue 749-kWp-PV-Anlage | CUBE CONCEPTS","og_description":"Seit Ende September 2022 flie\u00dft saubere Energie von den D\u00e4chern Pfefferkorns in Simmern. Anlage wurde gemeinsam mit CUBE CONCEPTS realisiert.","og_url":"https:\/\/cubeconcepts.de\/cz\/pfefferkorn-uvadi-do-provozu-zarizeni-o-vykonu-749-kwp\/","og_site_name":"CUBE CONCEPTS","article_published_time":"2022-10-01T11:35:00+00:00","article_modified_time":"2025-04-24T06:39:04+00:00","og_image":[{"width":2560,"height":1438,"url":"https:\/\/cubeconcepts.de\/wp-content\/uploads\/2023\/02\/DJI_0037-scaled.jpg","type":"image\/jpeg"}],"author":"Guido Steenmans","twitter_card":"summary_large_image","twitter_misc":{"Napsal(a)":"Guido Steenmans","Odhadovan\u00e1 doba \u010dten\u00ed":"2 minuty"},"schema":{"@context":"https:\/\/schema.org","@graph":[{"@type":"Article","@id":"https:\/\/cubeconcepts.de\/pfefferkorn-nimmt-749-kwp-anlage-in-betrieb\/#article","isPartOf":{"@id":"https:\/\/cubeconcepts.de\/pfefferkorn-nimmt-749-kwp-anlage-in-betrieb\/"},"author":{"name":"Guido Steenmans","@id":"https:\/\/cubeconcepts.de\/#\/schema\/person\/2c762e4ca1ea252f42f23ab33248856e"},"headline":"Pfefferkorn nimmt 749-kWp-Anlage in Betrieb","datePublished":"2022-10-01T11:35:00+00:00","dateModified":"2025-04-24T06:39:04+00:00","mainEntityOfPage":{"@id":"https:\/\/cubeconcepts.de\/pfefferkorn-nimmt-749-kwp-anlage-in-betrieb\/"},"wordCount":227,"publisher":{"@id":"https:\/\/cubeconcepts.de\/#organization"},"image":{"@id":"https:\/\/cubeconcepts.de\/pfefferkorn-nimmt-749-kwp-anlage-in-betrieb\/#primaryimage"},"thumbnailUrl":"https:\/\/cubeconcepts.de\/wp-content\/uploads\/2023\/02\/DJI_0037-scaled.jpg","articleSection":["Case Studies - wie Unternehmen profitieren","News Archive","PV-Anlagen auf Dachfl\u00e4chen"],"inLanguage":"cs"},{"@type":"WebPage","@id":"https:\/\/cubeconcepts.de\/pfefferkorn-nimmt-749-kwp-anlage-in-betrieb\/","url":"https:\/\/cubeconcepts.de\/pfefferkorn-nimmt-749-kwp-anlage-in-betrieb\/","name":"Pfefferkorn: nov\u00fd fotovoltaick\u00fd syst\u00e9m o v\u00fdkonu 749 kWp | CUBE CONCEPTS","isPartOf":{"@id":"https:\/\/cubeconcepts.de\/#website"},"primaryImageOfPage":{"@id":"https:\/\/cubeconcepts.de\/pfefferkorn-nimmt-749-kwp-anlage-in-betrieb\/#primaryimage"},"image":{"@id":"https:\/\/cubeconcepts.de\/pfefferkorn-nimmt-749-kwp-anlage-in-betrieb\/#primaryimage"},"thumbnailUrl":"https:\/\/cubeconcepts.de\/wp-content\/uploads\/2023\/02\/DJI_0037-scaled.jpg","datePublished":"2022-10-01T11:35:00+00:00","dateModified":"2025-04-24T06:39:04+00:00","description":"Od konce z\u00e1\u0159\u00ed 2022 proud\u00ed ze st\u0159ech Pfefferkornu v Simmernu \u010dist\u00e1 energie. Elektr\u00e1rna byla realizov\u00e1na spole\u010dn\u011b se spole\u010dnost\u00ed CUBE CONCEPTS.","breadcrumb":{"@id":"https:\/\/cubeconcepts.de\/pfefferkorn-nimmt-749-kwp-anlage-in-betrieb\/#breadcrumb"},"inLanguage":"cs","potentialAction":[{"@type":"ReadAction","target":["https:\/\/cubeconcepts.de\/pfefferkorn-nimmt-749-kwp-anlage-in-betrieb\/"]}]},{"@type":"ImageObject","inLanguage":"cs","@id":"https:\/\/cubeconcepts.de\/pfefferkorn-nimmt-749-kwp-anlage-in-betrieb\/#primaryimage","url":"https:\/\/cubeconcepts.de\/wp-content\/uploads\/2023\/02\/DJI_0037-scaled.jpg","contentUrl":"https:\/\/cubeconcepts.de\/wp-content\/uploads\/2023\/02\/DJI_0037-scaled.jpg","width":2560,"height":1438,"caption":"Referenz Pfefferkorn - Schr\u00e4gansicht Dach-PV-Anlage"},{"@type":"BreadcrumbList","@id":"https:\/\/cubeconcepts.de\/pfefferkorn-nimmt-749-kwp-anlage-in-betrieb\/#breadcrumb","itemListElement":[{"@type":"ListItem","position":1,"name":"Startseite","item":"https:\/\/cubeconcepts.de\/"},{"@type":"ListItem","position":2,"name":"Pfefferkorn nimmt 749-kWp-Anlage in Betrieb"}]},{"@type":"WebSite","@id":"https:\/\/cubeconcepts.de\/#website","url":"https:\/\/cubeconcepts.de\/","name":"KONCEPTY KOSTKY","description":"V\u00e1\u0161 fotovoltaick\u00fd architekt a partner pro komplexn\u00ed slu\u017eby v oblasti","publisher":{"@id":"https:\/\/cubeconcepts.de\/#organization"},"potentialAction":[{"@type":"SearchAction","target":{"@type":"EntryPoint","urlTemplate":"https:\/\/cubeconcepts.de\/?s={search_term_string}"},"query-input":{"@type":"PropertyValueSpecification","valueRequired":true,"valueName":"search_term_string"}}],"inLanguage":"cs"},{"@type":"Organization","@id":"https:\/\/cubeconcepts.de\/#organization","name":"KONCEPTY KOSTKY","url":"https:\/\/cubeconcepts.de\/","logo":{"@type":"ImageObject","inLanguage":"cs","@id":"https:\/\/cubeconcepts.de\/#\/schema\/logo\/image\/","url":"https:\/\/cubeconcepts.de\/wp-content\/uploads\/2023\/01\/CUBE_CONCEPT-Logo.png","contentUrl":"https:\/\/cubeconcepts.de\/wp-content\/uploads\/2023\/01\/CUBE_CONCEPT-Logo.png","width":644,"height":207,"caption":"CUBE CONCEPTS"},"image":{"@id":"https:\/\/cubeconcepts.de\/#\/schema\/logo\/image\/"}},{"@type":"Person","@id":"https:\/\/cubeconcepts.de\/#\/schema\/person\/2c762e4ca1ea252f42f23ab33248856e","name":"Guido Steenmans","image":{"@type":"ImageObject","inLanguage":"cs","@id":"https:\/\/secure.gravatar.com\/avatar\/e2e7f154cb43615d2863003e03aa7b5d90c4ec5a78860dc5cf1d71cae0db283f?s=96&d=mm&r=g","url":"https:\/\/secure.gravatar.com\/avatar\/e2e7f154cb43615d2863003e03aa7b5d90c4ec5a78860dc5cf1d71cae0db283f?s=96&d=mm&r=g","contentUrl":"https:\/\/secure.gravatar.com\/avatar\/e2e7f154cb43615d2863003e03aa7b5d90c4ec5a78860dc5cf1d71cae0db283f?s=96&d=mm&r=g","caption":"Guido Steenmans"}}]}},"_links":{"self":[{"href":"https:\/\/cubeconcepts.de\/cz\/wp-json\/wp\/v2\/posts\/5324","targetHints":{"allow":["GET"]}}],"collection":[{"href":"https:\/\/cubeconcepts.de\/cz\/wp-json\/wp\/v2\/posts"}],"about":[{"href":"https:\/\/cubeconcepts.de\/cz\/wp-json\/wp\/v2\/types\/post"}],"author":[{"embeddable":true,"href":"https:\/\/cubeconcepts.de\/cz\/wp-json\/wp\/v2\/users\/3"}],"replies":[{"embeddable":true,"href":"https:\/\/cubeconcepts.de\/cz\/wp-json\/wp\/v2\/comments?post=5324"}],"version-history":[{"count":0,"href":"https:\/\/cubeconcepts.de\/cz\/wp-json\/wp\/v2\/posts\/5324\/revisions"}],"wp:featuredmedia":[{"embeddable":true,"href":"https:\/\/cubeconcepts.de\/cz\/wp-json\/wp\/v2\/media\/5075"}],"wp:attachment":[{"href":"https:\/\/cubeconcepts.de\/cz\/wp-json\/wp\/v2\/media?parent=5324"}],"wp:term":[{"taxonomy":"category","embeddable":true,"href":"https:\/\/cubeconcepts.de\/cz\/wp-json\/wp\/v2\/categories?post=5324"},{"taxonomy":"post_tag","embeddable":true,"href":"https:\/\/cubeconcepts.de\/cz\/wp-json\/wp\/v2\/tags?post=5324"}],"curies":[{"name":"wp","href":"https:\/\/api.w.org\/{rel}","templated":true}]}}