{"id":34139,"date":"2026-09-01T10:09:11","date_gmt":"2026-09-01T08:09:11","guid":{"rendered":"https:\/\/cubeconcepts.de\/?p=34139"},"modified":"2026-09-01T10:09:14","modified_gmt":"2026-09-01T08:09:14","slug":"primaerenergieverbrauch-pev-in-deutschland","status":"publish","type":"post","link":"https:\/\/cubeconcepts.de\/cz\/primaerenergieverbrauch-pev-in-deutschland\/","title":{"rendered":"Prim\u00e4renergieverbrauch (PEV) in Deutschland: Definition, aktuelle Zahlen &amp; Entwicklung"},"content":{"rendered":"<h2 class=\"wp-block-heading\">Stru\u010dn\u00fd p\u0159ehled<\/h2>\n\n\n\n<ul class=\"wp-block-list\">\n<li>Na str\u00e1nk\u00e1ch <strong>Prim\u00e4renergieverbrauch<\/strong> (PEV) Deutschlands lag 2025 nach der aktuellen Sch\u00e4tzung der Arbeitsgemeinschaft Energiebilanzen (AGEB) bei rund <strong>2.931 TWh<\/strong> (10.553 Petajoule). Damit lag er nahezu auf Vorjahresniveau (-0,1 %; witterungsbereinigt w\u00e4re der R\u00fcckgang mit rund -1,2 % deutlicher ausgefallen).<\/li>\n\n\n\n<li>Seit dem historischen H\u00f6chststand 1990 (rund 4.140 TWh) ist der <strong>PEV insgesamt um etwa 29 % gesunken<\/strong>. Der Anteil der Erneuerbaren lag dabei in 2025 bei 20,8 %.<\/li>\n\n\n\n<li>Bis 2030 soll der PEV laut Energieeffizienzgesetz (EnEfG) um 39,3 % unter dem Wert von 2008 liegen. Aktuelle Projektionen des Umweltbundesamts halten dieses Ziel mit den bislang beschlossenen Ma\u00dfnahmen f\u00fcr gef\u00e4hrdet.<\/li>\n<\/ul>\n\n\n\n<h2 class=\"wp-block-heading\">Was ist der Prim\u00e4renergieverbrauch (PEV)?<\/h2>\n\n\n\n<p class=\"wp-block-paragraph\">Der Prim\u00e4renergieverbrauch bezeichnet den Energiegehalt aller in einem Land eingesetzten Energietr\u00e4ger \u2013 gemessen in ihrer <strong>urspr\u00fcnglichen, noch nicht umgewandelten Form<\/strong>. Dazu z\u00e4hlen sowohl fossile Energietr\u00e4ger wie Mineral\u00f6l, Erdgas, Braun- und Steinkohle als auch erneuerbare Energien wie Windkraft, Photovoltaik, Wasserkraft, Biomasse und Geothermie.<\/p>\n\n\n\n<p class=\"wp-block-paragraph\">Berechnet wird der PEV von der Arbeitsgemeinschaft Energiebilanzen (AGEB) als Summe der inl\u00e4ndischen Energiegewinnung, bereinigt um den Au\u00dfenhandelssaldo (Ein- und Ausfuhr) sowie den Saldo der Ein- und Ausspeicherung von Energie. Grundlage ist das sogenannte <strong>Wirkungsgradprinzip<\/strong>. Direkt verbrennende Energietr\u00e4ger wie beispielsweise Kohle, Gas und \u00d6l gehen mit ihrem Heizwert in die Bilanz ein. Strom aus Wind-, Wasser- und Solarkraft wird dagegen mit einem rechnerischen Wirkungsgrad von 100 % angesetzt, Geothermie mit 10 %. Diese Methodik hat einen wichtigen Nebeneffekt: Der PEV sinkt automatisch, wenn fossile Kraftwerke mit Umwandlungsverlusten von 35\u201345 % durch verlustfrei angesetzte erneuerbare Erzeugung ersetzt werden \u2013 auch wenn der tats\u00e4chliche Endenergieverbrauch konstant bleibt.<\/p>\n\n\n\n<p class=\"wp-block-paragraph\">Der PEV ist damit die umfassendste der vier zentralen deutschen Energiebilanz-Kennzahlen. Er bildet die Ausgangsgr\u00f6\u00dfe, aus der sich \u2013 nach Abzug von Umwandlungs- und \u00dcbertragungsverlusten \u2013 der Bruttoendenergieverbrauch (BEEV) und, spezifisch f\u00fcr den Stromsektor, der Bruttostromverbrauch (BSV) und die Bruttostromerzeugung (BSE) ableiten.<\/p>\n\n\n\n<h2 class=\"wp-block-heading\">Abgrenzung zu BEEV, BSV und BSE<\/h2>\n\n\n\n<p class=\"wp-block-paragraph\">Die vier Kennzahlen der deutschen Energiebilanz stehen in einem hierarchischen Verh\u00e4ltnis zueinander und werden h\u00e4ufig verwechselt. <\/p>\n\n\n\n<figure class=\"wp-block-table\"><table class=\"has-fixed-layout\"><tbody><tr><td><strong>Kl\u00ed\u010dov\u00e9 \u010d\u00edslo<\/strong><\/td><td><strong>Bezeichnung<\/strong><\/td><td><strong>Bezug<\/strong><\/td><\/tr><tr><td>PEV<\/td><td>Prim\u00e4renergieverbrauch<\/td><td>Gesamter Energieeinsatz vor Umwandlung, alle Sektoren und Energietr\u00e4ger<\/td><\/tr><tr><td>BEEV<\/td><td>Bruttoendenergieverbrauch<\/td><td>Energie, die tats\u00e4chlich bei den Verbrauchern (Industrie, Verkehr, Haushalte, GHD) ankommt, inkl. energiebedingter Eigenverbrauch<\/td><\/tr><tr><td>BSV<\/td><td>Bruttostromverbrauch<\/td><td>Ausschlie\u00dflich der Stromsektor: Gesamter erzeugter und importierter Strom vor Netz- und Umwandlungsverlusten<\/td><\/tr><tr><td>BSE<\/td><td>Bruttostromerzeugung<\/td><td>Ausschlie\u00dflich der Stromsektor: Im Inland erzeugte Strommenge (Kraftwerke, EE-Anlagen), vor Eigenverbrauch der Kraftwerke<\/td><\/tr><\/tbody><\/table><\/figure>\n\n\n\n<p class=\"wp-block-paragraph\">Eine ausf\u00fchrliche Gegen\u00fcberstellung mit Berechnungslogik und Beispieldaten gibt es in dem Beitrag zur <a href=\"https:\/\/cubeconcepts.de\/wp-content\/uploads\/2026\/09\/Energiebilanz-Deutschland-vier-Kennzahlen-scaled.jpg\" data-type=\"attachment\" data-id=\"34138\">Energiebilanz Deutschland<\/a>. <\/p>\n\n\n\n<h2 class=\"wp-block-heading\">Entwicklung des Prim\u00e4renergieverbrauchs in Deutschland<\/h2>\n\n\n\n<p class=\"wp-block-paragraph\">Der PEV ist seit Mitte der 2000er-Jahre <strong>strukturell r\u00fcckl\u00e4ufig<\/strong>. Haupttreiber sind der wirtschaftliche Strukturwandel hin zu weniger energieintensiver Produktion, Energieeffizienzsteigerungen, der wachsende Anteil erneuerbarer Energien (mit dem oben beschriebenen methodischen Bonuseffekt) sowie \u2013 kurzfristig \u2013 konjunkturelle Schw\u00e4che und Witterungseinfl\u00fcsse.<\/p>\n\n\n\n<figure class=\"wp-block-table\"><table class=\"has-fixed-layout\"><tbody><tr><td><strong>Rok<\/strong><\/td><td><strong>PEV in TWh<\/strong><\/td><td><strong>PEV in PJ<\/strong><\/td><td><strong>Anmerkung<\/strong><\/td><\/tr><tr><td>1990<\/td><td>ca. 4.140<\/td><td>14.905<\/td><td>Historischer H\u00f6chststand<\/td><\/tr><tr><td>2008<\/td><td>ca. 3.890<\/td><td>14.003<\/td><td>Basisjahr f\u00fcr das EnEfG-Ziel 2030<\/td><\/tr><tr><td>2017<\/td><td>ca. 3.764<\/td><td>13.550<\/td><td><\/td><\/tr><tr><td>2023<\/td><td>ca. 2.982<\/td><td>10.735<\/td><td>Historischer Tiefstand infolge Industrieproduktionsr\u00fcckgang und hoher Energiepreise<\/td><\/tr><tr><td>2024<\/td><td>ca. 2.925<\/td><td>10.529<\/td><td>-1,2 % gg\u00fc. 2023<\/td><\/tr><tr><td>2025<\/td><td>ca. 2.931<\/td><td>10.553<\/td><td>Vorl\u00e4ufige AGEB-Sch\u00e4tzung (Stand 18.12.2025), -0,1 % gg\u00fc. 2024<\/td><\/tr><\/tbody><\/table><\/figure>\n\n\n\n<figure class=\"wp-block-image size-large\"><img fetchpriority=\"high\" decoding=\"async\" width=\"1024\" height=\"458\" src=\"https:\/\/cubeconcepts.de\/wp-content\/uploads\/2026\/09\/PEV-in-TWh-1024x458.jpg\" alt=\"\" class=\"wp-image-34140\" srcset=\"https:\/\/cubeconcepts.de\/wp-content\/uploads\/2026\/09\/PEV-in-TWh-1024x458.jpg 1024w, https:\/\/cubeconcepts.de\/wp-content\/uploads\/2026\/09\/PEV-in-TWh-18x8.jpg 18w, https:\/\/cubeconcepts.de\/wp-content\/uploads\/2026\/09\/PEV-in-TWh-767x343.jpg 767w, https:\/\/cubeconcepts.de\/wp-content\/uploads\/2026\/09\/PEV-in-TWh-300x134.jpg 300w, https:\/\/cubeconcepts.de\/wp-content\/uploads\/2026\/09\/PEV-in-TWh.jpg 1303w\" sizes=\"(max-width: 1024px) 100vw, 1024px\" \/><\/figure>\n\n\n\n<p class=\"wp-block-paragraph\">Auff\u00e4llig: Der R\u00fcckgang zwischen 2022 und 2023 (rund -8 %) war \u00fcberwiegend konjunkturell bedingt \u2013 energieintensive Industriezweige fuhren ihre Produktion angesichts hoher Energiepreise deutlich zur\u00fcck. 2024 und 2025 hat sich der Trend dagegen deutlich verlangsamt und stabilisiert sich nahe der 2.930-TWh-Marke.<\/p>\n\n\n\n<p class=\"wp-block-paragraph\">Beim Energietr\u00e4germix zeigt sich 2024 folgendes Bild: Mineral\u00f6l bleibt mit rund 36 % gr\u00f6\u00dfter Einzelposten, gefolgt von Erdgas (ca. 26 %). Braun- und Steinkohle liegen bei jeweils rund 7\u20138 %. Kernenergie tr\u00e4gt seit der endg\u00fcltigen Abschaltung am 15. April 2023 nicht mehr zum PEV bei; der Anteil erneuerbarer Energien steigt kontinuierlich.<\/p>\n\n\n\n<h2 class=\"wp-block-heading\">Regulatorischer Rahmen: Das EnEfG-Ziel 2030<\/h2>\n\n\n\n<p class=\"wp-block-paragraph\">Mit dem 2023 in Kraft getretenen Energieeffizienzgesetz (EnEfG) hat der Gesetzgeber verbindlich festgelegt, dass der PEV <strong>bis 2030 um 39,3 % unter dem Wert des Jahres 2008<\/strong> (rund 3.890 TWh) liegen soll \u2013 das entspr\u00e4che einem Zielwert von etwa 2.360 TWh. Die &#8220;Treibhausgas-Projektionen 2026&#8221; des Umweltbundesamts kommen jedoch zu dem Ergebnis, dass selbst bei Umsetzung aller derzeit geplanten Ma\u00dfnahmen der PEV 2030 nur auf rund 2.722 TWh (9.800 PJ) sinken w\u00fcrde. Dies bedeutet einen R\u00fcckgang von lediglich rund 32 % gegen\u00fcber 2008. Der Projektionsbericht zu den <a href=\"https:\/\/cubeconcepts.de\/cz\/klimaticke-cile-2030-nemecko-nesplni-cile-esr-o-255-milionu-tun-co%e2%82%82\/\" data-type=\"post\" data-id=\"31874\">Klimazielen 2030<\/a> zur Folge verfehlt Deutschland auch die ESR-Vorgaben um 255 Mio. Tonnen CO\u2082.<\/p>\n\n\n\n<h2 class=\"wp-block-heading\">Einordnung: Was der PEV-R\u00fcckgang f\u00fcr Unternehmen bedeutet<\/h2>\n\n\n\n<p class=\"wp-block-paragraph\">Ein sinkender PEV ist nicht gleich einem sinkenden Strombedarf. Das Gegenteil ist eher der Fall: Durch die fortschreitende Elektrifizierung von W\u00e4rme, Mobilit\u00e4t und Industrieprozessen (W\u00e4rmepumpen, E-Mobilit\u00e4t, Power-to-X) wird der Anteil des Stroms am Energiesystem tendenziell steigen. Dies z\u00e4hlt auch, wenn der gesamte PEV methodisch bedingt weiter sinkt. F\u00fcr Unternehmen bedeutet das vielmehr, dass ein stabiler und planbarer Stromzugang wichtiger wird. Eigene PV-Stromerzeugung und Sicherung durch Batteriespeicher gew\u00e4hren dies unabh\u00e4ngig davon, wie sich die Prim\u00e4renergiebilanz insgesamt entwickelt. Wie sich diese Verschiebung konkret im Bruttostromverbrauch niederschl\u00e4gt, behandeln wir im Beitrag zum Bruttostromverbrauch (BSV).<\/p>\n\n\n\n<h2 class=\"wp-block-heading\">\u010casto kladen\u00e9 dotazy<\/h2>\n\n\n\n<details class=\"wp-block-details is-layout-flow wp-block-details-is-layout-flow\"><summary>Was ist der Unterschied zwischen Prim\u00e4renergieverbrauch und Endenergieverbrauch?<\/summary>\n<p class=\"wp-block-paragraph\">Der Prim\u00e4renergieverbrauch erfasst den Energiegehalt aller eingesetzten Energietr\u00e4ger vor jeglicher Umwandlung. Der Endenergieverbrauch (bzw. Bruttoendenergieverbrauch, BEEV) bildet dagegen nur die Energiemenge ab, die nach Abzug von Umwandlungs- und \u00dcbertragungsverlusten tats\u00e4chlich bei den Verbrauchern ankommt \u2013 er liegt daher stets unter dem PEV.<\/p>\n<\/details>\n\n\n\n<p class=\"wp-block-paragraph\"><\/p>\n\n\n\n<details class=\"wp-block-details is-layout-flow wp-block-details-is-layout-flow\"><summary>Warum sinkt der Prim\u00e4renergieverbrauch, obwohl mehr Strom verbraucht wird?<\/summary>\n<p class=\"wp-block-paragraph\">Das liegt an der Berechnungsmethodik der AGEB: Strom aus Wind, Wasser und Photovoltaik wird ohne Umwandlungsverluste (100 % Wirkungsgrad) angesetzt, w\u00e4hrend fossile Kraftwerke Verluste von 35\u201345 % aufweisen. Ersetzt erneuerbare Erzeugung fossile Kraftwerksleistung, sinkt der PEV rechnerisch \u00fcberproportional \u2013 auch wenn der tats\u00e4chliche Strombedarf gleich bleibt oder steigt.<\/p>\n<\/details>\n\n\n\n<p class=\"wp-block-paragraph\"><\/p>\n\n\n\n<details class=\"wp-block-details is-layout-flow wp-block-details-is-layout-flow\"><summary>Wie hoch war der Prim\u00e4renergieverbrauch in Deutschland 2025?<\/summary>\n<p class=\"wp-block-paragraph\">Nach der aktuellen Sch\u00e4tzung der AG Energiebilanzen (Stand 18.12.2025) lag der PEV 2025 bei rund 2.931 TWh (10.553 Petajoule) \u2013 nahezu unver\u00e4ndert gegen\u00fcber 2024 (-0,1 %).<\/p>\n<\/details>\n\n\n\n<p class=\"wp-block-paragraph\"><\/p>\n\n\n\n<details class=\"wp-block-details is-layout-flow wp-block-details-is-layout-flow\"><summary>Wer erhebt die Zahlen zum Prim\u00e4renergieverbrauch?<\/summary>\n<p class=\"wp-block-paragraph\">Die Arbeitsgemeinschaft Energiebilanzen (AGEB) ver\u00f6ffentlicht j\u00e4hrlich eine vorl\u00e4ufige Dezember-Sch\u00e4tzung sowie im Fr\u00fchjahr des Folgejahres den finalen Jahresbericht. F\u00fcr erneuerbare Energien liefert zus\u00e4tzlich die Arbeitsgruppe Erneuerbare Energien-Statistik (AGEE-Stat) Daten zu.<\/p>\n<\/details>\n\n\n\n<p class=\"wp-block-paragraph\"><\/p>\n\n\n\n<details class=\"wp-block-details is-layout-flow wp-block-details-is-layout-flow\"><summary>Wird Deutschland sein PEV-Ziel f\u00fcr 2030 erreichen?<\/summary>\n<p class=\"wp-block-paragraph\">Nach aktuellen Einsch\u00e4tzungen des Umweltbundesamts (Treibhausgas-Projektionen 2025) ist das gesetzlich verankerte Ziel einer Reduktion um 39,3 % gegen\u00fcber 2008 mit den bislang beschlossenen Ma\u00dfnahmen voraussichtlich nicht erreichbar; die Projektion liegt bei rund 32 % R\u00fcckgang.<\/p>\n<\/details>\n\n\n\n<p class=\"wp-block-paragraph\"><\/p>","protected":false},"excerpt":{"rendered":"<p>Er ist in Deutschland seit 1990 deutlich gesunken, stagniert zuletzt jedoch bei rund 2.930 TWh. Was hinter der Kennzahl steckt, wie sie berechnet wird und warum das gesetzliche 2030-Ziel trotz sinkendem Energieverbrauch gef\u00e4hrdet ist, zeigt dieser \u00dcberblick.<\/p>","protected":false},"author":3,"featured_media":34148,"comment_status":"closed","ping_status":"open","sticky":false,"template":"","format":"standard","meta":{"_acf_changed":false,"footnotes":""},"categories":[61],"tags":[],"class_list":["post-34139","post","type-post","status-publish","format-standard","has-post-thumbnail","hentry","category-grundlagen-technik"],"acf":[],"yoast_head":"<!-- This site is optimized with the Yoast SEO plugin v28.3 - https:\/\/yoast.com\/product\/yoast-seo-wordpress\/ -->\n<title>Prim\u00e4renergieverbrauch (PEV) in Deutschland | CUBE CONCEPTS<\/title>\n<meta name=\"description\" content=\"Prim\u00e4renergieverbrauch (PEV) in Deutschland: aktuelle Zahlen 2025, Definition, Entwicklung seit 1990 und das EnEfG-Ziel 2030 einfach erkl\u00e4rt.\" \/>\n<meta name=\"robots\" content=\"index, follow, max-snippet:-1, max-image-preview:large, max-video-preview:-1\" \/>\n<link rel=\"canonical\" href=\"https:\/\/cubeconcepts.de\/cz\/primaerenergieverbrauch-pev-in-deutschland\/\" \/>\n<meta property=\"og:locale\" content=\"cs_CZ\" \/>\n<meta property=\"og:type\" content=\"article\" \/>\n<meta property=\"og:title\" content=\"Prim\u00e4renergieverbrauch (PEV) in Deutschland | CUBE CONCEPTS\" \/>\n<meta property=\"og:description\" content=\"Prim\u00e4renergieverbrauch (PEV) in Deutschland: aktuelle Zahlen 2025, Definition, Entwicklung seit 1990 und das EnEfG-Ziel 2030 einfach erkl\u00e4rt.\" \/>\n<meta property=\"og:url\" content=\"https:\/\/cubeconcepts.de\/cz\/primaerenergieverbrauch-pev-in-deutschland\/\" \/>\n<meta property=\"og:site_name\" content=\"CUBE CONCEPTS\" \/>\n<meta property=\"article:published_time\" content=\"2026-09-01T08:09:11+00:00\" \/>\n<meta property=\"article:modified_time\" content=\"2026-09-01T08:09:14+00:00\" \/>\n<meta property=\"og:image\" content=\"https:\/\/cubeconcepts.de\/wp-content\/uploads\/2026\/09\/Primaerenergieverbrauch-PEV-Deutschland-scaled.jpg\" \/>\n\t<meta property=\"og:image:width\" content=\"2560\" \/>\n\t<meta property=\"og:image:height\" content=\"1707\" \/>\n\t<meta property=\"og:image:type\" content=\"image\/jpeg\" \/>\n<meta name=\"author\" content=\"Guido Steenmans\" \/>\n<meta name=\"twitter:card\" content=\"summary_large_image\" \/>\n<meta name=\"twitter:label1\" content=\"Napsal(a)\" \/>\n\t<meta name=\"twitter:data1\" content=\"Guido Steenmans\" \/>\n\t<meta name=\"twitter:label2\" content=\"Odhadovan\u00e1 doba \u010dten\u00ed\" \/>\n\t<meta name=\"twitter:data2\" content=\"6 minut\" \/>\n<script type=\"application\/ld+json\" class=\"yoast-schema-graph\">{\"@context\":\"https:\\\/\\\/schema.org\",\"@graph\":[{\"@type\":\"Article\",\"@id\":\"https:\\\/\\\/cubeconcepts.de\\\/primaerenergieverbrauch-pev-in-deutschland\\\/#article\",\"isPartOf\":{\"@id\":\"https:\\\/\\\/cubeconcepts.de\\\/primaerenergieverbrauch-pev-in-deutschland\\\/\"},\"author\":{\"name\":\"Guido Steenmans\",\"@id\":\"https:\\\/\\\/cubeconcepts.de\\\/fr\\\/#\\\/schema\\\/person\\\/2c762e4ca1ea252f42f23ab33248856e\"},\"headline\":\"Prim\u00e4renergieverbrauch (PEV) in Deutschland: Definition, aktuelle Zahlen &amp; Entwicklung\",\"datePublished\":\"2026-09-01T08:09:11+00:00\",\"dateModified\":\"2026-09-01T08:09:14+00:00\",\"mainEntityOfPage\":{\"@id\":\"https:\\\/\\\/cubeconcepts.de\\\/primaerenergieverbrauch-pev-in-deutschland\\\/\"},\"wordCount\":997,\"publisher\":{\"@id\":\"https:\\\/\\\/cubeconcepts.de\\\/fr\\\/#organization\"},\"image\":{\"@id\":\"https:\\\/\\\/cubeconcepts.de\\\/primaerenergieverbrauch-pev-in-deutschland\\\/#primaryimage\"},\"thumbnailUrl\":\"https:\\\/\\\/cubeconcepts.de\\\/wp-content\\\/uploads\\\/2026\\\/09\\\/Primaerenergieverbrauch-PEV-Deutschland-scaled.jpg\",\"articleSection\":[\"Grundlagen &amp; Technik\"],\"inLanguage\":\"cs\"},{\"@type\":\"WebPage\",\"@id\":\"https:\\\/\\\/cubeconcepts.de\\\/primaerenergieverbrauch-pev-in-deutschland\\\/\",\"url\":\"https:\\\/\\\/cubeconcepts.de\\\/primaerenergieverbrauch-pev-in-deutschland\\\/\",\"name\":\"Prim\u00e4renergieverbrauch (PEV) in Deutschland | CUBE CONCEPTS\",\"isPartOf\":{\"@id\":\"https:\\\/\\\/cubeconcepts.de\\\/fr\\\/#website\"},\"primaryImageOfPage\":{\"@id\":\"https:\\\/\\\/cubeconcepts.de\\\/primaerenergieverbrauch-pev-in-deutschland\\\/#primaryimage\"},\"image\":{\"@id\":\"https:\\\/\\\/cubeconcepts.de\\\/primaerenergieverbrauch-pev-in-deutschland\\\/#primaryimage\"},\"thumbnailUrl\":\"https:\\\/\\\/cubeconcepts.de\\\/wp-content\\\/uploads\\\/2026\\\/09\\\/Primaerenergieverbrauch-PEV-Deutschland-scaled.jpg\",\"datePublished\":\"2026-09-01T08:09:11+00:00\",\"dateModified\":\"2026-09-01T08:09:14+00:00\",\"description\":\"Prim\u00e4renergieverbrauch (PEV) in Deutschland: aktuelle Zahlen 2025, Definition, Entwicklung seit 1990 und das EnEfG-Ziel 2030 einfach erkl\u00e4rt.\",\"breadcrumb\":{\"@id\":\"https:\\\/\\\/cubeconcepts.de\\\/primaerenergieverbrauch-pev-in-deutschland\\\/#breadcrumb\"},\"inLanguage\":\"cs\",\"potentialAction\":[{\"@type\":\"ReadAction\",\"target\":[\"https:\\\/\\\/cubeconcepts.de\\\/primaerenergieverbrauch-pev-in-deutschland\\\/\"]}]},{\"@type\":\"ImageObject\",\"inLanguage\":\"cs\",\"@id\":\"https:\\\/\\\/cubeconcepts.de\\\/primaerenergieverbrauch-pev-in-deutschland\\\/#primaryimage\",\"url\":\"https:\\\/\\\/cubeconcepts.de\\\/wp-content\\\/uploads\\\/2026\\\/09\\\/Primaerenergieverbrauch-PEV-Deutschland-scaled.jpg\",\"contentUrl\":\"https:\\\/\\\/cubeconcepts.de\\\/wp-content\\\/uploads\\\/2026\\\/09\\\/Primaerenergieverbrauch-PEV-Deutschland-scaled.jpg\",\"width\":2560,\"height\":1707,\"caption\":\"Primaerenergieverbrauch-PEV-Deutschland\"},{\"@type\":\"BreadcrumbList\",\"@id\":\"https:\\\/\\\/cubeconcepts.de\\\/primaerenergieverbrauch-pev-in-deutschland\\\/#breadcrumb\",\"itemListElement\":[{\"@type\":\"ListItem\",\"position\":1,\"name\":\"Startseite\",\"item\":\"https:\\\/\\\/cubeconcepts.de\\\/\"},{\"@type\":\"ListItem\",\"position\":2,\"name\":\"Prim\u00e4renergieverbrauch (PEV) in Deutschland: Definition, aktuelle Zahlen &amp; Entwicklung\"}]},{\"@type\":\"WebSite\",\"@id\":\"https:\\\/\\\/cubeconcepts.de\\\/fr\\\/#website\",\"url\":\"https:\\\/\\\/cubeconcepts.de\\\/fr\\\/\",\"name\":\"CUBE CONCEPTS\",\"description\":\"Energiesysteme f\u00fcr Unternehmen\",\"publisher\":{\"@id\":\"https:\\\/\\\/cubeconcepts.de\\\/fr\\\/#organization\"},\"potentialAction\":[{\"@type\":\"SearchAction\",\"target\":{\"@type\":\"EntryPoint\",\"urlTemplate\":\"https:\\\/\\\/cubeconcepts.de\\\/fr\\\/?s={search_term_string}\"},\"query-input\":{\"@type\":\"PropertyValueSpecification\",\"valueRequired\":true,\"valueName\":\"search_term_string\"}}],\"inLanguage\":\"cs\"},{\"@type\":\"Organization\",\"@id\":\"https:\\\/\\\/cubeconcepts.de\\\/fr\\\/#organization\",\"name\":\"CUBE CONCEPTS\",\"url\":\"https:\\\/\\\/cubeconcepts.de\\\/fr\\\/\",\"logo\":{\"@type\":\"ImageObject\",\"inLanguage\":\"cs\",\"@id\":\"https:\\\/\\\/cubeconcepts.de\\\/fr\\\/#\\\/schema\\\/logo\\\/image\\\/\",\"url\":\"https:\\\/\\\/cubeconcepts.de\\\/wp-content\\\/uploads\\\/2023\\\/01\\\/CUBE_CONCEPT-Logo.png\",\"contentUrl\":\"https:\\\/\\\/cubeconcepts.de\\\/wp-content\\\/uploads\\\/2023\\\/01\\\/CUBE_CONCEPT-Logo.png\",\"width\":644,\"height\":207,\"caption\":\"CUBE CONCEPTS\"},\"image\":{\"@id\":\"https:\\\/\\\/cubeconcepts.de\\\/fr\\\/#\\\/schema\\\/logo\\\/image\\\/\"}},{\"@type\":\"Person\",\"@id\":\"https:\\\/\\\/cubeconcepts.de\\\/fr\\\/#\\\/schema\\\/person\\\/2c762e4ca1ea252f42f23ab33248856e\",\"name\":\"Guido Steenmans\",\"image\":{\"@type\":\"ImageObject\",\"inLanguage\":\"cs\",\"@id\":\"https:\\\/\\\/cubeconcepts.de\\\/wp-content\\\/uploads\\\/2025\\\/11\\\/cropped-Guido-Steenmanns-hoch-scaled-1-96x96.jpg\",\"url\":\"https:\\\/\\\/cubeconcepts.de\\\/wp-content\\\/uploads\\\/2025\\\/11\\\/cropped-Guido-Steenmanns-hoch-scaled-1-96x96.jpg\",\"contentUrl\":\"https:\\\/\\\/cubeconcepts.de\\\/wp-content\\\/uploads\\\/2025\\\/11\\\/cropped-Guido-Steenmanns-hoch-scaled-1-96x96.jpg\",\"caption\":\"Guido Steenmans\"}}]}<\/script>\n<!-- \/ Yoast SEO plugin. -->","yoast_head_json":{"title":"Prim\u00e4renergieverbrauch (PEV) in Deutschland | CUBE CONCEPTS","description":"Prim\u00e4renergieverbrauch (PEV) in Deutschland: aktuelle Zahlen 2025, Definition, Entwicklung seit 1990 und das EnEfG-Ziel 2030 einfach erkl\u00e4rt.","robots":{"index":"index","follow":"follow","max-snippet":"max-snippet:-1","max-image-preview":"max-image-preview:large","max-video-preview":"max-video-preview:-1"},"canonical":"https:\/\/cubeconcepts.de\/cz\/primaerenergieverbrauch-pev-in-deutschland\/","og_locale":"cs_CZ","og_type":"article","og_title":"Prim\u00e4renergieverbrauch (PEV) in Deutschland | CUBE CONCEPTS","og_description":"Prim\u00e4renergieverbrauch (PEV) in Deutschland: aktuelle Zahlen 2025, Definition, Entwicklung seit 1990 und das EnEfG-Ziel 2030 einfach erkl\u00e4rt.","og_url":"https:\/\/cubeconcepts.de\/cz\/primaerenergieverbrauch-pev-in-deutschland\/","og_site_name":"CUBE CONCEPTS","article_published_time":"2026-09-01T08:09:11+00:00","article_modified_time":"2026-09-01T08:09:14+00:00","og_image":[{"width":2560,"height":1707,"url":"https:\/\/cubeconcepts.de\/wp-content\/uploads\/2026\/09\/Primaerenergieverbrauch-PEV-Deutschland-scaled.jpg","type":"image\/jpeg"}],"author":"Guido Steenmans","twitter_card":"summary_large_image","twitter_misc":{"Napsal(a)":"Guido Steenmans","Odhadovan\u00e1 doba \u010dten\u00ed":"6 minut"},"schema":{"@context":"https:\/\/schema.org","@graph":[{"@type":"Article","@id":"https:\/\/cubeconcepts.de\/primaerenergieverbrauch-pev-in-deutschland\/#article","isPartOf":{"@id":"https:\/\/cubeconcepts.de\/primaerenergieverbrauch-pev-in-deutschland\/"},"author":{"name":"Guido Steenmans","@id":"https:\/\/cubeconcepts.de\/fr\/#\/schema\/person\/2c762e4ca1ea252f42f23ab33248856e"},"headline":"Prim\u00e4renergieverbrauch (PEV) in Deutschland: Definition, aktuelle Zahlen &amp; Entwicklung","datePublished":"2026-09-01T08:09:11+00:00","dateModified":"2026-09-01T08:09:14+00:00","mainEntityOfPage":{"@id":"https:\/\/cubeconcepts.de\/primaerenergieverbrauch-pev-in-deutschland\/"},"wordCount":997,"publisher":{"@id":"https:\/\/cubeconcepts.de\/fr\/#organization"},"image":{"@id":"https:\/\/cubeconcepts.de\/primaerenergieverbrauch-pev-in-deutschland\/#primaryimage"},"thumbnailUrl":"https:\/\/cubeconcepts.de\/wp-content\/uploads\/2026\/09\/Primaerenergieverbrauch-PEV-Deutschland-scaled.jpg","articleSection":["Grundlagen &amp; Technik"],"inLanguage":"cs"},{"@type":"WebPage","@id":"https:\/\/cubeconcepts.de\/primaerenergieverbrauch-pev-in-deutschland\/","url":"https:\/\/cubeconcepts.de\/primaerenergieverbrauch-pev-in-deutschland\/","name":"Prim\u00e4renergieverbrauch (PEV) in Deutschland | CUBE CONCEPTS","isPartOf":{"@id":"https:\/\/cubeconcepts.de\/fr\/#website"},"primaryImageOfPage":{"@id":"https:\/\/cubeconcepts.de\/primaerenergieverbrauch-pev-in-deutschland\/#primaryimage"},"image":{"@id":"https:\/\/cubeconcepts.de\/primaerenergieverbrauch-pev-in-deutschland\/#primaryimage"},"thumbnailUrl":"https:\/\/cubeconcepts.de\/wp-content\/uploads\/2026\/09\/Primaerenergieverbrauch-PEV-Deutschland-scaled.jpg","datePublished":"2026-09-01T08:09:11+00:00","dateModified":"2026-09-01T08:09:14+00:00","description":"Prim\u00e4renergieverbrauch (PEV) in Deutschland: aktuelle Zahlen 2025, Definition, Entwicklung seit 1990 und das EnEfG-Ziel 2030 einfach erkl\u00e4rt.","breadcrumb":{"@id":"https:\/\/cubeconcepts.de\/primaerenergieverbrauch-pev-in-deutschland\/#breadcrumb"},"inLanguage":"cs","potentialAction":[{"@type":"ReadAction","target":["https:\/\/cubeconcepts.de\/primaerenergieverbrauch-pev-in-deutschland\/"]}]},{"@type":"ImageObject","inLanguage":"cs","@id":"https:\/\/cubeconcepts.de\/primaerenergieverbrauch-pev-in-deutschland\/#primaryimage","url":"https:\/\/cubeconcepts.de\/wp-content\/uploads\/2026\/09\/Primaerenergieverbrauch-PEV-Deutschland-scaled.jpg","contentUrl":"https:\/\/cubeconcepts.de\/wp-content\/uploads\/2026\/09\/Primaerenergieverbrauch-PEV-Deutschland-scaled.jpg","width":2560,"height":1707,"caption":"Primaerenergieverbrauch-PEV-Deutschland"},{"@type":"BreadcrumbList","@id":"https:\/\/cubeconcepts.de\/primaerenergieverbrauch-pev-in-deutschland\/#breadcrumb","itemListElement":[{"@type":"ListItem","position":1,"name":"Startseite","item":"https:\/\/cubeconcepts.de\/"},{"@type":"ListItem","position":2,"name":"Prim\u00e4renergieverbrauch (PEV) in Deutschland: Definition, aktuelle Zahlen &amp; Entwicklung"}]},{"@type":"WebSite","@id":"https:\/\/cubeconcepts.de\/fr\/#website","url":"https:\/\/cubeconcepts.de\/fr\/","name":"KONCEPTY KOSTKY","description":"Energetick\u00e9 syst\u00e9my pro podniky","publisher":{"@id":"https:\/\/cubeconcepts.de\/fr\/#organization"},"potentialAction":[{"@type":"SearchAction","target":{"@type":"EntryPoint","urlTemplate":"https:\/\/cubeconcepts.de\/fr\/?s={search_term_string}"},"query-input":{"@type":"PropertyValueSpecification","valueRequired":true,"valueName":"search_term_string"}}],"inLanguage":"cs"},{"@type":"Organization","@id":"https:\/\/cubeconcepts.de\/fr\/#organization","name":"KONCEPTY KOSTKY","url":"https:\/\/cubeconcepts.de\/fr\/","logo":{"@type":"ImageObject","inLanguage":"cs","@id":"https:\/\/cubeconcepts.de\/fr\/#\/schema\/logo\/image\/","url":"https:\/\/cubeconcepts.de\/wp-content\/uploads\/2023\/01\/CUBE_CONCEPT-Logo.png","contentUrl":"https:\/\/cubeconcepts.de\/wp-content\/uploads\/2023\/01\/CUBE_CONCEPT-Logo.png","width":644,"height":207,"caption":"CUBE CONCEPTS"},"image":{"@id":"https:\/\/cubeconcepts.de\/fr\/#\/schema\/logo\/image\/"}},{"@type":"Person","@id":"https:\/\/cubeconcepts.de\/fr\/#\/schema\/person\/2c762e4ca1ea252f42f23ab33248856e","name":"Guido Steenmans","image":{"@type":"ImageObject","inLanguage":"cs","@id":"https:\/\/cubeconcepts.de\/wp-content\/uploads\/2025\/11\/cropped-Guido-Steenmanns-hoch-scaled-1-96x96.jpg","url":"https:\/\/cubeconcepts.de\/wp-content\/uploads\/2025\/11\/cropped-Guido-Steenmanns-hoch-scaled-1-96x96.jpg","contentUrl":"https:\/\/cubeconcepts.de\/wp-content\/uploads\/2025\/11\/cropped-Guido-Steenmanns-hoch-scaled-1-96x96.jpg","caption":"Guido Steenmans"}}]}},"_links":{"self":[{"href":"https:\/\/cubeconcepts.de\/cz\/wp-json\/wp\/v2\/posts\/34139","targetHints":{"allow":["GET"]}}],"collection":[{"href":"https:\/\/cubeconcepts.de\/cz\/wp-json\/wp\/v2\/posts"}],"about":[{"href":"https:\/\/cubeconcepts.de\/cz\/wp-json\/wp\/v2\/types\/post"}],"author":[{"embeddable":true,"href":"https:\/\/cubeconcepts.de\/cz\/wp-json\/wp\/v2\/users\/3"}],"replies":[{"embeddable":true,"href":"https:\/\/cubeconcepts.de\/cz\/wp-json\/wp\/v2\/comments?post=34139"}],"version-history":[{"count":3,"href":"https:\/\/cubeconcepts.de\/cz\/wp-json\/wp\/v2\/posts\/34139\/revisions"}],"predecessor-version":[{"id":34143,"href":"https:\/\/cubeconcepts.de\/cz\/wp-json\/wp\/v2\/posts\/34139\/revisions\/34143"}],"wp:featuredmedia":[{"embeddable":true,"href":"https:\/\/cubeconcepts.de\/cz\/wp-json\/wp\/v2\/media\/34148"}],"wp:attachment":[{"href":"https:\/\/cubeconcepts.de\/cz\/wp-json\/wp\/v2\/media?parent=34139"}],"wp:term":[{"taxonomy":"category","embeddable":true,"href":"https:\/\/cubeconcepts.de\/cz\/wp-json\/wp\/v2\/categories?post=34139"},{"taxonomy":"post_tag","embeddable":true,"href":"https:\/\/cubeconcepts.de\/cz\/wp-json\/wp\/v2\/tags?post=34139"}],"curies":[{"name":"wp","href":"https:\/\/api.w.org\/{rel}","templated":true}]}}