{"id":29104,"date":"2026-08-06T11:48:16","date_gmt":"2026-08-06T09:48:16","guid":{"rendered":"https:\/\/cubeconcepts.de\/?p=29104"},"modified":"2026-08-06T14:20:49","modified_gmt":"2026-08-06T12:20:49","slug":"mispel-jmenny-plan-pravni-ucinnost-2026","status":"publish","type":"post","link":"https:\/\/cubeconcepts.de\/cz\/mispel-zeitplan-rechtskraft-2026\/","title":{"rendered":"MiSpeL 2026: Stanoven\u00ed vstupuje v platnost 1. \u0159\u00edjna a co to znamen\u00e1 pro projekty BESS?"},"content":{"rendered":"<p class=\"wp-block-paragraph\">V z\u00e1\u0159\u00ed 2025 jsme v na\u0161em p\u0159\u00edsp\u011bvku \u201c<a href=\"https:\/\/cubeconcepts.de\/mispel-mehr-markt-chancen-fuer-grossspeicher\/\" type=\"link\" id=\"https:\/\/cubeconcepts.de\/mispel-mehr-markt-chancen-fuer-grossspeicher\/\">MiSpeL: V\u00edce trhu &amp; p\u0159\u00edle\u017eitost\u00ed pro velk\u00e1 \u00falo\u017ei\u0161t\u011b<\/a>\u201dvysv\u011btluje, co reforma znamen\u00e1 a jakou mo\u017enost otev\u00edr\u00e1 pro velk\u00e9 z\u00e1sobn\u00edky. Od t\u00e9 doby se proces posunul \u2013 a \u00fast\u0159edn\u00ed ot\u00e1zka v rozhovorech s pr\u016fmyslov\u00fdmi z\u00e1kazn\u00edky te\u010f zn\u00ed t\u00e9m\u011b\u0159 v\u017edy: Kdy s t\u00edm mohu po\u010d\u00edtat a co si mus\u00edm do t\u00e9 doby p\u0159ipravit?<\/p>\n\n\n\n<p class=\"wp-block-paragraph\">Tento p\u0159\u00edsp\u011bvek poskytuje jasnou odpov\u011b\u010f na z\u00e1klad\u011b aktu\u00e1ln\u00edho stavu \u0159\u00edzen\u00ed (k kv\u011btnu 2026) a vyvozuje z toho konkr\u00e9tn\u00ed doporu\u010den\u00ed pro provozovatele velk\u00fdch bateriov\u00fdch \u00falo\u017ei\u0161\u0165.<\/p>\n\n\n\n<h2 class=\"wp-block-heading\">Ofici\u00e1ln\u00ed harmonogram Spolkov\u00e9 s\u00ed\u0165ov\u00e9 agentury<\/h2>\n\n\n\n<p class=\"wp-block-paragraph\">Stanoven\u00ed MiSpeL nen\u00ed jedin\u00fdm legislativn\u00edm aktem, n\u00fdbr\u017e v\u00edcestup\u0148ov\u00fdm regula\u010dn\u00edm \u0159\u00edzen\u00edm. Spolkov\u00e1 s\u00ed\u0165ov\u00e1 agentura (BNetzA) jej prov\u00e1d\u00ed na z\u00e1klad\u011b sv\u00fdch pravomoc\u00ed dle \u00a7 85d z\u00e1kona o obnoviteln\u00fdch zdroj\u00edch energie (EEG 2023). Zde je p\u0159ehled v\u0161ech podstatn\u00fdch miln\u00edk\u016f:<\/p>\n\n\n\n<div class=\"wp-block-columns is-layout-flex wp-container-core-columns-is-layout-7387b849 wp-block-columns-is-layout-flex\">\n<div class=\"wp-block-column is-layout-flow wp-block-column-is-layout-flow\" style=\"flex-basis:100%\">\n<figure class=\"wp-block-table\"><table class=\"has-fixed-layout\"><tbody><tr><td class=\"has-text-align-left\" data-align=\"left\"><strong>Okam\u017eik<\/strong><\/td><td><strong>Miln\u00edky<\/strong><\/td><\/tr><tr><td class=\"has-text-align-left\" data-align=\"left\">25. \u00fanora 2025<\/td><td>Z\u00e1kon o \u0161pi\u010dk\u00e1ch v\u00fdroby elekt\u0159iny vstupuje v platnost (\u00a7 19 odst. 3b a 3c EEG)<\/td><\/tr><tr><td class=\"has-text-align-left\" data-align=\"left\">\u010dervenec 2025<\/td><td>BNetzA zahajuje stanovovac\u00ed \u0159\u00edzen\u00ed MiSpeL (sp. zn.: 618-25-02)<\/td><\/tr><tr><td class=\"has-text-align-left\" data-align=\"left\">18. z\u00e1\u0159\u00ed 2025<\/td><td>Zve\u0159ejn\u011bn\u00ed n\u00e1vrhu stanoven\u00ed k ve\u0159ejn\u00e9 konzultaci<\/td><\/tr><tr><td class=\"has-text-align-left\" data-align=\"left\">24. \u0159\u00edjna 2025<\/td><td>Ukon\u010den\u00ed lh\u016fty pro pod\u00e1n\u00ed p\u0159ipom\u00ednek \u2013 odv\u011btvov\u00e1 sdru\u017een\u00ed po\u017eaduj\u00ed vstup v platnost v 1. pololet\u00ed roku 2026<\/td><\/tr><tr><td class=\"has-text-align-left\" data-align=\"left\">1. ledna 2026<\/td><td>Zru\u0161en\u00ed dvoj\u00edho zat\u00ed\u017een\u00ed s\u00ed\u0165ov\u00fdmi poplatky u zp\u011btn\u011b dod\u00e1van\u00e9 elekt\u0159iny (novela z\u00e1kona o energetice \u2013 EnWG)<\/td><\/tr><tr><td class=\"has-text-align-left\" data-align=\"left\">17. b\u0159ezna 2026<\/td><td>Stanoven\u00ed matematick\u00fdch pravidel a metrologick\u00fdch po\u017eadavk\u016f pro sm\u00ed\u0161en\u00fd provoz<\/td><\/tr><tr><td class=\"has-text-align-left\" data-align=\"left\">30. \u010dervna 2026<\/td><td>Koniec z\u00e1konnej lehoty pre nadobudnutie pr\u00e1voplatnosti stanovenia MiSpeL<\/td><\/tr><tr><td class=\"has-text-align-left\" data-align=\"left\">5. srpna 2026<\/td><td>Zve\u0159ejn\u011bn\u00ed stavu prac\u00ed<\/td><\/tr><tr><td class=\"has-text-align-left\" data-align=\"left\">1. \u0159\u00edjna 2026<\/td><td>Skute\u010dn\u00e1 \u00fa\u010dinnost a za\u010d\u00e1tek povinnosti implementace obsahu stanoven\u00ed <\/td><\/tr><tr><td class=\"has-text-align-left\" data-align=\"left\">1. leden 2027<\/td><td>Zah\u00e1jen\u00ed z\u00fa\u010dtov\u00e1n\u00ed prost\u0159ednictv\u00edm standardizovan\u00e9, pln\u011b automatizovan\u00e9 tr\u017en\u00ed komunikace<\/td><\/tr><\/tbody><\/table><\/figure>\n<\/div>\n<\/div>\n\n\n\n<p class=\"wp-block-paragraph\">Z\u00e1konn\u00e1 lh\u016fta vypr\u0161ela 30. \u010dervna 2026. Oborov\u00e1 sdru\u017een\u00ed jako bne (Spolkov\u00fd svaz nov\u00e9 energetiky) p\u0159itom po\u017eadovala d\u0159\u00edv\u011bj\u0161\u00ed nabyt\u00ed \u00fa\u010dinnosti ji\u017e v prvn\u00edm pololet\u00ed roku 2026, aby se zm\u00edrnily \u0161pi\u010dky v dod\u00e1vk\u00e1ch energie v l\u00e9t\u011b 2026. Nyn\u00ed je pro nabyt\u00ed \u00fa\u010dinnosti stanoven\u00ed MiSpel stanoveno datum 1. \u0159\u00edjna.<\/p>\n\n\n\n<h2 class=\"wp-block-heading\">Co \u201cRechtskraft\u201d zde opravdu znamen\u00e1 \u2013 d\u016fle\u017eit\u00e9 rozli\u0161en\u00ed<\/h2>\n\n\n\n<p class=\"wp-block-paragraph\">Mnoho \u00fa\u010dastn\u00edk\u016f trhu ztoto\u017e\u0148uje \u201cpr\u00e1vn\u00ed moc rozhodnut\u00ed\u201d s \u201cokam\u017eitou pou\u017eitelnost\u00ed\u201d. To je omyl, kter\u00fd m\u016f\u017ee p\u0159i investi\u010dn\u00edm pl\u00e1nov\u00e1n\u00ed v\u00e9st k chyb\u010dn\u00fdm v\u00fdpo\u010dt\u016fm.<\/p>\n\n\n\n<p class=\"wp-block-paragraph\"><strong>Pr\u00e1vn\u00ed moc \u2260 okam\u017eit\u00e1 vykonatelnost<\/strong><\/p>\n\n\n\n<p class=\"wp-block-paragraph\">I kdy\u017e toto ustanoven\u00ed vstoup\u00ed v platnost 1. \u0159\u00edjna 2026, nov\u00e9 mo\u017enosti se neprojev\u00ed automaticky ihned od \u0159\u00edjna. Nav\u00edc je vy\u017eadov\u00e1no:<\/p>\n\n\n\n<ul class=\"wp-block-list\">\n<li>Schv\u00e1len\u00ed st\u00e1tn\u00ed podpory EU (dosud chyb\u00ed, zejm\u00e9na pro mo\u017enost vymezit)<\/li>\n\n\n\n<li>Technick\u00e1 realizace provozovatelem p\u0159enosov\u00e9 soustavy a provozovatelem m\u011b\u0159ic\u00edho m\u00edsta<\/li>\n\n\n\n<li>\u00daprava proces\u016f tr\u017en\u00ed komunikace<\/li>\n<\/ul>\n\n\n\n<p class=\"wp-block-paragraph\"><\/p>\n\n\n\n<p class=\"wp-block-paragraph\">\u00dapln\u00e1 povinnost implementace pro v\u0161echny provozovatele soustav je ofici\u00e1ln\u011b stanovena od 1. ledna 2027. V p\u0159echodn\u00e9m obdob\u00ed mezi nabyt\u00edm pr\u00e1vn\u00ed moci a pln\u00fdm provozem jsou bilater\u00e1ln\u00ed dohody s provozovateli soustav pravidlem \u2013 nikoli v\u00fdjimkou.<\/p>\n\n\n\n<p class=\"wp-block-paragraph\">Pro provozovatele BESS to znamen\u00e1: Nov\u00e1 <strong>Mo\u017enost \u010dasov\u00e9ho rozli\u0161en\u00ed<\/strong> (\u00a7 19 odst. 3b EEG a \u00a7 21 odst. 1 a\u017e 4 EnFG), co\u017e je jedin\u00e1 ekonomicky relevantn\u00ed mo\u017enost pro za\u0159\u00edzen\u00ed od 1 MWh, m\u016f\u017ee b\u00fdt v b\u011b\u017en\u00e9m provozu vyu\u017eita nejd\u0159\u00edve po\u010d\u00e1tkem roku 2027 \u2013 a i to pouze v p\u0159\u00edpad\u011b v\u010dasn\u00e9ho schv\u00e1len\u00ed ze strany EU.<\/p>\n\n\n\n<h2 class=\"wp-block-heading\">Pro\u010d pr\u016fmyslov\u00e9 svazy tla\u010d\u00ed na rychl\u00e9 nabyt\u00ed \u00fa\u010dinnosti<\/h2>\n\n\n\n<p class=\"wp-block-paragraph\">Tlak na BNetzA p\u0159ich\u00e1z\u00ed z n\u011bkolika sm\u011br\u016f \u2013 a je opr\u00e1vn\u011bn\u00fd:<\/p>\n\n\n\n<ul class=\"wp-block-list\">\n<li><strong>Stabilita s\u00edt\u011b: <\/strong>\u0160pi\u010dky dod\u00e1vek do s\u00edt\u011b: Bez MiSpeL mohou <a href=\"https:\/\/cubeconcepts.de\/co-location-bess-als-unverzichtbares-asset-bei-ee-anlagen\/\" type=\"post\" id=\"27561\">Kolokace bateriov\u00fdch syst\u00e9m\u016f pro ukl\u00e1d\u00e1n\u00ed energie<\/a> vyu\u017e\u00edvat ulo\u017eenou zelenou elekt\u0159inu zp\u016fsobem, kter\u00fd nen\u00ed optimalizovan\u00fd pro trh. To zvy\u0161uje riziko vzniku z\u00e1porn\u00fdch cen elekt\u0159iny a omezov\u00e1n\u00ed v\u00fdroby (curtailment).<\/li>\n\n\n\n<li><strong>Jistota investic: <\/strong>Chyb\u011bj\u00edc\u00ed investi\u010dn\u00ed z\u00e1kladna: Projektov\u00ed develope\u0159i a pr\u016fmyslov\u00ed z\u00e1kazn\u00edci v\u00e1haj\u00ed u nov\u00fdch <a href=\"https:\/\/cubeconcepts.de\/cz\/battery-storage\/\" type=\"page\" id=\"28816\">Akumul\u00e1torov\u00e9 \u00falo\u017ei\u0161t\u011b<\/a>-Investice, dokud je\u0161t\u011b nen\u00ed kone\u010dn\u00fd regula\u010dn\u00ed r\u00e1mec.<\/li>\n\n\n\n<li><strong>Paraleln\u011b prob\u00edhaj\u00edc\u00ed odleh\u010den\u00ed: <\/strong>Dopl\u0148kov\u011b vstoup\u00ed v platnost novela z\u00e1kona EnWG k 1. lednu 2026, kter\u00e1 ru\u0161\u00ed dvoj\u00ed \u00fa\u010dtov\u00e1n\u00ed poplatk\u016f za s\u00ed\u0165 v p\u0159\u00edpad\u011b zp\u011btn\u00e9ho dod\u00e1v\u00e1n\u00ed elekt\u0159iny z akumul\u00e1tor\u016f. Tento krok ji\u017e nabyl pr\u00e1vn\u00ed \u00fa\u010dinnosti a okam\u017eit\u011b zlep\u0161uje ekonomickou efektivitu velkokapacitn\u00edch akumul\u00e1tor\u016f.<\/li>\n<\/ul>\n\n\n\n<h2 class=\"wp-block-heading\">Co te\u010f mus\u00ed provozovatel\u00e9 velk\u00fdch \u00falo\u017ei\u0161\u0165 ud\u011blat<\/h2>\n\n\n\n<p class=\"wp-block-paragraph\">\u010cas do vstupu v platnost nen\u00ed pasivn\u00ed \u010dekac\u00ed dobou. Kdo ji\u017e provozuje velk\u00e9 bateriov\u00e9 \u00falo\u017ei\u0161t\u011b a chce od roku 2027 hned od za\u010d\u00e1tku hladce vstoupit do provozu v r\u00e1mci MiSpeL, mus\u00ed jednat ji\u017e dnes \u2013 zejm\u00e9na ve t\u0159ech oblastech:<\/p>\n\n\n\n<h3 class=\"wp-block-heading\">1. P\u0159ipravit m\u011b\u0159ic\u00ed techniku<\/h3>\n\n\n\n<p class=\"wp-block-paragraph\">Mo\u017enost odd\u011blen\u00ed vy\u017eaduje dva inteligentn\u00ed m\u011b\u0159ic\u00ed syst\u00e9my s 15minutov\u00fdmi \u010dasov\u00fdmi intervaly: jeden pro dod\u00e1vku z OZE a druh\u00fd pro odb\u011br ze s\u00edt\u011b pro \u00falo\u017en\u00fd syst\u00e9m. Tyto syst\u00e9my je nutn\u00e9 objednat a nainstalovat u p\u0159\u00edslu\u0161n\u00e9ho provozovatele m\u011b\u0159ic\u00edch m\u00edst \u2013 to v praxi trv\u00e1 n\u011bkolik m\u011bs\u00edc\u016f.<\/p>\n\n\n\n<h3 class=\"wp-block-heading\">2. Prov\u011b\u0159it strukturu p\u0159\u00edm\u00e9ho prodeje<\/h3>\n\n\n\n<p class=\"wp-block-paragraph\">P\u0159edpokladem pro vyu\u017eit\u00ed obou nov\u00fdch mo\u017enost\u00ed je p\u0159\u00edm\u00fd prodej vyroben\u00e9 elekt\u0159iny. Kdo st\u00e1le \u00fa\u010dtuje p\u0159es pevnou v\u00fdkupn\u00ed cenu, mus\u00ed prov\u011b\u0159it, zda a kdy m\u00e1 zm\u011bna smysl. To plat\u00ed i pro pau\u0161\u00e1ln\u00ed mo\u017enost \u2013 p\u0159esto\u017ee ta je pro velk\u00e1 \u00falo\u017ei\u0161t\u011b (od cca 1 MWh) ekonomicky sotva relevantn\u00ed, proto\u017ee je omezena na za\u0159\u00edzen\u00ed do 30 kWp.<\/p>\n\n\n\n<h3 class=\"wp-block-heading\">3. Neprop\u00e1snout \u00a7 118 odst. 6 EnWG<\/h3>\n\n\n\n<p class=\"wp-block-paragraph\">Paraleln\u011b k MiSpeL existuje \u010dasov\u011b kritick\u00e9 dota\u010dn\u00ed pravidlo: <strong>Osvobozen\u00ed od platby za s\u00ed\u0165ov\u00e9 poplatky<\/strong> podle \u00a7 118 odst. 6 EnWG plat\u00ed pro syst\u00e9my bateriov\u00fdch \u00falo\u017ei\u0161\u0165 uveden\u00e9 do provozu do 4. srpna 2029 po dobu 20 let. S ohledem na dobu p\u0159\u00edpravy projektu 6 a\u017e 12 m\u011bs\u00edc\u016f by v\u00fdvoj projektu m\u011bl za\u010d\u00edt nejpozd\u011bji nyn\u00ed.<\/p>\n\n\n\n<h2 class=\"wp-block-heading\">Co je\u0161t\u011b zb\u00fdv\u00e1 \u2013 a jak\u00e1 rizika by m\u011bli investo\u0159i zn\u00e1t<\/h2>\n\n\n\n<p class=\"wp-block-paragraph\">MiSpeL p\u0159in\u00e1\u0161\u00ed jistotu pl\u00e1nov\u00e1n\u00ed, ale ne \u00faplnou. K dne\u0161n\u00edmu dni (kv\u011bten 2026) z\u016fst\u00e1vaj\u00ed t\u0159i body nevy\u0159e\u0161en\u00e9:<\/p>\n\n\n\n<ul class=\"wp-block-list\">\n<li>Schv\u00e1len\u00ed st\u00e1tn\u00ed podpory EU: Konkr\u00e9tn\u00ed datum je\u0161t\u011b nen\u00ed zn\u00e1mo. Bez n\u011bj nelze novou pau\u0161\u00e1ln\u00ed mo\u017enost pro fotovoltaick\u00e9 syst\u00e9my do 30 kWp, akumul\u00e1tory a\/\ud639\uc740 nab\u00edjec\u00ed body, jako\u017e i dal\u0161\u00ed spot\u0159ebu za m\u00edstem dod\u00e1vki nebo odb\u011bru, pou\u017e\u00edt.<\/li>\n\n\n\n<li>Reforma s\u00ed\u0165ov\u00fdch poplatk\u016f: Jak se <a href=\"https:\/\/cubeconcepts.de\/agnes-netzentgelte-zwischenbericht-mai-2026\/\" type=\"post\" id=\"29030\">AgNes-s\u00ed\u0165ov\u00e9 poplatky 2029<\/a> v\u00fdpo\u010det je st\u00e1le otev\u0159en\u00fd. Ot\u00e1zky t\u00fdkaj\u00edc\u00ed se privilegi\u00ed s\u00ed\u0165ov\u00fdch poplatk\u016f pro \u00falo\u017ei\u0161t\u011b jsou p\u0159edm\u011btem samostatn\u00e9ho \u0159\u00edzen\u00ed BNetzA. <\/li>\n<\/ul>\n\n\n\n<p class=\"wp-block-paragraph\"><\/p>\n\n\n\n<p class=\"wp-block-paragraph\">Pro investory do projekt\u016f velk\u00fdch \u00falo\u017ei\u0161\u0165 to znamen\u00e1: MiSpeL je nutn\u00fdm, nikoli v\u0161ak dosta\u010duj\u00edc\u00edm krokem. Celkov\u00e1 ekonomick\u00e1 bilance z\u00e1vis\u00ed tak\u00e9 na v\u00fdsledku stanoven\u00ed AgNes.<\/p>\n\n\n\n<h2 class=\"wp-block-heading\">Z\u00e1v\u011br: P\u0159\u00edprava nyn\u00ed, uveden\u00ed na trh 2027<\/h2>\n\n\n\n<p class=\"wp-block-paragraph\">MiSpeL nabude s vysokou pravd\u011bpodobnost\u00ed pr\u00e1vn\u00ed moci od 1. \u0159\u00edjna 2026. Praktick\u00fd tr\u017en\u00ed provoz \u2013 zejm\u00e9na pro mo\u017enost vymezov\u00e1n\u00ed, kter\u00e1 je kl\u00ed\u010dov\u00e1 pro velk\u00e1 \u00falo\u017ei\u0161t\u011b \u2013 za\u010dne re\u00e1ln\u011b za\u010d\u00e1tkem roku 2027. Pln\u00e1 automatizace tr\u017en\u00ed komunikace bude n\u00e1sledovat od dubna 2027.<\/p>\n\n\n\n<p class=\"wp-block-paragraph\">\u010casov\u00e9 okno pro p\u0159\u00edpravu st\u00e1vaj\u00edc\u00edch bateriov\u00fdch \u00falo\u017ei\u0161\u0165 je t\u011bsn\u00e9. Kdo se nyn\u00ed pust\u00ed do m\u011b\u0159ic\u00ed techniky, struktury p\u0159\u00edm\u00e9ho prodeje a projektov\u00e9ho pl\u00e1nov\u00e1n\u00ed (v\u010detn\u011b \u00a7 118 EnWG), m\u016f\u017ee profitovat od prvn\u00edho dne roku 2027. Kdo vy\u010dk\u00e1, riskuje nejen zme\u0161kan\u00fd potenci\u00e1l p\u0159\u00edjm\u016f, ale tak\u00e9 \u00fazk\u00e1 m\u00edsta u provozovatel\u016f m\u011b\u0159ic\u00edch m\u00edst a provozovatel\u016f s\u00edt\u00ed, o kter\u00e9 bude b\u011bhem realiza\u010dn\u00ed f\u00e1ze velk\u00fd z\u00e1jem.<\/p>\n\n\n\n<p class=\"wp-block-paragraph\">Pro nov\u00e9 projekty BESS je nyn\u00ed p\u0159\u00edzniv\u00e1 doba. P\u0159edpoklady pro technologie, m\u011b\u0159ic\u00ed m\u00edsta a EMS jsou spln\u011bny a \u010dasov\u00e9 okno do srpna 2029 je st\u00e1le otev\u0159en\u00e9. <\/p>\n\n\n\n<p class=\"wp-block-paragraph\"><\/p>","protected":false},"excerpt":{"rendered":"<p>MiSpeL je pova\u017eov\u00e1n za jeden z nejd\u016fle\u017eit\u011bj\u0161\u00edch regula\u010dn\u00edch pokrok\u016f pro \u00falo\u017ei\u0161t\u011b v N\u011bmecku. V praxi je nyn\u00ed rozhoduj\u00edc\u00ed, kdy nov\u00e1 pravidla p\u0159ijdou a budou pou\u017eiteln\u00e1. <\/p>","protected":false},"author":3,"featured_media":29106,"comment_status":"closed","ping_status":"open","sticky":false,"template":"","format":"standard","meta":{"_acf_changed":false,"footnotes":""},"categories":[1,7,60],"tags":[],"class_list":["post-29104","post","type-post","status-publish","format-standard","has-post-thumbnail","hentry","category-batteriespeicher","category-solar-news","category-regulatorik-esg"],"acf":[],"yoast_head":"<!-- This site is optimized with the Yoast SEO plugin v28.4 - https:\/\/yoast.com\/product\/yoast-seo-wordpress\/ -->\n<title>MiSpeL: Zeitplan &amp; Rechtskraft 2026 | CUBE CONCEPTS<\/title>\n<meta name=\"description\" content=\"MiSpeL wird sp\u00e4testens zum 30. Juni 2026 rechtskr\u00e4ftig \u2013 der Marktstart f\u00fcr Gro\u00dfspeicher kommt ab 2027. Was Betreiber wissen m\u00fcssen.\" \/>\n<meta name=\"robots\" content=\"index, follow, max-snippet:-1, max-image-preview:large, max-video-preview:-1\" \/>\n<link rel=\"canonical\" href=\"https:\/\/cubeconcepts.de\/cz\/mispel-jmenny-plan-pravni-ucinnost-2026\/\" \/>\n<meta property=\"og:locale\" content=\"cs_CZ\" \/>\n<meta property=\"og:type\" content=\"article\" \/>\n<meta property=\"og:title\" content=\"MiSpeL: Zeitplan &amp; Rechtskraft 2026 | CUBE CONCEPTS\" \/>\n<meta property=\"og:description\" content=\"MiSpeL wird sp\u00e4testens zum 30. Juni 2026 rechtskr\u00e4ftig \u2013 der Marktstart f\u00fcr Gro\u00dfspeicher kommt ab 2027. Was Betreiber wissen m\u00fcssen.\" \/>\n<meta property=\"og:url\" content=\"https:\/\/cubeconcepts.de\/cz\/mispel-jmenny-plan-pravni-ucinnost-2026\/\" \/>\n<meta property=\"og:site_name\" content=\"CUBE CONCEPTS\" \/>\n<meta property=\"article:published_time\" content=\"2026-08-06T09:48:16+00:00\" \/>\n<meta property=\"article:modified_time\" content=\"2026-08-06T12:20:49+00:00\" \/>\n<meta property=\"og:image\" content=\"https:\/\/cubeconcepts.de\/wp-content\/uploads\/2026\/05\/MiSpeL-Zeitplan-Rechtskraft-scaled.jpeg\" \/>\n\t<meta property=\"og:image:width\" content=\"2560\" \/>\n\t<meta property=\"og:image:height\" content=\"1707\" \/>\n\t<meta property=\"og:image:type\" content=\"image\/jpeg\" \/>\n<meta name=\"author\" content=\"Guido Steenmans\" \/>\n<meta name=\"twitter:card\" content=\"summary_large_image\" \/>\n<meta name=\"twitter:label1\" content=\"Napsal(a)\" \/>\n\t<meta name=\"twitter:data1\" content=\"Guido Steenmans\" \/>\n\t<meta name=\"twitter:label2\" content=\"Odhadovan\u00e1 doba \u010dten\u00ed\" \/>\n\t<meta name=\"twitter:data2\" content=\"6 minut\" \/>\n<script type=\"application\/ld+json\" class=\"yoast-schema-graph\">{\"@context\":\"https:\\\/\\\/schema.org\",\"@graph\":[{\"@type\":\"Article\",\"@id\":\"https:\\\/\\\/cubeconcepts.de\\\/mispel-zeitplan-rechtskraft-2026\\\/#article\",\"isPartOf\":{\"@id\":\"https:\\\/\\\/cubeconcepts.de\\\/mispel-zeitplan-rechtskraft-2026\\\/\"},\"author\":{\"name\":\"Guido Steenmans\",\"@id\":\"https:\\\/\\\/cubeconcepts.de\\\/fr\\\/#\\\/schema\\\/person\\\/2c762e4ca1ea252f42f23ab33248856e\"},\"headline\":\"MiSpeL 2026: Festlegung tritt zum 1. Oktober in Kraft und was bedeutet das f\u00fcr BESS-Projekte?\",\"datePublished\":\"2026-08-06T09:48:16+00:00\",\"dateModified\":\"2026-08-06T12:20:49+00:00\",\"mainEntityOfPage\":{\"@id\":\"https:\\\/\\\/cubeconcepts.de\\\/mispel-zeitplan-rechtskraft-2026\\\/\"},\"wordCount\":942,\"publisher\":{\"@id\":\"https:\\\/\\\/cubeconcepts.de\\\/fr\\\/#organization\"},\"image\":{\"@id\":\"https:\\\/\\\/cubeconcepts.de\\\/mispel-zeitplan-rechtskraft-2026\\\/#primaryimage\"},\"thumbnailUrl\":\"https:\\\/\\\/cubeconcepts.de\\\/wp-content\\\/uploads\\\/2026\\\/05\\\/MiSpeL-Zeitplan-Rechtskraft-scaled.jpeg\",\"articleSection\":[\"Batteriespeicher\",\"Energiemarkt News\",\"Regulatorik &amp; ESG\"],\"inLanguage\":\"cs\"},{\"@type\":\"WebPage\",\"@id\":\"https:\\\/\\\/cubeconcepts.de\\\/mispel-zeitplan-rechtskraft-2026\\\/\",\"url\":\"https:\\\/\\\/cubeconcepts.de\\\/mispel-zeitplan-rechtskraft-2026\\\/\",\"name\":\"MiSpeL: Zeitplan & Rechtskraft 2026 | CUBE CONCEPTS\",\"isPartOf\":{\"@id\":\"https:\\\/\\\/cubeconcepts.de\\\/fr\\\/#website\"},\"primaryImageOfPage\":{\"@id\":\"https:\\\/\\\/cubeconcepts.de\\\/mispel-zeitplan-rechtskraft-2026\\\/#primaryimage\"},\"image\":{\"@id\":\"https:\\\/\\\/cubeconcepts.de\\\/mispel-zeitplan-rechtskraft-2026\\\/#primaryimage\"},\"thumbnailUrl\":\"https:\\\/\\\/cubeconcepts.de\\\/wp-content\\\/uploads\\\/2026\\\/05\\\/MiSpeL-Zeitplan-Rechtskraft-scaled.jpeg\",\"datePublished\":\"2026-08-06T09:48:16+00:00\",\"dateModified\":\"2026-08-06T12:20:49+00:00\",\"description\":\"MiSpeL wird sp\u00e4testens zum 30. Juni 2026 rechtskr\u00e4ftig \u2013 der Marktstart f\u00fcr Gro\u00dfspeicher kommt ab 2027. Was Betreiber wissen m\u00fcssen.\",\"breadcrumb\":{\"@id\":\"https:\\\/\\\/cubeconcepts.de\\\/mispel-zeitplan-rechtskraft-2026\\\/#breadcrumb\"},\"inLanguage\":\"cs\",\"potentialAction\":[{\"@type\":\"ReadAction\",\"target\":[\"https:\\\/\\\/cubeconcepts.de\\\/mispel-zeitplan-rechtskraft-2026\\\/\"]}]},{\"@type\":\"ImageObject\",\"inLanguage\":\"cs\",\"@id\":\"https:\\\/\\\/cubeconcepts.de\\\/mispel-zeitplan-rechtskraft-2026\\\/#primaryimage\",\"url\":\"https:\\\/\\\/cubeconcepts.de\\\/wp-content\\\/uploads\\\/2026\\\/05\\\/MiSpeL-Zeitplan-Rechtskraft-scaled.jpeg\",\"contentUrl\":\"https:\\\/\\\/cubeconcepts.de\\\/wp-content\\\/uploads\\\/2026\\\/05\\\/MiSpeL-Zeitplan-Rechtskraft-scaled.jpeg\",\"width\":2560,\"height\":1707,\"caption\":\"MiSpeL-Zeitplan-Rechtskraft\"},{\"@type\":\"BreadcrumbList\",\"@id\":\"https:\\\/\\\/cubeconcepts.de\\\/mispel-zeitplan-rechtskraft-2026\\\/#breadcrumb\",\"itemListElement\":[{\"@type\":\"ListItem\",\"position\":1,\"name\":\"Startseite\",\"item\":\"https:\\\/\\\/cubeconcepts.de\\\/\"},{\"@type\":\"ListItem\",\"position\":2,\"name\":\"MiSpeL 2026: Festlegung tritt zum 1. Oktober in Kraft und was bedeutet das f\u00fcr BESS-Projekte?\"}]},{\"@type\":\"WebSite\",\"@id\":\"https:\\\/\\\/cubeconcepts.de\\\/fr\\\/#website\",\"url\":\"https:\\\/\\\/cubeconcepts.de\\\/fr\\\/\",\"name\":\"CUBE CONCEPTS\",\"description\":\"Energiesysteme f\u00fcr Unternehmen\",\"publisher\":{\"@id\":\"https:\\\/\\\/cubeconcepts.de\\\/fr\\\/#organization\"},\"potentialAction\":[{\"@type\":\"SearchAction\",\"target\":{\"@type\":\"EntryPoint\",\"urlTemplate\":\"https:\\\/\\\/cubeconcepts.de\\\/fr\\\/?s={search_term_string}\"},\"query-input\":{\"@type\":\"PropertyValueSpecification\",\"valueRequired\":true,\"valueName\":\"search_term_string\"}}],\"inLanguage\":\"cs\"},{\"@type\":\"Organization\",\"@id\":\"https:\\\/\\\/cubeconcepts.de\\\/fr\\\/#organization\",\"name\":\"CUBE CONCEPTS\",\"url\":\"https:\\\/\\\/cubeconcepts.de\\\/fr\\\/\",\"logo\":{\"@type\":\"ImageObject\",\"inLanguage\":\"cs\",\"@id\":\"https:\\\/\\\/cubeconcepts.de\\\/fr\\\/#\\\/schema\\\/logo\\\/image\\\/\",\"url\":\"https:\\\/\\\/cubeconcepts.de\\\/wp-content\\\/uploads\\\/2023\\\/01\\\/CUBE_CONCEPT-Logo.png\",\"contentUrl\":\"https:\\\/\\\/cubeconcepts.de\\\/wp-content\\\/uploads\\\/2023\\\/01\\\/CUBE_CONCEPT-Logo.png\",\"width\":644,\"height\":207,\"caption\":\"CUBE CONCEPTS\"},\"image\":{\"@id\":\"https:\\\/\\\/cubeconcepts.de\\\/fr\\\/#\\\/schema\\\/logo\\\/image\\\/\"}},{\"@type\":\"Person\",\"@id\":\"https:\\\/\\\/cubeconcepts.de\\\/fr\\\/#\\\/schema\\\/person\\\/2c762e4ca1ea252f42f23ab33248856e\",\"name\":\"Guido Steenmans\",\"image\":{\"@type\":\"ImageObject\",\"inLanguage\":\"cs\",\"@id\":\"https:\\\/\\\/cubeconcepts.de\\\/wp-content\\\/uploads\\\/2025\\\/11\\\/cropped-Guido-Steenmanns-hoch-scaled-1-96x96.jpg\",\"url\":\"https:\\\/\\\/cubeconcepts.de\\\/wp-content\\\/uploads\\\/2025\\\/11\\\/cropped-Guido-Steenmanns-hoch-scaled-1-96x96.jpg\",\"contentUrl\":\"https:\\\/\\\/cubeconcepts.de\\\/wp-content\\\/uploads\\\/2025\\\/11\\\/cropped-Guido-Steenmanns-hoch-scaled-1-96x96.jpg\",\"caption\":\"Guido Steenmans\"}}]}<\/script>\n<!-- \/ Yoast SEO plugin. -->","yoast_head_json":{"title":"MiSpeL: Harmonogram a pr\u00e1vn\u00ed moc 2026 | CUBE CONCEPTS","description":"MiSpeL nabude pr\u00e1vn\u00ed moci nejpozd\u011bji do 30. \u010dervna 2026 \u2013 vstup velkokapacitn\u00edch \u00fa\u017ei\u0161\u0165 na trh p\u0159ich\u00e1z\u00ed od roku 2027. Co mus\u00ed provozovatel\u00e9 v\u011bd\u011bt.","robots":{"index":"index","follow":"follow","max-snippet":"max-snippet:-1","max-image-preview":"max-image-preview:large","max-video-preview":"max-video-preview:-1"},"canonical":"https:\/\/cubeconcepts.de\/cz\/mispel-jmenny-plan-pravni-ucinnost-2026\/","og_locale":"cs_CZ","og_type":"article","og_title":"MiSpeL: Zeitplan & Rechtskraft 2026 | CUBE CONCEPTS","og_description":"MiSpeL wird sp\u00e4testens zum 30. Juni 2026 rechtskr\u00e4ftig \u2013 der Marktstart f\u00fcr Gro\u00dfspeicher kommt ab 2027. Was Betreiber wissen m\u00fcssen.","og_url":"https:\/\/cubeconcepts.de\/cz\/mispel-jmenny-plan-pravni-ucinnost-2026\/","og_site_name":"CUBE CONCEPTS","article_published_time":"2026-08-06T09:48:16+00:00","article_modified_time":"2026-08-06T12:20:49+00:00","og_image":[{"width":2560,"height":1707,"url":"https:\/\/cubeconcepts.de\/wp-content\/uploads\/2026\/05\/MiSpeL-Zeitplan-Rechtskraft-scaled.jpeg","type":"image\/jpeg"}],"author":"Guido Steenmans","twitter_card":"summary_large_image","twitter_misc":{"Napsal(a)":"Guido Steenmans","Odhadovan\u00e1 doba \u010dten\u00ed":"6 minut"},"schema":{"@context":"https:\/\/schema.org","@graph":[{"@type":"Article","@id":"https:\/\/cubeconcepts.de\/mispel-zeitplan-rechtskraft-2026\/#article","isPartOf":{"@id":"https:\/\/cubeconcepts.de\/mispel-zeitplan-rechtskraft-2026\/"},"author":{"name":"Guido Steenmans","@id":"https:\/\/cubeconcepts.de\/fr\/#\/schema\/person\/2c762e4ca1ea252f42f23ab33248856e"},"headline":"MiSpeL 2026: Festlegung tritt zum 1. Oktober in Kraft und was bedeutet das f\u00fcr BESS-Projekte?","datePublished":"2026-08-06T09:48:16+00:00","dateModified":"2026-08-06T12:20:49+00:00","mainEntityOfPage":{"@id":"https:\/\/cubeconcepts.de\/mispel-zeitplan-rechtskraft-2026\/"},"wordCount":942,"publisher":{"@id":"https:\/\/cubeconcepts.de\/fr\/#organization"},"image":{"@id":"https:\/\/cubeconcepts.de\/mispel-zeitplan-rechtskraft-2026\/#primaryimage"},"thumbnailUrl":"https:\/\/cubeconcepts.de\/wp-content\/uploads\/2026\/05\/MiSpeL-Zeitplan-Rechtskraft-scaled.jpeg","articleSection":["Batteriespeicher","Energiemarkt News","Regulatorik &amp; ESG"],"inLanguage":"cs"},{"@type":"WebPage","@id":"https:\/\/cubeconcepts.de\/mispel-zeitplan-rechtskraft-2026\/","url":"https:\/\/cubeconcepts.de\/mispel-zeitplan-rechtskraft-2026\/","name":"MiSpeL: Harmonogram a pr\u00e1vn\u00ed moc 2026 | CUBE CONCEPTS","isPartOf":{"@id":"https:\/\/cubeconcepts.de\/fr\/#website"},"primaryImageOfPage":{"@id":"https:\/\/cubeconcepts.de\/mispel-zeitplan-rechtskraft-2026\/#primaryimage"},"image":{"@id":"https:\/\/cubeconcepts.de\/mispel-zeitplan-rechtskraft-2026\/#primaryimage"},"thumbnailUrl":"https:\/\/cubeconcepts.de\/wp-content\/uploads\/2026\/05\/MiSpeL-Zeitplan-Rechtskraft-scaled.jpeg","datePublished":"2026-08-06T09:48:16+00:00","dateModified":"2026-08-06T12:20:49+00:00","description":"MiSpeL nabude pr\u00e1vn\u00ed moci nejpozd\u011bji do 30. \u010dervna 2026 \u2013 vstup velkokapacitn\u00edch \u00fa\u017ei\u0161\u0165 na trh p\u0159ich\u00e1z\u00ed od roku 2027. Co mus\u00ed provozovatel\u00e9 v\u011bd\u011bt.","breadcrumb":{"@id":"https:\/\/cubeconcepts.de\/mispel-zeitplan-rechtskraft-2026\/#breadcrumb"},"inLanguage":"cs","potentialAction":[{"@type":"ReadAction","target":["https:\/\/cubeconcepts.de\/mispel-zeitplan-rechtskraft-2026\/"]}]},{"@type":"ImageObject","inLanguage":"cs","@id":"https:\/\/cubeconcepts.de\/mispel-zeitplan-rechtskraft-2026\/#primaryimage","url":"https:\/\/cubeconcepts.de\/wp-content\/uploads\/2026\/05\/MiSpeL-Zeitplan-Rechtskraft-scaled.jpeg","contentUrl":"https:\/\/cubeconcepts.de\/wp-content\/uploads\/2026\/05\/MiSpeL-Zeitplan-Rechtskraft-scaled.jpeg","width":2560,"height":1707,"caption":"MiSpeL-Zeitplan-Rechtskraft"},{"@type":"BreadcrumbList","@id":"https:\/\/cubeconcepts.de\/mispel-zeitplan-rechtskraft-2026\/#breadcrumb","itemListElement":[{"@type":"ListItem","position":1,"name":"Startseite","item":"https:\/\/cubeconcepts.de\/"},{"@type":"ListItem","position":2,"name":"MiSpeL 2026: Festlegung tritt zum 1. Oktober in Kraft und was bedeutet das f\u00fcr BESS-Projekte?"}]},{"@type":"WebSite","@id":"https:\/\/cubeconcepts.de\/fr\/#website","url":"https:\/\/cubeconcepts.de\/fr\/","name":"KONCEPTY KOSTKY","description":"Energetick\u00e9 syst\u00e9my pro podniky","publisher":{"@id":"https:\/\/cubeconcepts.de\/fr\/#organization"},"potentialAction":[{"@type":"SearchAction","target":{"@type":"EntryPoint","urlTemplate":"https:\/\/cubeconcepts.de\/fr\/?s={search_term_string}"},"query-input":{"@type":"PropertyValueSpecification","valueRequired":true,"valueName":"search_term_string"}}],"inLanguage":"cs"},{"@type":"Organization","@id":"https:\/\/cubeconcepts.de\/fr\/#organization","name":"KONCEPTY KOSTKY","url":"https:\/\/cubeconcepts.de\/fr\/","logo":{"@type":"ImageObject","inLanguage":"cs","@id":"https:\/\/cubeconcepts.de\/fr\/#\/schema\/logo\/image\/","url":"https:\/\/cubeconcepts.de\/wp-content\/uploads\/2023\/01\/CUBE_CONCEPT-Logo.png","contentUrl":"https:\/\/cubeconcepts.de\/wp-content\/uploads\/2023\/01\/CUBE_CONCEPT-Logo.png","width":644,"height":207,"caption":"CUBE CONCEPTS"},"image":{"@id":"https:\/\/cubeconcepts.de\/fr\/#\/schema\/logo\/image\/"}},{"@type":"Person","@id":"https:\/\/cubeconcepts.de\/fr\/#\/schema\/person\/2c762e4ca1ea252f42f23ab33248856e","name":"Guido Steenmans","image":{"@type":"ImageObject","inLanguage":"cs","@id":"https:\/\/cubeconcepts.de\/wp-content\/uploads\/2025\/11\/cropped-Guido-Steenmanns-hoch-scaled-1-96x96.jpg","url":"https:\/\/cubeconcepts.de\/wp-content\/uploads\/2025\/11\/cropped-Guido-Steenmanns-hoch-scaled-1-96x96.jpg","contentUrl":"https:\/\/cubeconcepts.de\/wp-content\/uploads\/2025\/11\/cropped-Guido-Steenmanns-hoch-scaled-1-96x96.jpg","caption":"Guido Steenmans"}}]}},"_links":{"self":[{"href":"https:\/\/cubeconcepts.de\/cz\/wp-json\/wp\/v2\/posts\/29104","targetHints":{"allow":["GET"]}}],"collection":[{"href":"https:\/\/cubeconcepts.de\/cz\/wp-json\/wp\/v2\/posts"}],"about":[{"href":"https:\/\/cubeconcepts.de\/cz\/wp-json\/wp\/v2\/types\/post"}],"author":[{"embeddable":true,"href":"https:\/\/cubeconcepts.de\/cz\/wp-json\/wp\/v2\/users\/3"}],"replies":[{"embeddable":true,"href":"https:\/\/cubeconcepts.de\/cz\/wp-json\/wp\/v2\/comments?post=29104"}],"version-history":[{"count":0,"href":"https:\/\/cubeconcepts.de\/cz\/wp-json\/wp\/v2\/posts\/29104\/revisions"}],"wp:featuredmedia":[{"embeddable":true,"href":"https:\/\/cubeconcepts.de\/cz\/wp-json\/wp\/v2\/media\/29106"}],"wp:attachment":[{"href":"https:\/\/cubeconcepts.de\/cz\/wp-json\/wp\/v2\/media?parent=29104"}],"wp:term":[{"taxonomy":"category","embeddable":true,"href":"https:\/\/cubeconcepts.de\/cz\/wp-json\/wp\/v2\/categories?post=29104"},{"taxonomy":"post_tag","embeddable":true,"href":"https:\/\/cubeconcepts.de\/cz\/wp-json\/wp\/v2\/tags?post=29104"}],"curies":[{"name":"wp","href":"https:\/\/api.w.org\/{rel}","templated":true}]}}