{"id":1696,"date":"2021-10-14T14:23:00","date_gmt":"2021-10-14T12:23:00","guid":{"rendered":"https:\/\/v2.cubeconcepts.de\/?p=1696"},"modified":"2025-04-24T08:39:42","modified_gmt":"2025-04-24T06:39:42","slug":"zu-besuch-auf-der-intersolar-europe-restart-2021","status":"publish","type":"post","link":"https:\/\/cubeconcepts.de\/cz\/zu-besuch-auf-der-intersolar-europe-restart-2021\/","title":{"rendered":"N\u00e1v\u0161t\u011bva veletrhu Intersolar Europe Restart 2021"},"content":{"rendered":"<p>Unter dem Motto \u201eAufbruch in die neue Energiewelt\u201d startete letzte Woche die M\u00fcnchener Solarmesse&nbsp;<a href=\"https:\/\/www.intersolar.de\/start\" target=\"_blank\" rel=\"noreferrer noopener\">Intersolar Europe<\/a> Restart 2021&nbsp;und CUBE CONCEPTS war dabei.&nbsp;<\/p>\n\n\n\n<p>Um uns&nbsp;<strong>mit Fachkollegen auszutauschen&nbsp;<\/strong>\u2013 endlich wieder live und in Farbe. Und um uns&nbsp;<strong>inspirieren zu lassen<\/strong>&nbsp;\u2013 durch den bunten Messe-Trubel an Neuheiten und Ideen, der uns zwei Jahre lang gefehlt hat. Denn mit insgesamt 450 Ausstellern und 26.000 Besuchern gab es auf 45.000 qm\u00b2 gro\u00dfen Ausstellungsfl\u00e4che einiges zu entdecken.<\/p>\n\n\n\n<h2 class=\"wp-block-heading\">Intersolar: Netzwerke und das Portfolio erweitern<\/h2>\n\n\n\n<p>Im Fokus der Messe standen vor allem die Themen&nbsp;<strong>Erneuerbare Energien, Digitalisierung<\/strong>&nbsp;a&nbsp;<strong>intelligent vernetzte Energieversorgung \u2013 genau unser Metier.<\/strong>&nbsp;Deshalb waren die Tage f\u00fcr uns eine tolle Gelegenheit, um uns mit unseren Branchenkollegen \u00fcber die neuesten Innovationen auszutauschen und wertvolle Kontakte zu kn\u00fcpfen.<\/p>\n\n\n\n<p>Neben neuen Denkanst\u00f6\u00dfen und technischen Innovationen wurden auch viele&nbsp;<strong>interessante Zusatzdienstleistungen&nbsp;<\/strong>beworben. So konnten wir uns auch auf dem Gebiet weiterbilden und freuen uns darauf,&nbsp;<strong>unser Portfolio bald zu erweitern.<\/strong><\/p>\n\n\n\n<h2 class=\"wp-block-heading\">Neue Blickwinkel auf der Intersolar entdecken<\/h2>\n\n\n\n<p>Besonders spannend fanden wir das<strong>&nbsp;Green Hydrogen Forum.<\/strong>&nbsp;Dort wurde \u00fcber die aktuellen Schwierigkeiten der Wasserstoff-Produktion gesprochen und&nbsp;verschiedene&nbsp;<strong>L\u00f6sungsans\u00e4tze f\u00fcr gr\u00fcnen Wasserstoff<\/strong>&nbsp;diskutiert. Ob kleine Ideen, die etwas Bestehendes optimieren oder Neuheiten, die einen v\u00f6llig anderen Blickwinkel erm\u00f6glichen&nbsp;\u2013&nbsp;wir sind gespannt, was unsere Branchenkollegen zuk\u00fcnftig umsetzen werden. Und welche Zusatzleistungen wir unseren Kunden dadurch anbieten k\u00f6nnen.<\/p>\n\n\n\n<h2 class=\"wp-block-heading\">Sie m\u00f6chten wissen, was CUBE CONCEPTS schon jetzt anbietet?<\/h2>\n\n\n\n<p>Vereinbaren Sie jetzt Ihren&nbsp;kostenlosen Beratungstermin und w\u00e4hlen Sie den&nbsp;<strong>smarten Weg zur Klimaneutralit\u00e4t<\/strong>&nbsp;\u2013&nbsp;mit ganzheitlichen Konzepten&nbsp;und innovativen Energie-Management-Tools von <a href=\"https:\/\/cubeconcepts.de\/cz\/sluzby\/proc-fotovoltaika\/\">CUBE CONCEPTS.<\/a><\/p>\n\n\n\n<div class=\"wp-block-buttons is-layout-flex wp-block-buttons-is-layout-flex\">\n<div class=\"wp-block-button\"><a class=\"wp-block-button__link wp-element-button\" href=\"https:\/\/cubeconcepts.de\/cz\/news\/uebersicht\/\">Zp\u011bt na p\u0159ehled<\/a><\/div>\n<\/div>","protected":false},"excerpt":{"rendered":"<p>Unter dem Motto \u201eAufbruch in die neue Energiewelt\u201d startete letzte Woche die M\u00fcnchener Solarmesse&nbsp;Intersolar Europe Restart 2021&nbsp;und CUBE CONCEPTS war dabei.&nbsp; Um uns&nbsp;mit Fachkollegen auszutauschen&nbsp;\u2013 endlich wieder live und in Farbe. Und um uns&nbsp;inspirieren zu lassen&nbsp;\u2013 durch den bunten Messe-Trubel an Neuheiten und Ideen, der uns zwei Jahre lang gefehlt hat. Denn mit insgesamt 450 [&hellip;]<\/p>\n","protected":false},"author":131,"featured_media":1698,"comment_status":"closed","ping_status":"open","sticky":false,"template":"","format":"standard","meta":{"_acf_changed":false,"footnotes":""},"categories":[1,8],"tags":[],"class_list":["post-1696","post","type-post","status-publish","format-standard","has-post-thumbnail","hentry","category-news","category-veranstaltungen"],"acf":[],"yoast_head":"<!-- This site is optimized with the Yoast SEO plugin v27.4 - https:\/\/yoast.com\/product\/yoast-seo-wordpress\/ -->\n<title>Zu Besuch auf der Intersolar | CUBE CONCEPTS<\/title>\n<meta name=\"description\" content=\"Unter dem Motto \u201eAufbruch in die neue Energiewelt\u201d startete die Solarmesse\u00a0Intersolar Europe Restart 2021\u00a0und CUBE CONCEPTS war dabei.\" \/>\n<meta name=\"robots\" content=\"index, follow, max-snippet:-1, max-image-preview:large, max-video-preview:-1\" \/>\n<link rel=\"canonical\" href=\"https:\/\/cubeconcepts.de\/cz\/zu-besuch-auf-der-intersolar-europe-restart-2021\/\" \/>\n<meta property=\"og:locale\" content=\"cs_CZ\" \/>\n<meta property=\"og:type\" content=\"article\" \/>\n<meta property=\"og:title\" content=\"Zu Besuch auf der Intersolar | CUBE CONCEPTS\" \/>\n<meta property=\"og:description\" content=\"Unter dem Motto \u201eAufbruch in die neue Energiewelt\u201d startete die Solarmesse\u00a0Intersolar Europe Restart 2021\u00a0und CUBE CONCEPTS war dabei.\" \/>\n<meta property=\"og:url\" content=\"https:\/\/cubeconcepts.de\/cz\/zu-besuch-auf-der-intersolar-europe-restart-2021\/\" \/>\n<meta property=\"og:site_name\" content=\"CUBE CONCEPTS\" \/>\n<meta property=\"article:published_time\" content=\"2021-10-14T12:23:00+00:00\" \/>\n<meta property=\"article:modified_time\" content=\"2025-04-24T06:39:42+00:00\" \/>\n<meta property=\"og:image\" content=\"https:\/\/cubeconcepts.de\/wp-content\/uploads\/2023\/01\/615d6c57dfb839574555dac2.jpg\" \/>\n\t<meta property=\"og:image:width\" content=\"1500\" \/>\n\t<meta property=\"og:image:height\" content=\"844\" \/>\n\t<meta property=\"og:image:type\" content=\"image\/jpeg\" \/>\n<meta name=\"author\" content=\"Maurice Kreutz\" \/>\n<meta name=\"twitter:card\" content=\"summary_large_image\" \/>\n<meta name=\"twitter:label1\" content=\"Napsal(a)\" \/>\n\t<meta name=\"twitter:data1\" content=\"Maurice Kreutz\" \/>\n\t<meta name=\"twitter:label2\" content=\"Odhadovan\u00e1 doba \u010dten\u00ed\" \/>\n\t<meta name=\"twitter:data2\" content=\"2 minuty\" \/>\n<script type=\"application\/ld+json\" class=\"yoast-schema-graph\">{\"@context\":\"https:\\\/\\\/schema.org\",\"@graph\":[{\"@type\":\"Article\",\"@id\":\"https:\\\/\\\/cubeconcepts.de\\\/zu-besuch-auf-der-intersolar-europe-restart-2021\\\/#article\",\"isPartOf\":{\"@id\":\"https:\\\/\\\/cubeconcepts.de\\\/zu-besuch-auf-der-intersolar-europe-restart-2021\\\/\"},\"author\":{\"name\":\"Maurice Kreutz\",\"@id\":\"https:\\\/\\\/cubeconcepts.de\\\/#\\\/schema\\\/person\\\/a0d87605b2554c47e44d4b94e1fb736b\"},\"headline\":\"Zu Besuch auf der Intersolar Europe Restart 2021\",\"datePublished\":\"2021-10-14T12:23:00+00:00\",\"dateModified\":\"2025-04-24T06:39:42+00:00\",\"mainEntityOfPage\":{\"@id\":\"https:\\\/\\\/cubeconcepts.de\\\/zu-besuch-auf-der-intersolar-europe-restart-2021\\\/\"},\"wordCount\":297,\"publisher\":{\"@id\":\"https:\\\/\\\/cubeconcepts.de\\\/#organization\"},\"image\":{\"@id\":\"https:\\\/\\\/cubeconcepts.de\\\/zu-besuch-auf-der-intersolar-europe-restart-2021\\\/#primaryimage\"},\"thumbnailUrl\":\"https:\\\/\\\/cubeconcepts.de\\\/wp-content\\\/uploads\\\/2023\\\/01\\\/615d6c57dfb839574555dac2.jpg\",\"articleSection\":[\"News Archive\",\"Veranstaltungen: Messen &amp; Seminare\"],\"inLanguage\":\"cs\"},{\"@type\":\"WebPage\",\"@id\":\"https:\\\/\\\/cubeconcepts.de\\\/zu-besuch-auf-der-intersolar-europe-restart-2021\\\/\",\"url\":\"https:\\\/\\\/cubeconcepts.de\\\/zu-besuch-auf-der-intersolar-europe-restart-2021\\\/\",\"name\":\"Zu Besuch auf der Intersolar | CUBE CONCEPTS\",\"isPartOf\":{\"@id\":\"https:\\\/\\\/cubeconcepts.de\\\/#website\"},\"primaryImageOfPage\":{\"@id\":\"https:\\\/\\\/cubeconcepts.de\\\/zu-besuch-auf-der-intersolar-europe-restart-2021\\\/#primaryimage\"},\"image\":{\"@id\":\"https:\\\/\\\/cubeconcepts.de\\\/zu-besuch-auf-der-intersolar-europe-restart-2021\\\/#primaryimage\"},\"thumbnailUrl\":\"https:\\\/\\\/cubeconcepts.de\\\/wp-content\\\/uploads\\\/2023\\\/01\\\/615d6c57dfb839574555dac2.jpg\",\"datePublished\":\"2021-10-14T12:23:00+00:00\",\"dateModified\":\"2025-04-24T06:39:42+00:00\",\"description\":\"Unter dem Motto \u201eAufbruch in die neue Energiewelt\u201d startete die Solarmesse\u00a0Intersolar Europe Restart 2021\u00a0und CUBE CONCEPTS war dabei.\",\"breadcrumb\":{\"@id\":\"https:\\\/\\\/cubeconcepts.de\\\/zu-besuch-auf-der-intersolar-europe-restart-2021\\\/#breadcrumb\"},\"inLanguage\":\"cs\",\"potentialAction\":[{\"@type\":\"ReadAction\",\"target\":[\"https:\\\/\\\/cubeconcepts.de\\\/zu-besuch-auf-der-intersolar-europe-restart-2021\\\/\"]}]},{\"@type\":\"ImageObject\",\"inLanguage\":\"cs\",\"@id\":\"https:\\\/\\\/cubeconcepts.de\\\/zu-besuch-auf-der-intersolar-europe-restart-2021\\\/#primaryimage\",\"url\":\"https:\\\/\\\/cubeconcepts.de\\\/wp-content\\\/uploads\\\/2023\\\/01\\\/615d6c57dfb839574555dac2.jpg\",\"contentUrl\":\"https:\\\/\\\/cubeconcepts.de\\\/wp-content\\\/uploads\\\/2023\\\/01\\\/615d6c57dfb839574555dac2.jpg\",\"width\":1500,\"height\":844,\"caption\":\"CUBE CONCEPTS auf der Intersolar 2021\"},{\"@type\":\"BreadcrumbList\",\"@id\":\"https:\\\/\\\/cubeconcepts.de\\\/zu-besuch-auf-der-intersolar-europe-restart-2021\\\/#breadcrumb\",\"itemListElement\":[{\"@type\":\"ListItem\",\"position\":1,\"name\":\"Startseite\",\"item\":\"https:\\\/\\\/cubeconcepts.de\\\/\"},{\"@type\":\"ListItem\",\"position\":2,\"name\":\"Zu Besuch auf der Intersolar Europe Restart 2021\"}]},{\"@type\":\"WebSite\",\"@id\":\"https:\\\/\\\/cubeconcepts.de\\\/#website\",\"url\":\"https:\\\/\\\/cubeconcepts.de\\\/\",\"name\":\"CUBE CONCEPTS\",\"description\":\"Ihr PV-Architekt &amp; Full-Service-Partner f\u00fcr\",\"publisher\":{\"@id\":\"https:\\\/\\\/cubeconcepts.de\\\/#organization\"},\"potentialAction\":[{\"@type\":\"SearchAction\",\"target\":{\"@type\":\"EntryPoint\",\"urlTemplate\":\"https:\\\/\\\/cubeconcepts.de\\\/?s={search_term_string}\"},\"query-input\":{\"@type\":\"PropertyValueSpecification\",\"valueRequired\":true,\"valueName\":\"search_term_string\"}}],\"inLanguage\":\"cs\"},{\"@type\":\"Organization\",\"@id\":\"https:\\\/\\\/cubeconcepts.de\\\/#organization\",\"name\":\"CUBE CONCEPTS\",\"url\":\"https:\\\/\\\/cubeconcepts.de\\\/\",\"logo\":{\"@type\":\"ImageObject\",\"inLanguage\":\"cs\",\"@id\":\"https:\\\/\\\/cubeconcepts.de\\\/#\\\/schema\\\/logo\\\/image\\\/\",\"url\":\"https:\\\/\\\/cubeconcepts.de\\\/wp-content\\\/uploads\\\/2023\\\/01\\\/CUBE_CONCEPT-Logo.png\",\"contentUrl\":\"https:\\\/\\\/cubeconcepts.de\\\/wp-content\\\/uploads\\\/2023\\\/01\\\/CUBE_CONCEPT-Logo.png\",\"width\":644,\"height\":207,\"caption\":\"CUBE CONCEPTS\"},\"image\":{\"@id\":\"https:\\\/\\\/cubeconcepts.de\\\/#\\\/schema\\\/logo\\\/image\\\/\"}},{\"@type\":\"Person\",\"@id\":\"https:\\\/\\\/cubeconcepts.de\\\/#\\\/schema\\\/person\\\/a0d87605b2554c47e44d4b94e1fb736b\",\"name\":\"Maurice Kreutz\",\"image\":{\"@type\":\"ImageObject\",\"inLanguage\":\"cs\",\"@id\":\"https:\\\/\\\/secure.gravatar.com\\\/avatar\\\/4d008beebc68770dbdc15f83e9a4378e4597da571345a4d71d373cb01f4056dd?s=96&d=mm&r=g\",\"url\":\"https:\\\/\\\/secure.gravatar.com\\\/avatar\\\/4d008beebc68770dbdc15f83e9a4378e4597da571345a4d71d373cb01f4056dd?s=96&d=mm&r=g\",\"contentUrl\":\"https:\\\/\\\/secure.gravatar.com\\\/avatar\\\/4d008beebc68770dbdc15f83e9a4378e4597da571345a4d71d373cb01f4056dd?s=96&d=mm&r=g\",\"caption\":\"Maurice Kreutz\"}}]}<\/script>\n<!-- \/ Yoast SEO plugin. -->","yoast_head_json":{"title":"Zu Besuch auf der Intersolar | CUBE CONCEPTS","description":"Unter dem Motto \u201eAufbruch in die neue Energiewelt\u201d startete die Solarmesse\u00a0Intersolar Europe Restart 2021\u00a0und CUBE CONCEPTS war dabei.","robots":{"index":"index","follow":"follow","max-snippet":"max-snippet:-1","max-image-preview":"max-image-preview:large","max-video-preview":"max-video-preview:-1"},"canonical":"https:\/\/cubeconcepts.de\/cz\/zu-besuch-auf-der-intersolar-europe-restart-2021\/","og_locale":"cs_CZ","og_type":"article","og_title":"Zu Besuch auf der Intersolar | CUBE CONCEPTS","og_description":"Unter dem Motto \u201eAufbruch in die neue Energiewelt\u201d startete die Solarmesse\u00a0Intersolar Europe Restart 2021\u00a0und CUBE CONCEPTS war dabei.","og_url":"https:\/\/cubeconcepts.de\/cz\/zu-besuch-auf-der-intersolar-europe-restart-2021\/","og_site_name":"CUBE CONCEPTS","article_published_time":"2021-10-14T12:23:00+00:00","article_modified_time":"2025-04-24T06:39:42+00:00","og_image":[{"width":1500,"height":844,"url":"https:\/\/cubeconcepts.de\/wp-content\/uploads\/2023\/01\/615d6c57dfb839574555dac2.jpg","type":"image\/jpeg"}],"author":"Maurice Kreutz","twitter_card":"summary_large_image","twitter_misc":{"Napsal(a)":"Maurice Kreutz","Odhadovan\u00e1 doba \u010dten\u00ed":"2 minuty"},"schema":{"@context":"https:\/\/schema.org","@graph":[{"@type":"Article","@id":"https:\/\/cubeconcepts.de\/zu-besuch-auf-der-intersolar-europe-restart-2021\/#article","isPartOf":{"@id":"https:\/\/cubeconcepts.de\/zu-besuch-auf-der-intersolar-europe-restart-2021\/"},"author":{"name":"Maurice Kreutz","@id":"https:\/\/cubeconcepts.de\/#\/schema\/person\/a0d87605b2554c47e44d4b94e1fb736b"},"headline":"Zu Besuch auf der Intersolar Europe Restart 2021","datePublished":"2021-10-14T12:23:00+00:00","dateModified":"2025-04-24T06:39:42+00:00","mainEntityOfPage":{"@id":"https:\/\/cubeconcepts.de\/zu-besuch-auf-der-intersolar-europe-restart-2021\/"},"wordCount":297,"publisher":{"@id":"https:\/\/cubeconcepts.de\/#organization"},"image":{"@id":"https:\/\/cubeconcepts.de\/zu-besuch-auf-der-intersolar-europe-restart-2021\/#primaryimage"},"thumbnailUrl":"https:\/\/cubeconcepts.de\/wp-content\/uploads\/2023\/01\/615d6c57dfb839574555dac2.jpg","articleSection":["News Archive","Veranstaltungen: Messen &amp; Seminare"],"inLanguage":"cs"},{"@type":"WebPage","@id":"https:\/\/cubeconcepts.de\/zu-besuch-auf-der-intersolar-europe-restart-2021\/","url":"https:\/\/cubeconcepts.de\/zu-besuch-auf-der-intersolar-europe-restart-2021\/","name":"Zu Besuch auf der Intersolar | CUBE CONCEPTS","isPartOf":{"@id":"https:\/\/cubeconcepts.de\/#website"},"primaryImageOfPage":{"@id":"https:\/\/cubeconcepts.de\/zu-besuch-auf-der-intersolar-europe-restart-2021\/#primaryimage"},"image":{"@id":"https:\/\/cubeconcepts.de\/zu-besuch-auf-der-intersolar-europe-restart-2021\/#primaryimage"},"thumbnailUrl":"https:\/\/cubeconcepts.de\/wp-content\/uploads\/2023\/01\/615d6c57dfb839574555dac2.jpg","datePublished":"2021-10-14T12:23:00+00:00","dateModified":"2025-04-24T06:39:42+00:00","description":"Unter dem Motto \u201eAufbruch in die neue Energiewelt\u201d startete die Solarmesse\u00a0Intersolar Europe Restart 2021\u00a0und CUBE CONCEPTS war dabei.","breadcrumb":{"@id":"https:\/\/cubeconcepts.de\/zu-besuch-auf-der-intersolar-europe-restart-2021\/#breadcrumb"},"inLanguage":"cs","potentialAction":[{"@type":"ReadAction","target":["https:\/\/cubeconcepts.de\/zu-besuch-auf-der-intersolar-europe-restart-2021\/"]}]},{"@type":"ImageObject","inLanguage":"cs","@id":"https:\/\/cubeconcepts.de\/zu-besuch-auf-der-intersolar-europe-restart-2021\/#primaryimage","url":"https:\/\/cubeconcepts.de\/wp-content\/uploads\/2023\/01\/615d6c57dfb839574555dac2.jpg","contentUrl":"https:\/\/cubeconcepts.de\/wp-content\/uploads\/2023\/01\/615d6c57dfb839574555dac2.jpg","width":1500,"height":844,"caption":"CUBE CONCEPTS auf der Intersolar 2021"},{"@type":"BreadcrumbList","@id":"https:\/\/cubeconcepts.de\/zu-besuch-auf-der-intersolar-europe-restart-2021\/#breadcrumb","itemListElement":[{"@type":"ListItem","position":1,"name":"Startseite","item":"https:\/\/cubeconcepts.de\/"},{"@type":"ListItem","position":2,"name":"Zu Besuch auf der Intersolar Europe Restart 2021"}]},{"@type":"WebSite","@id":"https:\/\/cubeconcepts.de\/#website","url":"https:\/\/cubeconcepts.de\/","name":"KONCEPTY KOSTKY","description":"V\u00e1\u0161 fotovoltaick\u00fd architekt a partner pro komplexn\u00ed slu\u017eby v oblasti","publisher":{"@id":"https:\/\/cubeconcepts.de\/#organization"},"potentialAction":[{"@type":"SearchAction","target":{"@type":"EntryPoint","urlTemplate":"https:\/\/cubeconcepts.de\/?s={search_term_string}"},"query-input":{"@type":"PropertyValueSpecification","valueRequired":true,"valueName":"search_term_string"}}],"inLanguage":"cs"},{"@type":"Organization","@id":"https:\/\/cubeconcepts.de\/#organization","name":"KONCEPTY KOSTKY","url":"https:\/\/cubeconcepts.de\/","logo":{"@type":"ImageObject","inLanguage":"cs","@id":"https:\/\/cubeconcepts.de\/#\/schema\/logo\/image\/","url":"https:\/\/cubeconcepts.de\/wp-content\/uploads\/2023\/01\/CUBE_CONCEPT-Logo.png","contentUrl":"https:\/\/cubeconcepts.de\/wp-content\/uploads\/2023\/01\/CUBE_CONCEPT-Logo.png","width":644,"height":207,"caption":"CUBE CONCEPTS"},"image":{"@id":"https:\/\/cubeconcepts.de\/#\/schema\/logo\/image\/"}},{"@type":"Person","@id":"https:\/\/cubeconcepts.de\/#\/schema\/person\/a0d87605b2554c47e44d4b94e1fb736b","name":"Maurice Kreutz","image":{"@type":"ImageObject","inLanguage":"cs","@id":"https:\/\/secure.gravatar.com\/avatar\/4d008beebc68770dbdc15f83e9a4378e4597da571345a4d71d373cb01f4056dd?s=96&d=mm&r=g","url":"https:\/\/secure.gravatar.com\/avatar\/4d008beebc68770dbdc15f83e9a4378e4597da571345a4d71d373cb01f4056dd?s=96&d=mm&r=g","contentUrl":"https:\/\/secure.gravatar.com\/avatar\/4d008beebc68770dbdc15f83e9a4378e4597da571345a4d71d373cb01f4056dd?s=96&d=mm&r=g","caption":"Maurice Kreutz"}}]}},"_links":{"self":[{"href":"https:\/\/cubeconcepts.de\/cz\/wp-json\/wp\/v2\/posts\/1696","targetHints":{"allow":["GET"]}}],"collection":[{"href":"https:\/\/cubeconcepts.de\/cz\/wp-json\/wp\/v2\/posts"}],"about":[{"href":"https:\/\/cubeconcepts.de\/cz\/wp-json\/wp\/v2\/types\/post"}],"author":[{"embeddable":true,"href":"https:\/\/cubeconcepts.de\/cz\/wp-json\/wp\/v2\/users\/131"}],"replies":[{"embeddable":true,"href":"https:\/\/cubeconcepts.de\/cz\/wp-json\/wp\/v2\/comments?post=1696"}],"version-history":[{"count":0,"href":"https:\/\/cubeconcepts.de\/cz\/wp-json\/wp\/v2\/posts\/1696\/revisions"}],"wp:featuredmedia":[{"embeddable":true,"href":"https:\/\/cubeconcepts.de\/cz\/wp-json\/wp\/v2\/media\/1698"}],"wp:attachment":[{"href":"https:\/\/cubeconcepts.de\/cz\/wp-json\/wp\/v2\/media?parent=1696"}],"wp:term":[{"taxonomy":"category","embeddable":true,"href":"https:\/\/cubeconcepts.de\/cz\/wp-json\/wp\/v2\/categories?post=1696"},{"taxonomy":"post_tag","embeddable":true,"href":"https:\/\/cubeconcepts.de\/cz\/wp-json\/wp\/v2\/tags?post=1696"}],"curies":[{"name":"wp","href":"https:\/\/api.w.org\/{rel}","templated":true}]}}