{"id":11023,"date":"2023-12-04T17:02:41","date_gmt":"2023-12-04T16:02:41","guid":{"rendered":"https:\/\/cubeconcepts.de\/?p=11023"},"modified":"2025-04-24T09:25:54","modified_gmt":"2025-04-24T07:25:54","slug":"energierecht-was-aendert-sich-2024-fuer-unternehmen","status":"publish","type":"post","link":"https:\/\/cubeconcepts.de\/cz\/energierecht-was-aendert-sich-2024-fuer-unternehmen\/","title":{"rendered":"Energetick\u00e9 pr\u00e1vo: Co se zm\u011bn\u00ed pro podniky v roce 2024?"},"content":{"rendered":"<p>Das Jahr <strong>2024<\/strong> verspricht bedeutende Ver\u00e4nderungen im <strong>Energetick\u00e9 pr\u00e1vo<\/strong> f\u00fcr Unternehmen. Inmitten der globalen Bem\u00fchungen, den \u00dcbergang zu nachhaltigen Energiequellen zu beschleunigen und den Klimawandel einzud\u00e4mmen, stehen Unternehmen vor neuen Herausforderungen und Chancen.<\/p>\n\n\n\n<p>Gesetzgeber auf nationaler und internationaler Ebene setzen verst\u00e4rkt auf rechtliche Ma\u00dfnahmen, um den Einsatz erneuerbarer Energien zu f\u00f6rdern, Energieeffizienz zu steigern und kohlenstoffarme Technologien zu unterst\u00fctzen.<\/p>\n\n\n\n<p>Diese Entwicklungen haben direkte Auswirkungen auf viele Unternehmen. In diesem Zusammenhang stellt sich die Frage: Was \u00e4ndert sich konkret im Jahr 2024 im Energierecht f\u00fcr Unternehmen und wie k\u00f6nnen diese Ver\u00e4nderungen in ihre strategische Planung integriert werden? Wir geben einen \u00dcberblick \u00fcber die bevorstehenden rechtlichen Entwicklungen.<\/p>\n\n\n\n<h2 class=\"wp-block-heading\">Energierecht-\u00c4nderung in 2024: Ausweitung des LkSG auf Unternehmen ab 1.000 Mitarbeitende<\/h2>\n\n\n\n<p>Das Lieferkettengesetz oder genauer, das deutsche Lieferkettensorgfaltspflichtengesetz (LkSG), das seit dem 1. Januar 2023 f\u00fcr Unternehmen ab 3.000 Mitarbeitende in Kraft ist, gilt <strong>ab dem 1. Januar 2024 auch f\u00fcr Betriebe 1.000 Mitarbeitende.<\/strong> Es beeinflusst zwar nicht direkt das Energierecht, hat jedoch erhebliche Auswirkungen auf die Energiewirtschaft gro\u00dfer Unternehmen und deren gesamte Lieferkette. <\/p>\n\n\n\n<p><strong>Auch KMUs sind betroffen<\/strong>, da sie als (unmittelbare) Zulieferer den Sorgfaltspflichten des LkSG unterliegen, die Unternehmen entlang ihrer Lieferkette einhalten m\u00fcssen. Das Gesetz verpflichtet Unternehmen, menschenrechtliche und umweltbezogene Sorgfaltspflichten zu beachten, um Menschenrechtsverletzungen und Umweltsch\u00e4den in ihren Lieferketten zu verhindern. Dies beinhaltet Ma\u00dfnahmen wie die Einf\u00fchrung von Due-Diligence-Verfahren, die \u00dcberpr\u00fcfung von Zulieferern, die Einrichtung von Beschwerdemechanismen und transparente Berichtspflichten.<\/p>\n\n\n\n<div class=\"wp-block-buttons is-layout-flex wp-block-buttons-is-layout-flex\">\n<div class=\"wp-block-button\"><a class=\"wp-block-button__link wp-element-button\" href=\"https:\/\/cubeconcepts.de\/cz\/energeticky-zakon\/pravo-dodavatelskeho-retezce\/\">Mehr zum LkSG<\/a><\/div>\n<\/div>\n\n\n\n<h2 class=\"wp-block-heading\">Energierecht: Abschaffung der Strompreisbremse (StromPBG) zum 1. Januar 2024<\/h2>\n\n\n\n<p>Das erst im Dezember 2022 verabschiedete Gesetz zur <strong>Brzda cen elekt\u0159iny<\/strong> (Strompreisbremsegesetz \u2013 StromPBG) sollte urspr\u00fcnglich bis zum 31. M\u00e4rz 2024 laufen und <strong>wird jetzt zum 1. Januar 2024 beendet<\/strong>. Diese Entscheidung resultiert aus dem Haushaltsurteil des Bundesverfassungsgerichts vom 15. November, das die \u00dcbertragung von Corona-Milliarden auf den Klima- und Transformationsfonds f\u00fcr unzul\u00e4ssig erkl\u00e4rt hatte. <\/p>\n\n\n\n<p>Der Wirtschafts- und Stabilisierungsfonds, der die Energiepreisbremsen finanzierte, stand deshalb auf dem Pr\u00fcfstand. Der Bundestag hatte urspr\u00fcnglich einen Tag nach dem Urteil beschlossen, die Bremsen-Regelung bis zum 31. M\u00e4rz zu verl\u00e4ngern. Die Energiepreisbremsen f\u00fcr Strom und Gas wurden im M\u00e4rz eingef\u00fchrt, um Verbraucher vor hohen Energiepreisen zu sch\u00fctzen. In der Hochphase waren die Preise f\u00fcr einen Gro\u00dfteil des Verbrauchs von Privathaushalten gedeckelt, jetzt liegen sie jedoch mittlerweile in der Regel darunter.<\/p>\n\n\n\n<div class=\"wp-block-buttons is-layout-flex wp-block-buttons-is-layout-flex\">\n<div class=\"wp-block-button\"><a class=\"wp-block-button__link wp-element-button\" href=\"https:\/\/cubeconcepts.de\/cz\/energeticky-zakon\/platne-zakony\/\">Mehr zum StromPBG<\/a><\/div>\n<\/div>\n\n\n\n<h2 class=\"wp-block-heading\">Start der Datenerhebung zur CSRD-Berichtspflicht ab dem 1. Januar 2024<\/h2>\n\n\n\n<p>Die am 10.11.2022 verabschiedete Corporate Sustainability Reporting Directive (CSRD) der EU <strong>roz\u0161\u00ed\u0159en\u00fd<\/strong> na <strong>Berichtspflicht f\u00fcr Nachhaltigkeit ab 2024 auf KMUs<\/strong>. Zus\u00e4tzlich zu den bisherigen 1.200 deutschen Gro\u00dfunternehmen m\u00fcssen nun etwa 15.000 weitere Unternehmen nach versch\u00e4rften Kriterien Berichte erstellen. <\/p>\n\n\n\n<p>Die CSRD betrifft nun auch b\u00f6rsennotierte KMUs und Unternehmen mit \u00fcber 250 Mitarbeitenden, Bilanzsumme \u00fcber 20 Millionen Euro oder Nettoumsatz \u00fcber 40 Millionen Euro. Die Richtlinie dient der Umsetzung der EU-Klimagesetzgebung und zielt auf Klimaneutralit\u00e4t bis 2050 ab. Berichte m\u00fcssen Umweltaspekte, soziale Verantwortung, Menschenrechte und Governance abdecken. Neue Anforderungen umfassen Inhalte der <strong>Taxonomie, Gesch\u00e4ftsmodell, Lieferketten, Unternehmensziele<\/strong> und mehr. Berichte sind <strong>pr\u00fcfpflichtig<\/strong>, erfordern <strong>externe Zertifizierung<\/strong> und m\u00fcssen im <strong>Lagebericht<\/strong> ver\u00f6ffentlicht werden.<\/p>\n\n\n\n<div class=\"wp-block-buttons is-layout-flex wp-block-buttons-is-layout-flex\">\n<div class=\"wp-block-button\"><a class=\"wp-block-button__link wp-element-button\" href=\"https:\/\/cubeconcepts.de\/cz\/zprisneni-ohlasovaci-povinnosti-spolecnosti-v-oblasti-csrdr-od-roku-2024\/\">Mehr zu CSRD-Berichtspflicht<\/a><\/div>\n<\/div>\n\n\n\n<h2 class=\"wp-block-heading\">Einf\u00fchrungsphase des CBAM seit Oktober 2023<\/h2>\n\n\n\n<p>Das Carbon Border Adjustment Mechanism (CBAM) zielt darauf ab, Treibhausgasemissionen im internationalen Handel zu reduzieren. Es besteuert den <strong>CO\u2082-Fu\u00dfabdruck von importierten Waren<\/strong> in die EU, um sicherzustellen, dass Importeure Umweltauflagen wie inl\u00e4ndische Hersteller erf\u00fcllen. CBAM soll das sogenannte Carbon Leakage verhindern, bei den Emissionen in L\u00e4nder mit laxeren Klimaauflagen verlagert werden. <\/p>\n\n\n\n<p>Die EU erwartet eine Optimierung der EU-Produktion, F\u00f6rderung sauberer Industrien in Nicht-EU-L\u00e4ndern und fairere globale Handelspreise f\u00fcr CO\u2082-intensive Produkte. Im ersten Schritt m\u00fcssen Unternehmen die direkten und indirekten CO\u2082-Emissionen der importierten Waren zun\u00e4chst nur berechnen und in einem Quartalsbericht erfassen. Ab 2026 m\u00fcssen CBAM-Zertifikate erworben werden. Die Registrierungspflicht f\u00fcr CBAM-Anmelder und die schrittweise Abschaffung der freien Zuteilung von EU-EHS Zertifikaten beginnen ab 2025.<\/p>\n\n\n\n<div class=\"wp-block-buttons is-layout-flex wp-block-buttons-is-layout-flex\">\n<div class=\"wp-block-button\"><a class=\"wp-block-button__link wp-element-button\" href=\"https:\/\/cubeconcepts.de\/cz\/cbam-system-upravy-hranic-co%e2%82%82\/\">Mehr zu CBAM<\/a><\/div>\n<\/div>\n\n\n\n<h2 class=\"wp-block-heading\">Preissteigerung der nEHS CO\u2082-Zertifikate von 30 auf 45 \u20ac<\/h2>\n\n\n\n<p>Im Rahmen der Einf\u00fchrung eines nationalen Emissionshandels sind die CO\u2082-Zertifikatspreise zurzeit noch gedeckelt. Bedingt durch den Ukrainekrieg und der damit verbundenen Energiekrise wurde die geplante Erh\u00f6hung der deutschen CO\u2082-Zertifikate im Jahr 2023 verschoben. Ab dem 1. Januar 2024 soll<strong> der Preis von 30 auf 45 \u20ac steigen<\/strong>. Ab 2026 sollen die Zertifikate in einem Preiskorridor von 55 bis 65 Euro versteigert und ab 2027 frei gehandelt werden. das nationale Emissionshandelssystem (nEHS) durch die DEHSt (Deutsche Emissionshandelsstelle) eingef\u00fchrt, um CO\u2082 zu bepreisen.<\/p>\n\n\n\n<p>Die Klassifizierung von Unternehmen und ihre Zuordnung zum EU-ETS oder zur DEHSt erfolgt abh\u00e4ngig von st\u00e4ndig angepassten Kriterien. Das System basiert auf dem Brennstoffemissionshandelsgesetz (BEHG), das vorschreibt, dass Unternehmen CO\u2082-Emissionen aus der Nutzung fossiler Kraft- und Brennstoffe durch Emissionszertifikate abdecken m\u00fcssen. Die DEHSt deckt Sektoren ab, die die EU-ETS nicht erfasst, wie Verkehr, Geb\u00e4ude und Landwirtschaft. Unternehmen m\u00fcssen f\u00fcr jede freigesetzte Tonne CO\u2082 ein nEHS-Zertifikat abgeben, das sie entweder kostenlos erhalten oder bei der DEHSt erwerben.<\/p>\n\n\n\n<div class=\"wp-block-buttons is-layout-flex wp-block-buttons-is-layout-flex\">\n<div class=\"wp-block-button\"><a class=\"wp-block-button__link wp-element-button\" href=\"https:\/\/cubeconcepts.de\/cz\/was-bedeutet-das-eu-klimaschutzgesetz-fuer-unternehmen\/\">Mehr zu nEHS-Zertifikaten<\/a><\/div>\n<\/div>\n\n\n\n<h2 class=\"wp-block-heading\">Netzentgelt-Steigerung f\u00fcr 2024 um ca. 60 % prognostiziert<\/h2>\n\n\n\n<p>Der Strompreis f\u00fcr Gewerbe- und Industriekunden setzt sich im Jahr 2023 zu etwa 90 % aus Beschaffung, Vertrieb und Netzentgelte und zu 10 % aus Steuern, Umlagen und sonstigen Abgaben zusammen. Der Durchschnittspreis liegt bei rund 26,5 Cent pro Kilowattstunde f\u00fcr Unternehmen mit einem Mittelspannungs-Jahresverbrauch zwischen 150.000 und 20 Millionen kWh. <\/p>\n\n\n\n<p><strong>Nach Streichung des zugesagten Zuschusses von 5,5 Milliarden Euro<\/strong> k\u00fcndigten die \u00dcNBs 50Hertz, Amprion, Tennet und Transnet BW eine Erh\u00f6hung der \u00dcbertragungsnetzentgelte f\u00fcr 2024 an, die sich im Durchschnitt auf 6,43 Cent pro Kilowattstunde mehr als verdoppeln wird (von 3,12 Cent in diesem Jahr). Im Gegensatz zu den regional unterschiedlichen VNB-Netzentgelten sind die Preise f\u00fcr \u00dcNBs bundesweit einheitlich. <strong>Die Gesamt-Netzentgelte <\/strong>erh\u00f6hen<strong> sich voraussichtlich um etwa 60%<\/strong>, was sich auch auf private Haushalte und energieintensive Unternehmen auswirken wird.<\/p>\n\n\n\n<div class=\"wp-block-buttons is-layout-flex wp-block-buttons-is-layout-flex\">\n<div class=\"wp-block-button\"><a class=\"wp-block-button__link wp-element-button\" href=\"https:\/\/cubeconcepts.de\/cz\/netzentgelte-der-uenb-verdoppeln-sich-in-2024\/\">Mehr zu Netzentgelten<\/a><\/div>\n<\/div>\n\n\n\n<h2 class=\"wp-block-heading\">Geplante Stromsteuersenkung auf 0,05 Cent\/kWh f\u00fcr das produzierende Gewerbe<\/h2>\n\n\n\n<p>Ebenfalls abh\u00e4ngig von dem Verfassungsgerichtsurteil vom 15. November 2023 ist die <strong>Stromsteuersenkung auf 0,05 Cent\/kWh f\u00fcr das produzierende Gewerbe.<\/strong> Um eine Alternative zum Industriestrompreis zu schaffen, plante die Bundesregierung, die Stromsteuer f\u00fcr das energieintensive produzierende Gewerbe in Deutschland auf das europ\u00e4ische Minimum zu senken. Es besteht die Absicht, den Steuersatz f\u00fcr betroffene Betriebe von 1,537 Cent\/kWh auf 0,05 Cent\/kWh zu begrenzen. Die gesetzliche Regelung im Energierecht soll f\u00fcr mindestens 2024 und 2025 gelten und k\u00f6nnte bei weiterer Finanzierung weitere drei Jahre verl\u00e4ngert werden. <\/p>\n\n\n\n<p>Neu ist, dass nun auch <strong>der Mittelstand von der Stromsteuersenkung profitiert<\/strong>, vorausgesetzt der Betrieb wird dem statistischen Begriff &#8220;produzierendes und verarbeitendes Gewerbe&#8221; zugeordnet. Sch\u00e4tzungsweise 78,000 Unternehmen, darunter B\u00e4ckereien, Metzgereien, holzverarbeitende Betriebe und Metallbau, sollen von dem niedrigen Steuersatz profitieren. F\u00fcr andere Gewerbetreibende, wie energieintensive Textilreinigungen oder Betriebe des Kfz-Handwerks, \u00e4ndert sich hingegen nichts, und f\u00fcr sie bleibt der Steuersatz bei 2,05 Cent\/kWh. Es bleibt abzuwarten, ob es bei der Umsetzung des Beschlusses noch weitere \u00c4nderungen oder Ausweitungen geben wird.<\/p>\n\n\n\n<div class=\"wp-block-buttons is-layout-flex wp-block-buttons-is-layout-flex\">\n<div class=\"wp-block-button\"><a class=\"wp-block-button__link wp-element-button\" href=\"https:\/\/cubeconcepts.de\/cz\/stromsteuersenkung-statt-industriestrompreis\/\">Mehr zum Entlastungspaket<\/a><\/div>\n<\/div>\n\n\n\n<h2 class=\"wp-block-heading\">Energierecht: Wegfall des Spitzenausgleichs f\u00fcr 2024<\/h2>\n\n\n\n<p>Der branchen\u00fcbergreifende sog. <strong>Spitzenausgleich <\/strong>wird auch im Rahmen des Entlastungspaketes vom November 2023 <strong>abgeschafft<\/strong>. Urspr\u00fcnglich eingef\u00fchrt im Rahmen der \u00f6kologischen Steuerreform von 1999 im Energierecht, erm\u00f6glichte der Spitzenausgleich<strong> <\/strong>energieintensiven Unternehmen, bis zu 90 % der Stromsteuer zur\u00fcckzuerhalten<strong>.<\/strong> Die Neuregelung sollte eigentlich ausschlie\u00dflich Unternehmen des produzierenden Gewerbes betreffen und an die Stelle des bisherigen Spitzenausgleichs treten, der f\u00fcr Unternehmen aller Wirtschaftsbereiche galt. Ob er nun doch bestehen bleiben wird, ist von den Entscheidungen der Ampel-Koalition abh\u00e4ngig.<\/p>\n\n\n\n<div class=\"wp-block-buttons is-layout-flex wp-block-buttons-is-layout-flex\">\n<div class=\"wp-block-button\"><a class=\"wp-block-button__link wp-element-button\" href=\"https:\/\/cubeconcepts.de\/cz\/energeticky-zakon\/spitzenausgleich\/\">Mehr zum Spitzenausgleich<\/a><\/div>\n<\/div>\n\n\n\n<h2 class=\"wp-block-heading\">Neue Photovoltaik-Pflichten ab 2024 in einzelnen Bundesl\u00e4ndern<\/h2>\n\n\n\n<p>Eine einheitliche <strong>Fotovoltaick\u00e1 povinnost<\/strong> in Deutschland ist noch nicht in Sicht. Trotzdem treten auch in 2024 weitere Energierecht-Regelungen der einzelnen Bundesl\u00e4nder in Kraft, die Unternehmen zur Errichtung von Photovoltaikanlagen verpflichten. Fest steht beispielsweise, dass ab Mitte 2024 in Brandenburg gewerbliche Neubauten mit PV-Anlagen auszustatten sind, in Bremen gilt dies bei Dach-Sanierungen wie in Rheinland-Pfalz bei \u00f6ffentlichen Geb\u00e4uden und in Nordrhein-Westfalen m\u00fcssen ab 2024 alle neuen Industriegeb\u00e4ude \u00fcber Solaranlagen verf\u00fcgen. Mit weiteren landesspezifischen Gesetzen ist zu rechnen. <strong>\u00a0<\/strong><\/p>\n\n\n\n<div class=\"wp-block-buttons is-layout-flex wp-block-buttons-is-layout-flex\">\n<div class=\"wp-block-button\"><a class=\"wp-block-button__link wp-element-button\" href=\"https:\/\/cubeconcepts.de\/cz\/photovoltaik-pflicht-fuer-industrie-gewerbe\/\">\u00dcbersicht der PV-Pflicht<\/a><\/div>\n<\/div>\n\n\n\n<h2 class=\"wp-block-heading\">\u00c4nderungen im EU-ETS-CO\u2082-Zertifikate-Handel in 2024<\/h2>\n\n\n\n<p>Ab 2024 wird gesamte <strong>Sektor \u201eSeeverkehr\u201c<\/strong> der Europ\u00e4ischen Union in den EU-ETS-CO\u2082-Zertifikate-Handel einbezogen. Daher erweitern 78,4 Millionen zus\u00e4tzliche Zertifikate zun\u00e4chst das Handelsvolumen. F\u00fcr alle Wirtschaftsbereiche gilt aber eine Reduktion des Caps um 90 Millionen Zertifikate, so dass <strong>die Preise f\u00fcr EU-ETS-Zertifikate steigen werden<\/strong>. Zus\u00e4tzlich werden weitere Privilegien und Ausnahmeregelungen zur\u00fcckgenommen, wie beispielsweise die Bezuschussung von Fl\u00fcgen in Gebiete der \u00e4u\u00dfersten Randlage des europ\u00e4ischen Wirtschaftsraumes.<\/p>\n\n\n\n<div class=\"wp-block-buttons is-layout-flex wp-block-buttons-is-layout-flex\">\n<div class=\"wp-block-button\"><a class=\"wp-block-button__link wp-element-button\" href=\"https:\/\/cubeconcepts.de\/cz\/was-bedeutet-das-eu-klimaschutzgesetz-fuer-unternehmen\/\">Mehr zu EU-ETS<\/a><\/div>\n<\/div>","protected":false},"excerpt":{"rendered":"<p>Das Jahr 2024 verspricht bedeutende Ver\u00e4nderungen im Energierecht f\u00fcr Unternehmen. Inmitten der globalen Bem\u00fchungen, den \u00dcbergang zu nachhaltigen Energiequellen zu beschleunigen und den Klimawandel einzud\u00e4mmen, stehen Unternehmen vor neuen Herausforderungen und Chancen. Gesetzgeber auf nationaler und internationaler Ebene setzen verst\u00e4rkt auf rechtliche Ma\u00dfnahmen, um den Einsatz erneuerbarer Energien zu f\u00f6rdern, Energieeffizienz zu steigern und kohlenstoffarme [&hellip;]<\/p>\n","protected":false},"author":3,"featured_media":11027,"comment_status":"closed","ping_status":"open","sticky":false,"template":"","format":"standard","meta":{"_acf_changed":false,"footnotes":""},"categories":[7],"tags":[],"class_list":["post-11023","post","type-post","status-publish","format-standard","has-post-thumbnail","hentry","category-solar-news"],"acf":[],"yoast_head":"<!-- This site is optimized with the Yoast SEO plugin v27.4 - https:\/\/yoast.com\/product\/yoast-seo-wordpress\/ -->\n<title>Energierecht: Was \u00e4ndert sich 2024? | CUBE CONCEPTS<\/title>\n<meta name=\"description\" content=\"In 2024 werden sich einige Gesetze und Vorgaben im Energierecht f\u00fcr Unternehmen \u00e4ndern. Wir fassen die \u00c4nderungen zusammen.\" \/>\n<meta name=\"robots\" content=\"index, follow, max-snippet:-1, max-image-preview:large, max-video-preview:-1\" \/>\n<link rel=\"canonical\" href=\"https:\/\/cubeconcepts.de\/cz\/energierecht-was-aendert-sich-2024-fuer-unternehmen\/\" \/>\n<meta property=\"og:locale\" content=\"cs_CZ\" \/>\n<meta property=\"og:type\" content=\"article\" \/>\n<meta property=\"og:title\" content=\"Energierecht: Was \u00e4ndert sich 2024? | CUBE CONCEPTS\" \/>\n<meta property=\"og:description\" content=\"In 2024 werden sich einige Gesetze und Vorgaben im Energierecht f\u00fcr Unternehmen \u00e4ndern. Wir fassen die \u00c4nderungen zusammen.\" \/>\n<meta property=\"og:url\" content=\"https:\/\/cubeconcepts.de\/cz\/energierecht-was-aendert-sich-2024-fuer-unternehmen\/\" \/>\n<meta property=\"og:site_name\" content=\"CUBE CONCEPTS\" \/>\n<meta property=\"article:published_time\" content=\"2023-12-04T16:02:41+00:00\" \/>\n<meta property=\"article:modified_time\" content=\"2025-04-24T07:25:54+00:00\" \/>\n<meta property=\"og:image\" content=\"https:\/\/cubeconcepts.de\/wp-content\/uploads\/2023\/12\/Energierecht-2024-Header.png\" \/>\n\t<meta property=\"og:image:width\" content=\"1410\" \/>\n\t<meta property=\"og:image:height\" content=\"792\" \/>\n\t<meta property=\"og:image:type\" content=\"image\/png\" \/>\n<meta name=\"author\" content=\"Guido Steenmans\" \/>\n<meta name=\"twitter:card\" content=\"summary_large_image\" \/>\n<meta name=\"twitter:label1\" content=\"Napsal(a)\" \/>\n\t<meta name=\"twitter:data1\" content=\"Guido Steenmans\" \/>\n\t<meta name=\"twitter:label2\" content=\"Odhadovan\u00e1 doba \u010dten\u00ed\" \/>\n\t<meta name=\"twitter:data2\" content=\"8 minut\" \/>\n<script type=\"application\/ld+json\" class=\"yoast-schema-graph\">{\"@context\":\"https:\\\/\\\/schema.org\",\"@graph\":[{\"@type\":\"Article\",\"@id\":\"https:\\\/\\\/cubeconcepts.de\\\/energierecht-was-aendert-sich-2024-fuer-unternehmen\\\/#article\",\"isPartOf\":{\"@id\":\"https:\\\/\\\/cubeconcepts.de\\\/energierecht-was-aendert-sich-2024-fuer-unternehmen\\\/\"},\"author\":{\"name\":\"Guido Steenmans\",\"@id\":\"https:\\\/\\\/cubeconcepts.de\\\/#\\\/schema\\\/person\\\/2c762e4ca1ea252f42f23ab33248856e\"},\"headline\":\"Energierecht: Was \u00e4ndert sich 2024 f\u00fcr Unternehmen?\",\"datePublished\":\"2023-12-04T16:02:41+00:00\",\"dateModified\":\"2025-04-24T07:25:54+00:00\",\"mainEntityOfPage\":{\"@id\":\"https:\\\/\\\/cubeconcepts.de\\\/energierecht-was-aendert-sich-2024-fuer-unternehmen\\\/\"},\"wordCount\":1383,\"publisher\":{\"@id\":\"https:\\\/\\\/cubeconcepts.de\\\/#organization\"},\"image\":{\"@id\":\"https:\\\/\\\/cubeconcepts.de\\\/energierecht-was-aendert-sich-2024-fuer-unternehmen\\\/#primaryimage\"},\"thumbnailUrl\":\"https:\\\/\\\/cubeconcepts.de\\\/wp-content\\\/uploads\\\/2023\\\/12\\\/Energierecht-2024-Header.png\",\"articleSection\":[\"Energiemarkt News\"],\"inLanguage\":\"cs\"},{\"@type\":\"WebPage\",\"@id\":\"https:\\\/\\\/cubeconcepts.de\\\/energierecht-was-aendert-sich-2024-fuer-unternehmen\\\/\",\"url\":\"https:\\\/\\\/cubeconcepts.de\\\/energierecht-was-aendert-sich-2024-fuer-unternehmen\\\/\",\"name\":\"Energierecht: Was \u00e4ndert sich 2024? | CUBE CONCEPTS\",\"isPartOf\":{\"@id\":\"https:\\\/\\\/cubeconcepts.de\\\/#website\"},\"primaryImageOfPage\":{\"@id\":\"https:\\\/\\\/cubeconcepts.de\\\/energierecht-was-aendert-sich-2024-fuer-unternehmen\\\/#primaryimage\"},\"image\":{\"@id\":\"https:\\\/\\\/cubeconcepts.de\\\/energierecht-was-aendert-sich-2024-fuer-unternehmen\\\/#primaryimage\"},\"thumbnailUrl\":\"https:\\\/\\\/cubeconcepts.de\\\/wp-content\\\/uploads\\\/2023\\\/12\\\/Energierecht-2024-Header.png\",\"datePublished\":\"2023-12-04T16:02:41+00:00\",\"dateModified\":\"2025-04-24T07:25:54+00:00\",\"description\":\"In 2024 werden sich einige Gesetze und Vorgaben im Energierecht f\u00fcr Unternehmen \u00e4ndern. Wir fassen die \u00c4nderungen zusammen.\",\"breadcrumb\":{\"@id\":\"https:\\\/\\\/cubeconcepts.de\\\/energierecht-was-aendert-sich-2024-fuer-unternehmen\\\/#breadcrumb\"},\"inLanguage\":\"cs\",\"potentialAction\":[{\"@type\":\"ReadAction\",\"target\":[\"https:\\\/\\\/cubeconcepts.de\\\/energierecht-was-aendert-sich-2024-fuer-unternehmen\\\/\"]}]},{\"@type\":\"ImageObject\",\"inLanguage\":\"cs\",\"@id\":\"https:\\\/\\\/cubeconcepts.de\\\/energierecht-was-aendert-sich-2024-fuer-unternehmen\\\/#primaryimage\",\"url\":\"https:\\\/\\\/cubeconcepts.de\\\/wp-content\\\/uploads\\\/2023\\\/12\\\/Energierecht-2024-Header.png\",\"contentUrl\":\"https:\\\/\\\/cubeconcepts.de\\\/wp-content\\\/uploads\\\/2023\\\/12\\\/Energierecht-2024-Header.png\",\"width\":1410,\"height\":792,\"caption\":\"Energierecht 2024 - Header\"},{\"@type\":\"BreadcrumbList\",\"@id\":\"https:\\\/\\\/cubeconcepts.de\\\/energierecht-was-aendert-sich-2024-fuer-unternehmen\\\/#breadcrumb\",\"itemListElement\":[{\"@type\":\"ListItem\",\"position\":1,\"name\":\"Startseite\",\"item\":\"https:\\\/\\\/cubeconcepts.de\\\/\"},{\"@type\":\"ListItem\",\"position\":2,\"name\":\"Energierecht: Was \u00e4ndert sich 2024 f\u00fcr Unternehmen?\"}]},{\"@type\":\"WebSite\",\"@id\":\"https:\\\/\\\/cubeconcepts.de\\\/#website\",\"url\":\"https:\\\/\\\/cubeconcepts.de\\\/\",\"name\":\"CUBE CONCEPTS\",\"description\":\"Ihr PV-Architekt &amp; Full-Service-Partner f\u00fcr\",\"publisher\":{\"@id\":\"https:\\\/\\\/cubeconcepts.de\\\/#organization\"},\"potentialAction\":[{\"@type\":\"SearchAction\",\"target\":{\"@type\":\"EntryPoint\",\"urlTemplate\":\"https:\\\/\\\/cubeconcepts.de\\\/?s={search_term_string}\"},\"query-input\":{\"@type\":\"PropertyValueSpecification\",\"valueRequired\":true,\"valueName\":\"search_term_string\"}}],\"inLanguage\":\"cs\"},{\"@type\":\"Organization\",\"@id\":\"https:\\\/\\\/cubeconcepts.de\\\/#organization\",\"name\":\"CUBE CONCEPTS\",\"url\":\"https:\\\/\\\/cubeconcepts.de\\\/\",\"logo\":{\"@type\":\"ImageObject\",\"inLanguage\":\"cs\",\"@id\":\"https:\\\/\\\/cubeconcepts.de\\\/#\\\/schema\\\/logo\\\/image\\\/\",\"url\":\"https:\\\/\\\/cubeconcepts.de\\\/wp-content\\\/uploads\\\/2023\\\/01\\\/CUBE_CONCEPT-Logo.png\",\"contentUrl\":\"https:\\\/\\\/cubeconcepts.de\\\/wp-content\\\/uploads\\\/2023\\\/01\\\/CUBE_CONCEPT-Logo.png\",\"width\":644,\"height\":207,\"caption\":\"CUBE CONCEPTS\"},\"image\":{\"@id\":\"https:\\\/\\\/cubeconcepts.de\\\/#\\\/schema\\\/logo\\\/image\\\/\"}},{\"@type\":\"Person\",\"@id\":\"https:\\\/\\\/cubeconcepts.de\\\/#\\\/schema\\\/person\\\/2c762e4ca1ea252f42f23ab33248856e\",\"name\":\"Guido Steenmans\",\"image\":{\"@type\":\"ImageObject\",\"inLanguage\":\"cs\",\"@id\":\"https:\\\/\\\/secure.gravatar.com\\\/avatar\\\/e2e7f154cb43615d2863003e03aa7b5d90c4ec5a78860dc5cf1d71cae0db283f?s=96&d=mm&r=g\",\"url\":\"https:\\\/\\\/secure.gravatar.com\\\/avatar\\\/e2e7f154cb43615d2863003e03aa7b5d90c4ec5a78860dc5cf1d71cae0db283f?s=96&d=mm&r=g\",\"contentUrl\":\"https:\\\/\\\/secure.gravatar.com\\\/avatar\\\/e2e7f154cb43615d2863003e03aa7b5d90c4ec5a78860dc5cf1d71cae0db283f?s=96&d=mm&r=g\",\"caption\":\"Guido Steenmans\"}}]}<\/script>\n<!-- \/ Yoast SEO plugin. -->","yoast_head_json":{"title":"Energierecht: Was \u00e4ndert sich 2024? | CUBE CONCEPTS","description":"In 2024 werden sich einige Gesetze und Vorgaben im Energierecht f\u00fcr Unternehmen \u00e4ndern. Wir fassen die \u00c4nderungen zusammen.","robots":{"index":"index","follow":"follow","max-snippet":"max-snippet:-1","max-image-preview":"max-image-preview:large","max-video-preview":"max-video-preview:-1"},"canonical":"https:\/\/cubeconcepts.de\/cz\/energierecht-was-aendert-sich-2024-fuer-unternehmen\/","og_locale":"cs_CZ","og_type":"article","og_title":"Energierecht: Was \u00e4ndert sich 2024? | CUBE CONCEPTS","og_description":"In 2024 werden sich einige Gesetze und Vorgaben im Energierecht f\u00fcr Unternehmen \u00e4ndern. Wir fassen die \u00c4nderungen zusammen.","og_url":"https:\/\/cubeconcepts.de\/cz\/energierecht-was-aendert-sich-2024-fuer-unternehmen\/","og_site_name":"CUBE CONCEPTS","article_published_time":"2023-12-04T16:02:41+00:00","article_modified_time":"2025-04-24T07:25:54+00:00","og_image":[{"width":1410,"height":792,"url":"https:\/\/cubeconcepts.de\/wp-content\/uploads\/2023\/12\/Energierecht-2024-Header.png","type":"image\/png"}],"author":"Guido Steenmans","twitter_card":"summary_large_image","twitter_misc":{"Napsal(a)":"Guido Steenmans","Odhadovan\u00e1 doba \u010dten\u00ed":"8 minut"},"schema":{"@context":"https:\/\/schema.org","@graph":[{"@type":"Article","@id":"https:\/\/cubeconcepts.de\/energierecht-was-aendert-sich-2024-fuer-unternehmen\/#article","isPartOf":{"@id":"https:\/\/cubeconcepts.de\/energierecht-was-aendert-sich-2024-fuer-unternehmen\/"},"author":{"name":"Guido Steenmans","@id":"https:\/\/cubeconcepts.de\/#\/schema\/person\/2c762e4ca1ea252f42f23ab33248856e"},"headline":"Energierecht: Was \u00e4ndert sich 2024 f\u00fcr Unternehmen?","datePublished":"2023-12-04T16:02:41+00:00","dateModified":"2025-04-24T07:25:54+00:00","mainEntityOfPage":{"@id":"https:\/\/cubeconcepts.de\/energierecht-was-aendert-sich-2024-fuer-unternehmen\/"},"wordCount":1383,"publisher":{"@id":"https:\/\/cubeconcepts.de\/#organization"},"image":{"@id":"https:\/\/cubeconcepts.de\/energierecht-was-aendert-sich-2024-fuer-unternehmen\/#primaryimage"},"thumbnailUrl":"https:\/\/cubeconcepts.de\/wp-content\/uploads\/2023\/12\/Energierecht-2024-Header.png","articleSection":["Energiemarkt News"],"inLanguage":"cs"},{"@type":"WebPage","@id":"https:\/\/cubeconcepts.de\/energierecht-was-aendert-sich-2024-fuer-unternehmen\/","url":"https:\/\/cubeconcepts.de\/energierecht-was-aendert-sich-2024-fuer-unternehmen\/","name":"Energierecht: Was \u00e4ndert sich 2024? | CUBE CONCEPTS","isPartOf":{"@id":"https:\/\/cubeconcepts.de\/#website"},"primaryImageOfPage":{"@id":"https:\/\/cubeconcepts.de\/energierecht-was-aendert-sich-2024-fuer-unternehmen\/#primaryimage"},"image":{"@id":"https:\/\/cubeconcepts.de\/energierecht-was-aendert-sich-2024-fuer-unternehmen\/#primaryimage"},"thumbnailUrl":"https:\/\/cubeconcepts.de\/wp-content\/uploads\/2023\/12\/Energierecht-2024-Header.png","datePublished":"2023-12-04T16:02:41+00:00","dateModified":"2025-04-24T07:25:54+00:00","description":"In 2024 werden sich einige Gesetze und Vorgaben im Energierecht f\u00fcr Unternehmen \u00e4ndern. Wir fassen die \u00c4nderungen zusammen.","breadcrumb":{"@id":"https:\/\/cubeconcepts.de\/energierecht-was-aendert-sich-2024-fuer-unternehmen\/#breadcrumb"},"inLanguage":"cs","potentialAction":[{"@type":"ReadAction","target":["https:\/\/cubeconcepts.de\/energierecht-was-aendert-sich-2024-fuer-unternehmen\/"]}]},{"@type":"ImageObject","inLanguage":"cs","@id":"https:\/\/cubeconcepts.de\/energierecht-was-aendert-sich-2024-fuer-unternehmen\/#primaryimage","url":"https:\/\/cubeconcepts.de\/wp-content\/uploads\/2023\/12\/Energierecht-2024-Header.png","contentUrl":"https:\/\/cubeconcepts.de\/wp-content\/uploads\/2023\/12\/Energierecht-2024-Header.png","width":1410,"height":792,"caption":"Energierecht 2024 - Header"},{"@type":"BreadcrumbList","@id":"https:\/\/cubeconcepts.de\/energierecht-was-aendert-sich-2024-fuer-unternehmen\/#breadcrumb","itemListElement":[{"@type":"ListItem","position":1,"name":"Startseite","item":"https:\/\/cubeconcepts.de\/"},{"@type":"ListItem","position":2,"name":"Energierecht: Was \u00e4ndert sich 2024 f\u00fcr Unternehmen?"}]},{"@type":"WebSite","@id":"https:\/\/cubeconcepts.de\/#website","url":"https:\/\/cubeconcepts.de\/","name":"KONCEPTY KOSTKY","description":"V\u00e1\u0161 fotovoltaick\u00fd architekt a partner pro komplexn\u00ed slu\u017eby v oblasti","publisher":{"@id":"https:\/\/cubeconcepts.de\/#organization"},"potentialAction":[{"@type":"SearchAction","target":{"@type":"EntryPoint","urlTemplate":"https:\/\/cubeconcepts.de\/?s={search_term_string}"},"query-input":{"@type":"PropertyValueSpecification","valueRequired":true,"valueName":"search_term_string"}}],"inLanguage":"cs"},{"@type":"Organization","@id":"https:\/\/cubeconcepts.de\/#organization","name":"KONCEPTY KOSTKY","url":"https:\/\/cubeconcepts.de\/","logo":{"@type":"ImageObject","inLanguage":"cs","@id":"https:\/\/cubeconcepts.de\/#\/schema\/logo\/image\/","url":"https:\/\/cubeconcepts.de\/wp-content\/uploads\/2023\/01\/CUBE_CONCEPT-Logo.png","contentUrl":"https:\/\/cubeconcepts.de\/wp-content\/uploads\/2023\/01\/CUBE_CONCEPT-Logo.png","width":644,"height":207,"caption":"CUBE CONCEPTS"},"image":{"@id":"https:\/\/cubeconcepts.de\/#\/schema\/logo\/image\/"}},{"@type":"Person","@id":"https:\/\/cubeconcepts.de\/#\/schema\/person\/2c762e4ca1ea252f42f23ab33248856e","name":"Guido Steenmans","image":{"@type":"ImageObject","inLanguage":"cs","@id":"https:\/\/secure.gravatar.com\/avatar\/e2e7f154cb43615d2863003e03aa7b5d90c4ec5a78860dc5cf1d71cae0db283f?s=96&d=mm&r=g","url":"https:\/\/secure.gravatar.com\/avatar\/e2e7f154cb43615d2863003e03aa7b5d90c4ec5a78860dc5cf1d71cae0db283f?s=96&d=mm&r=g","contentUrl":"https:\/\/secure.gravatar.com\/avatar\/e2e7f154cb43615d2863003e03aa7b5d90c4ec5a78860dc5cf1d71cae0db283f?s=96&d=mm&r=g","caption":"Guido Steenmans"}}]}},"_links":{"self":[{"href":"https:\/\/cubeconcepts.de\/cz\/wp-json\/wp\/v2\/posts\/11023","targetHints":{"allow":["GET"]}}],"collection":[{"href":"https:\/\/cubeconcepts.de\/cz\/wp-json\/wp\/v2\/posts"}],"about":[{"href":"https:\/\/cubeconcepts.de\/cz\/wp-json\/wp\/v2\/types\/post"}],"author":[{"embeddable":true,"href":"https:\/\/cubeconcepts.de\/cz\/wp-json\/wp\/v2\/users\/3"}],"replies":[{"embeddable":true,"href":"https:\/\/cubeconcepts.de\/cz\/wp-json\/wp\/v2\/comments?post=11023"}],"version-history":[{"count":0,"href":"https:\/\/cubeconcepts.de\/cz\/wp-json\/wp\/v2\/posts\/11023\/revisions"}],"wp:featuredmedia":[{"embeddable":true,"href":"https:\/\/cubeconcepts.de\/cz\/wp-json\/wp\/v2\/media\/11027"}],"wp:attachment":[{"href":"https:\/\/cubeconcepts.de\/cz\/wp-json\/wp\/v2\/media?parent=11023"}],"wp:term":[{"taxonomy":"category","embeddable":true,"href":"https:\/\/cubeconcepts.de\/cz\/wp-json\/wp\/v2\/categories?post=11023"},{"taxonomy":"post_tag","embeddable":true,"href":"https:\/\/cubeconcepts.de\/cz\/wp-json\/wp\/v2\/tags?post=11023"}],"curies":[{"name":"wp","href":"https:\/\/api.w.org\/{rel}","templated":true}]}}